{"id":38873,"date":"2014-11-11T01:27:15","date_gmt":"2014-11-11T00:27:15","guid":{"rendered":"http:\/\/www.manquepierda.com\/historiarealbetis\/?p=38873"},"modified":"2024-09-07T12:04:25","modified_gmt":"2024-09-07T10:04:25","slug":"1962-noviembre-11-primera-division-real-betis-balompie-1-atletico-madrid-0-52aniversario","status":"publish","type":"post","link":"https:\/\/www.manquepierda.com\/historiarealbetis\/1962-noviembre-11-primera-division-real-betis-balompie-1-atletico-madrid-0-52aniversario\/","title":{"rendered":"1962-Noviembre 11-Primera.-Real Betis Balompi\u00e9-1 Club Atl\u00e9tico Madrid-0.-53Aniversario."},"content":{"rendered":"<figure id=\"attachment_38874\" aria-describedby=\"caption-attachment-38874\" style=\"width: 600px\" class=\"wp-caption aligncenter\"><a href=\"https:\/\/www.manquepierda.com\/historiarealbetis\/38873-1962-noviembre-11-primera-division-real-betis-balompie-1-atletico-madrid-0-52aniversario\/estadio-benito-villamarin-1959-1960-1961\/\" rel=\"attachment wp-att-38874\"><img data-recalc-dims=\"1\" loading=\"lazy\" decoding=\"async\" class=\"size-full wp-image-38874\" src=\"https:\/\/i0.wp.com\/www.manquepierda.com\/historiarealbetis\/files\/2014\/11\/Estadio-Benito-Villamar%C3%ADn-1959-1960-1961.jpg?resize=600%2C451&#038;ssl=1\" alt=\"MMMM\" width=\"600\" height=\"451\" srcset=\"https:\/\/i0.wp.com\/www.manquepierda.com\/historiarealbetis\/files\/2014\/11\/Estadio-Benito-Villamar%C3%ADn-1959-1960-1961.jpg?w=600&amp;ssl=1 600w, https:\/\/i0.wp.com\/www.manquepierda.com\/historiarealbetis\/files\/2014\/11\/Estadio-Benito-Villamar%C3%ADn-1959-1960-1961.jpg?resize=220%2C165&amp;ssl=1 220w\" sizes=\"auto, (max-width: 600px) 100vw, 600px\" \/><\/a><figcaption id=\"caption-attachment-38874\" class=\"wp-caption-text\"><em><strong>1962-NOVIEMBRE 11-DOMINGO EN LA \u00abCIUDAD DEL SOL\u00bbESTADIO BENITO VILLAMAR\u00cdN\u00bb.<br \/><\/strong><\/em><\/figcaption><\/figure>\n<p style=\"text-align: center\"><strong>NOVENA JORNADA CAMPEONATO NACIONAL LIGA PRIMERA DIVISI\u00d3N-TEMPORADA 1962-1963.<\/strong><\/p>\n<figure id=\"attachment_38875\" aria-describedby=\"caption-attachment-38875\" style=\"width: 181px\" class=\"wp-caption aligncenter\"><a href=\"https:\/\/www.manquepierda.com\/historiarealbetis\/38873-1962-noviembre-11-primera-division-real-betis-balompie-1-atletico-madrid-0-52aniversario\/agc\/\" rel=\"attachment wp-att-38875\"><img data-recalc-dims=\"1\" loading=\"lazy\" decoding=\"async\" class=\"size-full wp-image-38875\" src=\"https:\/\/i0.wp.com\/www.manquepierda.com\/historiarealbetis\/files\/2014\/11\/AGC.jpg?resize=181%2C323&#038;ssl=1\" alt=\"mmmm\" width=\"181\" height=\"323\" srcset=\"https:\/\/i0.wp.com\/www.manquepierda.com\/historiarealbetis\/files\/2014\/11\/AGC.jpg?w=181&amp;ssl=1 181w, https:\/\/i0.wp.com\/www.manquepierda.com\/historiarealbetis\/files\/2014\/11\/AGC.jpg?resize=123%2C220&amp;ssl=1 123w\" sizes=\"auto, (max-width: 181px) 100vw, 181px\" \/><\/a><figcaption id=\"caption-attachment-38875\" class=\"wp-caption-text\">Arbitr\u00f3 el colegiado Alfonso G\u00d3MEZ CONTRERAS\u00a0 46 a\u00f1os.-CARTAGENA 00-00-1916.<\/figcaption><\/figure>\n<p style=\"text-align: center\"><em><strong>\u00abTuvo una actuaci\u00f3n irregular. <\/strong><\/em><\/p>\n<p style=\"text-align: center\"><strong>Dej\u00f3 pasar por alto una jugada,\u00a0 en la que Jones fue desplazado,\u00a0 y en cambio permiti\u00f3 un medio gol en <em>\u00aboffside\u00bb<\/em> monumental de Glar\u00eda.<\/strong><\/p>\n<p style=\"text-align: center\"><strong>Su labor fue adem\u00e1s poco segura,\u00a0 y no pocas veces entorpeci\u00f3 el juego por una mala colocaci\u00f3n y otras sin visi\u00f3n acertada en la aplicaci\u00f3n de la ley de la ventaja,\u00a0 cortando avances b\u00e9ticos y favoreciendo as\u00ed al infractor\u00bb.<\/strong><\/p>\n<p style=\"text-align: center\"><em><strong>\u00abLos equipos,\u00a0 acogidos con aplausos,\u00a0 formaron as\u00ed,\u00a0 despu\u00e9s de ser obsequiado LASA-capit\u00e1n verdiblanco-con un regalo visitante\u00bb.<\/strong><\/em><\/p>\n<p style=\"text-align: center\"><strong>ALINEACIONES:<\/strong><\/p>\n<figure id=\"attachment_37607\" aria-describedby=\"caption-attachment-37607\" style=\"width: 154px\" class=\"wp-caption aligncenter\"><a href=\"https:\/\/www.manquepierda.com\/historiarealbetis\/37603-1957-septiembre-15-segunda-grupo-sur-real-betis-balompie-3-ad-plus-ultra-madrid-1-lvii-aniversario\/1957-rbb-13\/\" rel=\"attachment wp-att-37607\"><img data-recalc-dims=\"1\" loading=\"lazy\" decoding=\"async\" class=\"size-full wp-image-37607\" src=\"https:\/\/i0.wp.com\/www.manquepierda.com\/historiarealbetis\/files\/2014\/09\/1957-RBB.jpg?resize=154%2C154&#038;ssl=1\" alt=\"mmm\" width=\"154\" height=\"154\" \/><\/a><figcaption id=\"caption-attachment-37607\" class=\"wp-caption-text\"><strong>REAL BETIS BALOMPI\u00c9-1 GOL.<\/strong><\/figcaption><\/figure>\n<p style=\"text-align: center\"><strong>11\u00ba CLASIFICADO CON 7 PUNTOS Y 3 NEGATIVOS.-3-GANADOS+1-EMPATADO+3-PERDIDOS.-13-GOLES A FAVOR Y 15-TANTOS EN CONTRA.<\/strong><\/p>\n<p style=\"text-align: left\">EL MEJOR GOL.-\u00abEl \u00fanico de la jornada,\u00a0 en que debieron contabilizarse 2 m\u00e1s a favor b\u00e9tico.\u00a0\u00a0 La gran visi\u00f3n de Portilla abri\u00f3 camino a la merecida victoria local\u00bb.<\/p>\n<p style=\"text-align: left\">LA MEJOR JUGADA.-\u00abLa que no se contabiliz\u00f3.\u00a0\u00a0 La internada y centro espl\u00e9ndido de Pallar\u00e9s,\u00a0 sin que Lu\u00eds acertara en el remate,\u00a0 fue la mejor concebida y realizada en toda la tarde.\u00a0\u00a0 Fue una jugada de gol\u00bb.<\/p>\n<p style=\"text-align: left\">LO MEJOR DEL EQUIPO LOCAL.-\u00abSu f\u00fatbol bien entramado en el centro del campo,\u00a0 gracias al juego creador de Lasa-Areta II-Pallar\u00e9s,\u00a0 con el apoyo de Senekowistch y Bosch,\u00a0 en muchos momentos\u00bb.<\/p>\n<figure id=\"attachment_38876\" aria-describedby=\"caption-attachment-38876\" style=\"width: 160px\" class=\"wp-caption alignright\"><a href=\"https:\/\/www.manquepierda.com\/historiarealbetis\/38873-1962-noviembre-11-primera-division-real-betis-balompie-1-atletico-madrid-0-52aniversario\/benito-villamarin-03-6\/\" rel=\"attachment wp-att-38876\"><img data-recalc-dims=\"1\" loading=\"lazy\" decoding=\"async\" class=\"size-full wp-image-38876\" src=\"https:\/\/i0.wp.com\/www.manquepierda.com\/historiarealbetis\/files\/2014\/11\/Benito-Villamar%C3%ADn-03.jpg?resize=160%2C222&#038;ssl=1\" alt=\"mmm\" width=\"160\" height=\"222\" srcset=\"https:\/\/i0.wp.com\/www.manquepierda.com\/historiarealbetis\/files\/2014\/11\/Benito-Villamar%C3%ADn-03.jpg?w=160&amp;ssl=1 160w, https:\/\/i0.wp.com\/www.manquepierda.com\/historiarealbetis\/files\/2014\/11\/Benito-Villamar%C3%ADn-03.jpg?resize=158%2C220&amp;ssl=1 158w\" sizes=\"auto, (max-width: 160px) 100vw, 160px\" \/><\/a><figcaption id=\"caption-attachment-38876\" class=\"wp-caption-text\"><em><strong>8\u00aa GESTI\u00d3N PRESIDENCIAL-Don Benito VILLAMAR\u00cdN PRIETO-Industrial: 44 a\u00f1os+3 meses menos 9 d\u00edas.-PUGA-Toen (Ourense), mi\u00e9rcoles 21-Agosto-1918<\/strong><\/em><\/figcaption><\/figure>\n<figure id=\"attachment_38877\" aria-describedby=\"caption-attachment-38877\" style=\"width: 129px\" class=\"wp-caption alignleft\"><a href=\"https:\/\/www.manquepierda.com\/historiarealbetis\/38873-1962-noviembre-11-primera-division-real-betis-balompie-1-atletico-madrid-0-52aniversario\/f-daucik-1961-17\/\" rel=\"attachment wp-att-38877\"><img data-recalc-dims=\"1\" loading=\"lazy\" decoding=\"async\" class=\"size-full wp-image-38877\" src=\"https:\/\/i0.wp.com\/www.manquepierda.com\/historiarealbetis\/files\/2014\/11\/F.Daucik-1961.jpg?resize=129%2C196&#038;ssl=1\" alt=\"mmmmm\" width=\"129\" height=\"196\" \/><\/a><figcaption id=\"caption-attachment-38877\" class=\"wp-caption-text\"><em><strong>Ferdinand DAUCIK FONFER\u00a0 52 a\u00f1os+6 meses menos 18 d\u00edas.-SAY (Eslovaquia), lunes 30-Mayo-1910.-1\/2-ENTRENADOR REAL BETIS BALOMPI\u00c9 1962-1963 (01\u00aa-10\u00aa Jornadas, ambas inclusive.<\/strong><\/em><\/figcaption><\/figure>\n<p style=\"text-align: center\"><em><strong>\u00abPARA DAUCIK,\u00a0 LA ACTUACI\u00d3N DE SU EQUIPO FUE DIGNA DE MEJOR RESULTADO.-<\/strong><\/em><em><strong>\u00abDAUCIK ESTABA DISPUESTO A TODO\u00bb.<\/strong><\/em><\/p>\n<p style=\"text-align: center\">\u00abEl inesperado deb\u00fa de Garc\u00eda-Plata y la imprevista ausencia de Mart\u00ednez provoc\u00f3 cierto revuelo en el p\u00fablico asistente cuando fue anunciada la alineaci\u00f3n por los altavoces.<\/p>\n<p style=\"text-align: center\">La exclamaci\u00f3n un\u00e1nime era:\u00a0 \u00ab\u00a1\u00a1Daucik tiene valor&#8217;\u00a1\u00a1-\u00a1\u00a1Ahora en estos instantes se atreve a todo\u00a1\u00a1\u00bb.<\/p>\n<p style=\"text-align: center\">Y la \u00abcosa\u00bb le sali\u00f3 a Daucik.<\/p>\n<p style=\"text-align: center\">Le preguntamos sobre dichas particularidades y extremos.<\/p>\n<p style=\"text-align: center\">El entrenador b\u00e9tico replic\u00f3:<\/p>\n<p style=\"text-align: left\"><strong>&#8211;Hoy estaba dispuesto a todo:\u00a0 jugarme a una carta la confianza de los seguidores \u00a1\u00a1Pero hab\u00eda que hacerlo\u00a1\u00a1-\u00a1\u00a1Y lo hice\u00a1\u00a1.<\/strong><\/p>\n<p style=\"text-align: left\"><strong>Ese guardameta novel me merec\u00eda garant\u00edas en estos instantes para suplir a Corral,\u00a0 lesionado,\u00a0 y en cuanto a dejar atr\u00e1s a Mart\u00ednez,\u00a0 el triunfador de\u00a0 jornadas precedentes,\u00a0 era preciso debido a que,\u00a0 dadas las caracter\u00edsticas del adversario,\u00a0 se adaptaban mejor hombres como Lasa y Bosch para la l\u00ednea media que el buen jugador catal\u00e1n.\u00a0\u00a0 <\/strong><\/p>\n<p style=\"text-align: left\"><strong>Y como suelo estudiar a los adversarios y los partidos,\u00a0 por eso lo hice.<\/strong><\/p>\n<p style=\"text-align: left\">&#8211;\u00bfComo vio el partido?<\/p>\n<p style=\"text-align: left\"><strong>&#8211;Igualado,\u00a0 muy igualado,\u00a0 con determinadas salvedades a nuestro favor.\u00a0 Esas salvedades han sido las que nos dieron el triunfo.<\/strong><\/p>\n<p style=\"text-align: left\">&#8211;\u00bfConforme con el resultado?<\/p>\n<p style=\"text-align: left\"><strong>&#8211;\u00a1\u00a1No\u00a1\u00a1\u00a0 Debi\u00f3 ser mayor.\u00a0 Nuestra superioridad,\u00a0 gracias a esas salvedades a que aludo,\u00a0 fue digna de un resultado m\u00e1s amplio y significativo.<\/strong><\/p>\n<p style=\"text-align: left\">&#8211;\u00bfA qu\u00e9 salvedades se refiere?<\/p>\n<p style=\"text-align: left\"><strong>&#8211;A la fuerza f\u00edsica,\u00a0 al fondo y a las cualidades individuales de algunos de mis jugadores.\u00a0 Fueron salvedades parciales,\u00a0 ya que,\u00a0 en\u00a0 l\u00edneas generales,\u00a0 a simple vista el partido parec\u00eda equilibrado.\u00a0 Por eso digo que gracias a ellas ganamos.\u00a0 Pero la victoria debi\u00f3 ser mayor.<\/strong><\/p>\n<p style=\"text-align: center\">DAUCIK remat\u00f3:<\/p>\n<p style=\"text-align: left\"><strong>&#8211;Habr\u00e1 observado que cuando los chicos se deciden a responder como deben y pueden,\u00a0 la clase que poseen resplandece,\u00a0 aun en tardes turbias.<\/strong><\/p>\n<p style=\"text-align: center\">\u00a1\u00a1Y no dijo m\u00e1s\u00a1\u00a1\u00bb.<\/p>\n<p style=\"text-align: center\"><strong>GUARDAMETA:<\/strong><\/p>\n<figure id=\"attachment_38878\" aria-describedby=\"caption-attachment-38878\" style=\"width: 170px\" class=\"wp-caption aligncenter\"><a href=\"https:\/\/www.manquepierda.com\/historiarealbetis\/38873-1962-noviembre-11-primera-division-real-betis-balompie-1-atletico-madrid-0-52aniversario\/escanear0354\/\" rel=\"attachment wp-att-38878\"><img data-recalc-dims=\"1\" loading=\"lazy\" decoding=\"async\" class=\"size-thumbnail wp-image-38878\" src=\"https:\/\/i0.wp.com\/www.manquepierda.com\/historiarealbetis\/files\/2014\/11\/escanear0354.jpg?resize=170%2C220&#038;ssl=1\" alt=\"MMMM\" width=\"170\" height=\"220\" srcset=\"https:\/\/i0.wp.com\/www.manquepierda.com\/historiarealbetis\/files\/2014\/11\/escanear0354.jpg?resize=170%2C220&amp;ssl=1 170w, https:\/\/i0.wp.com\/www.manquepierda.com\/historiarealbetis\/files\/2014\/11\/escanear0354.jpg?resize=465%2C600&amp;ssl=1 465w, https:\/\/i0.wp.com\/www.manquepierda.com\/historiarealbetis\/files\/2014\/11\/escanear0354.jpg?resize=543%2C700&amp;ssl=1 543w, https:\/\/i0.wp.com\/www.manquepierda.com\/historiarealbetis\/files\/2014\/11\/escanear0354.jpg?w=640&amp;ssl=1 640w\" sizes=\"auto, (max-width: 170px) 100vw, 170px\" \/><\/a><figcaption id=\"caption-attachment-38878\" class=\"wp-caption-text\"><strong>1.-Manuel GARC\u00cdA-PLATA VALLE (-1-)\u00a0 21 a\u00f1os+2 meses menos 9 d\u00edas.-ARAHAL (Sevilla), domingo 21-Septiembre-1941.<\/strong><\/figcaption><\/figure>\n<p style=\"text-align: center\"><strong>ZAGUEROS:<\/strong><\/p>\n<p style=\"text-align: center\"><strong>2.-Francisco GRAU PLA (-2-) 26 a\u00f1os+11 meses menos 11 d\u00edas.-LA GARRIGA (Barcelona),\u00a0 lunes 23-Diciembre-1935.<\/strong><\/p>\n<p style=\"text-align: center\"><strong>5-Central.-Eusebio R\u00cdOS FERN\u00c1NDEZ (-2-) 27 a\u00f1os+8 meses menos 18 d\u00edas.-PORTUGALETE (Vizcaya),\u00a0 s\u00e1bado 30-Marzo-1935.<\/strong><\/p>\n<p style=\"text-align: center\"><strong>3.-Esteban ARETA V\u00c9LEZ (a) \u00abARETA II\u00bb (-2-) 30 a\u00f1os+7 meses menos 2 d\u00edas.-PAMPLONA (Navarra),\u00a0 jueves 14-Abril-1932.<\/strong><\/p>\n<p style=\"text-align: center\"><strong>MEDIOS:<\/strong><\/p>\n<figure id=\"attachment_38882\" aria-describedby=\"caption-attachment-38882\" style=\"width: 138px\" class=\"wp-caption aligncenter\"><a href=\"https:\/\/www.manquepierda.com\/historiarealbetis\/38873-1962-noviembre-11-primera-division-real-betis-balompie-1-atletico-madrid-0-52aniversario\/leonlasamujica-13\/\" rel=\"attachment wp-att-38882\"><img data-recalc-dims=\"1\" loading=\"lazy\" decoding=\"async\" class=\"size-thumbnail wp-image-38882\" src=\"https:\/\/i0.wp.com\/www.manquepierda.com\/historiarealbetis\/files\/2014\/11\/Le%C3%B3nLASAm%C3%BAjica.jpg?resize=138%2C220&#038;ssl=1\" alt=\"MMMM\" width=\"138\" height=\"220\" srcset=\"https:\/\/i0.wp.com\/www.manquepierda.com\/historiarealbetis\/files\/2014\/11\/Le%C3%B3nLASAm%C3%BAjica.jpg?resize=138%2C220&amp;ssl=1 138w, https:\/\/i0.wp.com\/www.manquepierda.com\/historiarealbetis\/files\/2014\/11\/Le%C3%B3nLASAm%C3%BAjica.jpg?resize=376%2C600&amp;ssl=1 376w, https:\/\/i0.wp.com\/www.manquepierda.com\/historiarealbetis\/files\/2014\/11\/Le%C3%B3nLASAm%C3%BAjica.jpg?resize=439%2C700&amp;ssl=1 439w, https:\/\/i0.wp.com\/www.manquepierda.com\/historiarealbetis\/files\/2014\/11\/Le%C3%B3nLASAm%C3%BAjica.jpg?w=1926&amp;ssl=1 1926w\" sizes=\"auto, (max-width: 138px) 100vw, 138px\" \/><\/a><figcaption id=\"caption-attachment-38882\" class=\"wp-caption-text\"><strong>4.-CAPIT\u00c1N-Le\u00f3n LASA M\u00daJICA (-3-) 29 a\u00f1os+9 meses menos 5 d\u00edas.-BEASA\u00cdN (Guip\u00fazcoa) viernes 17-Febrero-1933.<\/strong><\/figcaption><\/figure>\n<p style=\"text-align: center\"><em><strong>\u00abDe nuevo en su demarcaci\u00f3n,\u00a0 en un partido donde hubo varios destacados.\u00a0\u00a0 Dio un curso de\u00a0 buen f\u00fatbol y organizaci\u00f3n.<\/strong><\/em><\/p>\n<p style=\"text-align: center\"><strong>Se hizo acreedor,\u00a0 una vez m\u00e1s,\u00a0 a la copa de \u00abFundador\u00bb,\u00a0 que \u00a1\u00a1est\u00e1 como nunca\u00a1\u00a1\u00bb.<\/strong><\/p>\n<p style=\"text-align: center\"><strong>6.-Andr\u00e9s BOSCH PUJOL (-1-) 31 a\u00f1os+7 meses menos 10 d\u00edas.-BARCELONA-Bda \u00abPoble Neu\u00bb-mi\u00e9rcoles 22-Abril-1931.<\/strong><\/p>\n<p style=\"text-align: center\"><strong>DELANTEROS:<\/strong><\/p>\n<figure id=\"attachment_38885\" aria-describedby=\"caption-attachment-38885\" style=\"width: 188px\" class=\"wp-caption aligncenter\"><a href=\"https:\/\/www.manquepierda.com\/historiarealbetis\/38873-1962-noviembre-11-primera-division-real-betis-balompie-1-atletico-madrid-0-52aniversario\/juan-cruz-portilla-sanudo-2\/\" rel=\"attachment wp-att-38885\"><img data-recalc-dims=\"1\" loading=\"lazy\" decoding=\"async\" class=\"size-thumbnail wp-image-38885\" src=\"https:\/\/i0.wp.com\/www.manquepierda.com\/historiarealbetis\/files\/2014\/11\/Juan-Cruz-PORTILLA-Sa%C3%B1udo.png?resize=188%2C220&#038;ssl=1\" alt=\"MMMM\" width=\"188\" height=\"220\" srcset=\"https:\/\/i0.wp.com\/www.manquepierda.com\/historiarealbetis\/files\/2014\/11\/Juan-Cruz-PORTILLA-Sa%C3%B1udo.png?resize=188%2C220&amp;ssl=1 188w, https:\/\/i0.wp.com\/www.manquepierda.com\/historiarealbetis\/files\/2014\/11\/Juan-Cruz-PORTILLA-Sa%C3%B1udo.png?w=191&amp;ssl=1 191w\" sizes=\"auto, (max-width: 188px) 100vw, 188px\" \/><\/a><figcaption id=\"caption-attachment-38885\" class=\"wp-caption-text\"><strong>7.-Juan Cruz PORTILLA SA\u00d1UDO (-1-) 23 a\u00f1os+10 meses+11 d\u00edas.-BILBAO (Vizcasya), domingo 1\u00ba-Enero-1939.<\/strong><\/figcaption><\/figure>\n<p style=\"text-align: center\"><em><strong>*1-0.-24 minutos:\u00a0 \u00abJuan Cruz,\u00a0 en jugada iniciada entre Pallar\u00e9s y Rogelio,\u00a0 se va por el centro,\u00a0 tira,\u00a0 se arroja Madinabeytia a sus pies,\u00a0 pero no se queda con el bal\u00f3n,\u00a0 el extremo diestro verdiblanco desde el suelo chuta el cuero fusilando al meta colchonero\u00bb*<\/strong><\/em><\/p>\n<p style=\"text-align: center\"><strong>8.-Antonio PALLAR\u00c9S HUERTAS (-2-) 21 a\u00f1os+11 meses+ 7 d\u00edas.-ALICANTE,\u00a0 jueves 05-Diciembre-1940.<\/strong><\/p>\n<p style=\"text-align: center\"><strong>9-Centro Delantero-ARIETE.-Jos\u00e9 LU\u00cdS Aragon\u00e9s Su\u00e1rez Mart\u00ednez (-1-) 24 a\u00f1os+4 meses menos 16 d\u00edas.-HORTALEZA (Madrid),\u00a0 jueves 28-Julio-1938.<\/strong><\/p>\n<p style=\"text-align: center\"><strong>10.-Helmut SENEKOWISTCH (-2-) 29 a\u00f1os+1 mes menos 10 d\u00edas.-GRATZ (Austria),\u00a0 domingo 22-Octubre-1933.<\/strong><\/p>\n<p style=\"text-align: center\"><strong>11.-ROGELIO Sosa Ram\u00edrez (-0-) 19 a\u00f1os+7 meses+1 d\u00eda.-CORIA DEL R\u00cdO (Sevilla),\u00a0 domingo 11-Abril-1943.<\/strong><\/p>\n<p style=\"text-align: center\">VS.<\/p>\n<figure id=\"attachment_37983\" aria-describedby=\"caption-attachment-37983\" style=\"width: 186px\" class=\"wp-caption aligncenter\"><a href=\"https:\/\/www.manquepierda.com\/historiarealbetis\/37974-1933-octubre-01-castilla-sur-betis-balompie-3-athletic-madrid-3-81aniversario\/atletico-de-madrid-186x220\/\" rel=\"attachment wp-att-37983\"><img data-recalc-dims=\"1\" loading=\"lazy\" decoding=\"async\" class=\"size-full wp-image-37983\" src=\"https:\/\/i0.wp.com\/www.manquepierda.com\/historiarealbetis\/files\/2014\/10\/atletico-de-madrid-186x220.png?resize=186%2C220&#038;ssl=1\" alt=\"MMMM\" width=\"186\" height=\"220\" \/><\/a><figcaption id=\"caption-attachment-37983\" class=\"wp-caption-text\"><strong>CLUB ATL\u00c9TICO MADRID-0 TANTOS.<\/strong><\/figcaption><\/figure>\n<p style=\"text-align: center\"><em><strong>2\u00ba CLASIFICADO CON 12 PUNTOS+4 POSITIVOS:\u00a0 5-ganados+2-empatados+2-perdidos.-18-11 Tantos Favor-Contra.<\/strong><\/em><\/p>\n<figure id=\"attachment_38886\" aria-describedby=\"caption-attachment-38886\" style=\"width: 220px\" class=\"wp-caption alignright\"><a href=\"https:\/\/www.manquepierda.com\/historiarealbetis\/38873-1962-noviembre-11-primera-division-real-betis-balompie-1-atletico-madrid-0-52aniversario\/javier-barroso-sanchez-guerra\/\" rel=\"attachment wp-att-38886\"><img data-recalc-dims=\"1\" loading=\"lazy\" decoding=\"async\" class=\"size-thumbnail wp-image-38886\" src=\"https:\/\/i0.wp.com\/www.manquepierda.com\/historiarealbetis\/files\/2014\/11\/Javier-Barroso-Sanchez-Guerra.jpg?resize=220%2C220&#038;ssl=1\" alt=\"mmmm\" width=\"220\" height=\"220\" srcset=\"https:\/\/i0.wp.com\/www.manquepierda.com\/historiarealbetis\/files\/2014\/11\/Javier-Barroso-Sanchez-Guerra.jpg?resize=220%2C220&amp;ssl=1 220w, https:\/\/i0.wp.com\/www.manquepierda.com\/historiarealbetis\/files\/2014\/11\/Javier-Barroso-Sanchez-Guerra.jpg?w=350&amp;ssl=1 350w\" sizes=\"auto, (max-width: 220px) 100vw, 220px\" \/><\/a><figcaption id=\"caption-attachment-38886\" class=\"wp-caption-text\">20\u00ba Presidente (11-12-1955 \u00e1 21-01-1964).-Javier BARROSO S\u00c1NCHEZ-GUERRA 58 a\u00f1os+11 meses+9 d\u00edas.-MADRID, jueves 03-Diciembre-1903.<\/figcaption><\/figure>\n<figure id=\"attachment_38887\" aria-describedby=\"caption-attachment-38887\" style=\"width: 150px\" class=\"wp-caption alignleft\"><a href=\"https:\/\/www.manquepierda.com\/historiarealbetis\/38873-1962-noviembre-11-primera-division-real-betis-balompie-1-atletico-madrid-0-52aniversario\/rafael_garcia_el_tinte_rafael_garcia_el_tinte\/\" rel=\"attachment wp-att-38887\"><img data-recalc-dims=\"1\" loading=\"lazy\" decoding=\"async\" class=\"size-full wp-image-38887\" src=\"https:\/\/i0.wp.com\/www.manquepierda.com\/historiarealbetis\/files\/2014\/11\/rafael_garcia_el_tinte_rafael_garcia_el_tinte.jpg?resize=150%2C210&#038;ssl=1\" alt=\"mmmm\" width=\"150\" height=\"210\" \/><\/a><figcaption id=\"caption-attachment-38887\" class=\"wp-caption-text\">Rafael Garc\u00eda Repullo (a) \u00abTINTE\u00bb 38 a\u00f1os+11 meses menos 17 d\u00edas.-CORDOBA, s\u00e1bado 29-Diciembre-1923.<\/figcaption><\/figure>\n<p>&nbsp;<\/p>\n<p style=\"text-align: center\"><strong>\u00abTINTE MANIFIESTA QUE EL BETIS SIEMPRE SE SUPERA FRENTE AL ATL\u00c9TICO DE MADRID.-TINTE,\u00a0 HABLA;\u00a0 VILLALONGA,\u00a0 NO\u00bb.<\/strong><\/p>\n<p style=\"text-align: left\"><a href=\"https:\/\/www.manquepierda.com\/historiarealbetis\/38873-1962-noviembre-11-primera-division-real-betis-balompie-1-atletico-madrid-0-52aniversario\/jose_villalonga\/\" rel=\"attachment wp-att-38888\"><img data-recalc-dims=\"1\" loading=\"lazy\" decoding=\"async\" class=\"aligncenter size-thumbnail wp-image-38888\" src=\"https:\/\/i0.wp.com\/www.manquepierda.com\/historiarealbetis\/files\/2014\/11\/Jos%C3%A9_Villalonga.jpg?resize=162%2C220&#038;ssl=1\" alt=\"Jos\u00e9_Villalonga\" width=\"162\" height=\"220\" srcset=\"https:\/\/i0.wp.com\/www.manquepierda.com\/historiarealbetis\/files\/2014\/11\/Jos%C3%A9_Villalonga.jpg?resize=162%2C220&amp;ssl=1 162w, https:\/\/i0.wp.com\/www.manquepierda.com\/historiarealbetis\/files\/2014\/11\/Jos%C3%A9_Villalonga.jpg?w=177&amp;ssl=1 177w\" sizes=\"auto, (max-width: 162px) 100vw, 162px\" \/><\/a><\/p>\n<p style=\"text-align: left\">\u00abCoincidimos en la puerta del vestuario visitante con el seleccionador nacional,\u00a0 <strong>Jos\u00e9 Villalonga Llorente.-<\/strong>Aprovechamos la coyuntura:<\/p>\n<p style=\"text-align: left\">&#8211;Pepe,\u00a0 \u00bfte atreves a hablar para la Prensa?<\/p>\n<p style=\"text-align: left\"><strong>&#8211;No,\u00a0 no me atrevo.<\/strong><\/p>\n<p style=\"text-align: left\">&#8211;\u00bfPor qu\u00e9?<\/p>\n<p style=\"text-align: left\"><strong>&#8211;Porque no estoy inspirado.\u00a0 \u00a1\u00a1Que lo haga \u00abTinte\u00bb-que para eso es hoy el entrenador en activo y nuestro portavoz\u00a1\u00a1<\/strong><\/p>\n<p style=\"text-align: left\">&#8211;\u00bfTe ha gustado el Betis?<\/p>\n<p style=\"text-align: left\"><strong>&#8211;Ha peleado mucho.<\/strong><\/p>\n<p style=\"text-align: left\">&#8211;De sus hombres,\u00a0 \u00bfcu\u00e1les fueron para ti los mejores?.-Villalonga,\u00a0 haci\u00e9ndonos un gui\u00f1o,\u00a0 precis\u00f3:<\/p>\n<p style=\"text-align: left\"><strong>&#8211;\u00a1\u00a1No hablo\u00a1\u00a1-\u00a1\u00a1Ay,\u00a0 si hablara hoy&#8230; lo mal que lo har\u00eda de alguien.<\/strong><\/p>\n<p style=\"text-align: left\">&#8211;\u00bfDe qui\u00e9n?<\/p>\n<p style=\"text-align: left\"><strong>No hubo respuesta.\u00a0 Breve espera en el pasillo de acceso,\u00a0 y,\u00a0 al fin,\u00a0 \u00abTinte\u00bb:<\/strong><\/p>\n<p style=\"text-align: left\">&#8211;\u00bfTe gust\u00f3 el Real Betis Balompi\u00e9?<\/p>\n<p style=\"text-align: left\"><strong>&#8211;Ya dije al llegar que el Betis era de temer.\u00a0 No s\u00e9 lo que le pasa ante el Atl\u00e9tico de Madrid que se supera.\u00a0 \u00a1\u00a1Aqu\u00ed siempre le puede\u00a1\u00a1<\/strong><\/p>\n<p style=\"text-align: left\">&#8211;\u00bfY del Atl\u00e9tico que dices?<\/p>\n<p style=\"text-align: left\"><strong>&#8211;Que ha acusado la pesadez del terreno.<\/strong><\/p>\n<p style=\"text-align: left\">&#8211;\u00bfNo acus\u00f3 la ausencia de algunos hombres?<\/p>\n<p style=\"text-align: left\"><strong>&#8211;De Adelardo.<\/strong><\/p>\n<p style=\"text-align: left\">&#8211;\u00bfPor qu\u00e9 pusiste a \u00abChuzo\u00bb de defensa central?<\/p>\n<p style=\"text-align: left\"><strong>&#8211;\u00a1\u00a1Alguno ten\u00eda que poner\u00a1\u00a1<\/strong><\/p>\n<p style=\"text-align: left\">&#8211;\u00bfPuedes decirnos algo del \u00e1rbitro?<\/p>\n<p style=\"text-align: left\"><strong>&#8211;\u00a1\u00a1Nada\u00a1\u00a1 No quiero hablar de la actuaci\u00f3n arbitral.<\/strong><\/p>\n<p style=\"text-align: left\">&#8211;\u00bfTienes alg\u00fan reparo al triunfo b\u00e9tico?<\/p>\n<p style=\"text-align: left\"><strong>&#8211;\u00a1\u00a1Ninguno\u00a1\u00a1-El Betis Balompi\u00e9 jug\u00f3 m\u00e1s y gan\u00f3.<\/strong><\/p>\n<p style=\"text-align: center\">\u00abTINTE\u00bb hab\u00eda hablado\u00bb.<\/p>\n<p style=\"text-align: center\">\u00abLO MEJOR DEL EQUIPO VISITANTE.-Sus dos laterales,\u00a0 que entraron decididos y neutralizaron muchas internadas peligrosas de los jugadores verdiblancos\u00bb.<\/p>\n<p style=\"text-align: center\">PORTERO:<\/p>\n<figure id=\"attachment_38889\" aria-describedby=\"caption-attachment-38889\" style=\"width: 150px\" class=\"wp-caption aligncenter\"><a href=\"https:\/\/www.manquepierda.com\/historiarealbetis\/38873-1962-noviembre-11-primera-division-real-betis-balompie-1-atletico-madrid-0-52aniversario\/madinabeytia\/\" rel=\"attachment wp-att-38889\"><img data-recalc-dims=\"1\" loading=\"lazy\" decoding=\"async\" class=\"size-full wp-image-38889\" src=\"https:\/\/i0.wp.com\/www.manquepierda.com\/historiarealbetis\/files\/2014\/11\/Madinabeytia.jpg?resize=150%2C207&#038;ssl=1\" alt=\"mmm\" width=\"150\" height=\"207\" \/><\/a><figcaption id=\"caption-attachment-38889\" class=\"wp-caption-text\">1.-Edgardo Mario MADINABEYTIA BASSI (-2-) 30 a\u00f1os+3 meses menos 16 d\u00edas.-SAN MIGUEL (Argentina), domingo 28-Agosto-1932.<\/figcaption><\/figure>\n<p style=\"text-align: center\"><em><strong>ENCAJ\u00d3 1 GOL (1-0.-24 minutos: PORTILLA).<\/strong><\/em><\/p>\n<p style=\"text-align: center\">DEFENSAS:<\/p>\n<p style=\"text-align: center\">2.-Feliciano MU\u00d1OZ RIVILLA (-2-).<\/p>\n<p style=\"text-align: center\">5-Central.-Antonio Gonz\u00e1lez \u00c1lvarez (a) \u00abCHUZO\u00bb (-1-).<\/p>\n<p style=\"text-align: center\">3.-Isacio CALLEJA GARC\u00cdA (-2-).<\/p>\n<p style=\"text-align: center\">MEDIOS:<\/p>\n<p style=\"text-align: center\">4.-RAMIRO Rodr\u00edguez Valente (-2-).<\/p>\n<p style=\"text-align: center\">6.-Jes\u00fas GLAR\u00cdA JORD\u00c1N (-1-).<\/p>\n<p style=\"text-align: center\">DELANTEROS:<\/p>\n<p style=\"text-align: center\">7.-Miguel JONES CASTILLO (-0-).<\/p>\n<p style=\"text-align: center\">8.-Jos\u00e9 RIVES FLORES (-0-).<\/p>\n<p style=\"text-align: center\">9-Centro Delantero.-Jorge Alberto De MENDON\u00c7A PAULINO (-1-).<\/p>\n<p style=\"text-align: center\">10.-AMADOR Cort\u00e9s Garc\u00eda (-0-).<\/p>\n<p style=\"text-align: center\">11.-ENRIQUE COLLAR Monterrubio (-1-).<\/p>\n<p style=\"text-align: center\"><em><strong>VI\u00d1ETA DE VICENTE FLORES:<\/strong><\/em><\/p>\n<p style=\"text-align: center\"><a href=\"https:\/\/www.manquepierda.com\/historiarealbetis\/38873-1962-noviembre-11-primera-division-real-betis-balompie-1-atletico-madrid-0-52aniversario\/vicente-flores\/\" rel=\"attachment wp-att-38890\"><img data-recalc-dims=\"1\" loading=\"lazy\" decoding=\"async\" class=\"aligncenter size-medium wp-image-38890\" src=\"https:\/\/i0.wp.com\/www.manquepierda.com\/historiarealbetis\/files\/2014\/11\/Vicente-Flores.jpg?resize=399%2C600&#038;ssl=1\" alt=\"Vicente Flores\" width=\"399\" height=\"600\" srcset=\"https:\/\/i0.wp.com\/www.manquepierda.com\/historiarealbetis\/files\/2014\/11\/Vicente-Flores.jpg?resize=399%2C600&amp;ssl=1 399w, https:\/\/i0.wp.com\/www.manquepierda.com\/historiarealbetis\/files\/2014\/11\/Vicente-Flores.jpg?resize=146%2C220&amp;ssl=1 146w, https:\/\/i0.wp.com\/www.manquepierda.com\/historiarealbetis\/files\/2014\/11\/Vicente-Flores.jpg?resize=465%2C700&amp;ssl=1 465w, https:\/\/i0.wp.com\/www.manquepierda.com\/historiarealbetis\/files\/2014\/11\/Vicente-Flores.jpg?w=672&amp;ssl=1 672w\" sizes=\"auto, (max-width: 399px) 100vw, 399px\" \/><\/a><strong>REAL BETIS-1 VS, AT. MADRID-0.<\/strong><\/p>\n<p style=\"text-align: center\"><em><strong>&#8211;\u00a1\u00a1Un abrazo,\u00a0 compadre\u00a1\u00a1-\u00a1\u00a1Nos hemos salvao\u00a1\u00a1\u00a0 Porque est\u00e1bamos como los marinos aquellos que,\u00a0 a punto de naufragar,\u00a0 consultaban el mapa y dec\u00edan:<\/strong><\/em><\/p>\n<p style=\"text-align: center\"><em><strong>\u00a1\u00a1Si estos puntitos son unas islas,\u00a0 estamos salvao\u00a1\u00a1\u00a0 Pero como sean \u00a1\u00a1las \u00abeso\u00bb de una mosca\u00a1\u00a1&#8230;<\/strong><\/em><\/p>\n<hr \/>\n<figure id=\"attachment_38879\" aria-describedby=\"caption-attachment-38879\" style=\"width: 477px\" class=\"wp-caption aligncenter\"><a href=\"https:\/\/www.manquepierda.com\/historiarealbetis\/38873-1962-noviembre-11-primera-division-real-betis-balompie-1-atletico-madrid-0-52aniversario\/escanear0359\/\" rel=\"attachment wp-att-38879\"><img data-recalc-dims=\"1\" loading=\"lazy\" decoding=\"async\" class=\"size-medium wp-image-38879\" src=\"https:\/\/i0.wp.com\/www.manquepierda.com\/historiarealbetis\/files\/2014\/11\/escanear0359.jpg?resize=477%2C600&#038;ssl=1\" alt=\"MMMM\" width=\"477\" height=\"600\" srcset=\"https:\/\/i0.wp.com\/www.manquepierda.com\/historiarealbetis\/files\/2014\/11\/escanear0359.jpg?resize=477%2C600&amp;ssl=1 477w, https:\/\/i0.wp.com\/www.manquepierda.com\/historiarealbetis\/files\/2014\/11\/escanear0359.jpg?resize=175%2C220&amp;ssl=1 175w, https:\/\/i0.wp.com\/www.manquepierda.com\/historiarealbetis\/files\/2014\/11\/escanear0359.jpg?resize=557%2C700&amp;ssl=1 557w, https:\/\/i0.wp.com\/www.manquepierda.com\/historiarealbetis\/files\/2014\/11\/escanear0359.jpg?w=640&amp;ssl=1 640w\" sizes=\"auto, (max-width: 477px) 100vw, 477px\" \/><\/a><figcaption id=\"caption-attachment-38879\" class=\"wp-caption-text\"><strong>REVISTA DE LA AFICI\u00d3N B\u00c9TICA \u00abVERDE Y BLANCO\u00bb N\u00aa 25-A\u00d1O 1962-PVP 7 PESETAS.-CR\u00d3NICA DEL PARTIDO POR \u00abTIMIMI\u00bb+\u00bbASI JUGARON LOS NUESTROS\u00bb+FICHA DEL PARTIDO REAL BETIS BALOMPI\u00c9-1 VS. CLUB ATL\u00c9TICO DE MADRID-0.<\/strong><\/figcaption><\/figure>\n<p style=\"text-align: center\"><a href=\"https:\/\/www.manquepierda.com\/historiarealbetis\/38873-1962-noviembre-11-primera-division-real-betis-balompie-1-atletico-madrid-0-52aniversario\/escanear0360\/\" rel=\"attachment wp-att-38880\"><img data-recalc-dims=\"1\" loading=\"lazy\" decoding=\"async\" class=\"aligncenter size-medium wp-image-38880\" src=\"https:\/\/i0.wp.com\/www.manquepierda.com\/historiarealbetis\/files\/2014\/11\/escanear0360.jpg?resize=468%2C600&#038;ssl=1\" alt=\"escanear0360\" width=\"468\" height=\"600\" srcset=\"https:\/\/i0.wp.com\/www.manquepierda.com\/historiarealbetis\/files\/2014\/11\/escanear0360.jpg?resize=468%2C600&amp;ssl=1 468w, https:\/\/i0.wp.com\/www.manquepierda.com\/historiarealbetis\/files\/2014\/11\/escanear0360.jpg?resize=171%2C220&amp;ssl=1 171w, https:\/\/i0.wp.com\/www.manquepierda.com\/historiarealbetis\/files\/2014\/11\/escanear0360.jpg?resize=546%2C700&amp;ssl=1 546w, https:\/\/i0.wp.com\/www.manquepierda.com\/historiarealbetis\/files\/2014\/11\/escanear0360.jpg?w=640&amp;ssl=1 640w\" sizes=\"auto, (max-width: 468px) 100vw, 468px\" \/><\/a><\/p>\n<p style=\"text-align: center\"><a href=\"https:\/\/www.manquepierda.com\/historiarealbetis\/38873-1962-noviembre-11-primera-division-real-betis-balompie-1-atletico-madrid-0-52aniversario\/escanear0361\/\" rel=\"attachment wp-att-38881\"><img data-recalc-dims=\"1\" loading=\"lazy\" decoding=\"async\" class=\"aligncenter size-medium wp-image-38881\" src=\"https:\/\/i0.wp.com\/www.manquepierda.com\/historiarealbetis\/files\/2014\/11\/escanear0361.jpg?resize=471%2C600&#038;ssl=1\" alt=\"escanear0361\" width=\"471\" height=\"600\" srcset=\"https:\/\/i0.wp.com\/www.manquepierda.com\/historiarealbetis\/files\/2014\/11\/escanear0361.jpg?resize=471%2C600&amp;ssl=1 471w, https:\/\/i0.wp.com\/www.manquepierda.com\/historiarealbetis\/files\/2014\/11\/escanear0361.jpg?resize=172%2C220&amp;ssl=1 172w, https:\/\/i0.wp.com\/www.manquepierda.com\/historiarealbetis\/files\/2014\/11\/escanear0361.jpg?resize=549%2C700&amp;ssl=1 549w, https:\/\/i0.wp.com\/www.manquepierda.com\/historiarealbetis\/files\/2014\/11\/escanear0361.jpg?w=640&amp;ssl=1 640w\" sizes=\"auto, (max-width: 471px) 100vw, 471px\" \/><\/a><\/p>\n<hr \/>\n<p style=\"text-align: center\">FUENTE.-\u00abHOJA DEL LUNES\u00bb-SEVILLA, 12-Noviembre-1962.-\u00abDOMINGO DEPORTIVO\u00bb:<\/p>\n<p style=\"text-align: left\">\u00abLOS VERDIBLANCOS GANARON AL ATL\u00c9TICO DE MADRID POR MENOS GOLES DE LOS MERECIDOS\u00bb.-Cr\u00f3nica de IGARFE:<\/p>\n<p style=\"text-align: center\">\u00abUna gran oportunidad.-Real Betis, 1; At. de Madrid-0.-Daucik acert\u00f3.-Clasificaci\u00f3n.-El Atl\u00e9tico poco resolutivo.-impresi\u00f3n de conjunto.-Arbitraje,\u00a0 equipos y jugadas\u00bb.<\/p>\n<p style=\"text-align: center\">\u00bfQUIEN ESTUVO COMO NUNCA?-Ayer en el Estadio Benito Villamar\u00edn.-Calificaci\u00f3n de jugadores por IGARFE.-\u00abFUNDADOR Domecq est\u00e1&#8230; como nunca\u00a1\u00a1<\/p>\n<p style=\"text-align: center\">OPINAN LOS ENTRENADORES.-Entrevistados por BORBUJO.<\/p>\n<hr \/>\n","protected":false},"excerpt":{"rendered":"<p>NOVENA JORNADA CAMPEONATO NACIONAL LIGA PRIMERA DIVISI\u00d3N-TEMPORADA 1962-1963. \u00abTuvo una actuaci\u00f3n irregular. Dej\u00f3 pasar por alto una jugada,\u00a0 en la que Jones fue desplazado,\u00a0 y en cambio permiti\u00f3 un medio gol en \u00aboffside\u00bb monumental de Glar\u00eda. Su labor fue adem\u00e1s poco segura,\u00a0 y no pocas veces entorpeci\u00f3 el juego por una mala colocaci\u00f3n y otras&#8230;<\/p>\n","protected":false},"author":48,"featured_media":38874,"comment_status":"open","ping_status":"open","sticky":false,"template":"","format":"standard","meta":{"_kad_post_transparent":"","_kad_post_title":"","_kad_post_layout":"","_kad_post_sidebar_id":"","_kad_post_content_style":"","_kad_post_vertical_padding":"","_kad_post_feature":"","_kad_post_feature_position":"","_kad_post_header":false,"_kad_post_footer":false,"_kad_post_classname":"","_jetpack_memberships_contains_paid_content":false,"footnotes":"","jetpack_publicize_message":"","jetpack_publicize_feature_enabled":true,"jetpack_social_post_already_shared":true,"jetpack_social_options":{"image_generator_settings":{"template":"highway","default_image_id":0,"font":"","enabled":false},"version":2}},"categories":[902,1],"tags":[5369,4280,13849,17839],"class_list":["post-38873","post","type-post","status-publish","format-standard","has-post-thumbnail","hentry","category-1960-1969","category-portada","tag-5369","tag-1962-63","tag-club-atletico-de-madrid","tag-liga-primera-1962-63"],"jetpack_publicize_connections":[],"jetpack_featured_media_url":"https:\/\/i0.wp.com\/www.manquepierda.com\/historiarealbetis\/files\/2014\/11\/Estadio-Benito-Villamar%C3%ADn-1959-1960-1961.jpg?fit=600%2C451&ssl=1","jetpack_sharing_enabled":true,"jetpack_shortlink":"https:\/\/wp.me\/p1ij08-a6Z","jetpack-related-posts":[],"_links":{"self":[{"href":"https:\/\/www.manquepierda.com\/historiarealbetis\/wp-json\/wp\/v2\/posts\/38873","targetHints":{"allow":["GET"]}}],"collection":[{"href":"https:\/\/www.manquepierda.com\/historiarealbetis\/wp-json\/wp\/v2\/posts"}],"about":[{"href":"https:\/\/www.manquepierda.com\/historiarealbetis\/wp-json\/wp\/v2\/types\/post"}],"author":[{"embeddable":true,"href":"https:\/\/www.manquepierda.com\/historiarealbetis\/wp-json\/wp\/v2\/users\/48"}],"replies":[{"embeddable":true,"href":"https:\/\/www.manquepierda.com\/historiarealbetis\/wp-json\/wp\/v2\/comments?post=38873"}],"version-history":[{"count":1,"href":"https:\/\/www.manquepierda.com\/historiarealbetis\/wp-json\/wp\/v2\/posts\/38873\/revisions"}],"predecessor-version":[{"id":98739,"href":"https:\/\/www.manquepierda.com\/historiarealbetis\/wp-json\/wp\/v2\/posts\/38873\/revisions\/98739"}],"wp:featuredmedia":[{"embeddable":true,"href":"https:\/\/www.manquepierda.com\/historiarealbetis\/wp-json\/wp\/v2\/media\/38874"}],"wp:attachment":[{"href":"https:\/\/www.manquepierda.com\/historiarealbetis\/wp-json\/wp\/v2\/media?parent=38873"}],"wp:term":[{"taxonomy":"category","embeddable":true,"href":"https:\/\/www.manquepierda.com\/historiarealbetis\/wp-json\/wp\/v2\/categories?post=38873"},{"taxonomy":"post_tag","embeddable":true,"href":"https:\/\/www.manquepierda.com\/historiarealbetis\/wp-json\/wp\/v2\/tags?post=38873"}],"curies":[{"name":"wp","href":"https:\/\/api.w.org\/{rel}","templated":true}]}}