{"id":39106,"date":"2014-11-22T17:56:49","date_gmt":"2014-11-22T16:56:49","guid":{"rendered":"http:\/\/www.manquepierda.com\/historiarealbetis\/?p=39106"},"modified":"2024-09-02T18:46:13","modified_gmt":"2024-09-02T16:46:13","slug":"1964-noviembre-22-primera-division-real-betis-balompie-2-elche-cf-2-50aniversario","status":"publish","type":"post","link":"https:\/\/www.manquepierda.com\/historiarealbetis\/1964-noviembre-22-primera-division-real-betis-balompie-2-elche-cf-2-50aniversario\/","title":{"rendered":"1964-Noviembre 22-Primera Divisi\u00f3n: Real Betis Balompi\u00e9-2 Elche2.- 51aniversario."},"content":{"rendered":"<figure id=\"attachment_39107\" aria-describedby=\"caption-attachment-39107\" style=\"width: 262px\" class=\"wp-caption aligncenter\"><a href=\"https:\/\/www.manquepierda.com\/historiarealbetis\/39106-1964-noviembre-22-primera-division-real-betis-balompie-2-elche-cf-2-50aniversario\/ebv1964-01-3\/\" rel=\"attachment wp-att-39107\"><img data-recalc-dims=\"1\" loading=\"lazy\" decoding=\"async\" class=\"size-full wp-image-39107\" src=\"https:\/\/i0.wp.com\/www.manquepierda.com\/historiarealbetis\/files\/2014\/11\/ebv1964-01.jpg?resize=262%2C262&#038;ssl=1\" alt=\"mmmmm\" width=\"262\" height=\"262\" srcset=\"https:\/\/i0.wp.com\/www.manquepierda.com\/historiarealbetis\/files\/2014\/11\/ebv1964-01.jpg?w=262&amp;ssl=1 262w, https:\/\/i0.wp.com\/www.manquepierda.com\/historiarealbetis\/files\/2014\/11\/ebv1964-01.jpg?resize=220%2C220&amp;ssl=1 220w, https:\/\/i0.wp.com\/www.manquepierda.com\/historiarealbetis\/files\/2014\/11\/ebv1964-01.jpg?resize=150%2C150&amp;ssl=1 150w\" sizes=\"auto, (max-width: 262px) 100vw, 262px\" \/><\/a><figcaption id=\"caption-attachment-39107\" class=\"wp-caption-text\"><em><strong>1964-NOVIEMBRE 22-DOMINGO-\u00abCIUDAD DEL SOL\u00bb-ESTADIO \u00abBENITO VILLAMAR\u00cdN\u00bb.<br \/><\/strong><\/em><\/figcaption><\/figure>\n<p style=\"text-align: center\"><em><strong>10\u00ba JORNADA CAMPEONATO NACIONAL LIGA PRIMERA DIVISI\u00d3N-TEMPORADA 1964-1965.<\/strong><\/em><\/p>\n<p style=\"text-align: center\">ARBITR\u00d3:<\/p>\n<figure id=\"attachment_39108\" aria-describedby=\"caption-attachment-39108\" style=\"width: 110px\" class=\"wp-caption aligncenter\"><a href=\"https:\/\/www.manquepierda.com\/historiarealbetis\/39106-1964-noviembre-22-primera-division-real-betis-balompie-2-elche-cf-2-50aniversario\/jgg\/\" rel=\"attachment wp-att-39108\"><img data-recalc-dims=\"1\" loading=\"lazy\" decoding=\"async\" class=\"size-full wp-image-39108\" src=\"https:\/\/i0.wp.com\/www.manquepierda.com\/historiarealbetis\/files\/2014\/11\/JGG.jpeg?resize=110%2C174&#038;ssl=1\" alt=\"MMMM\" width=\"110\" height=\"174\" \/><\/a><figcaption id=\"caption-attachment-39108\" class=\"wp-caption-text\">Juan GARDEAZ\u00c1BAL GARAY 41 a\u00f1os menos 5 d\u00edas.-BILBAO (Vizcaya), martes 27-Noviembre-1923.<\/figcaption><\/figure>\n<p style=\"text-align: center\"><em><strong>\u00abEl se\u00f1or Gardeaz\u00e1bal no estuvo acertado.\u00a0\u00a0 <\/strong><\/em><\/p>\n<p style=\"text-align: center\"><em><strong>Hubo penalti en el desplazamiento de Forneris al centro delantero Ansola,\u00a0 como lo fue el agarr\u00f3n de \u00abPep\u00edn\u00bb a Lezcano.<\/strong><\/em><\/p>\n<p style=\"text-align: center\"><em><strong>Hubo,\u00a0 por tanto,\u00a0 distinto criterio en la apreciaci\u00f3n de la falta,\u00a0 y tuvo influencia en el resultado.<\/strong><\/em><\/p>\n<p style=\"text-align: center\"><em><strong>Esto origin\u00f3 ostensibles protestas de los espectadores,\u00a0 aunque al final,\u00a0 por la actuaci\u00f3n b\u00e9tica,\u00a0 los aficionados se desilusionaron y se olvidaron del colegiado.\u00a0<\/strong><\/em><\/p>\n<p style=\"text-align: center\"><em><strong>\u00a0 Es un detalle muy significativo\u00bb.<\/strong><\/em><\/p>\n<p style=\"text-align: center\"><strong>\u00abEl p\u00fablico comienza a desfilar en\u00a0 los minutos finales del encuentro,\u00a0 y el punto positivo que ten\u00eda el Real Betis Balompi\u00e9 desaparece.\u00a0\u00a0 Los muchachos de Martim Francisco han borrado uno de sus negativos\u00bb.<\/strong><\/p>\n<p style=\"text-align: center\"><em><strong>LOS EQUIPOS FUERON RECIBIDOS CON APLAUSOS:<\/strong><\/em><\/p>\n<figure id=\"attachment_37607\" aria-describedby=\"caption-attachment-37607\" style=\"width: 154px\" class=\"wp-caption aligncenter\"><a href=\"https:\/\/www.manquepierda.com\/historiarealbetis\/37603-1957-septiembre-15-segunda-grupo-sur-real-betis-balompie-3-ad-plus-ultra-madrid-1-lvii-aniversario\/1957-rbb-13\/\" rel=\"attachment wp-att-37607\"><img data-recalc-dims=\"1\" loading=\"lazy\" decoding=\"async\" class=\"size-full wp-image-37607\" src=\"https:\/\/i0.wp.com\/www.manquepierda.com\/historiarealbetis\/files\/2014\/09\/1957-RBB.jpg?resize=154%2C154&#038;ssl=1\" alt=\"mmm\" width=\"154\" height=\"154\" \/><\/a><figcaption id=\"caption-attachment-37607\" class=\"wp-caption-text\"><strong>REAL BETIS BALOMPI\u00c9-2 GOLES.<\/strong><\/figcaption><\/figure>\n<p style=\"text-align: center\"><strong>7\u00ba CLASIFICADO CON 10 PUNTOS.-4-GANADOS+2-EMPATADOS+4-PERDIDOS.-14-GOLES A FAVOR Y 11-TANTOS EN CONTRA.<\/strong><\/p>\n<figure id=\"attachment_39109\" aria-describedby=\"caption-attachment-39109\" style=\"width: 214px\" class=\"wp-caption alignright\"><a href=\"https:\/\/www.manquepierda.com\/historiarealbetis\/39106-1964-noviembre-22-primera-division-real-betis-balompie-2-elche-cf-2-50aniversario\/benito-villamarin-05-8\/\" rel=\"attachment wp-att-39109\"><img data-recalc-dims=\"1\" loading=\"lazy\" decoding=\"async\" class=\"size-thumbnail wp-image-39109\" src=\"https:\/\/i0.wp.com\/www.manquepierda.com\/historiarealbetis\/files\/2014\/11\/Benito-Villamar%C3%ADn-051.jpg?resize=214%2C220&#038;ssl=1\" alt=\"MMMM\" width=\"214\" height=\"220\" srcset=\"https:\/\/i0.wp.com\/www.manquepierda.com\/historiarealbetis\/files\/2014\/11\/Benito-Villamar%C3%ADn-051.jpg?resize=214%2C220&amp;ssl=1 214w, https:\/\/i0.wp.com\/www.manquepierda.com\/historiarealbetis\/files\/2014\/11\/Benito-Villamar%C3%ADn-051.jpg?resize=585%2C600&amp;ssl=1 585w, https:\/\/i0.wp.com\/www.manquepierda.com\/historiarealbetis\/files\/2014\/11\/Benito-Villamar%C3%ADn-051.jpg?resize=683%2C700&amp;ssl=1 683w, https:\/\/i0.wp.com\/www.manquepierda.com\/historiarealbetis\/files\/2014\/11\/Benito-Villamar%C3%ADn-051.jpg?w=1328&amp;ssl=1 1328w\" sizes=\"auto, (max-width: 214px) 100vw, 214px\" \/><\/a><figcaption id=\"caption-attachment-39109\" class=\"wp-caption-text\"><strong>Don Benito VILLAMAR\u00cdN\u00a0 PRIETO-Industrial-46 a\u00f1os+3 meses+1 d\u00eda.-PUGA-To\u00e9n (Ourenses), mi\u00e9rcoles 21-Agosto-1918.-PRESIDENTE REAL BETIS BALOMPI\u00c9 1955-1956 hasta el martes 07 de Diciembre de 1965-emocionante carta de despedida compa\u00f1eros directivos y a trav\u00e9s de ellos de la Afici\u00f3n B\u00e9tica, con motivo de su grave enfermedad c\u00e1ncer de pulm\u00f3n, falleciendo 8 meses m\u00e1s tarde.-SEVILLA, lunes 15-Agosto-1966.-48 A\u00d1OS menos 6 d\u00edas.-D. E. P.<\/strong><\/figcaption><\/figure>\n<figure id=\"attachment_39110\" aria-describedby=\"caption-attachment-39110\" style=\"width: 150px\" class=\"wp-caption alignleft\"><a href=\"https:\/\/www.manquepierda.com\/historiarealbetis\/39106-1964-noviembre-22-primera-division-real-betis-balompie-2-elche-cf-2-50aniversario\/louis-hon-7\/\" rel=\"attachment wp-att-39110\"><img data-recalc-dims=\"1\" loading=\"lazy\" decoding=\"async\" class=\"size-full wp-image-39110\" src=\"https:\/\/i0.wp.com\/www.manquepierda.com\/historiarealbetis\/files\/2014\/11\/louis-hon.jpg?resize=150%2C199&#038;ssl=1\" alt=\"MMMM\" width=\"150\" height=\"199\" \/><\/a><figcaption id=\"caption-attachment-39110\" class=\"wp-caption-text\"><strong>Louis HON ANTONIN 40 a\u00f1os+2 meses+11 d\u00edas.-COUCHES-LES-MINES (Francia), jueves 11-Septiembre-1924.-1\/4 ENTRENADOR REAL BETIS BALOMPI\u00c9 1964-1965 (01-19 Jornadas, ambas inclusive)*<\/strong><\/figcaption><\/figure>\n<p style=\"text-align: left\"><em><strong>\u00abAFIRM\u00d3 QUE LA INEXPERIENCIA DE LA JUVENTUD FUERON LAS CAUSAS DEL EMPATE\u00bb.<\/strong><\/em><\/p>\n<p style=\"text-align: left\">L\u00f3gicamente Louis Hon se hallaba disgustado por el empate.\u00a0 Quisimos convencerlo de que es un resultado tradicional,\u00a0 trat\u00e1ndose del Elche,\u00a0 en Sevilla,\u00a0 pero nuestro interlocutor \u00abmachacaba\u00bb&#8230;<\/p>\n<p style=\"text-align: left\"><strong>&#8211;Como teor\u00eda acepto la versi\u00f3n,\u00a0 pero,\u00a0 la verdad,\u00a0 que hoy no merecemos el empate.<\/strong><\/p>\n<p style=\"text-align: left\"><strong>En l\u00edneas generales,\u00a0 estuvo el equipo respondiendo bien\u00a0 y tan solo esos dos fallos,\u00a0 que abrieron el portillo de las posibilidades enemigas,\u00a0 dieron al traste nuestros esfuerzos.<\/strong><\/p>\n<p style=\"text-align: left\"><strong>Fueron dos fallos frutos de la inexperiencia propia en la juventud.<\/strong><\/p>\n<p style=\"text-align: left\"><strong>En el f\u00fatbol,\u00a0 el profesionalismo se alcanza padeciendo errores,\u00a0 pero es una pena que esos errores surjan como totalizando un rendimiento que no merecen conclusiones negativas,\u00a0 como la que hemos encajado.<\/strong><\/p>\n<p style=\"text-align: left\">&#8211;Y,\u00a0 concretamente,\u00a0 \u00bfa qu\u00e9 fallos se refiere&#8230;?<\/p>\n<p style=\"text-align: left\"><strong>&#8211;A los que precedieron al primer gol ilicitano y la del penalti.\u00a0\u00a0 En ambas se pudo ceder el bal\u00f3n a c\u00f3rner,\u00a0 pero se quiso jugar y sobrevino el doble fallo.\u00a0\u00a0 \u00a1\u00a1Y es una pena,\u00a0 porque ese chico lleva bastantes partidos y lo estaba haciendo perfectamente\u00a1\u00a1<\/strong><\/p>\n<p style=\"text-align: left\">&#8211;\u00bfNo tiene,\u00a0 pues,\u00a0 nada que objetar en contra del resultado&#8230;?<\/p>\n<p style=\"text-align: left\"><strong>&#8211;\u00a1\u00a1Nada en absoluto\u00a1\u00a1\u00a0\u00a0 Fueron dos fallos debidos a la inexperiencia juvenil y&#8230;\u00a0 a la confianza.\u00a0\u00a0 El origen de las jugadas estuvo en la confianza.<\/strong><\/p>\n<p style=\"text-align: left\">Aseveramos que el domingo,\u00a0 en Oviedo&#8211;campo tradicionalmente favorable para el Betis&#8211;,\u00a0 se puede borrar el \u00ablapsus\u00bb.\u00a0 Hon coment\u00f3:<\/p>\n<p style=\"text-align: left\"><strong>&#8211;Lo intentaremos&#8230;\u00a0 \u00a1\u00a1Pero lo de hoy es una pena\u00a1\u00a1&#8230;<\/strong><\/p>\n<p style=\"text-align: center\">Lu\u00eds es hombre al que no se le convence f\u00e1cilmente&#8230;\u00a0 cuando lleva raz\u00f3n\u00bb (BORBUJO).<\/p>\n<p style=\"text-align: center\"><strong>GUARDAMETA:<\/strong><\/p>\n<figure id=\"attachment_39111\" aria-describedby=\"caption-attachment-39111\" style=\"width: 143px\" class=\"wp-caption aligncenter\"><a href=\"https:\/\/www.manquepierda.com\/historiarealbetis\/39106-1964-noviembre-22-primera-division-real-betis-balompie-2-elche-cf-2-50aniversario\/pepin-11\/\" rel=\"attachment wp-att-39111\"><img data-recalc-dims=\"1\" loading=\"lazy\" decoding=\"async\" class=\"size-thumbnail wp-image-39111\" src=\"https:\/\/i0.wp.com\/www.manquepierda.com\/historiarealbetis\/files\/2014\/11\/PEP%C3%8DN.jpg?resize=143%2C220&#038;ssl=1\" alt=\"MMM\" width=\"143\" height=\"220\" srcset=\"https:\/\/i0.wp.com\/www.manquepierda.com\/historiarealbetis\/files\/2014\/11\/PEP%C3%8DN.jpg?resize=143%2C220&amp;ssl=1 143w, https:\/\/i0.wp.com\/www.manquepierda.com\/historiarealbetis\/files\/2014\/11\/PEP%C3%8DN.jpg?w=206&amp;ssl=1 206w\" sizes=\"auto, (max-width: 143px) 100vw, 143px\" \/><\/a><figcaption id=\"caption-attachment-39111\" class=\"wp-caption-text\"><strong>1.-Jos\u00e9 CASAS GRIS (a) \u00abPEP\u00cdN\u00bb (-1-).-33 a\u00f1os+6 d\u00edas.-VALENCIA, lunes 16-Noviembre-1931.<\/strong><\/figcaption><\/figure>\n<p style=\"text-align: center\"><strong>**ENCAJ\u00d3 2 TANTOS:\u00a0 1-1 LEZCANO-31 MINUTOS+2-2.-66 minutos-penalti lanzado por ROMERO**<\/strong><\/p>\n<p style=\"text-align: left\"><strong>65 minutos:\u00a0 \u00abPeligroso centro de \u00abVav\u00e1\u00bb con oportuna intervenci\u00f3n del meta b\u00e9tico\u00bb.<\/strong><\/p>\n<p style=\"text-align: left\"><strong>Despu\u00e9s del 2-2 los ilicitanos se crecen y a los 72 minutos \u00abPep\u00edn\u00bb salva una situaci\u00f3n comprometida a los pies de Romero\u00bb.<\/strong><\/p>\n<p style=\"text-align: center\"><strong>ZAGUEROS:<\/strong><\/p>\n<p style=\"text-align: center\"><strong>2.-Francisco GRAU PLA (-1-).-28 a\u00f1os+11 meses menos 1 d\u00eda.-LA GARRIGA (Barcelona),\u00a0 lunes 23-Diciembre-1935.<\/strong><\/p>\n<p style=\"text-align: center\"><strong>5-Central.-\u00c1ngel SU\u00c1REZ MART\u00cdNEZ-1- (a) \u00abPanocha\u00bb.-26 a\u00f1os+3 meses menos 5 d\u00edas.-ALJUCER (Murcia),\u00a0 s\u00e1bado 27-Agosto-1938.<\/strong><\/p>\n<figure id=\"attachment_39112\" aria-describedby=\"caption-attachment-39112\" style=\"width: 162px\" class=\"wp-caption aligncenter\"><a href=\"https:\/\/www.manquepierda.com\/historiarealbetis\/39106-1964-noviembre-22-primera-division-real-betis-balompie-2-elche-cf-2-50aniversario\/1964-aparicio-carranza-11\/\" rel=\"attachment wp-att-39112\"><img data-recalc-dims=\"1\" loading=\"lazy\" decoding=\"async\" class=\"size-thumbnail wp-image-39112\" src=\"https:\/\/i0.wp.com\/www.manquepierda.com\/historiarealbetis\/files\/2014\/11\/1964-Aparicio-Carranza.jpg?resize=162%2C220&#038;ssl=1\" alt=\"mmmm\" width=\"162\" height=\"220\" srcset=\"https:\/\/i0.wp.com\/www.manquepierda.com\/historiarealbetis\/files\/2014\/11\/1964-Aparicio-Carranza.jpg?resize=162%2C220&amp;ssl=1 162w, https:\/\/i0.wp.com\/www.manquepierda.com\/historiarealbetis\/files\/2014\/11\/1964-Aparicio-Carranza.jpg?w=207&amp;ssl=1 207w\" sizes=\"auto, (max-width: 162px) 100vw, 162px\" \/><\/a><figcaption id=\"caption-attachment-39112\" class=\"wp-caption-text\"><strong>3.-Francisco APARICIO RAMBAL (-2-) 24 a\u00f1os+9 meses+14 d\u00edas.-MADRID, jueves 08-Febrero-1940.<\/strong><\/figcaption><\/figure>\n<p style=\"text-align: center\"><em><strong>**2-1.-40 minutos: <\/strong><\/em><\/p>\n<p style=\"text-align: center\"><em><strong>\u00abInternada y centro del lateral diestro b\u00e9tico,\u00a0 Manuel Pazos para el bal\u00f3n sin blocarlo,\u00a0 y el esf\u00e9rico bota tras la raya de la l\u00ednea de gol\u00bb**<\/strong><\/em><\/p>\n<p style=\"text-align: center\"><strong>MEDIOS:<\/strong><\/p>\n<figure id=\"attachment_39122\" aria-describedby=\"caption-attachment-39122\" style=\"width: 122px\" class=\"wp-caption aligncenter\"><a href=\"https:\/\/www.manquepierda.com\/historiarealbetis\/39106-1964-noviembre-22-primera-division-real-betis-balompie-2-elche-cf-2-50aniversario\/jose-lopez-hidalgo-19641122\/\" rel=\"attachment wp-att-39122\"><img data-recalc-dims=\"1\" loading=\"lazy\" decoding=\"async\" class=\"size-thumbnail wp-image-39122\" src=\"https:\/\/i0.wp.com\/www.manquepierda.com\/historiarealbetis\/files\/2014\/11\/Jos%C3%A9-L%C3%B3pez-Hidalgo-19641122.jpg?resize=122%2C220&#038;ssl=1\" alt=\"mmmm\" width=\"122\" height=\"220\" srcset=\"https:\/\/i0.wp.com\/www.manquepierda.com\/historiarealbetis\/files\/2014\/11\/Jos%C3%A9-L%C3%B3pez-Hidalgo-19641122.jpg?resize=122%2C220&amp;ssl=1 122w, https:\/\/i0.wp.com\/www.manquepierda.com\/historiarealbetis\/files\/2014\/11\/Jos%C3%A9-L%C3%B3pez-Hidalgo-19641122.jpg?resize=335%2C600&amp;ssl=1 335w, https:\/\/i0.wp.com\/www.manquepierda.com\/historiarealbetis\/files\/2014\/11\/Jos%C3%A9-L%C3%B3pez-Hidalgo-19641122.jpg?zoom=2&amp;resize=122%2C220&amp;ssl=1 244w\" sizes=\"auto, (max-width: 122px) 100vw, 122px\" \/><\/a><figcaption id=\"caption-attachment-39122\" class=\"wp-caption-text\"><strong>4.-Jos\u00e9 L\u00d3PEZ HIDALGO (-3-) 24 a\u00f1os+1 mes+7 d\u00edas.-\u00c9CIJA (Sevilla), martes 15-Octubre-1940.<\/strong><\/figcaption><\/figure>\n<p style=\"text-align: center\"><em><strong>***\u00bbQUIEN ESTUVO COMO NUNCA?\u00bb***<\/strong><\/em><\/p>\n<p style=\"text-align: center\"><em><strong>\u00abAl reanudarse el anuncio \u00abFundador\u00bb, \u00a0 el co\u00f1ac que est\u00e1 como nunca,\u00a0 la primera copa es para el volante b\u00e9tico.\u00a0\u00a0 <\/strong><\/em><\/p>\n<p style=\"text-align: center\"><em><strong>Trabaj\u00f3 mucho y bien el muchacho,\u00a0 y justo es destacarle.\u00a0\u00a0 Esto le servir\u00e1 de est\u00edmulo\u00bb.-<\/strong><\/em><strong>(IGARFE).<\/strong><\/p>\n<p style=\"text-align: center\"><strong>6.-Andr\u00e9s BOSCH PUJOL (-1-).-33 a\u00f1os+7 meses.-BARCELONA-barriada \u00abPoble Neu\u00bb-mi\u00e9rcoles 22-Abril-1931.<\/strong><\/p>\n<p style=\"text-align: center\"><strong>DELANTEROS:<\/strong><\/p>\n<p style=\"text-align: center\"><strong>7.-Jos\u00e9 BREVAL CALA (-0-).-23 a\u00f1os+9 meses menos 6 d\u00edas.-SEVILLA,\u00a0 viernes 28-Febrero-1941.<\/strong><\/p>\n<p style=\"text-align: center\"><strong>8.-Antonio PALLAR\u00c9S HUERTAS (-2-).-23 a\u00f1os+11 meses+17 d\u00edas.-ALICANTE,\u00a0 jueves 05-Diciembre-1940.<\/strong><\/p>\n<p style=\"text-align: left\"><strong>30 minutos:\u00a0 \u00abGran cesi\u00f3n de Rogelio al \u00ab8\u00bb verdiblanco,\u00a0 que dispara potente,\u00a0 y Pazos hace una gran parada\u00bb.<\/strong><\/p>\n<p style=\"text-align: left\"><strong>41 minutos:\u00a0 \u00abTira Antonio,\u00a0 y el bal\u00f3n da en la escuadra izquierda\u00bb.<\/strong><\/p>\n<figure id=\"attachment_39123\" aria-describedby=\"caption-attachment-39123\" style=\"width: 170px\" class=\"wp-caption aligncenter\"><a href=\"https:\/\/www.manquepierda.com\/historiarealbetis\/39106-1964-noviembre-22-primera-division-real-betis-balompie-2-elche-cf-2-50aniversario\/1964-ansola-carranza-13\/\" rel=\"attachment wp-att-39123\"><img data-recalc-dims=\"1\" loading=\"lazy\" decoding=\"async\" class=\"size-thumbnail wp-image-39123\" src=\"https:\/\/i0.wp.com\/www.manquepierda.com\/historiarealbetis\/files\/2014\/11\/1964-Ansola-Carranza.jpg?resize=170%2C220&#038;ssl=1\" alt=\"mmmm\" width=\"170\" height=\"220\" srcset=\"https:\/\/i0.wp.com\/www.manquepierda.com\/historiarealbetis\/files\/2014\/11\/1964-Ansola-Carranza.jpg?resize=170%2C220&amp;ssl=1 170w, https:\/\/i0.wp.com\/www.manquepierda.com\/historiarealbetis\/files\/2014\/11\/1964-Ansola-Carranza.jpg?w=208&amp;ssl=1 208w\" sizes=\"auto, (max-width: 170px) 100vw, 170px\" \/><\/a><figcaption id=\"caption-attachment-39123\" class=\"wp-caption-text\"><strong>9-Centro delantero-ARIETE.-Fernando ANSOLA SANMART\u00cdN (-2-).-24 a\u00f1os+10 meses menos 5 d\u00edas.-ELG\u00d3IBAR (Guip\u00fazcoa),\u00a0 s\u00e1bado 27-Enero-1940.<\/strong><\/figcaption><\/figure>\n<p style=\"text-align: center\"><em><strong>\u00abEl Betis Balompi\u00e9 ataca a fondo de salida y fuerza 2 c\u00f3rners en 11 minutos\u00bb.<\/strong><\/em><\/p>\n<p style=\"text-align: center\"><em><strong>*1-0.-17 minutos: <\/strong><\/em><\/p>\n<p style=\"text-align: center\"><em><strong>\u00abEn falta contra el Eche Cf,\u00a0 el bal\u00f3n llega hasta Aparicio,\u00a0 que avanza,\u00a0 centra.\u00a0\u00a0 <\/strong><\/em><\/p>\n<p style=\"text-align: center\"><em><strong>Saltan Manuel Pazos Gonz\u00e1lez y Fernando,\u00a0 y \u00e9ste desv\u00eda el cuero al \u00e1ngulo izquierdo con la cabeza batiendo al cancerbero ilicitano\u00bb.<\/strong><\/em><\/p>\n<p style=\"text-align: left\"><strong>19 minutos:\u00a0 \u00abInternada del ariete verdiblanco y violento empuj\u00f3n de Juan Carlos Forneris.-El p\u00fablico reclama penalti.-Bromca\u00bb.<\/strong><\/p>\n<p style=\"text-align: left\"><strong>81 minutos:\u00a0 \u00abFalta de Forneris a Fernando Ansola en el \u00e1rea,\u00a0 y Gardeaz\u00e1bal sanciona el castigo al rev\u00e9s\u00bb.<\/strong><\/p>\n<p style=\"text-align: center\"><strong>10.-ROGELIO Sosa Ram\u00edrez (-1-).-21 a\u00f1os+7 meses+11 d\u00edas.-CORIA DEL R\u00cdO (Sevilla),\u00a0 domingo 11-Abril-1943.<\/strong><\/p>\n<p style=\"text-align: center\"><strong>11.-Andr\u00e9s MOLINA SOLER (-1-).-24 a\u00f1os+8 meses+8 d\u00edas.-ELCHE (Alicante),\u00a0 jueves 14-Marzo-1940.<\/strong><\/p>\n<p style=\"text-align: left\"><strong>\u00abReacci\u00f3n del Real Betis Balompi\u00e9,\u00a0 y a los 76 minutos Andr\u00e9s remata a las nubes\u00bb.<\/strong><\/p>\n<p style=\"text-align: center\"><strong>\u00abLos b\u00e9ticos atacan desordenadamente desde el minuto 84,\u00a0 y la defensa ilicitana defiende espl\u00e9ndidamente su porter\u00eda\u00bb.<\/strong><\/p>\n<p style=\"text-align: center\">VS.<\/p>\n<figure id=\"attachment_39124\" aria-describedby=\"caption-attachment-39124\" style=\"width: 158px\" class=\"wp-caption aligncenter\"><a href=\"https:\/\/www.manquepierda.com\/historiarealbetis\/39106-1964-noviembre-22-primera-division-real-betis-balompie-2-elche-cf-2-50aniversario\/elche-cf-1964\/\" rel=\"attachment wp-att-39124\"><img data-recalc-dims=\"1\" loading=\"lazy\" decoding=\"async\" class=\"size-thumbnail wp-image-39124\" src=\"https:\/\/i0.wp.com\/www.manquepierda.com\/historiarealbetis\/files\/2014\/11\/Elche-Cf-1964.jpg?resize=158%2C220&#038;ssl=1\" alt=\"mmmm\" width=\"158\" height=\"220\" srcset=\"https:\/\/i0.wp.com\/www.manquepierda.com\/historiarealbetis\/files\/2014\/11\/Elche-Cf-1964.jpg?resize=158%2C220&amp;ssl=1 158w, https:\/\/i0.wp.com\/www.manquepierda.com\/historiarealbetis\/files\/2014\/11\/Elche-Cf-1964.jpg?resize=431%2C600&amp;ssl=1 431w, https:\/\/i0.wp.com\/www.manquepierda.com\/historiarealbetis\/files\/2014\/11\/Elche-Cf-1964.jpg?resize=503%2C700&amp;ssl=1 503w, https:\/\/i0.wp.com\/www.manquepierda.com\/historiarealbetis\/files\/2014\/11\/Elche-Cf-1964.jpg?w=519&amp;ssl=1 519w\" sizes=\"auto, (max-width: 158px) 100vw, 158px\" \/><\/a><figcaption id=\"caption-attachment-39124\" class=\"wp-caption-text\">ELCHE CLUB DE F\u00daTBOL-2 TANTOS.<\/figcaption><\/figure>\n<p style=\"text-align: center\"><strong>13\u00ba CLASIFICADO CON 8 PUNTOS Y MENOS 2 NEGATIVOS.-3ganados+2empatados+5perdidos.-11 Tantos a favor y 15 Goles en contra.<\/strong><\/p>\n<figure id=\"attachment_39125\" aria-describedby=\"caption-attachment-39125\" style=\"width: 157px\" class=\"wp-caption alignright\"><a href=\"https:\/\/www.manquepierda.com\/historiarealbetis\/39106-1964-noviembre-22-primera-division-real-betis-balompie-2-elche-cf-2-50aniversario\/mmv\/\" rel=\"attachment wp-att-39125\"><img data-recalc-dims=\"1\" loading=\"lazy\" decoding=\"async\" class=\"size-thumbnail wp-image-39125\" src=\"https:\/\/i0.wp.com\/www.manquepierda.com\/historiarealbetis\/files\/2014\/11\/MMV.jpeg?resize=157%2C220&#038;ssl=1\" alt=\"mmmm\" width=\"157\" height=\"220\" srcset=\"https:\/\/i0.wp.com\/www.manquepierda.com\/historiarealbetis\/files\/2014\/11\/MMV.jpeg?resize=157%2C220&amp;ssl=1 157w, https:\/\/i0.wp.com\/www.manquepierda.com\/historiarealbetis\/files\/2014\/11\/MMV.jpeg?w=200&amp;ssl=1 200w\" sizes=\"auto, (max-width: 157px) 100vw, 157px\" \/><\/a><figcaption id=\"caption-attachment-39125\" class=\"wp-caption-text\">Don Manuel MART\u00cdNEZ VALERO 45 a\u00f1os+14 d\u00edas.-BENIAJ\u00c1N (Murcia), s\u00e1bado 08-Noviembre-1919.-PRESIDENTE 1962-1968.<\/figcaption><\/figure>\n<figure id=\"attachment_39126\" aria-describedby=\"caption-attachment-39126\" style=\"width: 139px\" class=\"wp-caption alignleft\"><a href=\"https:\/\/www.manquepierda.com\/historiarealbetis\/39106-1964-noviembre-22-primera-division-real-betis-balompie-2-elche-cf-2-50aniversario\/mfda\/\" rel=\"attachment wp-att-39126\"><img data-recalc-dims=\"1\" loading=\"lazy\" decoding=\"async\" class=\"size-thumbnail wp-image-39126\" src=\"https:\/\/i0.wp.com\/www.manquepierda.com\/historiarealbetis\/files\/2014\/11\/MFDA.jpg?resize=139%2C220&#038;ssl=1\" alt=\"mmmm\" width=\"139\" height=\"220\" srcset=\"https:\/\/i0.wp.com\/www.manquepierda.com\/historiarealbetis\/files\/2014\/11\/MFDA.jpg?resize=139%2C220&amp;ssl=1 139w, https:\/\/i0.wp.com\/www.manquepierda.com\/historiarealbetis\/files\/2014\/11\/MFDA.jpg?resize=380%2C600&amp;ssl=1 380w, https:\/\/i0.wp.com\/www.manquepierda.com\/historiarealbetis\/files\/2014\/11\/MFDA.jpg?resize=444%2C700&amp;ssl=1 444w, https:\/\/i0.wp.com\/www.manquepierda.com\/historiarealbetis\/files\/2014\/11\/MFDA.jpg?w=1001&amp;ssl=1 1001w\" sizes=\"auto, (max-width: 139px) 100vw, 139px\" \/><\/a><figcaption id=\"caption-attachment-39126\" class=\"wp-caption-text\">MARTIM FRANCISCO Ribeiro De Andrada 36 a\u00f1os+9 meses.-BELO HORIZONTE (Brasil), mi\u00e9rcoles 22-Febrero-1928.-1\/4 ENTRENADOR 1964-1965.<\/figcaption><\/figure>\n<p style=\"text-align: center\"><em><strong>\u00abA\u00daN PUEDO CONSEGUIR MEJOR PROVECHO A MI TRABAJO\u00bb.<\/strong><\/em><\/p>\n<p style=\"text-align: center\"><em><strong>\u00abMARTIM FRANCISCO,\u00a0 SATISFECHO&#8230; \u00a1\u00a1CON TODO\u00a1\u00a1\u00bb.<\/strong><\/em><\/p>\n<p style=\"text-align: left\">\u00abA Martim Francisco lo hemos hallado,\u00a0 f\u00edsicamente,\u00a0 como de costumbre.\u00a0 Ni m\u00e1s viejo,\u00a0 ni m\u00e1s joven.\u00a0 \u00a1\u00a1Ah\u00a1\u00a1,\u00a0 y chapurreando ese pintoresco castellano a que nos ten\u00eda acostumbrado\u00bb.<\/p>\n<p style=\"text-align: left\">[Ahl\u00e9tic Club-Temporadas 1958-1959 \u00e1 1960-1961.-<strong>Real Betis Balompi\u00e9 1965-1966}*<\/strong><\/p>\n<p style=\"text-align: center\">Tambi\u00e9n lo encontramos muy satisfecho.\u00a0\u00a0 \u00a1\u00a1C\u00f3mo para no estarlo\u00a1\u00a1.<\/p>\n<p style=\"text-align: left\">Emprendemos el di\u00e1logo;\u00a0 solicitamos,\u00a0 antes que nada,\u00a0 aclare ese sistema de juego que tanto ha \u00abcacareado\u00bb y que nosotros,\u00a0 tan s\u00f3lo,\u00a0 hemos columbrado.\u00a0 El preparador esboz\u00f3:<\/p>\n<p style=\"text-align: left\"><strong>&#8211;Simplemente,\u00a0 una doble triangulaci\u00f3n en\u00a0 el centro del campo,\u00a0 primordialmente en plan defensivo,\u00a0 que puedo convertir en ofensivo,\u00a0 sin abandonar la defensa.\u00a0 \u00a1\u00a1Ya lo han visto usetedes\u00a1\u00a1&#8230;<\/strong><\/p>\n<p style=\"text-align: left\">&#8211;\u00bfY han cumplido sus muchachos?<\/p>\n<p style=\"text-align: left\"><strong>&#8211;\u00a1\u00a1Ya lo han visto\u00a1\u00a1&#8230;\u00a0 Y eso que no llevo m\u00e1s que dos semanas de preparaci\u00f3n.\u00a0\u00a0 Conf\u00edo conseguir resultados m\u00e1s pr\u00e1cticos,\u00a0 a medida que transcurra el tiempo y pueda lograrse mejores provechos.<\/strong><\/p>\n<p style=\"text-align: left\">&#8211;De todos modos,\u00a0 hoy est\u00e1 usted muy satisfecho.<\/p>\n<p style=\"text-align: left\"><strong>&#8211;Lo estoy por todo:\u00a0 por el empate,\u00a0 que,\u00a0 con algo m\u00e1s de suerte,\u00a0 pudo convertirse en victoria;\u00a0 porque los chicos han sabido\u00a0 asimilar mis ense\u00f1anzas de manera pr\u00e1ctica,\u00a0 y,\u00a0 en fin,\u00a0 porque he tenido un buen empate.\u00a0\u00a0 El conseguir un punto aqu\u00ed,\u00a0 ante un Betis con fuerza y juego,\u00a0 tiene m\u00e9rito.<\/strong><\/p>\n<p style=\"text-align: left\">&#8211;\u00bfCree que,\u00a0 al fin,\u00a0 el Elche ha desterrado su irregularidad reciente?<\/p>\n<p style=\"text-align: left\"><strong>&#8211;As\u00ed lo espero.\u00a0\u00a0 El Elche es un buen equipo.\u00a0\u00a0 \u00a1\u00a1Lo hab\u00e9is visto\u00a1\u00a1\u00a0\u00a0 Le hac\u00eda falta moral.\u00a0\u00a0 \u00a1\u00a1Y creo que se la he inculcado\u00a1\u00a1<\/strong><\/p>\n<p style=\"text-align: left\">Le hacemos ver que el Elche,\u00a0 de hace tiempo,\u00a0 acostumbra a puntuar en Sevilla.\u00a0\u00a0 El preparador brasile\u00f1o termin\u00f3 comentando:<\/p>\n<p style=\"text-align: left\"><strong>&#8211;\u00a1\u00a1Por eso estoy satisfecho\u00a1\u00a1\u00a0\u00a0 \u00a1\u00a1Tampoco se ha roto conmigo la tradici\u00f3n\u00a1\u00a1\u00a0\u00a0 Como se v\u00e9,\u00a0 en el f\u00fatbol,\u00a0 existe la tradici\u00f3n&#8230;<\/strong><\/p>\n<p style=\"text-align: left\">Y la llegada de nuestro entra\u00f1able compa\u00f1ero Emilio Vara,\u00a0 antiguo amigo del brasileiro,\u00a0 nos oblig\u00f3 a dar por concluso el parlamento.\u00a0\u00a0 \u00a1\u00a1Como Emilio es tan expresivo,\u00a0 no deja hablar\u00a1\u00a1&#8230;(BORBUJO).<\/p>\n<p style=\"text-align: center\">PORTERO:<\/p>\n<figure id=\"attachment_39127\" aria-describedby=\"caption-attachment-39127\" style=\"width: 152px\" class=\"wp-caption aligncenter\"><a href=\"https:\/\/www.manquepierda.com\/historiarealbetis\/39106-1964-noviembre-22-primera-division-real-betis-balompie-2-elche-cf-2-50aniversario\/n_elche_cf_jugadores_del_elche_cf-189552\/\" rel=\"attachment wp-att-39127\"><img data-recalc-dims=\"1\" loading=\"lazy\" decoding=\"async\" class=\"size-thumbnail wp-image-39127\" src=\"https:\/\/i0.wp.com\/www.manquepierda.com\/historiarealbetis\/files\/2014\/11\/n_elche_cf_jugadores_del_elche_cf-189552.jpg?resize=152%2C220&#038;ssl=1\" alt=\"mmmm\" width=\"152\" height=\"220\" srcset=\"https:\/\/i0.wp.com\/www.manquepierda.com\/historiarealbetis\/files\/2014\/11\/n_elche_cf_jugadores_del_elche_cf-189552.jpg?resize=152%2C220&amp;ssl=1 152w, https:\/\/i0.wp.com\/www.manquepierda.com\/historiarealbetis\/files\/2014\/11\/n_elche_cf_jugadores_del_elche_cf-189552.jpg?w=400&amp;ssl=1 400w\" sizes=\"auto, (max-width: 152px) 100vw, 152px\" \/><\/a><figcaption id=\"caption-attachment-39127\" class=\"wp-caption-text\">1.-Manuel PAZOS GONZ\u00c1LEZ (-1-) 34 a\u00f1os+8 meses+5 d\u00edas.-CAMBADOS (Pontevedra), lunes 17-Marzo-1930.<\/figcaption><\/figure>\n<p style=\"text-align: center\"><strong>**2 GOLES ENCAJADOS:\u00a0 1-0 ANSOLA-17&#8217;+2-1 APARICIO-40 MINUTOS**<\/strong><\/p>\n<p style=\"text-align: left\"><strong>47 minutos:\u00a0 \u00abSalva un gol ante ANSOLA,\u00a0 en jugada iniciada por MOLINA\u00bb.<\/strong><\/p>\n<p style=\"text-align: center\">DEFENSAS:<\/p>\n<p style=\"text-align: center\">2.-Santiago GARC\u00cdA BLANCO-1-(a) \u00abCHANCHO\u00bb.<\/p>\n<p style=\"text-align: center\">5-Central.-Vicente IBORRA RICHART (-2-),<\/p>\n<p style=\"text-align: center\">3.-Miguel QUIRANT ALEM\u00c1N (-1-).<\/p>\n<p style=\"text-align: center\">MEDIOS:<\/p>\n<figure id=\"attachment_39128\" aria-describedby=\"caption-attachment-39128\" style=\"width: 176px\" class=\"wp-caption aligncenter\"><a href=\"https:\/\/www.manquepierda.com\/historiarealbetis\/39106-1964-noviembre-22-primera-division-real-betis-balompie-2-elche-cf-2-50aniversario\/ramos\/\" rel=\"attachment wp-att-39128\"><img data-recalc-dims=\"1\" loading=\"lazy\" decoding=\"async\" class=\"size-thumbnail wp-image-39128\" src=\"https:\/\/i0.wp.com\/www.manquepierda.com\/historiarealbetis\/files\/2014\/11\/ramos.jpg?resize=176%2C220&#038;ssl=1\" alt=\"mmmm\" width=\"176\" height=\"220\" srcset=\"https:\/\/i0.wp.com\/www.manquepierda.com\/historiarealbetis\/files\/2014\/11\/ramos.jpg?resize=176%2C220&amp;ssl=1 176w, https:\/\/i0.wp.com\/www.manquepierda.com\/historiarealbetis\/files\/2014\/11\/ramos.jpg?w=233&amp;ssl=1 233w\" sizes=\"auto, (max-width: 176px) 100vw, 176px\" \/><\/a><figcaption id=\"caption-attachment-39128\" class=\"wp-caption-text\">4.-H\u00e9ctor Omar RAMOS DELGADO (-3-) 28 a\u00f1os+9 meses+10 d\u00edas.-MONTEVIDEO (Uruguay), mi\u00e9rcoles 12-Febrero-1936.<\/figcaption><\/figure>\n<p style=\"text-align: center\"><strong>\u00abSegundo tiempo.-Ceden los ilicitanos el 5\u00ba y 6\u00ba c\u00f3rners,\u00a0 y a partir del minuto 60 H\u00e9ctor Omar se impone en la zona central y los b\u00e9ticos se desconciertan\u00bb.<\/strong><\/p>\n<p style=\"text-align: center\">6.-Juan Carlos FORNERIS OCAMPO (-1-).<\/p>\n<p style=\"text-align: center\">DELANTEROS:<\/p>\n<p style=\"text-align: center\">7.-Antonio OVIEDO SALDA\u00d1A (-1-).<\/p>\n<p style=\"text-align: center\">8.-Luciano S\u00c1NCHEZ GARC\u00cdA (a) \u00abVAV\u00c1\u00bb (-2-).<\/p>\n<p style=\"text-align: center\"><strong>44 minutos:\u00a0 \u00abVarios tiros y rebotes,\u00a0 uno en la madera, en disparo de Luciano;\u00a0 y otro en la zaga verdiblanca en ch\u00fa de Lezcano.\u00a0\u00a0 Esta vez la suerte se ali\u00f3 con \u00abPep\u00edn\u00bb,\u00a0 descolocado\u00bb.<\/strong><\/p>\n<figure id=\"attachment_39129\" aria-describedby=\"caption-attachment-39129\" style=\"width: 147px\" class=\"wp-caption aligncenter\"><a href=\"https:\/\/www.manquepierda.com\/historiarealbetis\/39106-1964-noviembre-22-primera-division-real-betis-balompie-2-elche-cf-2-50aniversario\/juan-carlos-lezcano-lopez\/\" rel=\"attachment wp-att-39129\"><img data-recalc-dims=\"1\" loading=\"lazy\" decoding=\"async\" class=\"size-thumbnail wp-image-39129\" src=\"https:\/\/i0.wp.com\/www.manquepierda.com\/historiarealbetis\/files\/2014\/11\/juan-carlos-lezcano-lopez.jpg?resize=147%2C220&#038;ssl=1\" alt=\"mmmm\" width=\"147\" height=\"220\" srcset=\"https:\/\/i0.wp.com\/www.manquepierda.com\/historiarealbetis\/files\/2014\/11\/juan-carlos-lezcano-lopez.jpg?resize=147%2C220&amp;ssl=1 147w, https:\/\/i0.wp.com\/www.manquepierda.com\/historiarealbetis\/files\/2014\/11\/juan-carlos-lezcano-lopez.jpg?resize=402%2C600&amp;ssl=1 402w, https:\/\/i0.wp.com\/www.manquepierda.com\/historiarealbetis\/files\/2014\/11\/juan-carlos-lezcano-lopez.jpg?resize=469%2C700&amp;ssl=1 469w, https:\/\/i0.wp.com\/www.manquepierda.com\/historiarealbetis\/files\/2014\/11\/juan-carlos-lezcano-lopez.jpg?w=1441&amp;ssl=1 1441w\" sizes=\"auto, (max-width: 147px) 100vw, 147px\" \/><\/a><figcaption id=\"caption-attachment-39129\" class=\"wp-caption-text\">9-Centro delantero.-Juan Carlos LEZCANO L\u00d3PEZ (-1-).-25 a\u00f1os+17 d\u00edas.-ASUNCI\u00d3N (Paraguay), domingo 05-Noviembre-1939.<\/figcaption><\/figure>\n<p style=\"text-align: center\"><em><strong>*1-1.-31 minutos:\u00a0 <\/strong><\/em><\/p>\n<p style=\"text-align: center\"><em><strong>\u00abInternada y pase de \u00abVav\u00e1\u00bb.\u00a0 Recoge el bal\u00f3n el ariete ilicitano,\u00a0 que se va hacia la derecha y tira.\u00a0\u00a0 <\/strong><\/em><\/p>\n<p style=\"text-align: center\"><em><strong>El esf\u00e9rico despu\u00e9s de dar en la cara interior del travesa\u00f1o,\u00a0 llega al fondo de las mallas defendidas por \u00abPep\u00edn\u00bb*<\/strong><\/em><\/p>\n<p style=\"text-align: center\">10.-MARCIAL Manuel Pina Morales (-2).<\/p>\n<figure id=\"attachment_39130\" aria-describedby=\"caption-attachment-39130\" style=\"width: 194px\" class=\"wp-caption aligncenter\"><a href=\"https:\/\/www.manquepierda.com\/historiarealbetis\/39106-1964-noviembre-22-primera-division-real-betis-balompie-2-elche-cf-2-50aniversario\/angel-romero\/\" rel=\"attachment wp-att-39130\"><img data-recalc-dims=\"1\" loading=\"lazy\" decoding=\"async\" class=\"size-thumbnail wp-image-39130\" src=\"https:\/\/i0.wp.com\/www.manquepierda.com\/historiarealbetis\/files\/2014\/11\/angel-romero.jpg?resize=194%2C220&#038;ssl=1\" alt=\"mmmmm\" width=\"194\" height=\"220\" srcset=\"https:\/\/i0.wp.com\/www.manquepierda.com\/historiarealbetis\/files\/2014\/11\/angel-romero.jpg?resize=194%2C220&amp;ssl=1 194w, https:\/\/i0.wp.com\/www.manquepierda.com\/historiarealbetis\/files\/2014\/11\/angel-romero.jpg?w=211&amp;ssl=1 211w\" sizes=\"auto, (max-width: 194px) 100vw, 194px\" \/><\/a><figcaption id=\"caption-attachment-39130\" class=\"wp-caption-text\">11.-Juan \u00c1ngel ROMERO ISASI (-1-).-29 a\u00f1os+11 meses menos 5 d\u00edas.-CAMPO GRANDE (Paraguay), jueves 27-Diciembre-1934.<\/figcaption><\/figure>\n<p style=\"text-align: center\"><em><strong>**2-2.-66 minutos:\u00a0 <\/strong><\/em><\/p>\n<p style=\"text-align: center\"><em><strong>\u00abVav\u00e1\u00bb lanza al extremo izquierdo que avanza solo sobre el marco,\u00a0 \u00abPep\u00edn\u00bb,\u00a0 ante la jugada de gol,\u00a0 se lanza a sus pies y le sujeta.\u00a0\u00a0 <\/strong><\/em><\/p>\n<p style=\"text-align: center\"><em><strong>El penalti es transformado por Juan \u00c1ngel de chut\u00a0 potente\u00bb**<\/strong><\/em><\/p>\n<p style=\"text-align: left\"><strong>83 minutos:\u00a0 \u00abJuan \u00c1ngel tira y el bal\u00f3n sale cerca de la base del poste izquierdo\u00bb.<\/strong><\/p>\n<hr \/>\n<p style=\"text-align: center\">FUENTE \u00abHOJA DEL LUNES\u00bb-SEVILLA 23-NOVIEMBRE-1964:<\/p>\n<p style=\"text-align: center\"><strong>\u00abEL REAL BETIS,\u00a0 UNA VEZ M\u00c1S,\u00a0 TUVO QUE CONFORMARSE CON EMPATE FRENTE AL ELCHE\u00bb.<\/strong><\/p>\n<p style=\"text-align: left\">\u00abUNA VEZ M\u00c1S&#8230;\u00a0 REAL BETIS-2 VS. ELCHE-2.-Los entrenadores cuentan.-Un Betis irregular.-Los equipos y el arbitraje.-Goles y jugadas.-CR\u00d3NICA Y CLASIFICACI\u00d3N JUGADORES \u00abIGARFE\u00bb.-\u00abQui\u00e9n estuvo como nunca?-\u00abFUNDADOR\u00bb el co\u00f1ac que est\u00e1&#8230;como nunca\u00a1\u00a1<\/p>\n<p style=\"text-align: center\">CLASIFICACI\u00d3N GENERAL POR EQUIPOS.<\/p>\n<p style=\"text-align: center\">\u00abOPINAN LOS ENTRENADORES\u00bb (BORBUJO).<\/p>\n<hr \/>\n","protected":false},"excerpt":{"rendered":"<p>10\u00ba JORNADA CAMPEONATO NACIONAL LIGA PRIMERA DIVISI\u00d3N-TEMPORADA 1964-1965. ARBITR\u00d3: \u00abEl se\u00f1or Gardeaz\u00e1bal no estuvo acertado.\u00a0\u00a0 Hubo penalti en el desplazamiento de Forneris al centro delantero Ansola,\u00a0 como lo fue el agarr\u00f3n de \u00abPep\u00edn\u00bb a Lezcano. Hubo,\u00a0 por tanto,\u00a0 distinto criterio en la apreciaci\u00f3n de la falta,\u00a0 y tuvo influencia en el resultado. Esto origin\u00f3 ostensibles&#8230;<\/p>\n","protected":false},"author":48,"featured_media":39107,"comment_status":"open","ping_status":"open","sticky":false,"template":"","format":"standard","meta":{"_kad_post_transparent":"","_kad_post_title":"","_kad_post_layout":"","_kad_post_sidebar_id":"","_kad_post_content_style":"","_kad_post_vertical_padding":"","_kad_post_feature":"","_kad_post_feature_position":"","_kad_post_header":false,"_kad_post_footer":false,"_kad_post_classname":"","_jetpack_memberships_contains_paid_content":false,"footnotes":"","jetpack_publicize_message":"","jetpack_publicize_feature_enabled":true,"jetpack_social_post_already_shared":true,"jetpack_social_options":{"image_generator_settings":{"template":"highway","default_image_id":0,"font":"","enabled":false},"version":2}},"categories":[902,1],"tags":[4033,2900,1378,17903],"class_list":["post-39106","post","type-post","status-publish","format-standard","has-post-thumbnail","hentry","category-1960-1969","category-portada","tag-4033","tag-1964-65","tag-elche-cf","tag-liga-primera-1964-65"],"jetpack_publicize_connections":[],"jetpack_featured_media_url":"https:\/\/i0.wp.com\/www.manquepierda.com\/historiarealbetis\/files\/2014\/11\/ebv1964-01.jpg?fit=262%2C262&ssl=1","jetpack_sharing_enabled":true,"jetpack_shortlink":"https:\/\/wp.me\/p1ij08-aaK","jetpack-related-posts":[],"_links":{"self":[{"href":"https:\/\/www.manquepierda.com\/historiarealbetis\/wp-json\/wp\/v2\/posts\/39106","targetHints":{"allow":["GET"]}}],"collection":[{"href":"https:\/\/www.manquepierda.com\/historiarealbetis\/wp-json\/wp\/v2\/posts"}],"about":[{"href":"https:\/\/www.manquepierda.com\/historiarealbetis\/wp-json\/wp\/v2\/types\/post"}],"author":[{"embeddable":true,"href":"https:\/\/www.manquepierda.com\/historiarealbetis\/wp-json\/wp\/v2\/users\/48"}],"replies":[{"embeddable":true,"href":"https:\/\/www.manquepierda.com\/historiarealbetis\/wp-json\/wp\/v2\/comments?post=39106"}],"version-history":[{"count":1,"href":"https:\/\/www.manquepierda.com\/historiarealbetis\/wp-json\/wp\/v2\/posts\/39106\/revisions"}],"predecessor-version":[{"id":98475,"href":"https:\/\/www.manquepierda.com\/historiarealbetis\/wp-json\/wp\/v2\/posts\/39106\/revisions\/98475"}],"wp:featuredmedia":[{"embeddable":true,"href":"https:\/\/www.manquepierda.com\/historiarealbetis\/wp-json\/wp\/v2\/media\/39107"}],"wp:attachment":[{"href":"https:\/\/www.manquepierda.com\/historiarealbetis\/wp-json\/wp\/v2\/media?parent=39106"}],"wp:term":[{"taxonomy":"category","embeddable":true,"href":"https:\/\/www.manquepierda.com\/historiarealbetis\/wp-json\/wp\/v2\/categories?post=39106"},{"taxonomy":"post_tag","embeddable":true,"href":"https:\/\/www.manquepierda.com\/historiarealbetis\/wp-json\/wp\/v2\/tags?post=39106"}],"curies":[{"name":"wp","href":"https:\/\/api.w.org\/{rel}","templated":true}]}}