{"id":39150,"date":"2014-11-24T19:34:36","date_gmt":"2014-11-24T18:34:36","guid":{"rendered":"http:\/\/www.manquepierda.com\/historiarealbetis\/?p=39150"},"modified":"2015-11-24T12:59:00","modified_gmt":"2015-11-24T11:59:00","slug":"1935-noviembre-24-primera-division-oviedo-fc-2-betis-balompie-3-79aniversario","status":"publish","type":"post","link":"https:\/\/www.manquepierda.com\/historiarealbetis\/1935-noviembre-24-primera-division-oviedo-fc-2-betis-balompie-3-79aniversario\/","title":{"rendered":"1935-Noviembre 24-Primera Divisi\u00f3n: Oviedo Fc-2 Betis Balompi\u00e9-3.-80aniversario."},"content":{"rendered":"<figure id=\"attachment_39151\" aria-describedby=\"caption-attachment-39151\" style=\"width: 680px\" class=\"wp-caption aligncenter\"><a href=\"https:\/\/www.manquepierda.com\/historiarealbetis\/39150-1935-noviembre-24-primera-division-oviedo-fc-2-betis-balompie-3-79aniversario\/campobuenavista\/\" rel=\"attachment wp-att-39151\"><img data-recalc-dims=\"1\" loading=\"lazy\" decoding=\"async\" class=\"size-medium wp-image-39151\" src=\"https:\/\/i0.wp.com\/www.manquepierda.com\/historiarealbetis\/files\/2014\/11\/campoBuenavista.jpg?resize=680%2C423&#038;ssl=1\" alt=\"MMMMM\" width=\"680\" height=\"423\" srcset=\"https:\/\/i0.wp.com\/www.manquepierda.com\/historiarealbetis\/files\/2014\/11\/campoBuenavista.jpg?resize=680%2C423&amp;ssl=1 680w, https:\/\/i0.wp.com\/www.manquepierda.com\/historiarealbetis\/files\/2014\/11\/campoBuenavista.jpg?resize=220%2C137&amp;ssl=1 220w, https:\/\/i0.wp.com\/www.manquepierda.com\/historiarealbetis\/files\/2014\/11\/campoBuenavista.jpg?w=700&amp;ssl=1 700w\" sizes=\"auto, (max-width: 680px) 100vw, 680px\" \/><\/a><figcaption id=\"caption-attachment-39151\" class=\"wp-caption-text\"><em><strong>1935-NOVIEMBRE 24-DOMINGO.-ESTADIO DE \u00abBUENA VISTA\u00bb (DOMINGO 24-ABRIL-1932.-15.000 LOCALIDADES.-Terreno de juego completamente embarrado por las lluvias.<br \/><\/strong><\/em><\/figcaption><\/figure>\n<p style=\"text-align: center\"><strong>OCTAVA EDICI\u00d3N-CAMPEONATO NACIONAL LIGA PRIMERA DIVISI\u00d3N-TEMPORADA 1935-1936.<br \/>\n<\/strong><\/p>\n<figure id=\"attachment_39154\" aria-describedby=\"caption-attachment-39154\" style=\"width: 149px\" class=\"wp-caption aligncenter\"><a href=\"https:\/\/www.manquepierda.com\/historiarealbetis\/39150-1935-noviembre-24-primera-division-oviedo-fc-2-betis-balompie-3-79aniversario\/eig\/\" rel=\"attachment wp-att-39154\"><img data-recalc-dims=\"1\" loading=\"lazy\" decoding=\"async\" class=\"size-thumbnail wp-image-39154\" src=\"https:\/\/i0.wp.com\/www.manquepierda.com\/historiarealbetis\/files\/2014\/11\/EIG.jpg?resize=149%2C220&#038;ssl=1\" alt=\"mmmmm\" width=\"149\" height=\"220\" srcset=\"https:\/\/i0.wp.com\/www.manquepierda.com\/historiarealbetis\/files\/2014\/11\/EIG.jpg?resize=149%2C220&amp;ssl=1 149w, https:\/\/i0.wp.com\/www.manquepierda.com\/historiarealbetis\/files\/2014\/11\/EIG.jpg?w=239&amp;ssl=1 239w\" sizes=\"auto, (max-width: 149px) 100vw, 149px\" \/><\/a><figcaption id=\"caption-attachment-39154\" class=\"wp-caption-text\">Arbitr\u00f3 el colegiado vizca\u00edno Eduardo ITURRALDE GOROSTIAGA 35 a\u00f1os.-<strong>\u00abMuy bien\u00bb.<\/strong><\/figcaption><\/figure>\n<p style=\"text-align: center\">ALINEACIONES:<\/p>\n<figure id=\"attachment_39155\" aria-describedby=\"caption-attachment-39155\" style=\"width: 122px\" class=\"wp-caption aligncenter\"><a href=\"https:\/\/www.manquepierda.com\/historiarealbetis\/39150-1935-noviembre-24-primera-division-oviedo-fc-2-betis-balompie-3-79aniversario\/oviedo-fc1934\/\" rel=\"attachment wp-att-39155\"><img data-recalc-dims=\"1\" loading=\"lazy\" decoding=\"async\" class=\"size-thumbnail wp-image-39155\" src=\"https:\/\/i0.wp.com\/www.manquepierda.com\/historiarealbetis\/files\/2014\/11\/Oviedo-fc1934.jpg?resize=122%2C220&#038;ssl=1\" alt=\"mmmm\" width=\"122\" height=\"220\" srcset=\"https:\/\/i0.wp.com\/www.manquepierda.com\/historiarealbetis\/files\/2014\/11\/Oviedo-fc1934.jpg?resize=122%2C220&amp;ssl=1 122w, https:\/\/i0.wp.com\/www.manquepierda.com\/historiarealbetis\/files\/2014\/11\/Oviedo-fc1934.jpg?resize=333%2C600&amp;ssl=1 333w, https:\/\/i0.wp.com\/www.manquepierda.com\/historiarealbetis\/files\/2014\/11\/Oviedo-fc1934.jpg?w=384&amp;ssl=1 384w\" sizes=\"auto, (max-width: 122px) 100vw, 122px\" \/><\/a><figcaption id=\"caption-attachment-39155\" class=\"wp-caption-text\">OVIEDO F\u00daTBOL CLUB-2 TANTOS.<\/figcaption><\/figure>\n<p style=\"text-align: center\"><em><strong>S\u00c9PTIMO CLASIFICADO CON 2 PUNTOS.-0-ganados+2-empatados+1-PERDIDO.-06-Tantos a favor y 07-Goles en contra.<\/strong><\/em><\/p>\n<figure id=\"attachment_39156\" aria-describedby=\"caption-attachment-39156\" style=\"width: 156px\" class=\"wp-caption alignright\"><a href=\"https:\/\/www.manquepierda.com\/historiarealbetis\/39150-1935-noviembre-24-primera-division-oviedo-fc-2-betis-balompie-3-79aniversario\/carlos-tartiere\/\" rel=\"attachment wp-att-39156\"><img data-recalc-dims=\"1\" loading=\"lazy\" decoding=\"async\" class=\"size-thumbnail wp-image-39156\" src=\"https:\/\/i0.wp.com\/www.manquepierda.com\/historiarealbetis\/files\/2014\/11\/Carlos-Tartiere.jpg?resize=156%2C220&#038;ssl=1\" alt=\"mmmmm\" width=\"156\" height=\"220\" srcset=\"https:\/\/i0.wp.com\/www.manquepierda.com\/historiarealbetis\/files\/2014\/11\/Carlos-Tartiere.jpg?resize=156%2C220&amp;ssl=1 156w, https:\/\/i0.wp.com\/www.manquepierda.com\/historiarealbetis\/files\/2014\/11\/Carlos-Tartiere.jpg?w=356&amp;ssl=1 356w\" sizes=\"auto, (max-width: 156px) 100vw, 156px\" \/><\/a><figcaption id=\"caption-attachment-39156\" class=\"wp-caption-text\">Don Carlos TARTIERE DE LAS ALAS PUMARI\u00d1O.-1926-1950 PRESIDENTE REAL-OVIEDO CF.<\/figcaption><\/figure>\n<figure id=\"attachment_39157\" aria-describedby=\"caption-attachment-39157\" style=\"width: 216px\" class=\"wp-caption alignleft\"><a href=\"https:\/\/www.manquepierda.com\/historiarealbetis\/39150-1935-noviembre-24-primera-division-oviedo-fc-2-betis-balompie-3-79aniversario\/jose_maria_pena\/\" rel=\"attachment wp-att-39157\"><img data-recalc-dims=\"1\" loading=\"lazy\" decoding=\"async\" class=\"size-full wp-image-39157\" src=\"https:\/\/i0.wp.com\/www.manquepierda.com\/historiarealbetis\/files\/2014\/11\/Jose_Maria_Pena.jpg?resize=216%2C217&#038;ssl=1\" alt=\"mmmm\" width=\"216\" height=\"217\" \/><\/a><figcaption id=\"caption-attachment-39157\" class=\"wp-caption-text\">Anacleto Jos\u00e9 Mar\u00eda PE\u00d1A SALEGUI 40 a\u00f1os+7 meses+5 d\u00edas.-LAS ARENAS-GETXO (Vizcaya), viernes 19-Abril-1895.-ENTRENADOR 1935-1936.<\/figcaption><\/figure>\n<p style=\"text-align: left\"><em><strong>\u00abHa amanecido un buen d\u00eda.\u00a0\u00a0 El sol ha lucido sus mejores galas,\u00a0 pero el terreno de juego del Oviedo blando a\u00fan por las pasadas lluvias,\u00a0 circunstancia \u00e9sta que cre\u00edase ser\u00eda un \u00abhandicap\u00bb para el Betis Balompi\u00e9.<\/strong><\/em><\/p>\n<p style=\"text-align: left\"><em><strong>El desarrollo del encuentro vino a dar un rotundo ment\u00eds a tal suposici\u00f3n.<\/strong><\/em><\/p>\n<p style=\"text-align: left\"><em><strong>Los b\u00e9ticos se desenvolvieron como en su propia cancha del \u00abPatronato Obrero\u00bb y sobre su propio c\u00e9sped.<\/strong><\/em><\/p>\n<p style=\"text-align: left\"><em><strong>\u00abJustamente ganaron los verdiblancos,\u00a0 siendo en todo momento superiores a los carbayones.<\/strong><\/em><\/p>\n<p style=\"text-align: left\"><em><strong>El Oviedo no estuvo a la altura de las pasadas actuaciones.\u00a0\u00a0 S\u00f3lo los zagueros actuaron con acierto insuperable y de ah\u00ed que la victoria del Betis Balompi\u00e9 no fuera m\u00e1s acentuada.<\/strong><\/em><\/p>\n<p style=\"text-align: left\"><em><strong>Fall\u00f3 en los oviedistas la l\u00ednea de ataque,\u00a0 s\u00f3lo L\u00e1ngara se mostr\u00f3 digno de su fama;\u00a0 los dem\u00e1s,\u00a0 incluso Gallart,\u00a0 estuvieron muy por debajo de su nivel habitual.<\/strong><\/em><\/p>\n<p style=\"text-align: center\">El partido fue llevado todo \u00e9l a tren r\u00e1pido,\u00a0 sin que ninguno de los jugadores mostrara cansancio,\u00a0 hasta el extremo de que el segundo tiempo se jug\u00f3 a\u00fan a m\u00e1s velocidad que el primero\u00bb.<\/p>\n<p style=\"text-align: center\">PORTERO:<\/p>\n<figure id=\"attachment_39158\" aria-describedby=\"caption-attachment-39158\" style=\"width: 153px\" class=\"wp-caption aligncenter\"><a href=\"https:\/\/www.manquepierda.com\/historiarealbetis\/39150-1935-noviembre-24-primera-division-oviedo-fc-2-betis-balompie-3-79aniversario\/francisco-florenza\/\" rel=\"attachment wp-att-39158\"><img data-recalc-dims=\"1\" loading=\"lazy\" decoding=\"async\" class=\"size-full wp-image-39158\" src=\"https:\/\/i0.wp.com\/www.manquepierda.com\/historiarealbetis\/files\/2014\/11\/francisco-florenza.jpeg?resize=153%2C213&#038;ssl=1\" alt=\"mmmm\" width=\"153\" height=\"213\" \/><\/a><figcaption id=\"caption-attachment-39158\" class=\"wp-caption-text\">1.-Francisco FLORENZA GUBERN 23 a\u00f1os+6 meses menos 6 d\u00edas.-BARCELONA, jueves 30-Mayo-1912.<\/figcaption><\/figure>\n<p style=\"text-align: center\"><em><strong>***ENCAJ\u00d3 3 GOLES (\u00abPAQUIRRI\u00bb: 1-1.-22&#8217;+2-2.-38&#8217;+2-3.-64 minutos)***<\/strong><\/em><\/p>\n<p style=\"text-align: center\">DEFENSAS:<\/p>\n<p style=\"text-align: center\">2.-Pedro PENA PONGA.<\/p>\n<p style=\"text-align: center\">3.-Abelardo RIERA FERN\u00c1NDEZ.<\/p>\n<p style=\"text-align: center\">MEDIOS:<\/p>\n<p style=\"text-align: center\">4.-SIRIO Blanco Fern\u00e1ndez.<\/p>\n<p style=\"text-align: center\"><a href=\"https:\/\/www.manquepierda.com\/historiarealbetis\/39150-1935-noviembre-24-primera-division-oviedo-fc-2-betis-balompie-3-79aniversario\/enrique-soladrero-arbide-4\/\" rel=\"attachment wp-att-39175\"><img data-recalc-dims=\"1\" loading=\"lazy\" decoding=\"async\" class=\"aligncenter size-full wp-image-39175\" src=\"https:\/\/i0.wp.com\/www.manquepierda.com\/historiarealbetis\/files\/2014\/11\/Enrique-Soladrero-Arbide.jpg?resize=131%2C189&#038;ssl=1\" alt=\"Enrique Soladrero Arbide\" width=\"131\" height=\"189\" \/><\/a><strong>5-Centro.-Enrique SOLADRERO ARBIDE.<\/strong><\/p>\n<p style=\"text-align: center\">6.-Jes\u00fas Rodr\u00edguez \u00c1lvarez (a) \u00abCHUS\u00bb.<\/p>\n<p style=\"text-align: center\">DELANTEROS:<\/p>\n<p style=\"text-align: center\">7.-Julio Fern\u00e1ndez Mart\u00ednez (a) \u00abCASUCO\u00bb.<\/p>\n<p style=\"text-align: center\">8.-Ricardo GALLART SELMA.<\/p>\n<figure id=\"attachment_39159\" aria-describedby=\"caption-attachment-39159\" style=\"width: 150px\" class=\"wp-caption aligncenter\"><a href=\"https:\/\/www.manquepierda.com\/historiarealbetis\/39150-1935-noviembre-24-primera-division-oviedo-fc-2-betis-balompie-3-79aniversario\/111-langara-1932\/\" rel=\"attachment wp-att-39159\"><img data-recalc-dims=\"1\" loading=\"lazy\" decoding=\"async\" class=\"size-thumbnail wp-image-39159\" src=\"https:\/\/i0.wp.com\/www.manquepierda.com\/historiarealbetis\/files\/2014\/11\/111.-langara-1932.jpg?resize=150%2C220&#038;ssl=1\" alt=\"mmmm\" width=\"150\" height=\"220\" srcset=\"https:\/\/i0.wp.com\/www.manquepierda.com\/historiarealbetis\/files\/2014\/11\/111.-langara-1932.jpg?resize=150%2C220&amp;ssl=1 150w, https:\/\/i0.wp.com\/www.manquepierda.com\/historiarealbetis\/files\/2014\/11\/111.-langara-1932.jpg?w=242&amp;ssl=1 242w\" sizes=\"auto, (max-width: 150px) 100vw, 150px\" \/><\/a><figcaption id=\"caption-attachment-39159\" class=\"wp-caption-text\">9-Centro Delantero.-Isidro L\u00c1NGARA LARRA\u00d1AGA 23 a\u00f1os+6 meses menos 1 d\u00eda.-PASAIA (Guip\u00fazcoa), s\u00e1bado 25-Mayo-1912.<\/figcaption><\/figure>\n<p style=\"text-align: center\"><strong>*1-0.-07 minutos-penalti*<\/strong><\/p>\n<p style=\"text-align: center\">10.-Eduardo HERRERA BUENO (a) \u00abHERRERITA\u00bb.<\/p>\n<figure id=\"attachment_39160\" aria-describedby=\"caption-attachment-39160\" style=\"width: 158px\" class=\"wp-caption aligncenter\"><a href=\"https:\/\/www.manquepierda.com\/historiarealbetis\/39150-1935-noviembre-24-primera-division-oviedo-fc-2-betis-balompie-3-79aniversario\/emilin\/\" rel=\"attachment wp-att-39160\"><img data-recalc-dims=\"1\" loading=\"lazy\" decoding=\"async\" class=\"size-thumbnail wp-image-39160\" src=\"https:\/\/i0.wp.com\/www.manquepierda.com\/historiarealbetis\/files\/2014\/11\/EMILIN.jpg?resize=158%2C220&#038;ssl=1\" alt=\"mmmm\" width=\"158\" height=\"220\" srcset=\"https:\/\/i0.wp.com\/www.manquepierda.com\/historiarealbetis\/files\/2014\/11\/EMILIN.jpg?resize=158%2C220&amp;ssl=1 158w, https:\/\/i0.wp.com\/www.manquepierda.com\/historiarealbetis\/files\/2014\/11\/EMILIN.jpg?w=200&amp;ssl=1 200w\" sizes=\"auto, (max-width: 158px) 100vw, 158px\" \/><\/a><figcaption id=\"caption-attachment-39160\" class=\"wp-caption-text\">11.-Emilio GARC\u00cdA MART\u00cdNEZ (a) \u00abEMIL\u00cdN\u00bb 23 a\u00f1os+2 meses+12 d\u00edas.-SAN ROM\u00c1N DE CANDAMO (Asturias), jueves 12-Septiembre-1912,<\/figcaption><\/figure>\n<p style=\"text-align: center\"><strong>*2-1.-26 minutos:\u00a0 Ch\u00fa raso batiendo a Urquiaga*<\/strong><\/p>\n<p style=\"text-align: center\"><strong>VS.<\/strong><\/p>\n<figure id=\"attachment_37629\" aria-describedby=\"caption-attachment-37629\" style=\"width: 154px\" class=\"wp-caption aligncenter\"><a href=\"https:\/\/www.manquepierda.com\/historiarealbetis\/37621-1934-septiembre-16-cpto-superregional-valencia-cf-1-betis-balompie-1-lxxx-aniversario\/1931-32bb-15\/\" rel=\"attachment wp-att-37629\"><img data-recalc-dims=\"1\" loading=\"lazy\" decoding=\"async\" class=\"size-full wp-image-37629\" src=\"https:\/\/i0.wp.com\/www.manquepierda.com\/historiarealbetis\/files\/2014\/09\/1931-32BB.jpg?resize=154%2C154&#038;ssl=1\" alt=\"MMMM\" width=\"154\" height=\"154\" \/><\/a><figcaption id=\"caption-attachment-37629\" class=\"wp-caption-text\"><strong>BETIS BALOMPI\u00c9-3 GOLES.<\/strong><\/figcaption><\/figure>\n<p style=\"text-align: center\"><em><strong>TERCER CLASIFICADO CON 4 PUNTOS.-2-GANADOS+0-EMPATADOS+1-PERDIDO.-08-GOLES A FAVOR Y 10-TANTOS EN CONTRA.<\/strong><\/em><\/p>\n<figure id=\"attachment_39162\" aria-describedby=\"caption-attachment-39162\" style=\"width: 169px\" class=\"wp-caption alignright\"><a href=\"https:\/\/www.manquepierda.com\/historiarealbetis\/39150-1935-noviembre-24-primera-division-oviedo-fc-2-betis-balompie-3-79aniversario\/francisco-navarro-lopez-presidente-1935-1936\/\" rel=\"attachment wp-att-39162\"><img data-recalc-dims=\"1\" loading=\"lazy\" decoding=\"async\" class=\"size-thumbnail wp-image-39162\" src=\"https:\/\/i0.wp.com\/www.manquepierda.com\/historiarealbetis\/files\/2014\/11\/Francisco-Navarro-L%C3%B3pez-Presidente-1935-1936.jpg?resize=169%2C220&#038;ssl=1\" alt=\"mmmm\" width=\"169\" height=\"220\" srcset=\"https:\/\/i0.wp.com\/www.manquepierda.com\/historiarealbetis\/files\/2014\/11\/Francisco-Navarro-L%C3%B3pez-Presidente-1935-1936.jpg?resize=169%2C220&amp;ssl=1 169w, https:\/\/i0.wp.com\/www.manquepierda.com\/historiarealbetis\/files\/2014\/11\/Francisco-Navarro-L%C3%B3pez-Presidente-1935-1936.jpg?resize=461%2C600&amp;ssl=1 461w, https:\/\/i0.wp.com\/www.manquepierda.com\/historiarealbetis\/files\/2014\/11\/Francisco-Navarro-L%C3%B3pez-Presidente-1935-1936.jpg?resize=538%2C700&amp;ssl=1 538w, https:\/\/i0.wp.com\/www.manquepierda.com\/historiarealbetis\/files\/2014\/11\/Francisco-Navarro-L%C3%B3pez-Presidente-1935-1936.jpg?w=726&amp;ssl=1 726w\" sizes=\"auto, (max-width: 169px) 100vw, 169px\" \/><\/a><figcaption id=\"caption-attachment-39162\" class=\"wp-caption-text\"><strong>Don Francisco NAVARRO L\u00d3PEZ-Galeno-43 a\u00f1os.-OSUNA (Sevilla) 00-00-1892.-XXVI PRESIDENTE REAL-BETIS BALOMPI\u00c9.<\/strong><\/figcaption><\/figure>\n<figure id=\"attachment_38858\" aria-describedby=\"caption-attachment-38858\" style=\"width: 220px\" class=\"wp-caption alignleft\"><a href=\"https:\/\/www.manquepierda.com\/historiarealbetis\/38855-1935-noviembre-10-primera-division-betis-balompie-5-cat-osasuna-1-79aniversario\/andres-aranda-entrenador-1944-nmp-marca-2-5-1944-300x208-11\/\" rel=\"attachment wp-att-38858\"><img data-recalc-dims=\"1\" loading=\"lazy\" decoding=\"async\" class=\"size-thumbnail wp-image-38858\" src=\"https:\/\/i0.wp.com\/www.manquepierda.com\/historiarealbetis\/files\/2014\/11\/Andr%C3%A9s-Aranda-entrenador-1944-NMP-Marca-2-5-1944-300x208.jpg?resize=220%2C152&#038;ssl=1\" alt=\"MMMMM\" width=\"220\" height=\"152\" srcset=\"https:\/\/i0.wp.com\/www.manquepierda.com\/historiarealbetis\/files\/2014\/11\/Andr%C3%A9s-Aranda-entrenador-1944-NMP-Marca-2-5-1944-300x208.jpg?resize=220%2C152&amp;ssl=1 220w, https:\/\/i0.wp.com\/www.manquepierda.com\/historiarealbetis\/files\/2014\/11\/Andr%C3%A9s-Aranda-entrenador-1944-NMP-Marca-2-5-1944-300x208.jpg?resize=300%2C208&amp;ssl=1 300w\" sizes=\"auto, (max-width: 220px) 100vw, 220px\" \/><\/a><figcaption id=\"caption-attachment-38858\" class=\"wp-caption-text\"><strong>ANDR\u00c9S ARANDA GUTI\u00c9RREZ 30 a\u00f1os+3 meses menos 3 d\u00edas.-LORA DEL R\u00cdO (Sevilla), domingo 27-Agosto-1905.-ENTRENADOR REAL-BETIS BALOMPI\u00c9.<\/strong><\/figcaption><\/figure>\n<p style=\"text-align: left\"><em><strong>\u00abDestac\u00f3 enormemente en la escuadra b\u00e9tica el ariete\u00a0 \u00abPAQUIRRI\u00bb,\u00a0 que fue el mejor hombre sobre el terreno de juego del \u00abBuenavista\u00bb y el elemento m\u00e1s eficaz en la l\u00ednea de ataque.<\/strong><\/em><\/p>\n<p style=\"text-align: left\"><em><strong>Los medios hicieron asimismo un magn\u00edfico encuentro,\u00a0 como los zagueros,\u00a0 donde AEDO volvi\u00f3 por sus fueros de internacional.<\/strong><\/em><\/p>\n<p style=\"text-align: center\"><em><strong>El primer tiempo termin\u00f3 con empate a dos goles.\u00a0\u00a0 <\/strong><\/em><\/p>\n<p style=\"text-align: left\"><em><strong>Tras el descanso reglamentario, y tras el 2-3 domin\u00f3 el Betis Balompi\u00e9,\u00a0 pero la defensa ovetense segura resisti\u00f3 hasta el final del encuentro\u00bb.<\/strong><\/em><\/p>\n<p style=\"text-align: center\"><strong>\u00abNo decay\u00f3 el juego en\u00a0 la segunda mitad.\u00a0\u00a0 Por el contrario,\u00a0 se jug\u00f3 m\u00e1s velozmente que en la primera.\u00a0\u00a0 <\/strong><\/p>\n<p style=\"text-align: center\"><strong>Entonces fue cuando el Betis Balompi\u00e9 realiz\u00f3 una magn\u00edfica exhibici\u00f3n.\u00a0\u00a0 <\/strong><\/p>\n<p style=\"text-align: center\"><strong>Gust\u00f3 el Betis m\u00e1s a\u00fan que cuando que cuando la temporada pasada,\u00a0 en las postrimer\u00edas de la Liga,\u00a0 venc\u00eda tambi\u00e9n\u00a0 al Oviedo en \u00abBuenavista\u00bb. <\/strong><\/p>\n<p style=\"text-align: center\"><strong>\u00abPAQUIRRI\u00bb que se destacaba como formidable goleador,\u00a0 consigui\u00f3 el tanto de la victoria\u00bb.<\/strong><\/p>\n<p style=\"text-align: center\"><strong>GUARDAMETA:<\/strong><\/p>\n<figure id=\"attachment_39163\" aria-describedby=\"caption-attachment-39163\" style=\"width: 188px\" class=\"wp-caption aligncenter\"><a href=\"https:\/\/www.manquepierda.com\/historiarealbetis\/39150-1935-noviembre-24-primera-division-oviedo-fc-2-betis-balompie-3-79aniversario\/joaquin-urquiaga-legarburu-7\/\" rel=\"attachment wp-att-39163\"><img data-recalc-dims=\"1\" loading=\"lazy\" decoding=\"async\" class=\"size-thumbnail wp-image-39163\" src=\"https:\/\/i0.wp.com\/www.manquepierda.com\/historiarealbetis\/files\/2014\/11\/Joaqu%C3%ADn-URQUIAGA-Legarburu1.png?resize=188%2C220&#038;ssl=1\" alt=\"MMMM\" width=\"188\" height=\"220\" srcset=\"https:\/\/i0.wp.com\/www.manquepierda.com\/historiarealbetis\/files\/2014\/11\/Joaqu%C3%ADn-URQUIAGA-Legarburu1.png?resize=188%2C220&amp;ssl=1 188w, https:\/\/i0.wp.com\/www.manquepierda.com\/historiarealbetis\/files\/2014\/11\/Joaqu%C3%ADn-URQUIAGA-Legarburu1.png?w=191&amp;ssl=1 191w\" sizes=\"auto, (max-width: 188px) 100vw, 188px\" \/><\/a><figcaption id=\"caption-attachment-39163\" class=\"wp-caption-text\"><strong>1.-Joaqu\u00edn URQUIAGA LEGARBURU (25 a\u00f1os+8 meses menos 5 d\u00edas).<br \/><\/strong><\/figcaption><\/figure>\n<p style=\"text-align: center\"><strong>**<\/strong><em><strong>ENCAJ\u00d3 2 TANTOS (1-0.-07 minutos-penalti: L\u00c1NGARA+2-1.-26 minutos: \u00abEMIL\u00cdN\u00bb)**<\/strong><\/em><\/p>\n<p style=\"text-align: center\"><strong>ZAGUEROS:<\/strong><\/p>\n<figure id=\"attachment_39084\" aria-describedby=\"caption-attachment-39084\" style=\"width: 136px\" class=\"wp-caption aligncenter\"><a href=\"https:\/\/www.manquepierda.com\/historiarealbetis\/39077-1932-noviembre-20-mancomunado-centro-sur-betis-balompie-5-atletic-madrid-0-82aniversario\/peral-19310606-8\/\" rel=\"attachment wp-att-39084\"><img data-recalc-dims=\"1\" loading=\"lazy\" decoding=\"async\" class=\"size-thumbnail wp-image-39084\" src=\"https:\/\/i0.wp.com\/www.manquepierda.com\/historiarealbetis\/files\/2014\/11\/PERAL-19310606.jpg?resize=136%2C220&#038;ssl=1\" alt=\"MMM\" width=\"136\" height=\"220\" srcset=\"https:\/\/i0.wp.com\/www.manquepierda.com\/historiarealbetis\/files\/2014\/11\/PERAL-19310606.jpg?resize=136%2C220&amp;ssl=1 136w, https:\/\/i0.wp.com\/www.manquepierda.com\/historiarealbetis\/files\/2014\/11\/PERAL-19310606.jpg?resize=371%2C600&amp;ssl=1 371w, https:\/\/i0.wp.com\/www.manquepierda.com\/historiarealbetis\/files\/2014\/11\/PERAL-19310606.jpg?resize=433%2C700&amp;ssl=1 433w, https:\/\/i0.wp.com\/www.manquepierda.com\/historiarealbetis\/files\/2014\/11\/PERAL-19310606.jpg?w=620&amp;ssl=1 620w\" sizes=\"auto, (max-width: 136px) 100vw, 136px\" \/><\/a><figcaption id=\"caption-attachment-39084\" class=\"wp-caption-text\"><strong>2.-Jos\u00e9 SU\u00c1REZ GONZ\u00c1LEZ (a) \u00abPERAL\u00bb (24 a\u00f1os+7 meses+14 d\u00edas).<br \/><\/strong><\/figcaption><\/figure>\n<figure id=\"attachment_39164\" aria-describedby=\"caption-attachment-39164\" style=\"width: 161px\" class=\"wp-caption aligncenter\"><a href=\"https:\/\/www.manquepierda.com\/historiarealbetis\/39150-1935-noviembre-24-primera-division-oviedo-fc-2-betis-balompie-3-79aniversario\/aedo-7\/\" rel=\"attachment wp-att-39164\"><img data-recalc-dims=\"1\" loading=\"lazy\" decoding=\"async\" class=\"size-thumbnail wp-image-39164\" src=\"https:\/\/i0.wp.com\/www.manquepierda.com\/historiarealbetis\/files\/2014\/11\/AEDO.jpg?resize=161%2C220&#038;ssl=1\" alt=\"mmmm\" width=\"161\" height=\"220\" srcset=\"https:\/\/i0.wp.com\/www.manquepierda.com\/historiarealbetis\/files\/2014\/11\/AEDO.jpg?resize=161%2C220&amp;ssl=1 161w, https:\/\/i0.wp.com\/www.manquepierda.com\/historiarealbetis\/files\/2014\/11\/AEDO.jpg?w=183&amp;ssl=1 183w\" sizes=\"auto, (max-width: 161px) 100vw, 161px\" \/><\/a><figcaption id=\"caption-attachment-39164\" class=\"wp-caption-text\"><strong>3.-Seraf\u00edn AEDO RENIEBLAS (27 a\u00f1os+13 d\u00edas).<br \/><\/strong><\/figcaption><\/figure>\n<p style=\"text-align: center\"><strong>MEDIOS:<\/strong><\/p>\n<p style=\"text-align: center\"><strong>4.-V\u00cdCTOR Mart\u00ednez Corralerle.-No localizadas imagen, ciudades y fechas nacimiento-fallecimiento.-Debut\u00f3.<\/strong><\/p>\n<figure id=\"attachment_39165\" aria-describedby=\"caption-attachment-39165\" style=\"width: 170px\" class=\"wp-caption aligncenter\"><a href=\"https:\/\/www.manquepierda.com\/historiarealbetis\/39150-1935-noviembre-24-primera-division-oviedo-fc-2-betis-balompie-3-79aniversario\/francisco-gomez-vicente-8\/\" rel=\"attachment wp-att-39165\"><img data-recalc-dims=\"1\" loading=\"lazy\" decoding=\"async\" class=\"size-thumbnail wp-image-39165\" src=\"https:\/\/i0.wp.com\/www.manquepierda.com\/historiarealbetis\/files\/2014\/11\/Francisco-G%C3%B3mez-Vicente.jpg?resize=170%2C220&#038;ssl=1\" alt=\"mmmm\" width=\"170\" height=\"220\" srcset=\"https:\/\/i0.wp.com\/www.manquepierda.com\/historiarealbetis\/files\/2014\/11\/Francisco-G%C3%B3mez-Vicente.jpg?resize=170%2C220&amp;ssl=1 170w, https:\/\/i0.wp.com\/www.manquepierda.com\/historiarealbetis\/files\/2014\/11\/Francisco-G%C3%B3mez-Vicente.jpg?w=440&amp;ssl=1 440w\" sizes=\"auto, (max-width: 170px) 100vw, 170px\" \/><\/a><figcaption id=\"caption-attachment-39165\" class=\"wp-caption-text\"><strong>5-Centro.-Francisco G\u00d3MEZ VICENTE (25 a\u00f1os+6 meses+12 d\u00edas).<br \/><\/strong><\/figcaption><\/figure>\n<figure id=\"attachment_39166\" aria-describedby=\"caption-attachment-39166\" style=\"width: 129px\" class=\"wp-caption aligncenter\"><a href=\"https:\/\/www.manquepierda.com\/historiarealbetis\/39150-1935-noviembre-24-primera-division-oviedo-fc-2-betis-balompie-3-79aniversario\/rufino-fernandez-larrinoa1-3\/\" rel=\"attachment wp-att-39166\"><img data-recalc-dims=\"1\" loading=\"lazy\" decoding=\"async\" class=\"size-thumbnail wp-image-39166\" src=\"https:\/\/i0.wp.com\/www.manquepierda.com\/historiarealbetis\/files\/2014\/11\/Rufino-Fern%C3%A1ndez-LARRINOA1.jpg?resize=129%2C220&#038;ssl=1\" alt=\"MMMM\" width=\"129\" height=\"220\" srcset=\"https:\/\/i0.wp.com\/www.manquepierda.com\/historiarealbetis\/files\/2014\/11\/Rufino-Fern%C3%A1ndez-LARRINOA1.jpg?resize=129%2C220&amp;ssl=1 129w, https:\/\/i0.wp.com\/www.manquepierda.com\/historiarealbetis\/files\/2014\/11\/Rufino-Fern%C3%A1ndez-LARRINOA1.jpg?resize=352%2C600&amp;ssl=1 352w, https:\/\/i0.wp.com\/www.manquepierda.com\/historiarealbetis\/files\/2014\/11\/Rufino-Fern%C3%A1ndez-LARRINOA1.jpg?resize=411%2C700&amp;ssl=1 411w, https:\/\/i0.wp.com\/www.manquepierda.com\/historiarealbetis\/files\/2014\/11\/Rufino-Fern%C3%A1ndez-LARRINOA1.jpg?w=636&amp;ssl=1 636w\" sizes=\"auto, (max-width: 129px) 100vw, 129px\" \/><\/a><figcaption id=\"caption-attachment-39166\" class=\"wp-caption-text\"><strong>6.-Rufino FERN\u00c1NDEZ DE LARRINOA MAGUNAURRECOETXEA (26 a\u00f1os+10 meses+13 d\u00edas). <\/strong><\/figcaption><\/figure>\n<p style=\"text-align: center\"><strong>DELANTEROS:<\/strong><\/p>\n<p style=\"text-align: center\"><a href=\"https:\/\/www.manquepierda.com\/historiarealbetis\/39150-1935-noviembre-24-primera-division-oviedo-fc-2-betis-balompie-3-79aniversario\/fermin-rejon-landa-2\/\" rel=\"attachment wp-att-44872\"><img data-recalc-dims=\"1\" loading=\"lazy\" decoding=\"async\" class=\"aligncenter size-thumbnail wp-image-44872\" src=\"https:\/\/i0.wp.com\/www.manquepierda.com\/historiarealbetis\/files\/2014\/11\/Ferm%C3%ADn-REJ%C3%93N-Landa.jpg?resize=161%2C220&#038;ssl=1\" alt=\"Ferm\u00edn REJ\u00d3N Landa\" width=\"161\" height=\"220\" srcset=\"https:\/\/i0.wp.com\/www.manquepierda.com\/historiarealbetis\/files\/2014\/11\/Ferm%C3%ADn-REJ%C3%93N-Landa.jpg?resize=161%2C220&amp;ssl=1 161w, https:\/\/i0.wp.com\/www.manquepierda.com\/historiarealbetis\/files\/2014\/11\/Ferm%C3%ADn-REJ%C3%93N-Landa.jpg?w=197&amp;ssl=1 197w\" sizes=\"auto, (max-width: 161px) 100vw, 161px\" \/><\/a><strong>7-Ferm\u00edn REJ\u00d3N Landa (20 a\u00f1os+4 meses+3 d\u00edas).<\/strong><\/p>\n<figure id=\"attachment_39168\" aria-describedby=\"caption-attachment-39168\" style=\"width: 130px\" class=\"wp-caption aligncenter\"><a href=\"https:\/\/www.manquepierda.com\/historiarealbetis\/39150-1935-noviembre-24-primera-division-oviedo-fc-2-betis-balompie-3-79aniversario\/jose-rancel-toledo\/\" rel=\"attachment wp-att-39168\"><img data-recalc-dims=\"1\" loading=\"lazy\" decoding=\"async\" class=\"size-thumbnail wp-image-39168\" src=\"https:\/\/i0.wp.com\/www.manquepierda.com\/historiarealbetis\/files\/2014\/11\/Jos%C3%A9-RANCEL-Toledo.jpg?resize=130%2C220&#038;ssl=1\" alt=\"mmmm\" width=\"130\" height=\"220\" srcset=\"https:\/\/i0.wp.com\/www.manquepierda.com\/historiarealbetis\/files\/2014\/11\/Jos%C3%A9-RANCEL-Toledo.jpg?resize=130%2C220&amp;ssl=1 130w, https:\/\/i0.wp.com\/www.manquepierda.com\/historiarealbetis\/files\/2014\/11\/Jos%C3%A9-RANCEL-Toledo.jpg?w=353&amp;ssl=1 353w\" sizes=\"auto, (max-width: 130px) 100vw, 130px\" \/><\/a><figcaption id=\"caption-attachment-39168\" class=\"wp-caption-text\"><strong>8.-Jos\u00e9 RANCEL TOLEDO (22 a\u00f1os+2 meses+8 d\u00edas).<br \/><\/strong><\/figcaption><\/figure>\n<figure id=\"attachment_39169\" aria-describedby=\"caption-attachment-39169\" style=\"width: 191px\" class=\"wp-caption aligncenter\"><a href=\"https:\/\/www.manquepierda.com\/historiarealbetis\/39150-1935-noviembre-24-primera-division-oviedo-fc-2-betis-balompie-3-79aniversario\/paquirri-19330611-4\/\" rel=\"attachment wp-att-39169\"><img data-recalc-dims=\"1\" loading=\"lazy\" decoding=\"async\" class=\"size-thumbnail wp-image-39169\" src=\"https:\/\/i0.wp.com\/www.manquepierda.com\/historiarealbetis\/files\/2014\/11\/PAQUIRRI-19330611.jpg?resize=191%2C220&#038;ssl=1\" alt=\"mmmm\" width=\"191\" height=\"220\" srcset=\"https:\/\/i0.wp.com\/www.manquepierda.com\/historiarealbetis\/files\/2014\/11\/PAQUIRRI-19330611.jpg?resize=191%2C220&amp;ssl=1 191w, https:\/\/i0.wp.com\/www.manquepierda.com\/historiarealbetis\/files\/2014\/11\/PAQUIRRI-19330611.jpg?w=252&amp;ssl=1 252w\" sizes=\"auto, (max-width: 191px) 100vw, 191px\" \/><\/a><figcaption id=\"caption-attachment-39169\" class=\"wp-caption-text\"><strong>9-Centro Delantero-ARIETE.-Francisco GONZ\u00c1LEZ RODR\u00cdGUEZ (a) \u00abPAQUIRRI\u00bb (22 a\u00f1os+3 meses+11 d\u00edas).<br \/><\/strong><\/figcaption><\/figure>\n<p style=\"text-align: center\"><em><strong>*1-1.-22 minutos: \u00abEn un acertado remate del \u00ab9\u00bb b\u00e9tico fusil\u00f3 a Francisco FLORENZA\u00bb*<\/strong><\/em><\/p>\n<p style=\"text-align: center\"><em><strong>**2-2.-38 minutos: \u00abAprovechaba un fallo de Abelardo RIERA.-Tras centro de \u00abSARO\u00bb bati\u00f3 a FLORENZA**<\/strong><\/em><\/p>\n<p style=\"text-align: center\"><em><strong>***2-3.-55 minutos: \u00abNuevamente servicio de \u00abSARO\u00bb y el formidable ariete verdiblanco logr\u00f3 el marcador final fusilando a Francisco FLORENZA Gubern\u00bb***<\/strong><\/em><\/p>\n<figure id=\"attachment_39170\" aria-describedby=\"caption-attachment-39170\" style=\"width: 188px\" class=\"wp-caption aligncenter\"><a href=\"https:\/\/www.manquepierda.com\/historiarealbetis\/39150-1935-noviembre-24-primera-division-oviedo-fc-2-betis-balompie-3-79aniversario\/caballero-7\/\" rel=\"attachment wp-att-39170\"><img data-recalc-dims=\"1\" loading=\"lazy\" decoding=\"async\" class=\"size-thumbnail wp-image-39170\" src=\"https:\/\/i0.wp.com\/www.manquepierda.com\/historiarealbetis\/files\/2014\/11\/CABALLERO1.png?resize=188%2C220&#038;ssl=1\" alt=\"mmmm\" width=\"188\" height=\"220\" srcset=\"https:\/\/i0.wp.com\/www.manquepierda.com\/historiarealbetis\/files\/2014\/11\/CABALLERO1.png?resize=188%2C220&amp;ssl=1 188w, https:\/\/i0.wp.com\/www.manquepierda.com\/historiarealbetis\/files\/2014\/11\/CABALLERO1.png?w=191&amp;ssl=1 191w\" sizes=\"auto, (max-width: 188px) 100vw, 188px\" \/><\/a><figcaption id=\"caption-attachment-39170\" class=\"wp-caption-text\"><strong>10.-Jos\u00e9 GONZ\u00c1LEZ CABALLERO (19 a\u00f1os+10 meses+9 d\u00edas).<br \/><\/strong><\/figcaption><\/figure>\n<figure id=\"attachment_39171\" aria-describedby=\"caption-attachment-39171\" style=\"width: 150px\" class=\"wp-caption aligncenter\"><a href=\"https:\/\/www.manquepierda.com\/historiarealbetis\/39150-1935-noviembre-24-primera-division-oviedo-fc-2-betis-balompie-3-79aniversario\/saro-11\/\" rel=\"attachment wp-att-39171\"><img data-recalc-dims=\"1\" loading=\"lazy\" decoding=\"async\" class=\"size-full wp-image-39171\" src=\"https:\/\/i0.wp.com\/www.manquepierda.com\/historiarealbetis\/files\/2014\/11\/SARO.jpg?resize=150%2C200&#038;ssl=1\" alt=\"mmmm\" width=\"150\" height=\"200\" \/><\/a><figcaption id=\"caption-attachment-39171\" class=\"wp-caption-text\"><strong>11.-\u00c1ngel MART\u00cdN RODR\u00cdGUEZ (a) \u00abSARO\u00bb (26 a\u00f1os+10 meses+11 d\u00edas).<br \/><\/strong><\/figcaption><\/figure>\n<p style=\"text-align: center\"><em><strong>\u00abTODO EL EQUIPO JUG\u00d3 MAGNIFICAMENTE\u00bb.<\/strong><\/em><\/p>\n<hr \/>\n<p>Fuentes:\u00a0 M. S. M.-Extractos cr\u00f3nicas:\u00a0 \u00abEL MUNDO DEPORTIVO-BARCELONA-19351125 LUNES S.N.S.-\u00abLA VANGUARDIA ESPA\u00d1OLA-BARCELONA-19351126-MARTES.<\/p>\n<hr \/>\n","protected":false},"excerpt":{"rendered":"<p>OCTAVA EDICI\u00d3N-CAMPEONATO NACIONAL LIGA PRIMERA DIVISI\u00d3N-TEMPORADA 1935-1936. ALINEACIONES: S\u00c9PTIMO CLASIFICADO CON 2 PUNTOS.-0-ganados+2-empatados+1-PERDIDO.-06-Tantos a favor y 07-Goles en contra. \u00abHa amanecido un buen d\u00eda.\u00a0\u00a0 El sol ha lucido sus mejores galas,\u00a0 pero el terreno de juego del Oviedo blando a\u00fan por las pasadas lluvias,\u00a0 circunstancia \u00e9sta que cre\u00edase ser\u00eda un \u00abhandicap\u00bb para el Betis Balompi\u00e9&#8230;.<\/p>\n","protected":false},"author":48,"featured_media":39151,"comment_status":"open","ping_status":"open","sticky":false,"template":"","format":"standard","meta":{"_kad_post_transparent":"","_kad_post_title":"","_kad_post_layout":"","_kad_post_sidebar_id":"","_kad_post_content_style":"","_kad_post_vertical_padding":"","_kad_post_feature":"","_kad_post_feature_position":"","_kad_post_header":false,"_kad_post_footer":false,"_kad_post_classname":"","_jetpack_memberships_contains_paid_content":false,"footnotes":"","jetpack_publicize_message":"","jetpack_publicize_feature_enabled":true,"jetpack_social_post_already_shared":true,"jetpack_social_options":{"image_generator_settings":{"template":"highway","default_image_id":0,"font":"","enabled":false},"version":2}},"categories":[899,1],"tags":[6728],"class_list":["post-39150","post","type-post","status-publish","format-standard","has-post-thumbnail","hentry","category-1930-1939","category-portada","tag-victor-martinez-corralerle"],"jetpack_publicize_connections":[],"jetpack_featured_media_url":"https:\/\/i0.wp.com\/www.manquepierda.com\/historiarealbetis\/files\/2014\/11\/campoBuenavista.jpg?fit=700%2C436&ssl=1","jetpack_sharing_enabled":true,"jetpack_shortlink":"https:\/\/wp.me\/p1ij08-abs","jetpack-related-posts":[],"_links":{"self":[{"href":"https:\/\/www.manquepierda.com\/historiarealbetis\/wp-json\/wp\/v2\/posts\/39150","targetHints":{"allow":["GET"]}}],"collection":[{"href":"https:\/\/www.manquepierda.com\/historiarealbetis\/wp-json\/wp\/v2\/posts"}],"about":[{"href":"https:\/\/www.manquepierda.com\/historiarealbetis\/wp-json\/wp\/v2\/types\/post"}],"author":[{"embeddable":true,"href":"https:\/\/www.manquepierda.com\/historiarealbetis\/wp-json\/wp\/v2\/users\/48"}],"replies":[{"embeddable":true,"href":"https:\/\/www.manquepierda.com\/historiarealbetis\/wp-json\/wp\/v2\/comments?post=39150"}],"version-history":[{"count":0,"href":"https:\/\/www.manquepierda.com\/historiarealbetis\/wp-json\/wp\/v2\/posts\/39150\/revisions"}],"wp:featuredmedia":[{"embeddable":true,"href":"https:\/\/www.manquepierda.com\/historiarealbetis\/wp-json\/wp\/v2\/media\/39151"}],"wp:attachment":[{"href":"https:\/\/www.manquepierda.com\/historiarealbetis\/wp-json\/wp\/v2\/media?parent=39150"}],"wp:term":[{"taxonomy":"category","embeddable":true,"href":"https:\/\/www.manquepierda.com\/historiarealbetis\/wp-json\/wp\/v2\/categories?post=39150"},{"taxonomy":"post_tag","embeddable":true,"href":"https:\/\/www.manquepierda.com\/historiarealbetis\/wp-json\/wp\/v2\/tags?post=39150"}],"curies":[{"name":"wp","href":"https:\/\/api.w.org\/{rel}","templated":true}]}}