{"id":39197,"date":"2014-11-25T18:09:28","date_gmt":"2014-11-25T17:09:28","guid":{"rendered":"http:\/\/www.manquepierda.com\/historiarealbetis\/?p=39197"},"modified":"2024-02-06T20:01:12","modified_gmt":"2024-02-06T19:01:12","slug":"1945-noviembre-25-segunda-division-ud-salamanca-0-real-betis-balompie-1-69aniversario","status":"publish","type":"post","link":"https:\/\/www.manquepierda.com\/historiarealbetis\/1945-noviembre-25-segunda-division-ud-salamanca-0-real-betis-balompie-1-69aniversario\/","title":{"rendered":"1945-Noviembre 25-Segunda.-UDSalamanca-0 Real Betis Balompi\u00e9-1.-70aniversario."},"content":{"rendered":"<p style=\"text-align: center\"><strong>70\u00baANIVERSARIO.-Martes 25 de Noviembre de 2015:<\/strong><\/p>\n<figure id=\"attachment_39198\" aria-describedby=\"caption-attachment-39198\" style=\"width: 680px\" class=\"wp-caption aligncenter\"><a href=\"https:\/\/www.manquepierda.com\/historiarealbetis\/39197-1945-noviembre-25-segunda-division-ud-salamanca-0-real-betis-balompie-1-69aniversario\/el-calvario-salamanca\/\" rel=\"attachment wp-att-39198\"><img data-recalc-dims=\"1\" loading=\"lazy\" decoding=\"async\" class=\"size-medium wp-image-39198\" src=\"https:\/\/i0.wp.com\/www.manquepierda.com\/historiarealbetis\/files\/2014\/11\/El-Calvario-Salamanca.jpg?resize=680%2C400&#038;ssl=1\" alt=\"MMMM\" width=\"680\" height=\"400\" srcset=\"https:\/\/i0.wp.com\/www.manquepierda.com\/historiarealbetis\/files\/2014\/11\/El-Calvario-Salamanca.jpg?resize=680%2C400&amp;ssl=1 680w, https:\/\/i0.wp.com\/www.manquepierda.com\/historiarealbetis\/files\/2014\/11\/El-Calvario-Salamanca.jpg?resize=220%2C129&amp;ssl=1 220w, https:\/\/i0.wp.com\/www.manquepierda.com\/historiarealbetis\/files\/2014\/11\/El-Calvario-Salamanca.jpg?w=960&amp;ssl=1 960w\" sizes=\"auto, (max-width: 680px) 100vw, 680px\" \/><\/a><figcaption id=\"caption-attachment-39198\" class=\"wp-caption-text\"><em><strong>1945-NOVIEMBRE 25-DOMINGO.-SALAMANCA.-CAMPO DE F\u00daTBOL\u00bbEL CALVARIO\u00bb (Jueves 08-Marzo1923.-\u00abEl Helm\u00e1ntico\u00bb-Mi\u00e9rcoles 08-Abril 1970).<br \/><\/strong><\/em><\/figcaption><\/figure>\n<p style=\"text-align: justify\"><strong>XV EDICI\u00d3N (Domingos 23-09-1945 hasta 31-03-1946)-CAMPEOMATO NACIONAL LIGA SEGUNDA DIVISI\u00d3N-TEMPORADA 1945-1946: NOVENA JORNADA.<br \/>\n<\/strong><\/p>\n<p style=\"text-align: center\">ARBITR\u00d3:<\/p>\n<figure id=\"attachment_39200\" aria-describedby=\"caption-attachment-39200\" style=\"width: 122px\" class=\"wp-caption aligncenter\"><a href=\"https:\/\/www.manquepierda.com\/historiarealbetis\/39197-1945-noviembre-25-segunda-division-ud-salamanca-0-real-betis-balompie-1-69aniversario\/crm\/\" rel=\"attachment wp-att-39200\"><img data-recalc-dims=\"1\" loading=\"lazy\" decoding=\"async\" class=\"size-thumbnail wp-image-39200\" src=\"https:\/\/i0.wp.com\/www.manquepierda.com\/historiarealbetis\/files\/2014\/11\/CRM.jpg?resize=122%2C220&#038;ssl=1\" alt=\"MMM\" width=\"122\" height=\"220\" srcset=\"https:\/\/i0.wp.com\/www.manquepierda.com\/historiarealbetis\/files\/2014\/11\/CRM.jpg?resize=122%2C220&amp;ssl=1 122w, https:\/\/i0.wp.com\/www.manquepierda.com\/historiarealbetis\/files\/2014\/11\/CRM.jpg?w=216&amp;ssl=1 216w\" sizes=\"auto, (max-width: 122px) 100vw, 122px\" \/><\/a><figcaption id=\"caption-attachment-39200\" class=\"wp-caption-text\">Celestino RODR\u00cdGUEZ MATO.-Colegiado c\u00e1ntabro.<\/figcaption><\/figure>\n<p style=\"text-align: center\"><strong>\u00abQue no encontr\u00f3 dificultad para arbitrar el encuentro,\u00a0 aline\u00f3 a los equipos como sigue\u00bb:<\/strong><\/p>\n<figure id=\"attachment_39199\" aria-describedby=\"caption-attachment-39199\" style=\"width: 216px\" class=\"wp-caption aligncenter\"><a href=\"https:\/\/www.manquepierda.com\/historiarealbetis\/39197-1945-noviembre-25-segunda-division-ud-salamanca-0-real-betis-balompie-1-69aniversario\/n_ud_salamanca_escudo\/\" rel=\"attachment wp-att-39199\"><img data-recalc-dims=\"1\" loading=\"lazy\" decoding=\"async\" class=\"size-thumbnail wp-image-39199\" src=\"https:\/\/i0.wp.com\/www.manquepierda.com\/historiarealbetis\/files\/2014\/11\/n_ud_salamanca_escudo.jpg?resize=216%2C220&#038;ssl=1\" alt=\"mmmmm\" width=\"216\" height=\"220\" srcset=\"https:\/\/i0.wp.com\/www.manquepierda.com\/historiarealbetis\/files\/2014\/11\/n_ud_salamanca_escudo.jpg?resize=216%2C220&amp;ssl=1 216w, https:\/\/i0.wp.com\/www.manquepierda.com\/historiarealbetis\/files\/2014\/11\/n_ud_salamanca_escudo.jpg?w=324&amp;ssl=1 324w\" sizes=\"auto, (max-width: 216px) 100vw, 216px\" \/><\/a><figcaption id=\"caption-attachment-39199\" class=\"wp-caption-text\">UNI\u00d3N DEPORTIVA SALAMANCA-0 TANTOS.<\/figcaption><\/figure>\n<p style=\"text-align: center\"><em><strong>OCTAVO CLASIFICADO CON 9 PUNTOS.-4-ganados+1-empatado+4-perdidos.-17-16 Tantos Favor-Contra.<\/strong><\/em><\/p>\n<p style=\"text-align: justify\"><strong>\u00abEl partido ha sido un fracaso completo del Salamanca,\u00a0 cuyas l\u00edneas se desconcertaron desde el primer momento,\u00a0 no pudiendo rehacerse en la segunda parte\u00bb.-(A).<\/strong><\/p>\n<p style=\"text-align: center\"><em><strong>\u00abNo hay pero que poner a la victoria del Real Betis Balompi\u00e9 frente a la Uni\u00f3n Deportiva Salamanca.<\/strong><\/em><\/p>\n<p style=\"text-align: justify\"><em><strong>El primer equipo que este a\u00f1o arranca puntos del campo del Calvario,\u00a0 lo ha hecho con tal limpieza y con un derroche de entusiasmo tan admirable,\u00a0 que la afici\u00f3n salmantina,\u00a0 si ha quedado disgustada por la derrota de su equipo representativo,\u00a0 reconoc\u00eda un\u00e1nimemente que el Real Betis mereci\u00f3 ganar,\u00a0 porque durante todo el partido hizo gala de un juego vivo,\u00a0 de unos aires de campeonato tan perfecto,\u00a0 que la contienda fue suya en largos per\u00edodos.<\/strong><\/em><\/p>\n<p style=\"text-align: justify\"><em><strong>Durante toda la tarde hubimos de presenciar c\u00f3mo el Salamanca alzaba el bal\u00f3n para que una y otra vez los \u00e1giles muchachos del Betis se hicieran con \u00e9l en un alarde estupendo de entusiasmo y de facultades\u00bb.<\/strong><\/em><\/p>\n<p style=\"text-align: center\">1944-1946 Presidente don Pablo Beltr\u00e1n de Heredia.<\/p>\n<p style=\"text-align: center\">PORTERO:<\/p>\n<figure id=\"attachment_39201\" aria-describedby=\"caption-attachment-39201\" style=\"width: 195px\" class=\"wp-caption aligncenter\"><a href=\"https:\/\/www.manquepierda.com\/historiarealbetis\/39197-1945-noviembre-25-segunda-division-ud-salamanca-0-real-betis-balompie-1-69aniversario\/fernando-tabales-prieto\/\" rel=\"attachment wp-att-39201\"><img data-recalc-dims=\"1\" loading=\"lazy\" decoding=\"async\" class=\"size-thumbnail wp-image-39201\" src=\"https:\/\/i0.wp.com\/www.manquepierda.com\/historiarealbetis\/files\/2014\/11\/Fernando-TABALES-Prieto.jpeg?resize=195%2C220&#038;ssl=1\" alt=\"mmmm\" width=\"195\" height=\"220\" srcset=\"https:\/\/i0.wp.com\/www.manquepierda.com\/historiarealbetis\/files\/2014\/11\/Fernando-TABALES-Prieto.jpeg?resize=195%2C220&amp;ssl=1 195w, https:\/\/i0.wp.com\/www.manquepierda.com\/historiarealbetis\/files\/2014\/11\/Fernando-TABALES-Prieto.jpeg?w=212&amp;ssl=1 212w\" sizes=\"auto, (max-width: 195px) 100vw, 195px\" \/><\/a><figcaption id=\"caption-attachment-39201\" class=\"wp-caption-text\">1.-Fernando TABALES PRIETO 26 a\u00f1os+2 meses+1 d\u00eda.-SEVILLA, mi\u00e9rcoles 24-Septiembre-1919.<\/figcaption><\/figure>\n<p style=\"text-align: center\"><em><strong>*ENCAJ\u00d3 1 TANTO<\/strong><\/em> <em><strong>(0-1.-42 minutos: DOM\u00cdNGUEZ I)*<\/strong><\/em><\/p>\n<p style=\"text-align: center\">DEFENSAS:<\/p>\n<figure id=\"attachment_39202\" aria-describedby=\"caption-attachment-39202\" style=\"width: 146px\" class=\"wp-caption aligncenter\"><a href=\"https:\/\/www.manquepierda.com\/historiarealbetis\/39197-1945-noviembre-25-segunda-division-ud-salamanca-0-real-betis-balompie-1-69aniversario\/manuel_olivares\/\" rel=\"attachment wp-att-39202\"><img data-recalc-dims=\"1\" loading=\"lazy\" decoding=\"async\" class=\"size-thumbnail wp-image-39202\" src=\"https:\/\/i0.wp.com\/www.manquepierda.com\/historiarealbetis\/files\/2014\/11\/Manuel_olivares.jpg?resize=146%2C220&#038;ssl=1\" alt=\"MMMM\" width=\"146\" height=\"220\" srcset=\"https:\/\/i0.wp.com\/www.manquepierda.com\/historiarealbetis\/files\/2014\/11\/Manuel_olivares.jpg?resize=146%2C220&amp;ssl=1 146w, https:\/\/i0.wp.com\/www.manquepierda.com\/historiarealbetis\/files\/2014\/11\/Manuel_olivares.jpg?w=196&amp;ssl=1 196w\" sizes=\"auto, (max-width: 146px) 100vw, 146px\" \/><\/a><figcaption id=\"caption-attachment-39202\" class=\"wp-caption-text\">2.-Manuel OLIVARES LAPE\u00d1A 36 a\u00f1os+7 meses+23 d\u00edas.-SON SERVERA (Islas Baleares), viernes 02-Abril-1909.-CAPIT\u00c1N-ENTRENADOR 1945-1946.<\/figcaption><\/figure>\n<p style=\"text-align: center\">3.-BERNAB\u00c9.<\/p>\n<p style=\"text-align: center\">MEDIOS:<\/p>\n<p style=\"text-align: center\">4.-P\u00c1RRAGA.<\/p>\n<p style=\"text-align: center\">5-Centro.-GARC\u00cdA.<\/p>\n<p style=\"text-align: center\">6.-CONESA.<\/p>\n<p style=\"text-align: center\">DELANTEROS:<\/p>\n<p style=\"text-align: center\">7.-NANO.<\/p>\n<p style=\"text-align: center\">8.-D\u00c1MASO.<\/p>\n<p style=\"text-align: center\">9-Centro delantero.-MU\u00d1OZ.<\/p>\n<p style=\"text-align: center\">10.-LUENGO.<\/p>\n<p style=\"text-align: center\">11.-NOGUERALES.<\/p>\n<p style=\"text-align: center\"><strong>VS.<\/strong><\/p>\n<figure id=\"attachment_39203\" aria-describedby=\"caption-attachment-39203\" style=\"width: 154px\" class=\"wp-caption aligncenter\"><a href=\"https:\/\/www.manquepierda.com\/historiarealbetis\/39197-1945-noviembre-25-segunda-division-ud-salamanca-0-real-betis-balompie-1-69aniversario\/1941-rbb-158\/\" rel=\"attachment wp-att-39203\"><img data-recalc-dims=\"1\" loading=\"lazy\" decoding=\"async\" class=\"size-full wp-image-39203\" src=\"https:\/\/i0.wp.com\/www.manquepierda.com\/historiarealbetis\/files\/2014\/11\/1941-RBB.jpg?resize=154%2C154&#038;ssl=1\" alt=\"MMMM\" width=\"154\" height=\"154\" \/><\/a><figcaption id=\"caption-attachment-39203\" class=\"wp-caption-text\"><strong>REAL BETIS BALOMPI\u00c9-1 GOL.<\/strong><\/figcaption><\/figure>\n<p style=\"text-align: justify\"><em><strong>CUARTO CLASIFICADO CON 11 PUNTOS.-5-GANADOS+1-EMPATADO+3-PERDIDOS.-16-GOLES A FAVOR Y 12-TANTOS EN CONTRA.<\/strong><\/em><\/p>\n<figure id=\"attachment_39204\" aria-describedby=\"caption-attachment-39204\" style=\"width: 220px\" class=\"wp-caption alignright\"><a href=\"https:\/\/www.manquepierda.com\/historiarealbetis\/39197-1945-noviembre-25-segunda-division-ud-salamanca-0-real-betis-balompie-1-69aniversario\/eduardobenjumeavazquezarmero1944-1945-8\/\" rel=\"attachment wp-att-39204\"><img data-recalc-dims=\"1\" loading=\"lazy\" decoding=\"async\" class=\"size-thumbnail wp-image-39204\" src=\"https:\/\/i0.wp.com\/www.manquepierda.com\/historiarealbetis\/files\/2014\/11\/EduardoBENJUMEAV%C3%A1zquezArmero1944-1945.jpg?resize=220%2C216&#038;ssl=1\" alt=\"mmmm\" width=\"220\" height=\"216\" srcset=\"https:\/\/i0.wp.com\/www.manquepierda.com\/historiarealbetis\/files\/2014\/11\/EduardoBENJUMEAV%C3%A1zquezArmero1944-1945.jpg?resize=220%2C216&amp;ssl=1 220w, https:\/\/i0.wp.com\/www.manquepierda.com\/historiarealbetis\/files\/2014\/11\/EduardoBENJUMEAV%C3%A1zquezArmero1944-1945.jpg?resize=608%2C600&amp;ssl=1 608w, https:\/\/i0.wp.com\/www.manquepierda.com\/historiarealbetis\/files\/2014\/11\/EduardoBENJUMEAV%C3%A1zquezArmero1944-1945.jpg?resize=710%2C700&amp;ssl=1 710w, https:\/\/i0.wp.com\/www.manquepierda.com\/historiarealbetis\/files\/2014\/11\/EduardoBENJUMEAV%C3%A1zquezArmero1944-1945.jpg?w=1328&amp;ssl=1 1328w\" sizes=\"auto, (max-width: 220px) 100vw, 220px\" \/><\/a><figcaption id=\"caption-attachment-39204\" class=\"wp-caption-text\"><strong>Don Eduardo BENJUMEA V\u00c1ZQUEZ-ARMERO-Abogado-44 a\u00f1os menos 2 d\u00edas.-SEVILLA, mi\u00e9rcoles 27-Noviembre-1901.-XXXII PRESIDENTE REAL BETIS BALOMPI\u00c9.<\/strong><\/figcaption><\/figure>\n<figure id=\"attachment_39205\" aria-describedby=\"caption-attachment-39205\" style=\"width: 150px\" class=\"wp-caption alignleft\"><a href=\"https:\/\/www.manquepierda.com\/historiarealbetis\/39197-1945-noviembre-25-segunda-division-ud-salamanca-0-real-betis-balompie-1-69aniversario\/pedro-sole-junoy-3\/\" rel=\"attachment wp-att-39205\"><img data-recalc-dims=\"1\" loading=\"lazy\" decoding=\"async\" class=\"size-thumbnail wp-image-39205\" src=\"https:\/\/i0.wp.com\/www.manquepierda.com\/historiarealbetis\/files\/2014\/11\/Pedro-Sol%C3%A9-Junoy.jpg?resize=150%2C220&#038;ssl=1\" alt=\"mmm\" width=\"150\" height=\"220\" srcset=\"https:\/\/i0.wp.com\/www.manquepierda.com\/historiarealbetis\/files\/2014\/11\/Pedro-Sol%C3%A9-Junoy.jpg?resize=150%2C220&amp;ssl=1 150w, https:\/\/i0.wp.com\/www.manquepierda.com\/historiarealbetis\/files\/2014\/11\/Pedro-Sol%C3%A9-Junoy.jpg?w=242&amp;ssl=1 242w\" sizes=\"auto, (max-width: 150px) 100vw, 150px\" \/><\/a><figcaption id=\"caption-attachment-39205\" class=\"wp-caption-text\"><strong>Pedro SOL\u00c9 JUNOY 40 a\u00f1os+6 meses+18 d\u00edas.-BARCELONA, domingo 07-Mayo-1905.-ENTRENADOR REAL BETIS BALOMPI\u00c9.<\/strong><\/figcaption><\/figure>\n<p style=\"text-align: justify\"><em><strong>\u00abSobresali\u00f3 la labor firme y en\u00e9rgica de su defensa y el juego fino y r\u00e1pido de sus extremos.<\/strong><\/em><\/p>\n<p style=\"text-align: justify\"><em><strong>Quede apuntado que el Real Betis Balompi\u00e9 domin\u00f3 en el primer tiempo,\u00a0 salvo los cinco primeros minutos.<\/strong><\/em><\/p>\n<p style=\"text-align: justify\"><em><strong>Avanzadas r\u00e1pidas por los extremos,\u00a0 con pases profundos al delantero centro,\u00a0 colocado,\u00a0 muy adelantado,\u00a0 entre los dos defensas salmantinos.<\/strong><\/em><\/p>\n<p style=\"text-align: justify\"><em><strong>Esta fue la t\u00e1ctica del Betis Balompi\u00e9 en los primeros momentos de tanteo,\u00a0 que no les dio resultado,\u00a0 porque los dos interiores se encontraban muy retrasados;\u00a0 pero as\u00ed y todo,\u00a0 consiguieron dominar y desconcertar a los medios e interiores salmantinos.<\/strong><\/em><\/p>\n<p style=\"text-align: left\"><em><strong>Todo el primer tiempo,\u00a0 como ya decimos,\u00a0 fue suyo.<\/strong><\/em><\/p>\n<p style=\"text-align: justify\"><em><strong>No obstante esta labor,\u00a0 verdaderamente meritoria del Betis,\u00a0 no hall\u00f3 resultado satisfactorio merced quiz\u00e1s a la t\u00e1ctica inicial de los interiores retrasados.<\/strong><\/em><\/p>\n<p style=\"text-align: justify\"><em><strong>Se hall\u00f3 muy solo el centro delantero y fue poco enemigo un hombre solo para los dos defensas unionistas,\u00a0 que,\u00a0 por otra parte,\u00a0 fueron quiz\u00e1s los \u00fanicos,\u00a0 con\u00a0 el portero,\u00a0 que hicieron un juego un poco regular.<\/strong><\/em><\/p>\n<p style=\"text-align: justify\"><em><strong>En la segunda parte domin\u00f3 insistentemente la UD Salamanca,\u00a0 pero se defendi\u00f3 el Real Betis Balompi\u00e9 con bravura y mucha veteran\u00eda.\u00a0\u00a0 Fueron 10 minutos de juego aut\u00e9ntico del equipo unionista.\u00a0\u00a0 <\/strong><\/em><\/p>\n<p style=\"text-align: justify\"><em><strong>El bal\u00f3n a ras del suelo y la l\u00ednea media en su sitio,\u00a0 el Betis Balompi\u00e9 se vio y se dese\u00f3 para contener la avalancha que se le ven\u00eda encima,\u00a0 pero lo hizo a fuerza de entusiasmo y con un derroche de agilidad en todos sus hombres.<\/strong><\/em><\/p>\n<p style=\"text-align: justify\"><em><strong>La defensa se multiplic\u00f3,\u00a0 y se retras\u00f3 todo el equipo,\u00a0 hasta conseguir que otra vez el Salamanca se desconcertara y volviera el mal juego del primer tiempo.<\/strong><\/em><\/p>\n<p style=\"text-align: justify\"><em><strong>La labor defensiva del Betis se la facilit\u00f3 despu\u00e9s el equipo charro,\u00a0 que jug\u00f3 de modo desconcertante\u00bb.-(ABC-SE).<\/strong><\/em><\/p>\n<p style=\"text-align: center\"><strong>GUARDAMETA:<\/strong><\/p>\n<figure id=\"attachment_39206\" aria-describedby=\"caption-attachment-39206\" style=\"width: 127px\" class=\"wp-caption aligncenter\"><a href=\"https:\/\/www.manquepierda.com\/historiarealbetis\/39197-1945-noviembre-25-segunda-division-ud-salamanca-0-real-betis-balompie-1-69aniversario\/alfredo-greus-lozano-2\/\" rel=\"attachment wp-att-39206\"><img data-recalc-dims=\"1\" loading=\"lazy\" decoding=\"async\" class=\"size-thumbnail wp-image-39206\" src=\"https:\/\/i0.wp.com\/www.manquepierda.com\/historiarealbetis\/files\/2014\/11\/Alfredo-GREUS-Lozano1.jpg?resize=127%2C220&#038;ssl=1\" alt=\"MMM\" width=\"127\" height=\"220\" srcset=\"https:\/\/i0.wp.com\/www.manquepierda.com\/historiarealbetis\/files\/2014\/11\/Alfredo-GREUS-Lozano1.jpg?resize=127%2C220&amp;ssl=1 127w, https:\/\/i0.wp.com\/www.manquepierda.com\/historiarealbetis\/files\/2014\/11\/Alfredo-GREUS-Lozano1.jpg?w=347&amp;ssl=1 347w\" sizes=\"auto, (max-width: 127px) 100vw, 127px\" \/><\/a><figcaption id=\"caption-attachment-39206\" class=\"wp-caption-text\"><strong>1.-Alfredo GREUS LOZANO (21 a\u00f1os menos 4 d\u00edas).<br \/><\/strong><\/figcaption><\/figure>\n<p style=\"text-align: center\"><em><strong>IMBATIDO MARCO VERDIBLACO.<\/strong><\/em><\/p>\n<p style=\"text-align: center\"><strong>ZAGUEROS:<\/strong><\/p>\n<p style=\"text-align: center\"><strong>2.-MARIANO S\u00e1enz Cristiano.-26 a\u00f1os+3 meses menos 2 d\u00edas (no localizada imagen).<\/strong><\/p>\n<p style=\"text-align: center\"><a href=\"https:\/\/www.manquepierda.com\/historiarealbetis\/39197-1945-noviembre-25-segunda-division-ud-salamanca-0-real-betis-balompie-1-69aniversario\/franciscoantunezespada-12\/\" rel=\"attachment wp-att-44923\"><img data-recalc-dims=\"1\" loading=\"lazy\" decoding=\"async\" class=\"aligncenter size-thumbnail wp-image-44923\" src=\"https:\/\/i0.wp.com\/www.manquepierda.com\/historiarealbetis\/files\/2014\/11\/FranciscoANT%C3%9ANEZEspada.png?resize=188%2C220&#038;ssl=1\" alt=\"FranciscoANT\u00daNEZEspada\" width=\"188\" height=\"220\" srcset=\"https:\/\/i0.wp.com\/www.manquepierda.com\/historiarealbetis\/files\/2014\/11\/FranciscoANT%C3%9ANEZEspada.png?resize=188%2C220&amp;ssl=1 188w, https:\/\/i0.wp.com\/www.manquepierda.com\/historiarealbetis\/files\/2014\/11\/FranciscoANT%C3%9ANEZEspada.png?w=191&amp;ssl=1 191w\" sizes=\"auto, (max-width: 188px) 100vw, 188px\" \/><\/a><strong>3-Francisco ANT\u00daNEZ Espada (23 a\u00f1os+24 d\u00edas).<\/strong><\/p>\n<p style=\"text-align: center\"><strong>MEDIOS:<\/strong><\/p>\n<p style=\"text-align: center\"><a href=\"https:\/\/www.manquepierda.com\/historiarealbetis\/39197-1945-noviembre-25-segunda-division-ud-salamanca-0-real-betis-balompie-1-69aniversario\/francisco-gene-amare-6\/\" rel=\"attachment wp-att-44924\"><img data-recalc-dims=\"1\" loading=\"lazy\" decoding=\"async\" class=\"aligncenter size-thumbnail wp-image-44924\" src=\"https:\/\/i0.wp.com\/www.manquepierda.com\/historiarealbetis\/files\/2014\/11\/Francisco-GEN%C3%89-Amar%C3%A9.jpg?resize=106%2C220&#038;ssl=1\" alt=\"Francisco GEN\u00c9 Amar\u00e9\" width=\"106\" height=\"220\" srcset=\"https:\/\/i0.wp.com\/www.manquepierda.com\/historiarealbetis\/files\/2014\/11\/Francisco-GEN%C3%89-Amar%C3%A9.jpg?resize=106%2C220&amp;ssl=1 106w, https:\/\/i0.wp.com\/www.manquepierda.com\/historiarealbetis\/files\/2014\/11\/Francisco-GEN%C3%89-Amar%C3%A9.jpg?resize=288%2C600&amp;ssl=1 288w, https:\/\/i0.wp.com\/www.manquepierda.com\/historiarealbetis\/files\/2014\/11\/Francisco-GEN%C3%89-Amar%C3%A9.jpg?w=322&amp;ssl=1 322w\" sizes=\"auto, (max-width: 106px) 100vw, 106px\" \/><\/a><strong>4-Francisco GEN\u00c9 Amar\u00e9 (26 a\u00f1os+8d\u00edas).<\/strong><\/p>\n<p style=\"text-align: center\"><a href=\"https:\/\/www.manquepierda.com\/historiarealbetis\/39197-1945-noviembre-25-segunda-division-ud-salamanca-0-real-betis-balompie-1-69aniversario\/joseruizlopez-2-3\/\" rel=\"attachment wp-att-44925\"><img data-recalc-dims=\"1\" loading=\"lazy\" decoding=\"async\" class=\"aligncenter size-thumbnail wp-image-44925\" src=\"https:\/\/i0.wp.com\/www.manquepierda.com\/historiarealbetis\/files\/2014\/11\/Jos%C3%A9RUIZL%C3%93PEZ-2.jpg?resize=151%2C220&#038;ssl=1\" alt=\"Jos\u00e9RUIZL\u00d3PEZ-2\" width=\"151\" height=\"220\" srcset=\"https:\/\/i0.wp.com\/www.manquepierda.com\/historiarealbetis\/files\/2014\/11\/Jos%C3%A9RUIZL%C3%93PEZ-2.jpg?resize=151%2C220&amp;ssl=1 151w, https:\/\/i0.wp.com\/www.manquepierda.com\/historiarealbetis\/files\/2014\/11\/Jos%C3%A9RUIZL%C3%93PEZ-2.jpg?w=388&amp;ssl=1 388w\" sizes=\"auto, (max-width: 151px) 100vw, 151px\" \/><\/a><strong>5-Jos\u00e9 RUIZ L\u00f3pez.<\/strong><\/p>\n<figure id=\"attachment_39210\" aria-describedby=\"caption-attachment-39210\" style=\"width: 188px\" class=\"wp-caption aligncenter\"><a href=\"https:\/\/www.manquepierda.com\/historiarealbetis\/39197-1945-noviembre-25-segunda-division-ud-salamanca-0-real-betis-balompie-1-69aniversario\/guillermo-coll-munar-6\/\" rel=\"attachment wp-att-39210\"><img data-recalc-dims=\"1\" loading=\"lazy\" decoding=\"async\" class=\"size-thumbnail wp-image-39210\" src=\"https:\/\/i0.wp.com\/www.manquepierda.com\/historiarealbetis\/files\/2014\/11\/Guillermo-COLL-Munar1.png?resize=188%2C220&#038;ssl=1\" alt=\"MMMM\" width=\"188\" height=\"220\" srcset=\"https:\/\/i0.wp.com\/www.manquepierda.com\/historiarealbetis\/files\/2014\/11\/Guillermo-COLL-Munar1.png?resize=188%2C220&amp;ssl=1 188w, https:\/\/i0.wp.com\/www.manquepierda.com\/historiarealbetis\/files\/2014\/11\/Guillermo-COLL-Munar1.png?w=191&amp;ssl=1 191w\" sizes=\"auto, (max-width: 188px) 100vw, 188px\" \/><\/a><figcaption id=\"caption-attachment-39210\" class=\"wp-caption-text\"><strong>6.-Guillermo COLL MUNAR (26 a\u00f1os+10 meses menos 5 d\u00edas).<br \/><\/strong><\/figcaption><\/figure>\n<p style=\"text-align: center\"><strong>DELANTEROS:<\/strong><\/p>\n<p style=\"text-align: center\"><a href=\"https:\/\/www.manquepierda.com\/historiarealbetis\/39197-1945-noviembre-25-segunda-division-ud-salamanca-0-real-betis-balompie-1-69aniversario\/ramon-blanco-jimenez-roldan-6\/\" rel=\"attachment wp-att-44926\"><img data-recalc-dims=\"1\" loading=\"lazy\" decoding=\"async\" class=\"aligncenter size-thumbnail wp-image-44926\" src=\"https:\/\/i0.wp.com\/www.manquepierda.com\/historiarealbetis\/files\/2014\/11\/Ram%C3%B3n-Blanco-Jim%C3%A9nez-ROLD%C3%81N.png?resize=188%2C220&#038;ssl=1\" alt=\"Ram\u00f3n Blanco Jim\u00e9nez &quot;ROLD\u00c1N&quot;\" width=\"188\" height=\"220\" srcset=\"https:\/\/i0.wp.com\/www.manquepierda.com\/historiarealbetis\/files\/2014\/11\/Ram%C3%B3n-Blanco-Jim%C3%A9nez-ROLD%C3%81N.png?resize=188%2C220&amp;ssl=1 188w, https:\/\/i0.wp.com\/www.manquepierda.com\/historiarealbetis\/files\/2014\/11\/Ram%C3%B3n-Blanco-Jim%C3%A9nez-ROLD%C3%81N.png?w=191&amp;ssl=1 191w\" sizes=\"auto, (max-width: 188px) 100vw, 188px\" \/><\/a><strong>7-Ram\u00f3n Blanco Jim\u00e9nez (a) \u00abEL POLLITO ROLD\u00c1N\u00bb (24 a\u00f1os+11 meses+2 d\u00edas).<\/strong><\/p>\n<p style=\"text-align: center\"><a href=\"https:\/\/www.manquepierda.com\/historiarealbetis\/39197-1945-noviembre-25-segunda-division-ud-salamanca-0-real-betis-balompie-1-69aniversario\/antonio-pena-romero-12\/\" rel=\"attachment wp-att-44927\"><img data-recalc-dims=\"1\" loading=\"lazy\" decoding=\"async\" class=\"aligncenter size-thumbnail wp-image-44927\" src=\"https:\/\/i0.wp.com\/www.manquepierda.com\/historiarealbetis\/files\/2014\/11\/Antonio-PE%C3%91A-Romero.jpg?resize=171%2C220&#038;ssl=1\" alt=\"Antonio PE\u00d1A Romero\" width=\"171\" height=\"220\" srcset=\"https:\/\/i0.wp.com\/www.manquepierda.com\/historiarealbetis\/files\/2014\/11\/Antonio-PE%C3%91A-Romero.jpg?resize=171%2C220&amp;ssl=1 171w, https:\/\/i0.wp.com\/www.manquepierda.com\/historiarealbetis\/files\/2014\/11\/Antonio-PE%C3%91A-Romero.jpg?resize=466%2C600&amp;ssl=1 466w, https:\/\/i0.wp.com\/www.manquepierda.com\/historiarealbetis\/files\/2014\/11\/Antonio-PE%C3%91A-Romero.jpg?w=516&amp;ssl=1 516w\" sizes=\"auto, (max-width: 171px) 100vw, 171px\" \/><\/a><strong>8-Antonio PE\u00d1A Romero (22 a\u00f1os+10 meses+24 d\u00edas).<\/strong><\/p>\n<p style=\"text-align: center\"><a href=\"https:\/\/www.manquepierda.com\/historiarealbetis\/39197-1945-noviembre-25-segunda-division-ud-salamanca-0-real-betis-balompie-1-69aniversario\/manuel-dominguez-sanchez\/\" rel=\"attachment wp-att-44928\"><img data-recalc-dims=\"1\" loading=\"lazy\" decoding=\"async\" class=\"aligncenter size-thumbnail wp-image-44928\" src=\"https:\/\/i0.wp.com\/www.manquepierda.com\/historiarealbetis\/files\/2014\/11\/Manuel-DOM%C3%8DNGUEZ-S%C3%A1nchez.jpg?resize=147%2C220&#038;ssl=1\" alt=\"Manuel DOM\u00cdNGUEZ S\u00e1nchez\" width=\"147\" height=\"220\" srcset=\"https:\/\/i0.wp.com\/www.manquepierda.com\/historiarealbetis\/files\/2014\/11\/Manuel-DOM%C3%8DNGUEZ-S%C3%A1nchez.jpg?resize=147%2C220&amp;ssl=1 147w, https:\/\/i0.wp.com\/www.manquepierda.com\/historiarealbetis\/files\/2014\/11\/Manuel-DOM%C3%8DNGUEZ-S%C3%A1nchez.jpg?w=160&amp;ssl=1 160w\" sizes=\"auto, (max-width: 147px) 100vw, 147px\" \/><\/a><strong>9-Ariete.-Manuel DOM\u00cdNGUEZ S\u00e1nchez (a) \u00abDOM\u00cdNGUEZ I\u00bb (19 a\u00f1os+3 meses menos 2 d\u00edas).<\/strong><\/p>\n<p style=\"text-align: justify\"><strong>*0-1.-42 minutos:\u00a0 \u00abCuando faltaban tres minutos para terminar este primer tiempo,\u00a0 un bal\u00f3n muy ce\u00f1ido que parti\u00f3 del extremo derecha verdiblanco,\u00a0 dio en el poste contrario de la meta defendida por Fernando TABALES,\u00a0 se pase\u00f3 ante toda ella,\u00a0 y fue empujado hasta el fondo de la red por el delantero centro Dom\u00ednguez\u00bb.-(ABC)*<\/strong><\/p>\n<p style=\"text-align: justify\"><em><strong>[<\/strong><\/em><em><strong>*0-1.-\u00abEl gol del Real Betis Balompi\u00e9 lo marc\u00f3,\u00a0 faltando 3 minutos para terminar el primer tiempo, el interior derecha Pe\u00f1a,\u00a0 al rematar un centro y dar el bal\u00f3n en el poste,\u00a0 entrando en la red\u00bb.-(seg\u00fan EMD-B-\u00abA\u00bb)*]<\/strong><\/em><\/p>\n<p style=\"text-align: center\"><a href=\"https:\/\/www.manquepierda.com\/historiarealbetis\/39197-1945-noviembre-25-segunda-division-ud-salamanca-0-real-betis-balompie-1-69aniversario\/jose-pineda-alvarez-14\/\" rel=\"attachment wp-att-44929\"><img data-recalc-dims=\"1\" loading=\"lazy\" decoding=\"async\" class=\"aligncenter size-thumbnail wp-image-44929\" src=\"https:\/\/i0.wp.com\/www.manquepierda.com\/historiarealbetis\/files\/2014\/11\/Jos%C3%A9-PINEDA-%C3%81lvarez.png?resize=188%2C220&#038;ssl=1\" alt=\"Jos\u00e9 PINEDA \u00c1lvarez\" width=\"188\" height=\"220\" srcset=\"https:\/\/i0.wp.com\/www.manquepierda.com\/historiarealbetis\/files\/2014\/11\/Jos%C3%A9-PINEDA-%C3%81lvarez.png?resize=188%2C220&amp;ssl=1 188w, https:\/\/i0.wp.com\/www.manquepierda.com\/historiarealbetis\/files\/2014\/11\/Jos%C3%A9-PINEDA-%C3%81lvarez.png?w=191&amp;ssl=1 191w\" sizes=\"auto, (max-width: 188px) 100vw, 188px\" \/><\/a><strong>10-Jos\u00e9 PINEDA \u00c1lvarez (21 a\u00f1os+6 meses menos 2 d\u00edas).<\/strong><\/p>\n<p style=\"text-align: center\"><a href=\"https:\/\/www.manquepierda.com\/historiarealbetis\/39197-1945-noviembre-25-segunda-division-ud-salamanca-0-real-betis-balompie-1-69aniversario\/pitilo-00-7\/\" rel=\"attachment wp-att-44930\"><img data-recalc-dims=\"1\" loading=\"lazy\" decoding=\"async\" class=\"aligncenter size-thumbnail wp-image-44930\" src=\"https:\/\/i0.wp.com\/www.manquepierda.com\/historiarealbetis\/files\/2014\/11\/PITILO-001.jpg?resize=165%2C220&#038;ssl=1\" alt=\"PITILO-00\" width=\"165\" height=\"220\" srcset=\"https:\/\/i0.wp.com\/www.manquepierda.com\/historiarealbetis\/files\/2014\/11\/PITILO-001.jpg?resize=165%2C220&amp;ssl=1 165w, https:\/\/i0.wp.com\/www.manquepierda.com\/historiarealbetis\/files\/2014\/11\/PITILO-001.jpg?w=329&amp;ssl=1 329w\" sizes=\"auto, (max-width: 165px) 100vw, 165px\" \/><\/a><strong>11-\u00c1ngel Dom\u00ednguez Esteban (a) \u00abPITILO\u00bb (26 a\u00f1os+20 d\u00edas).<\/strong><\/p>\n<hr \/>\n<p>\u00abEL CALVARIO\u00bb.-Cortes\u00eda de \u00c1ngel De Arriba S\u00e1nchez-Facebook-\u00abTu rinc\u00f3n preferido en Salamanca\u00bb.-Foto de \u00c1ngel Esteban \u00abF\u00fatbol en El Calvario-Salamanca-Circa-1950.<\/p>\n<p>ABC-SE-19451127-Martes.-Extracto cr\u00f3nica del redactor deportivo de \u00abLa Gaceta Regional\u00bb.-Salamanca 26.<\/p>\n<p style=\"text-align: left\">\u00abEl Mundo Deportivo\u00bb-Barcelona 19451126-Lunes .-<strong>\u00abSalamanca-0 vs. Betis-1.-\u00abPredomin\u00f3 el desconcierto en las filas salmantinas y los b\u00e9ticos supieron sacar provecho\u00bb.-<\/strong>(\u00abA\u00bb).<\/p>\n<p>\u00abLa Vanguardia Espa\u00f1ola\u00bb-Barcelona 19451127-Martes.<\/p>\n<hr \/>\n<p>&nbsp;<\/p>\n<p style=\"text-align: center\">\n","protected":false},"excerpt":{"rendered":"<p>70\u00baANIVERSARIO.-Martes 25 de Noviembre de 2015: XV EDICI\u00d3N (Domingos 23-09-1945 hasta 31-03-1946)-CAMPEOMATO NACIONAL LIGA SEGUNDA DIVISI\u00d3N-TEMPORADA 1945-1946: NOVENA JORNADA. ARBITR\u00d3: \u00abQue no encontr\u00f3 dificultad para arbitrar el encuentro,\u00a0 aline\u00f3 a los equipos como sigue\u00bb: OCTAVO CLASIFICADO CON 9 PUNTOS.-4-ganados+1-empatado+4-perdidos.-17-16 Tantos Favor-Contra. \u00abEl partido ha sido un fracaso completo del Salamanca,\u00a0 cuyas l\u00edneas se desconcertaron desde&#8230;<\/p>\n","protected":false},"author":48,"featured_media":39198,"comment_status":"open","ping_status":"open","sticky":false,"template":"","format":"standard","meta":{"_kad_post_transparent":"","_kad_post_title":"","_kad_post_layout":"","_kad_post_sidebar_id":"","_kad_post_content_style":"","_kad_post_vertical_padding":"","_kad_post_feature":"","_kad_post_feature_position":"","_kad_post_header":false,"_kad_post_footer":false,"_kad_post_classname":"","_jetpack_memberships_contains_paid_content":false,"footnotes":"","jetpack_publicize_message":"","jetpack_publicize_feature_enabled":true,"jetpack_social_post_already_shared":true,"jetpack_social_options":{"image_generator_settings":{"template":"highway","default_image_id":0,"font":"","enabled":false},"version":2}},"categories":[900,1],"tags":[1222,2621,829],"class_list":["post-39197","post","type-post","status-publish","format-standard","has-post-thumbnail","hentry","category-1940-1949","category-portada","tag-1222","tag-1945-46","tag-ud-salamanca"],"jetpack_publicize_connections":[],"jetpack_featured_media_url":"https:\/\/i0.wp.com\/www.manquepierda.com\/historiarealbetis\/files\/2014\/11\/El-Calvario-Salamanca.jpg?fit=960%2C565&ssl=1","jetpack_sharing_enabled":true,"jetpack_shortlink":"https:\/\/wp.me\/p1ij08-acd","jetpack-related-posts":[],"_links":{"self":[{"href":"https:\/\/www.manquepierda.com\/historiarealbetis\/wp-json\/wp\/v2\/posts\/39197","targetHints":{"allow":["GET"]}}],"collection":[{"href":"https:\/\/www.manquepierda.com\/historiarealbetis\/wp-json\/wp\/v2\/posts"}],"about":[{"href":"https:\/\/www.manquepierda.com\/historiarealbetis\/wp-json\/wp\/v2\/types\/post"}],"author":[{"embeddable":true,"href":"https:\/\/www.manquepierda.com\/historiarealbetis\/wp-json\/wp\/v2\/users\/48"}],"replies":[{"embeddable":true,"href":"https:\/\/www.manquepierda.com\/historiarealbetis\/wp-json\/wp\/v2\/comments?post=39197"}],"version-history":[{"count":1,"href":"https:\/\/www.manquepierda.com\/historiarealbetis\/wp-json\/wp\/v2\/posts\/39197\/revisions"}],"predecessor-version":[{"id":92743,"href":"https:\/\/www.manquepierda.com\/historiarealbetis\/wp-json\/wp\/v2\/posts\/39197\/revisions\/92743"}],"wp:featuredmedia":[{"embeddable":true,"href":"https:\/\/www.manquepierda.com\/historiarealbetis\/wp-json\/wp\/v2\/media\/39198"}],"wp:attachment":[{"href":"https:\/\/www.manquepierda.com\/historiarealbetis\/wp-json\/wp\/v2\/media?parent=39197"}],"wp:term":[{"taxonomy":"category","embeddable":true,"href":"https:\/\/www.manquepierda.com\/historiarealbetis\/wp-json\/wp\/v2\/categories?post=39197"},{"taxonomy":"post_tag","embeddable":true,"href":"https:\/\/www.manquepierda.com\/historiarealbetis\/wp-json\/wp\/v2\/tags?post=39197"}],"curies":[{"name":"wp","href":"https:\/\/api.w.org\/{rel}","templated":true}]}}