{"id":39306,"date":"2014-12-03T07:37:07","date_gmt":"2014-12-03T06:37:07","guid":{"rendered":"http:\/\/www.manquepierda.com\/historiarealbetis\/?p=39306"},"modified":"2024-09-28T23:33:23","modified_gmt":"2024-09-28T21:33:23","slug":"alineacion-atletico-de-madrid-betis-liga-1977","status":"publish","type":"post","link":"https:\/\/www.manquepierda.com\/historiarealbetis\/alineacion-atletico-de-madrid-betis-liga-1977\/","title":{"rendered":"Alineaci\u00f3n Atl\u00e9tico de Madrid-Betis Liga 1977"},"content":{"rendered":"<p><a href=\"https:\/\/www.manquepierda.com\/historiarealbetis\/39306-alineacion-atletico-de-madrid-betis-liga-1977\/3-12alineacion-atl-madrid-betis-liga-20-03-1977\/\" rel=\"attachment wp-att-39307\"><img data-recalc-dims=\"1\" loading=\"lazy\" decoding=\"async\" class=\"aligncenter wp-image-39307\" src=\"https:\/\/i0.wp.com\/www.manquepierda.com\/historiarealbetis\/files\/2014\/11\/3-12Alineaci%C3%B3n-Atl.-Madrid-Betis-Liga-20-03-1977.jpg?resize=524%2C324&#038;ssl=1\" alt=\"3-12Alineaci\u00f3n Atl. Madrid-Betis Liga 20-03-1977\" width=\"524\" height=\"324\" srcset=\"https:\/\/i0.wp.com\/www.manquepierda.com\/historiarealbetis\/files\/2014\/11\/3-12Alineaci%C3%B3n-Atl.-Madrid-Betis-Liga-20-03-1977.jpg?w=924&amp;ssl=1 924w, https:\/\/i0.wp.com\/www.manquepierda.com\/historiarealbetis\/files\/2014\/11\/3-12Alineaci%C3%B3n-Atl.-Madrid-Betis-Liga-20-03-1977.jpg?resize=220%2C135&amp;ssl=1 220w, https:\/\/i0.wp.com\/www.manquepierda.com\/historiarealbetis\/files\/2014\/11\/3-12Alineaci%C3%B3n-Atl.-Madrid-Betis-Liga-20-03-1977.jpg?resize=680%2C420&amp;ssl=1 680w\" sizes=\"auto, (max-width: 524px) 100vw, 524px\" \/><\/a><\/p>\n<p>&nbsp;<\/p>\n<p>20 de marzo de 1977 en el Vicente Calder\u00f3n Atl\u00e9tico de Madrid 3 Betis 1; jornada 27 del Campeonato de Liga de Primera Divisi\u00f3n.<\/p>\n<p>En la imagen arriba: Campos, Ben\u00edtez, Biosca, Sabat\u00e9, L\u00f3pez y Cobo; abajo: Garc\u00eda Soriano, Muhren, Megido, Carde\u00f1osa y Gordillo.<\/p>\n<p>Con tantos de Robi, Ayala y Rub\u00e9n Cano el Atl\u00e9tico se impuso al Betis, que logr\u00f3 su gol por medio de Muhren.<\/p>\n<p>Luis Aragon\u00e9s entrenaba al Atl\u00e9tico de Madrid y Rafael Iriondo al Betis.<\/p>\n","protected":false},"excerpt":{"rendered":"<p>&nbsp; 20 de marzo de 1977 en el Vicente Calder\u00f3n Atl\u00e9tico de Madrid 3 Betis 1; jornada 27 del Campeonato de Liga de Primera Divisi\u00f3n. En la imagen arriba: Campos, Ben\u00edtez, Biosca, Sabat\u00e9, L\u00f3pez y Cobo; abajo: Garc\u00eda Soriano, Muhren, Megido, Carde\u00f1osa y Gordillo. Con tantos de Robi, Ayala y Rub\u00e9n Cano el Atl\u00e9tico se&#8230;<\/p>\n","protected":false},"author":5,"featured_media":39307,"comment_status":"open","ping_status":"open","sticky":false,"template":"","format":"standard","meta":{"_kad_post_transparent":"","_kad_post_title":"","_kad_post_layout":"","_kad_post_sidebar_id":"","_kad_post_content_style":"","_kad_post_vertical_padding":"","_kad_post_feature":"","_kad_post_feature_position":"","_kad_post_header":false,"_kad_post_footer":false,"_kad_post_classname":"","_jetpack_memberships_contains_paid_content":false,"footnotes":"","jetpack_publicize_message":"","jetpack_publicize_feature_enabled":true,"jetpack_social_post_already_shared":true,"jetpack_social_options":{"image_generator_settings":{"template":"highway","default_image_id":0,"font":"","enabled":false},"version":2}},"categories":[903,1],"tags":[2238,1024,1465,1120,1157,13849,10130,1304,1178,1505,1181,1155,17864,1303,1305],"class_list":["post-39306","post","type-post","status-publish","format-standard","has-post-thumbnail","hentry","category-1970-1979","category-portada","tag-1976-77","tag-1024","tag-alfredo-megido","tag-antonio-benitez","tag-antonio-biosca","tag-club-atletico-de-madrid","tag-gerrie-muhren","tag-jaume-sabate","tag-javier-lopez","tag-juan-antonio-garcia-soriano","tag-juan-manuel-cobo","tag-julio-cardenosa","tag-liga-primera-1976-77","tag-manuel-campos","tag-rafael-gordillo"],"jetpack_publicize_connections":[],"jetpack_featured_media_url":"https:\/\/i0.wp.com\/www.manquepierda.com\/historiarealbetis\/files\/2014\/11\/3-12Alineaci%C3%B3n-Atl.-Madrid-Betis-Liga-20-03-1977.jpg?fit=924%2C571&ssl=1","jetpack_sharing_enabled":true,"jetpack_shortlink":"https:\/\/wp.me\/p1ij08-adY","jetpack-related-posts":[],"_links":{"self":[{"href":"https:\/\/www.manquepierda.com\/historiarealbetis\/wp-json\/wp\/v2\/posts\/39306","targetHints":{"allow":["GET"]}}],"collection":[{"href":"https:\/\/www.manquepierda.com\/historiarealbetis\/wp-json\/wp\/v2\/posts"}],"about":[{"href":"https:\/\/www.manquepierda.com\/historiarealbetis\/wp-json\/wp\/v2\/types\/post"}],"author":[{"embeddable":true,"href":"https:\/\/www.manquepierda.com\/historiarealbetis\/wp-json\/wp\/v2\/users\/5"}],"replies":[{"embeddable":true,"href":"https:\/\/www.manquepierda.com\/historiarealbetis\/wp-json\/wp\/v2\/comments?post=39306"}],"version-history":[{"count":1,"href":"https:\/\/www.manquepierda.com\/historiarealbetis\/wp-json\/wp\/v2\/posts\/39306\/revisions"}],"predecessor-version":[{"id":99813,"href":"https:\/\/www.manquepierda.com\/historiarealbetis\/wp-json\/wp\/v2\/posts\/39306\/revisions\/99813"}],"wp:featuredmedia":[{"embeddable":true,"href":"https:\/\/www.manquepierda.com\/historiarealbetis\/wp-json\/wp\/v2\/media\/39307"}],"wp:attachment":[{"href":"https:\/\/www.manquepierda.com\/historiarealbetis\/wp-json\/wp\/v2\/media?parent=39306"}],"wp:term":[{"taxonomy":"category","embeddable":true,"href":"https:\/\/www.manquepierda.com\/historiarealbetis\/wp-json\/wp\/v2\/categories?post=39306"},{"taxonomy":"post_tag","embeddable":true,"href":"https:\/\/www.manquepierda.com\/historiarealbetis\/wp-json\/wp\/v2\/tags?post=39306"}],"curies":[{"name":"wp","href":"https:\/\/api.w.org\/{rel}","templated":true}]}}