{"id":39312,"date":"2019-12-01T16:15:53","date_gmt":"2019-12-01T15:15:53","guid":{"rendered":"http:\/\/www.manquepierda.com\/historiarealbetis\/?p=39312"},"modified":"2024-08-14T10:26:37","modified_gmt":"2024-08-14T08:26:37","slug":"hace-80-anos-1934-35-la-liga-que-gano-el-betis","status":"publish","type":"post","link":"https:\/\/www.manquepierda.com\/historiarealbetis\/hace-80-anos-1934-35-la-liga-que-gano-el-betis\/","title":{"rendered":"Hace 85 a\u00f1os. 1934-35. La Liga que gan\u00f3 el Betis"},"content":{"rendered":"<p><a href=\"https:\/\/www.manquepierda.com\/historiarealbetis\/39312-hace-80-anos-1934-35-la-liga-que-gano-el-betis\/betis-campeon-de-liga-nmp-mundo-grafico-1-5-1935\/\" rel=\"attachment wp-att-39313\"><img data-recalc-dims=\"1\" loading=\"lazy\" decoding=\"async\" class=\"aligncenter wp-image-39313\" src=\"https:\/\/i0.wp.com\/www.manquepierda.com\/historiarealbetis\/files\/2014\/11\/Betis-Campe%C3%B3n-de-Liga-NMP-Mundo-Gr%C3%A1fico-1-5-1935.jpg?resize=525%2C368&#038;ssl=1\" alt=\"Betis Campe\u00f3n de Liga (NMP) Mundo Gr\u00e1fico 1-5-1935\" width=\"525\" height=\"368\" srcset=\"https:\/\/i0.wp.com\/www.manquepierda.com\/historiarealbetis\/files\/2014\/11\/Betis-Campe%C3%B3n-de-Liga-NMP-Mundo-Gr%C3%A1fico-1-5-1935.jpg?w=1660&amp;ssl=1 1660w, https:\/\/i0.wp.com\/www.manquepierda.com\/historiarealbetis\/files\/2014\/11\/Betis-Campe%C3%B3n-de-Liga-NMP-Mundo-Gr%C3%A1fico-1-5-1935.jpg?resize=220%2C154&amp;ssl=1 220w, https:\/\/i0.wp.com\/www.manquepierda.com\/historiarealbetis\/files\/2014\/11\/Betis-Campe%C3%B3n-de-Liga-NMP-Mundo-Gr%C3%A1fico-1-5-1935.jpg?resize=680%2C476&amp;ssl=1 680w, https:\/\/i0.wp.com\/www.manquepierda.com\/historiarealbetis\/files\/2014\/11\/Betis-Campe%C3%B3n-de-Liga-NMP-Mundo-Gr%C3%A1fico-1-5-1935.jpg?resize=960%2C673&amp;ssl=1 960w, https:\/\/i0.wp.com\/www.manquepierda.com\/historiarealbetis\/files\/2014\/11\/Betis-Campe%C3%B3n-de-Liga-NMP-Mundo-Gr%C3%A1fico-1-5-1935.jpg?resize=75%2C52&amp;ssl=1 75w\" sizes=\"auto, (max-width: 525px) 100vw, 525px\" \/><\/a><\/p>\n<p><span style=\"color: #008000\">Se cumplen 85 a\u00f1os de la Liga que gan\u00f3 el Betis Balompi\u00e9 en la temporada 1934-35. Por estas fechas el equipo b\u00e9tico estaba preparado en la ciudad de Madrid para hacer su debut en el torneo liguero en el que alcanzar\u00eda \u00a0su mayor \u00e9xito hist\u00f3rico.<\/span><\/p>\n<p><span style=\"color: #008000\">Con este motivo en Manquepierda iniciamos a partir de ma\u00f1ana una serie dedicada a recordar y rememorar cada uno de los 22 partidos que llevaron al equipo verdiblanco a lo m\u00e1s alto, adem\u00e1s de ir viendo las distintas circunstancias que acompa\u00f1aron al conjunto b\u00e9tico durante los 5 meses que dur\u00f3 la competici\u00f3n.<\/span><\/p>\n<p><span style=\"color: #008000\">A partir de ma\u00f1ana. Que ustedes disfruten del mayor \u00e9xito deportivo en la historia de nuestro club.<\/span><\/p>\n<p>&nbsp;<\/p>\n","protected":false},"excerpt":{"rendered":"<p>Se cumplen 85 a\u00f1os de la Liga que gan\u00f3 el Betis Balompi\u00e9 en la temporada 1934-35. Por estas fechas el equipo b\u00e9tico estaba preparado en la ciudad de Madrid para hacer su debut en el torneo liguero en el que alcanzar\u00eda \u00a0su mayor \u00e9xito hist\u00f3rico. Con este motivo en Manquepierda iniciamos a partir de ma\u00f1ana&#8230;<\/p>\n","protected":false},"author":5,"featured_media":39313,"comment_status":"open","ping_status":"open","sticky":false,"template":"","format":"standard","meta":{"_kad_post_transparent":"","_kad_post_title":"","_kad_post_layout":"","_kad_post_sidebar_id":"","_kad_post_content_style":"","_kad_post_vertical_padding":"","_kad_post_feature":"","_kad_post_feature_position":"","_kad_post_header":false,"_kad_post_footer":false,"_kad_post_classname":"","_jetpack_memberships_contains_paid_content":false,"footnotes":"","jetpack_publicize_message":"","jetpack_publicize_feature_enabled":true,"jetpack_social_post_already_shared":true,"jetpack_social_options":{"image_generator_settings":{"template":"highway","default_image_id":0,"font":"","enabled":false},"version":2}},"categories":[899,906,1],"tags":[2267,45,17928],"class_list":["post-39312","post","type-post","status-publish","format-standard","has-post-thumbnail","hentry","category-1930-1939","category-investigacion-temas","category-portada","tag-1934-35","tag-45","tag-liga-primera-1934-35"],"jetpack_publicize_connections":[],"jetpack_featured_media_url":"https:\/\/i0.wp.com\/www.manquepierda.com\/historiarealbetis\/files\/2014\/11\/Betis-Campe%C3%B3n-de-Liga-NMP-Mundo-Gr%C3%A1fico-1-5-1935.jpg?fit=1660%2C1164&ssl=1","jetpack_sharing_enabled":true,"jetpack_shortlink":"https:\/\/wp.me\/p1ij08-ae4","jetpack-related-posts":[],"_links":{"self":[{"href":"https:\/\/www.manquepierda.com\/historiarealbetis\/wp-json\/wp\/v2\/posts\/39312","targetHints":{"allow":["GET"]}}],"collection":[{"href":"https:\/\/www.manquepierda.com\/historiarealbetis\/wp-json\/wp\/v2\/posts"}],"about":[{"href":"https:\/\/www.manquepierda.com\/historiarealbetis\/wp-json\/wp\/v2\/types\/post"}],"author":[{"embeddable":true,"href":"https:\/\/www.manquepierda.com\/historiarealbetis\/wp-json\/wp\/v2\/users\/5"}],"replies":[{"embeddable":true,"href":"https:\/\/www.manquepierda.com\/historiarealbetis\/wp-json\/wp\/v2\/comments?post=39312"}],"version-history":[{"count":1,"href":"https:\/\/www.manquepierda.com\/historiarealbetis\/wp-json\/wp\/v2\/posts\/39312\/revisions"}],"predecessor-version":[{"id":96587,"href":"https:\/\/www.manquepierda.com\/historiarealbetis\/wp-json\/wp\/v2\/posts\/39312\/revisions\/96587"}],"wp:featuredmedia":[{"embeddable":true,"href":"https:\/\/www.manquepierda.com\/historiarealbetis\/wp-json\/wp\/v2\/media\/39313"}],"wp:attachment":[{"href":"https:\/\/www.manquepierda.com\/historiarealbetis\/wp-json\/wp\/v2\/media?parent=39312"}],"wp:term":[{"taxonomy":"category","embeddable":true,"href":"https:\/\/www.manquepierda.com\/historiarealbetis\/wp-json\/wp\/v2\/categories?post=39312"},{"taxonomy":"post_tag","embeddable":true,"href":"https:\/\/www.manquepierda.com\/historiarealbetis\/wp-json\/wp\/v2\/tags?post=39312"}],"curies":[{"name":"wp","href":"https:\/\/api.w.org\/{rel}","templated":true}]}}