{"id":39342,"date":"2014-12-08T08:45:18","date_gmt":"2014-12-08T07:45:18","guid":{"rendered":"http:\/\/www.manquepierda.com\/historiarealbetis\/?p=39342"},"modified":"2024-09-14T16:43:36","modified_gmt":"2024-09-14T14:43:36","slug":"nos-visita-el-real-mallorca-3","status":"publish","type":"post","link":"https:\/\/www.manquepierda.com\/historiarealbetis\/nos-visita-el-real-mallorca-3\/","title":{"rendered":"Nos visita el Real Mallorca"},"content":{"rendered":"<figure id=\"attachment_39343\" aria-describedby=\"caption-attachment-39343\" style=\"width: 575px\" class=\"wp-caption aligncenter\"><a href=\"https:\/\/www.manquepierda.com\/historiarealbetis\/39342-nos-visita-el-real-mallorca-3\/mallorca-91-92\/\" rel=\"attachment wp-att-39343\"><img data-recalc-dims=\"1\" loading=\"lazy\" decoding=\"async\" class=\"wp-image-39343\" src=\"https:\/\/i0.wp.com\/www.manquepierda.com\/historiarealbetis\/files\/2014\/12\/Mallorca-91-92.jpg?resize=575%2C424&#038;ssl=1\" alt=\"El Mallorca en la temporada 1991-92\" width=\"575\" height=\"424\" srcset=\"https:\/\/i0.wp.com\/www.manquepierda.com\/historiarealbetis\/files\/2014\/12\/Mallorca-91-92.jpg?w=960&amp;ssl=1 960w, https:\/\/i0.wp.com\/www.manquepierda.com\/historiarealbetis\/files\/2014\/12\/Mallorca-91-92.jpg?resize=220%2C162&amp;ssl=1 220w, https:\/\/i0.wp.com\/www.manquepierda.com\/historiarealbetis\/files\/2014\/12\/Mallorca-91-92.jpg?resize=680%2C501&amp;ssl=1 680w, https:\/\/i0.wp.com\/www.manquepierda.com\/historiarealbetis\/files\/2014\/12\/Mallorca-91-92.jpg?resize=949%2C700&amp;ssl=1 949w\" sizes=\"auto, (max-width: 575px) 100vw, 575px\" \/><\/a><figcaption id=\"caption-attachment-39343\" class=\"wp-caption-text\">El Mallorca en la temporada 1991-92<\/figcaption><\/figure>\n<p>Hoy a las 18,15 horas recibiremos en el Benito Villamar\u00edn la visita del Real Club Deportivo Mallorca, club fundado en 1916 y que ha disputado 27 temporadas en Primera Divisi\u00f3n, 33 en Segunda, 2 en Segunda B y 12 en Tercera. Ha sido en una ocasi\u00f3n campe\u00f3n de Copa.<\/p>\n<p>La primera visita mallorquinista a terreno b\u00e9tico tuvo lugar el 1 de Octubre de 1944 en partido de Segunda Divisi\u00f3n y en el que el Betis se impuso 1-0 con gol de Valent\u00edn.<\/p>\n<p>El Mallorca ha jugado en terreno b\u00e9tico 21 partidos en Primera Divisi\u00f3n (13 victorias del Betis, 1 empate y 7 victorias del Mallorca), 9 partidos en Segunda Divisi\u00f3n ( 6 victorias b\u00e9ticas, 1 empate y 2 victorias mallorquinistas), y 5 partidos de Copa\u00a0 (2 victorias b\u00e9ticas, 2 empates y 1 victoria balear).\u00a0 De estas 35 visitas\u00a0 4 se jugaron en Heli\u00f3polis, 22 en el Benito Villamar\u00edn y 8 en el Ruiz de Lopera, mientras que una se disput\u00f3 en el Vicente Calder\u00f3n madrile\u00f1o (temporada 2002-03) por estar clausurado el recinto b\u00e9tico.<\/p>\n<p>Entre los jugadores que han militado en ambos clubs podemos citar a Gabriel Amato, Oscar Arp\u00f3n, Agust\u00edn Asenjo, Ram\u00f3n Blanco, Manuel Campos, Jos\u00e9 Cui\u00f1as, Santiago Chicharro, Dionisio G\u00f3mez \u201cDioni\u201d, Finidi George, Francisco Frigols, Jos\u00e9 G\u00e1lvez, Mariano Garc\u00eda de la Puerta, Jos\u00e9 Gran\u00e9s, Iriney Santos, Isidoro Rodr\u00edguez, Jenaro Roig, Manuel Jim\u00e9nez, \u00a0Javier L\u00f3pez, Manuel P\u00e9rez \u201cMacario\u201d, Javier Mantilla, Melchor L\u00f3pez, Andr\u00e9s Molina, Francisco Jos\u00e9 Molinero, Jos\u00e9 Montalvo, Manuel Moreno, Jos\u00e9 Nebot, Manuel Ordaz, Antonio Prats, Jos\u00e9 Rancel, Ra\u00fal Omar Rodr\u00edguez, Mariano Retamar, Enrique Romero, Jaume Sabat\u00e9, \u00a0Vlada Stosic, Gabriel Su\u00f1er, Fernando Varela, Manuel Villanova y Yanko Daucick.<\/p>\n<p>Entre los entrenadores a Jos\u00e9 Quirante, C\u00e9sar Rodr\u00edguez, Sabino Barinaga, Marcel Domingo, Lorenzo Serra, H\u00e9ctor C\u00faper, Fernando V\u00e1zquez y Luis Aragon\u00e9s.<\/p>\n","protected":false},"excerpt":{"rendered":"<p>Hoy a las 18,15 horas recibiremos en el Benito Villamar\u00edn la visita del Real Club Deportivo Mallorca, club fundado en 1916 y que ha disputado 27 temporadas en Primera Divisi\u00f3n, 33 en Segunda, 2 en Segunda B y 12 en Tercera. Ha sido en una ocasi\u00f3n campe\u00f3n de Copa. La primera visita mallorquinista a terreno&#8230;<\/p>\n","protected":false},"author":5,"featured_media":39343,"comment_status":"open","ping_status":"open","sticky":false,"template":"","format":"standard","meta":{"_kad_post_transparent":"","_kad_post_title":"","_kad_post_layout":"","_kad_post_sidebar_id":"","_kad_post_content_style":"","_kad_post_vertical_padding":"","_kad_post_feature":"","_kad_post_feature_position":"","_kad_post_header":false,"_kad_post_footer":false,"_kad_post_classname":"","_jetpack_memberships_contains_paid_content":false,"footnotes":"","jetpack_publicize_message":"","jetpack_publicize_feature_enabled":true,"jetpack_social_post_already_shared":true,"jetpack_social_options":{"image_generator_settings":{"template":"highway","default_image_id":0,"font":"","enabled":false},"version":2}},"categories":[895,1],"tags":[3965,1370,1390,3277,3285,374,1088,381,2457,11700,3275,3286,3289,1053,3279,1304,1178,3281,3280,1566,3278,11699,2628,3283,3030,1482,1457,1456,1303,8381,3282,1421,1619,1050,1698,1082,1466,1306,1632,3284,2240,1110,3276,16815,2462,1008],"class_list":["post-39342","post","type-post","status-publish","format-standard","has-post-thumbnail","hentry","category-los-rivales","category-portada","tag-agustin-asenjo","tag-andres-molina","tag-cesar-rodriguez","tag-dionisio-gomez-dioni","tag-enrique-romero","tag-fernando-varela","tag-fernando-vazquez","tag-finidi-george","tag-francisco-frigols","tag-francisco-jose-molinero","tag-gabriel-amato","tag-gabriel-suner","tag-hector-cuper","tag-iriney-santos","tag-isidoro-rodriguez","tag-jaume-sabate","tag-javier-lopez","tag-javier-mantilla","tag-jenaro-roig","tag-jose-cuinas","tag-jose-galvez","tag-jose-granes","tag-jose-montalvo","tag-jose-nebot","tag-jose-quirante","tag-jose-rancel","tag-lorenzo-serra","tag-luis-aragones","tag-manuel-campos","tag-manuel-jimenez","tag-manuel-moreno","tag-manuel-ordaz","tag-manuel-perez-macario","tag-manuel-villanova","tag-mariano-garcia-de-la-puerta","tag-mariano-retamar","tag-melchor-lopez","tag-oscar-arpon","tag-ramon-blanco","tag-raul-omar-rodriguez","tag-rcd-mallorca","tag-sabino-barinaga","tag-santiago-chicharro","tag-toni-prats","tag-vlada-stosic","tag-yanko-daucick"],"jetpack_publicize_connections":[],"jetpack_featured_media_url":"https:\/\/i0.wp.com\/www.manquepierda.com\/historiarealbetis\/files\/2014\/12\/Mallorca-91-92.jpg?fit=960%2C708&ssl=1","jetpack_sharing_enabled":true,"jetpack_shortlink":"https:\/\/wp.me\/p1ij08-aey","jetpack-related-posts":[],"_links":{"self":[{"href":"https:\/\/www.manquepierda.com\/historiarealbetis\/wp-json\/wp\/v2\/posts\/39342","targetHints":{"allow":["GET"]}}],"collection":[{"href":"https:\/\/www.manquepierda.com\/historiarealbetis\/wp-json\/wp\/v2\/posts"}],"about":[{"href":"https:\/\/www.manquepierda.com\/historiarealbetis\/wp-json\/wp\/v2\/types\/post"}],"author":[{"embeddable":true,"href":"https:\/\/www.manquepierda.com\/historiarealbetis\/wp-json\/wp\/v2\/users\/5"}],"replies":[{"embeddable":true,"href":"https:\/\/www.manquepierda.com\/historiarealbetis\/wp-json\/wp\/v2\/comments?post=39342"}],"version-history":[{"count":1,"href":"https:\/\/www.manquepierda.com\/historiarealbetis\/wp-json\/wp\/v2\/posts\/39342\/revisions"}],"predecessor-version":[{"id":97424,"href":"https:\/\/www.manquepierda.com\/historiarealbetis\/wp-json\/wp\/v2\/posts\/39342\/revisions\/97424"}],"wp:featuredmedia":[{"embeddable":true,"href":"https:\/\/www.manquepierda.com\/historiarealbetis\/wp-json\/wp\/v2\/media\/39343"}],"wp:attachment":[{"href":"https:\/\/www.manquepierda.com\/historiarealbetis\/wp-json\/wp\/v2\/media?parent=39342"}],"wp:term":[{"taxonomy":"category","embeddable":true,"href":"https:\/\/www.manquepierda.com\/historiarealbetis\/wp-json\/wp\/v2\/categories?post=39342"},{"taxonomy":"post_tag","embeddable":true,"href":"https:\/\/www.manquepierda.com\/historiarealbetis\/wp-json\/wp\/v2\/tags?post=39342"}],"curies":[{"name":"wp","href":"https:\/\/api.w.org\/{rel}","templated":true}]}}