{"id":39545,"date":"2014-12-13T07:44:01","date_gmt":"2014-12-13T06:44:01","guid":{"rendered":"http:\/\/www.manquepierda.com\/historiarealbetis\/?p=39545"},"modified":"2024-10-11T07:36:15","modified_gmt":"2024-10-11T05:36:15","slug":"visitamos-al-cd-lugo","status":"publish","type":"post","link":"https:\/\/www.manquepierda.com\/historiarealbetis\/visitamos-al-cd-lugo\/","title":{"rendered":"Visitamos al CD Lugo"},"content":{"rendered":"<figure id=\"attachment_39546\" aria-describedby=\"caption-attachment-39546\" style=\"width: 575px\" class=\"wp-caption aligncenter\"><a href=\"https:\/\/www.manquepierda.com\/historiarealbetis\/39545-visitamos-al-cd-lugo\/cd-lugo-2011-12\/\" rel=\"attachment wp-att-39546\"><img data-recalc-dims=\"1\" loading=\"lazy\" decoding=\"async\" class=\"wp-image-39546\" src=\"https:\/\/i0.wp.com\/www.manquepierda.com\/historiarealbetis\/files\/2014\/12\/CD-Lugo-2011-12.jpg?resize=575%2C383&#038;ssl=1\" alt=\"El CD Lugo en la temporada 2011-12\" width=\"575\" height=\"383\" srcset=\"https:\/\/i0.wp.com\/www.manquepierda.com\/historiarealbetis\/files\/2014\/12\/CD-Lugo-2011-12.jpg?w=1600&amp;ssl=1 1600w, https:\/\/i0.wp.com\/www.manquepierda.com\/historiarealbetis\/files\/2014\/12\/CD-Lugo-2011-12.jpg?resize=220%2C146&amp;ssl=1 220w, https:\/\/i0.wp.com\/www.manquepierda.com\/historiarealbetis\/files\/2014\/12\/CD-Lugo-2011-12.jpg?resize=680%2C453&amp;ssl=1 680w, https:\/\/i0.wp.com\/www.manquepierda.com\/historiarealbetis\/files\/2014\/12\/CD-Lugo-2011-12.jpg?resize=960%2C639&amp;ssl=1 960w\" sizes=\"auto, (max-width: 575px) 100vw, 575px\" \/><\/a><figcaption id=\"caption-attachment-39546\" class=\"wp-caption-text\">El CD Lugo en la temporada 2011-12<\/figcaption><\/figure>\n<p>&nbsp;<\/p>\n<p>Hoy a las 18.15 horas visitaremos en el Angel Carro al Club Deportivo Lugo, fundado en 1953 y que ha disputado 4 temporadas en Segunda, 23 en Segunda B y 34 en Tercera.<\/p>\n<p>&nbsp;<\/p>\n<p>La primera visita del Betis a terreno lucense fue un amistoso jugado en agosto de 1988, aprovechando la concentraci\u00f3n del equipo b\u00e9tico en la localidad gallega de Villalba en esa pretemporada. El partido finaliz\u00f3 con empate a 0.<\/p>\n<p>&nbsp;<\/p>\n<p>Han sido un total de 3 los partidos jugados all\u00ed por el Betis: 1 partido de Segunda Divisi\u00f3n con empate, y 2 amistosos (1 empate y 1 victoria b\u00e9tica).<\/p>\n<p>&nbsp;<\/p>\n<p>Entre los jugadores que han militado en ambos clubs podemos mencionar a Angel Cu\u00e9llar, Jos\u00e9 Quiroga, Serg\u00edo Rodr\u00edguez y Vincenzo Rennella.<\/p>\n<p>&nbsp;<\/p>\n<p>Entre los entrenadores Fernando V\u00e1zquez<\/p>\n","protected":false},"excerpt":{"rendered":"<p>&nbsp; Hoy a las 18.15 horas visitaremos en el Angel Carro al Club Deportivo Lugo, fundado en 1953 y que ha disputado 4 temporadas en Segunda, 23 en Segunda B y 34 en Tercera. &nbsp; La primera visita del Betis a terreno lucense fue un amistoso jugado en agosto de 1988, aprovechando la concentraci\u00f3n del&#8230;<\/p>\n","protected":false},"author":5,"featured_media":39546,"comment_status":"open","ping_status":"open","sticky":false,"template":"","format":"standard","meta":{"_kad_post_transparent":"","_kad_post_title":"","_kad_post_layout":"","_kad_post_sidebar_id":"","_kad_post_content_style":"","_kad_post_vertical_padding":"","_kad_post_feature":"","_kad_post_feature_position":"","_kad_post_header":false,"_kad_post_footer":false,"_kad_post_classname":"","_jetpack_memberships_contains_paid_content":false,"footnotes":"","jetpack_publicize_message":"","jetpack_publicize_feature_enabled":true,"jetpack_social_post_already_shared":true,"jetpack_social_options":{"image_generator_settings":{"template":"highway","default_image_id":0,"font":"","enabled":false},"version":2}},"categories":[895,1],"tags":[1309,11757,1088,6409,17450,11759],"class_list":["post-39545","post","type-post","status-publish","format-standard","has-post-thumbnail","hentry","category-los-rivales","category-portada","tag-angel-cuellar","tag-cd-lugo","tag-fernando-vazquez","tag-jose-quiroga","tag-sergio-rodriguez-2","tag-vincenzo-rennella"],"jetpack_publicize_connections":[],"jetpack_featured_media_url":"https:\/\/i0.wp.com\/www.manquepierda.com\/historiarealbetis\/files\/2014\/12\/CD-Lugo-2011-12.jpg?fit=1600%2C1066&ssl=1","jetpack_sharing_enabled":true,"jetpack_shortlink":"https:\/\/wp.me\/p1ij08-ahP","jetpack-related-posts":[],"_links":{"self":[{"href":"https:\/\/www.manquepierda.com\/historiarealbetis\/wp-json\/wp\/v2\/posts\/39545","targetHints":{"allow":["GET"]}}],"collection":[{"href":"https:\/\/www.manquepierda.com\/historiarealbetis\/wp-json\/wp\/v2\/posts"}],"about":[{"href":"https:\/\/www.manquepierda.com\/historiarealbetis\/wp-json\/wp\/v2\/types\/post"}],"author":[{"embeddable":true,"href":"https:\/\/www.manquepierda.com\/historiarealbetis\/wp-json\/wp\/v2\/users\/5"}],"replies":[{"embeddable":true,"href":"https:\/\/www.manquepierda.com\/historiarealbetis\/wp-json\/wp\/v2\/comments?post=39545"}],"version-history":[{"count":1,"href":"https:\/\/www.manquepierda.com\/historiarealbetis\/wp-json\/wp\/v2\/posts\/39545\/revisions"}],"predecessor-version":[{"id":100207,"href":"https:\/\/www.manquepierda.com\/historiarealbetis\/wp-json\/wp\/v2\/posts\/39545\/revisions\/100207"}],"wp:featuredmedia":[{"embeddable":true,"href":"https:\/\/www.manquepierda.com\/historiarealbetis\/wp-json\/wp\/v2\/media\/39546"}],"wp:attachment":[{"href":"https:\/\/www.manquepierda.com\/historiarealbetis\/wp-json\/wp\/v2\/media?parent=39545"}],"wp:term":[{"taxonomy":"category","embeddable":true,"href":"https:\/\/www.manquepierda.com\/historiarealbetis\/wp-json\/wp\/v2\/categories?post=39545"},{"taxonomy":"post_tag","embeddable":true,"href":"https:\/\/www.manquepierda.com\/historiarealbetis\/wp-json\/wp\/v2\/tags?post=39545"}],"curies":[{"name":"wp","href":"https:\/\/api.w.org\/{rel}","templated":true}]}}