{"id":39553,"date":"2014-12-12T07:09:02","date_gmt":"2014-12-12T06:09:02","guid":{"rendered":"http:\/\/www.manquepierda.com\/historiarealbetis\/?p=39553"},"modified":"2024-09-03T16:00:50","modified_gmt":"2024-09-03T14:00:50","slug":"alineacion-real-madrid-betis-liga-1966","status":"publish","type":"post","link":"https:\/\/www.manquepierda.com\/historiarealbetis\/alineacion-real-madrid-betis-liga-1966\/","title":{"rendered":"Alineaci\u00f3n Real Madrid-Betis Liga 1966"},"content":{"rendered":"<p><a href=\"https:\/\/www.manquepierda.com\/historiarealbetis\/39553-alineacion-real-madrid-betis-liga-1966\/alineacion-madrid-betis-liga-1966\/\" rel=\"attachment wp-att-39554\"><img data-recalc-dims=\"1\" loading=\"lazy\" decoding=\"async\" class=\"aligncenter wp-image-39554\" src=\"https:\/\/i0.wp.com\/www.manquepierda.com\/historiarealbetis\/files\/2014\/12\/Alineaci%C3%B3n-Madrid-Betis-Liga-1966.jpg?resize=575%2C438&#038;ssl=1\" alt=\"Alineaci\u00f3n Madrid-Betis Liga 1966\" width=\"575\" height=\"438\" srcset=\"https:\/\/i0.wp.com\/www.manquepierda.com\/historiarealbetis\/files\/2014\/12\/Alineaci%C3%B3n-Madrid-Betis-Liga-1966.jpg?w=796&amp;ssl=1 796w, https:\/\/i0.wp.com\/www.manquepierda.com\/historiarealbetis\/files\/2014\/12\/Alineaci%C3%B3n-Madrid-Betis-Liga-1966.jpg?resize=220%2C167&amp;ssl=1 220w, https:\/\/i0.wp.com\/www.manquepierda.com\/historiarealbetis\/files\/2014\/12\/Alineaci%C3%B3n-Madrid-Betis-Liga-1966.jpg?resize=680%2C518&amp;ssl=1 680w\" sizes=\"auto, (max-width: 575px) 100vw, 575px\" \/><\/a><\/p>\n<p>&nbsp;<\/p>\n<p>6 de enero de 1966 en el Santiago Bernab\u00e9u \u00a0Real Madrid 2 Betis 0; jornada 17 del Campeonato de Liga de Primera Divisi\u00f3n.<\/p>\n<p>En la imagen arriba: Perea Esteve, Grau, R\u00edos, Ant\u00f3n, Su\u00e1rez y Frasco; abajo: Azc\u00e1rate, Quino, Ansola, Dioni y Rogelio.<\/p>\n<p>Los jugadores b\u00e9ticos portan brazaletes negros por el fallecimiento del padre del portero suplente Agust\u00edn Carmet<\/p>\n<p>Con goles de Gento y Grosso el Real Madrid se impuso con facilidad al equipo verdiblanco.<\/p>\n<p>Miguel Mu\u00f1oz entrenaba al Real Madrid y Ernesto Pons al Betis<\/p>\n","protected":false},"excerpt":{"rendered":"<p>&nbsp; 6 de enero de 1966 en el Santiago Bernab\u00e9u \u00a0Real Madrid 2 Betis 0; jornada 17 del Campeonato de Liga de Primera Divisi\u00f3n. En la imagen arriba: Perea Esteve, Grau, R\u00edos, Ant\u00f3n, Su\u00e1rez y Frasco; abajo: Azc\u00e1rate, Quino, Ansola, Dioni y Rogelio. Los jugadores b\u00e9ticos portan brazaletes negros por el fallecimiento del padre del&#8230;<\/p>\n","protected":false},"author":5,"featured_media":39554,"comment_status":"open","ping_status":"open","sticky":false,"template":"","format":"standard","meta":{"_kad_post_transparent":"","_kad_post_title":"","_kad_post_layout":"","_kad_post_sidebar_id":"","_kad_post_content_style":"","_kad_post_vertical_padding":"","_kad_post_feature":"","_kad_post_feature_position":"","_kad_post_header":false,"_kad_post_footer":false,"_kad_post_classname":"","_jetpack_memberships_contains_paid_content":false,"footnotes":"","jetpack_publicize_message":"","jetpack_publicize_feature_enabled":true,"jetpack_social_post_already_shared":true,"jetpack_social_options":{"image_generator_settings":{"template":"highway","default_image_id":0,"font":"","enabled":false},"version":2}},"categories":[902,1],"tags":[8183,1592,1084,1617,3277,1212,2903,1615,1010,1621,1386,17861,1618,13362,1396],"class_list":["post-39553","post","type-post","status-publish","format-standard","has-post-thumbnail","hentry","category-1960-1969","category-portada","tag-1965-66","tag-1592","tag-angel-suarez","tag-antonio-martinez-anton","tag-dionisio-gomez-dioni","tag-eusebio-rios","tag-fernando-ansola","tag-francisco-grau","tag-francisco-ortiz-frasco","tag-joaquin-sierra-quino","tag-juan-perea-esteve","tag-liga-primera-1965-66","tag-miguel-azcarate","tag-real-madrid-cf","tag-rogelio-sosa"],"jetpack_publicize_connections":[],"jetpack_featured_media_url":"https:\/\/i0.wp.com\/www.manquepierda.com\/historiarealbetis\/files\/2014\/12\/Alineaci%C3%B3n-Madrid-Betis-Liga-1966.jpg?fit=796%2C607&ssl=1","jetpack_sharing_enabled":true,"jetpack_shortlink":"https:\/\/wp.me\/p1ij08-ahX","jetpack-related-posts":[],"_links":{"self":[{"href":"https:\/\/www.manquepierda.com\/historiarealbetis\/wp-json\/wp\/v2\/posts\/39553","targetHints":{"allow":["GET"]}}],"collection":[{"href":"https:\/\/www.manquepierda.com\/historiarealbetis\/wp-json\/wp\/v2\/posts"}],"about":[{"href":"https:\/\/www.manquepierda.com\/historiarealbetis\/wp-json\/wp\/v2\/types\/post"}],"author":[{"embeddable":true,"href":"https:\/\/www.manquepierda.com\/historiarealbetis\/wp-json\/wp\/v2\/users\/5"}],"replies":[{"embeddable":true,"href":"https:\/\/www.manquepierda.com\/historiarealbetis\/wp-json\/wp\/v2\/comments?post=39553"}],"version-history":[{"count":1,"href":"https:\/\/www.manquepierda.com\/historiarealbetis\/wp-json\/wp\/v2\/posts\/39553\/revisions"}],"predecessor-version":[{"id":96674,"href":"https:\/\/www.manquepierda.com\/historiarealbetis\/wp-json\/wp\/v2\/posts\/39553\/revisions\/96674"}],"wp:featuredmedia":[{"embeddable":true,"href":"https:\/\/www.manquepierda.com\/historiarealbetis\/wp-json\/wp\/v2\/media\/39554"}],"wp:attachment":[{"href":"https:\/\/www.manquepierda.com\/historiarealbetis\/wp-json\/wp\/v2\/media?parent=39553"}],"wp:term":[{"taxonomy":"category","embeddable":true,"href":"https:\/\/www.manquepierda.com\/historiarealbetis\/wp-json\/wp\/v2\/categories?post=39553"},{"taxonomy":"post_tag","embeddable":true,"href":"https:\/\/www.manquepierda.com\/historiarealbetis\/wp-json\/wp\/v2\/tags?post=39553"}],"curies":[{"name":"wp","href":"https:\/\/api.w.org\/{rel}","templated":true}]}}