{"id":39568,"date":"2014-12-10T20:35:49","date_gmt":"2014-12-10T19:35:49","guid":{"rendered":"http:\/\/www.manquepierda.com\/historiarealbetis\/?p=39568"},"modified":"2024-08-17T21:32:12","modified_gmt":"2024-08-17T19:32:12","slug":"1933-diciembre-10-sexta-liga-betis-balompie-2-arenas-club-getxo-0-81aniversario","status":"publish","type":"post","link":"https:\/\/www.manquepierda.com\/historiarealbetis\/1933-diciembre-10-sexta-liga-betis-balompie-2-arenas-club-getxo-0-81aniversario\/","title":{"rendered":"1933-Diciembre 10-Primera.-Betis Balompi\u00e9-2 Arenas Club Getxo-0.-82aniversario."},"content":{"rendered":"<p style=\"text-align: center\"><strong>VI EDICI\u00d3N CAMPEONATO NACIONAL LIGA PRIMERA DIVISI\u00d3N-TEMPORADA 1933-1934.<\/strong><\/p>\n<p style=\"text-align: center\"><strong>Desde domingo 05 de Noviembre de 1933 hasta el domingo 04 de Marzo de 1934, ambos inclusive.<\/strong><\/p>\n<figure id=\"attachment_39569\" aria-describedby=\"caption-attachment-39569\" style=\"width: 369px\" class=\"wp-caption aligncenter\"><a href=\"https:\/\/www.manquepierda.com\/historiarealbetis\/39568-1933-diciembre-10-sexta-liga-betis-balompie-2-arenas-club-getxo-0-81aniversario\/19331210-bb-2-arenas-0-2\/\" rel=\"attachment wp-att-39569\"><img data-recalc-dims=\"1\" loading=\"lazy\" decoding=\"async\" class=\"size-large wp-image-39569\" src=\"https:\/\/i0.wp.com\/www.manquepierda.com\/historiarealbetis\/files\/2014\/12\/19331210-BB-2-Arenas-0.jpg?resize=369%2C700&#038;ssl=1\" alt=\"mmmm\" width=\"369\" height=\"700\" srcset=\"https:\/\/i0.wp.com\/www.manquepierda.com\/historiarealbetis\/files\/2014\/12\/19331210-BB-2-Arenas-0.jpg?resize=369%2C700&amp;ssl=1 369w, https:\/\/i0.wp.com\/www.manquepierda.com\/historiarealbetis\/files\/2014\/12\/19331210-BB-2-Arenas-0.jpg?resize=116%2C220&amp;ssl=1 116w, https:\/\/i0.wp.com\/www.manquepierda.com\/historiarealbetis\/files\/2014\/12\/19331210-BB-2-Arenas-0.jpg?resize=317%2C600&amp;ssl=1 317w, https:\/\/i0.wp.com\/www.manquepierda.com\/historiarealbetis\/files\/2014\/12\/19331210-BB-2-Arenas-0.jpg?zoom=2&amp;resize=369%2C700&amp;ssl=1 738w\" sizes=\"auto, (max-width: 369px) 100vw, 369px\" \/><\/a><figcaption id=\"caption-attachment-39569\" class=\"wp-caption-text\"><em><strong>1933-DICIEMBRE 10-DOMINGO EN \u00abEL PORVENIR\u00bb-CAMPO MUNICIPAL DEPORTES \u00abPATRONATO OBRERO\u00bb.<br \/><\/strong><\/em><\/figcaption><\/figure>\n<p style=\"text-align: center\"><strong>6\u00aa JORNADA-SEXTO CAMPEONATO NACIONAL LIGA PRIMERA DIVISI\u00d3N-TEMPORADA 1933-1934.<\/strong><\/p>\n<p style=\"text-align: center\"><a href=\"https:\/\/www.manquepierda.com\/historiarealbetis\/39568-1933-diciembre-10-sexta-liga-betis-balompie-2-arenas-club-getxo-0-81aniversario\/vista-aerea-del-patronato-nmp-la-union-16-11-1928-680x498-5\/\" rel=\"attachment wp-att-45394\"><img data-recalc-dims=\"1\" loading=\"lazy\" decoding=\"async\" class=\"aligncenter size-medium wp-image-45394\" src=\"https:\/\/i0.wp.com\/www.manquepierda.com\/historiarealbetis\/files\/2014\/12\/Vista-a%C3%A9rea-del-Patronato-NMP-La-Uni%C3%B3n-16-11-1928-680x498-680x498.jpg?resize=680%2C498&#038;ssl=1\" alt=\"Vista-a\u00e9rea-del-Patronato-NMP-La-Uni\u00f3n-16-11-1928-680x498\" width=\"680\" height=\"498\" srcset=\"https:\/\/i0.wp.com\/www.manquepierda.com\/historiarealbetis\/files\/2014\/12\/Vista-a%C3%A9rea-del-Patronato-NMP-La-Uni%C3%B3n-16-11-1928-680x498.jpg?resize=680%2C498&amp;ssl=1 680w, https:\/\/i0.wp.com\/www.manquepierda.com\/historiarealbetis\/files\/2014\/12\/Vista-a%C3%A9rea-del-Patronato-NMP-La-Uni%C3%B3n-16-11-1928-680x498.jpg?resize=220%2C161&amp;ssl=1 220w\" sizes=\"auto, (max-width: 680px) 100vw, 680px\" \/><\/a>\u00abExcelente entrada registr\u00f3 el terreno del \u00abPATRONATO OBRERO\u00bb.<\/p>\n<figure id=\"attachment_39570\" aria-describedby=\"caption-attachment-39570\" style=\"width: 143px\" class=\"wp-caption aligncenter\"><a href=\"https:\/\/www.manquepierda.com\/historiarealbetis\/39568-1933-diciembre-10-sexta-liga-betis-balompie-2-arenas-club-getxo-0-81aniversario\/rmb-2\/\" rel=\"attachment wp-att-39570\"><img data-recalc-dims=\"1\" loading=\"lazy\" decoding=\"async\" class=\"size-full wp-image-39570\" src=\"https:\/\/i0.wp.com\/www.manquepierda.com\/historiarealbetis\/files\/2014\/12\/RMB.jpg?resize=143%2C210&#038;ssl=1\" alt=\"mmmm\" width=\"143\" height=\"210\" \/><\/a><figcaption id=\"caption-attachment-39570\" class=\"wp-caption-text\">Ram\u00f3n MELC\u00d3N BARTOLOM\u00c9 33 a\u00f1os+1 mes menos 20 d\u00edas.-MADRID viernes 30-Noviembre-1900.<\/figcaption><\/figure>\n<p style=\"text-align: center\"><strong>\u00abHizo un arbitraje tan meticuloso que pec\u00f3 en rid\u00edculo\u00bb(HM).<\/strong><\/p>\n<p style=\"text-align: center\"><strong>\u00abMelc\u00f3n dirigi\u00f3 la contienda a satisfacci\u00f3n de todos\u00bb(Luz).<\/strong><\/p>\n<p style=\"text-align: center\"><strong>\u00abArbitr\u00f3 muy bien Melc\u00f3n\u00bb(ESF).<\/strong><\/p>\n<p style=\"text-align: center\"><strong>\u00abSin que sirva de precedente por \u00e9sta vez su labor fue buena\u00bb.<\/strong><\/p>\n<p style=\"text-align: center\">ALINEACIONES:<\/p>\n<figure id=\"attachment_37629\" aria-describedby=\"caption-attachment-37629\" style=\"width: 154px\" class=\"wp-caption aligncenter\"><a href=\"https:\/\/www.manquepierda.com\/historiarealbetis\/37621-1934-septiembre-16-cpto-superregional-valencia-cf-1-betis-balompie-1-lxxx-aniversario\/1931-32bb-15\/\" rel=\"attachment wp-att-37629\"><img data-recalc-dims=\"1\" loading=\"lazy\" decoding=\"async\" class=\"size-full wp-image-37629\" src=\"https:\/\/i0.wp.com\/www.manquepierda.com\/historiarealbetis\/files\/2014\/09\/1931-32BB.jpg?resize=154%2C154&#038;ssl=1\" alt=\"MMMM\" width=\"154\" height=\"154\" \/><\/a><figcaption id=\"caption-attachment-37629\" class=\"wp-caption-text\"><strong>BETIS BALOMPI\u00c9-2 GOLES.<\/strong><\/figcaption><\/figure>\n<p style=\"text-align: center\"><strong>5\u00ba CLASIFICADO CON 6 PUNTOS:\u00a0 3-GANADOS+0-EMPATADOS+3-PERDIDOS.-10-GOLES A FAVOR Y 13-TANTOS EN CONTRA.<\/strong><\/p>\n<figure id=\"attachment_39375\" aria-describedby=\"caption-attachment-39375\" style=\"width: 158px\" class=\"wp-caption alignright\"><a href=\"https:\/\/www.manquepierda.com\/historiarealbetis\/39362-1934-diciembre-02-primera-division-madrid-cf-0-betis-balompie-1-80aniversario\/antonio-moreno-sevillano-26opresidente-rbb-3\/\" rel=\"attachment wp-att-39375\"><img data-recalc-dims=\"1\" loading=\"lazy\" decoding=\"async\" class=\"size-thumbnail wp-image-39375\" src=\"https:\/\/i0.wp.com\/www.manquepierda.com\/historiarealbetis\/files\/2014\/12\/Antonio-Moreno-Sevillano-26%C2%BAPresidente-RBB.jpg?resize=158%2C220&#038;ssl=1\" alt=\"mmmmm\" width=\"158\" height=\"220\" srcset=\"https:\/\/i0.wp.com\/www.manquepierda.com\/historiarealbetis\/files\/2014\/12\/Antonio-Moreno-Sevillano-26%C2%BAPresidente-RBB.jpg?resize=158%2C220&amp;ssl=1 158w, https:\/\/i0.wp.com\/www.manquepierda.com\/historiarealbetis\/files\/2014\/12\/Antonio-Moreno-Sevillano-26%C2%BAPresidente-RBB.jpg?resize=431%2C600&amp;ssl=1 431w, https:\/\/i0.wp.com\/www.manquepierda.com\/historiarealbetis\/files\/2014\/12\/Antonio-Moreno-Sevillano-26%C2%BAPresidente-RBB.jpg?resize=503%2C700&amp;ssl=1 503w, https:\/\/i0.wp.com\/www.manquepierda.com\/historiarealbetis\/files\/2014\/12\/Antonio-Moreno-Sevillano-26%C2%BAPresidente-RBB.jpg?w=860&amp;ssl=1 860w\" sizes=\"auto, (max-width: 158px) 100vw, 158px\" \/><\/a><figcaption id=\"caption-attachment-39375\" class=\"wp-caption-text\"><strong>Don Antonio MORENO SEVILLANO-ABOGADO 32 a\u00f1os+4 meses+ 1 d\u00eda.-OSUNA (Sevilla), viernes 09-Agosto-1901.-PRESIDENTE REAL-BETIS BALOMPI\u00c9.<\/strong><\/figcaption><\/figure>\n<figure id=\"attachment_39376\" aria-describedby=\"caption-attachment-39376\" style=\"width: 132px\" class=\"wp-caption alignleft\"><a href=\"https:\/\/www.manquepierda.com\/historiarealbetis\/39362-1934-diciembre-02-primera-division-madrid-cf-0-betis-balompie-1-80aniversario\/patrickjosephoconnell-24\/\" rel=\"attachment wp-att-39376\"><img data-recalc-dims=\"1\" loading=\"lazy\" decoding=\"async\" class=\"size-thumbnail wp-image-39376\" src=\"https:\/\/i0.wp.com\/www.manquepierda.com\/historiarealbetis\/files\/2014\/12\/PatrickJosephOCONNELL.jpg?resize=132%2C220&#038;ssl=1\" alt=\"MMMM\" width=\"132\" height=\"220\" srcset=\"https:\/\/i0.wp.com\/www.manquepierda.com\/historiarealbetis\/files\/2014\/12\/PatrickJosephOCONNELL.jpg?resize=132%2C220&amp;ssl=1 132w, https:\/\/i0.wp.com\/www.manquepierda.com\/historiarealbetis\/files\/2014\/12\/PatrickJosephOCONNELL.jpg?w=206&amp;ssl=1 206w\" sizes=\"auto, (max-width: 132px) 100vw, 132px\" \/><\/a><figcaption id=\"caption-attachment-39376\" class=\"wp-caption-text\"><strong>Mr. Patrick Joseph O&#8217;CONNELL 46 a\u00f1os+9 meses+2 d\u00edas.-DUBLIN-Drucomdra (Republic of Ireland), martes 08-Marzo-1887.-ENTRENADOR REAL-BETIS BALOMPI\u00c9.<\/strong><\/figcaption><\/figure>\n<p style=\"text-align: left\"><em><strong>\u00abEl Betis Balompi\u00e9 se deshizo del Arenas Club de Getxo jugando a tono con \u00e9l en cuanto a entusiasmo,\u00a0 pero super\u00e1ndolo en calidad t\u00e9cnica.<\/strong><\/em><\/p>\n<p style=\"text-align: left\"><em><strong>Los de Guecho se mostraron en Sevilla totalmente ineficaces cuando se trataba de batir a Urquiaga\u00bb.<\/strong><\/em><\/p>\n<figure id=\"attachment_39572\" aria-describedby=\"caption-attachment-39572\" style=\"width: 133px\" class=\"wp-caption aligncenter\"><a href=\"https:\/\/www.manquepierda.com\/historiarealbetis\/39568-1933-diciembre-10-sexta-liga-betis-balompie-2-arenas-club-getxo-0-81aniversario\/ml-o\/\" rel=\"attachment wp-att-39572\"><img data-recalc-dims=\"1\" loading=\"lazy\" decoding=\"async\" class=\"size-thumbnail wp-image-39572\" src=\"https:\/\/i0.wp.com\/www.manquepierda.com\/historiarealbetis\/files\/2014\/12\/ML-O.jpg?resize=133%2C220&#038;ssl=1\" alt=\"mmmm\" width=\"133\" height=\"220\" \/><\/a><figcaption id=\"caption-attachment-39572\" class=\"wp-caption-text\"><strong>OSELITO.-<em>\u00a1\u00a1 ES TRISTE QUE P\u00c1 GAN\u00c1 DOS PUNTOS TENGAN QUE DEJARSE ECHAR CUATRO EN LA ESPINILLA\u00bb.<\/em><\/strong><\/figcaption><\/figure>\n<p style=\"text-align: center\"><strong>\u00abEmpez\u00f3 el partido con presi\u00f3n de los b\u00e9ticos.\u00a0\u00a0 <\/strong><\/p>\n<p style=\"text-align: center\"><strong>El entusiasmo arenero consigui\u00f3 luego marcar un tren muy fuerte y nivelar la contienda.\u00a0<\/strong><\/p>\n<p style=\"text-align: center\"><strong> La defensa vasca se mostr\u00f3 muy dura. <\/strong><strong>Result\u00f3 lesionado el arenero BARRIOS que permut\u00f3 su puesto con\u00a0 Urquiza.<\/strong><\/p>\n<p style=\"text-align: center\"><strong>GUARDAMETA:<\/strong><\/p>\n<figure id=\"attachment_39163\" aria-describedby=\"caption-attachment-39163\" style=\"width: 188px\" class=\"wp-caption aligncenter\"><a href=\"https:\/\/www.manquepierda.com\/historiarealbetis\/39150-1935-noviembre-24-primera-division-oviedo-fc-2-betis-balompie-3-79aniversario\/joaquin-urquiaga-legarburu-7\/\" rel=\"attachment wp-att-39163\"><img data-recalc-dims=\"1\" loading=\"lazy\" decoding=\"async\" class=\"size-thumbnail wp-image-39163\" src=\"https:\/\/i0.wp.com\/www.manquepierda.com\/historiarealbetis\/files\/2014\/11\/Joaqu%C3%ADn-URQUIAGA-Legarburu1.png?resize=188%2C220&#038;ssl=1\" alt=\"MMMM\" width=\"188\" height=\"220\" srcset=\"https:\/\/i0.wp.com\/www.manquepierda.com\/historiarealbetis\/files\/2014\/11\/Joaqu%C3%ADn-URQUIAGA-Legarburu1.png?resize=188%2C220&amp;ssl=1 188w, https:\/\/i0.wp.com\/www.manquepierda.com\/historiarealbetis\/files\/2014\/11\/Joaqu%C3%ADn-URQUIAGA-Legarburu1.png?w=191&amp;ssl=1 191w\" sizes=\"auto, (max-width: 188px) 100vw, 188px\" \/><\/a><figcaption id=\"caption-attachment-39163\" class=\"wp-caption-text\"><strong>1.-Joaqu\u00edn URQUIAGA LEGARBURU 23 a\u00f1os+9 meses menos 19 d\u00edas.-BILBAO-Zorrotxa-martes 29-Marzo-1910.-IMBATIDO MARCO VERDIBLANCO.<\/strong><\/figcaption><\/figure>\n<p style=\"text-align: center\"><strong>ZAGUEROS:<\/strong><\/p>\n<p style=\"text-align: center\"><strong>2.-Pedro Pablo ARESO ARAMBURU.-24 a\u00f1os+9 meses menos 5 d\u00edas.-VILLAFRANCA DE ORDIZIA (Guip\u00fazcoa),\u00a0 lunes 15-Marzo-1909.-<em>\u00abDESTAC\u00d3\u00bb.<\/em><\/strong><\/p>\n<p style=\"text-align: center\"><strong>3.-Seraf\u00edn AEDO RENIEBLAS.-25 a\u00f1os+1 mes menos 1 d\u00eda.-BARAKALDO (Vizcaya),\u00a0 mi\u00e9rcoles 11-Noviembre-1908.<\/strong><\/p>\n<p style=\"text-align: center\"><strong>MEDIOS:<\/strong><\/p>\n<p style=\"text-align: center\"><strong>4.-Jos\u00e9 Su\u00e1rez Gonz\u00e1lez (a) \u00abPERAL\u00bb.-22 a\u00f1os+8 meses.-SEVILLA,\u00a0 lunes 10-Abril-1911.<\/strong><\/p>\n<figure id=\"attachment_39175\" aria-describedby=\"caption-attachment-39175\" style=\"width: 131px\" class=\"wp-caption aligncenter\"><a href=\"https:\/\/www.manquepierda.com\/historiarealbetis\/39150-1935-noviembre-24-primera-division-oviedo-fc-2-betis-balompie-3-79aniversario\/enrique-soladrero-arbide-4\/\" rel=\"attachment wp-att-39175\"><img data-recalc-dims=\"1\" loading=\"lazy\" decoding=\"async\" class=\"size-full wp-image-39175\" src=\"https:\/\/i0.wp.com\/www.manquepierda.com\/historiarealbetis\/files\/2014\/11\/Enrique-Soladrero-Arbide.jpg?resize=131%2C189&#038;ssl=1\" alt=\"mmmm\" width=\"131\" height=\"189\" \/><\/a><figcaption id=\"caption-attachment-39175\" class=\"wp-caption-text\"><em><strong>\u00abEn el segundo tiempo se acentu\u00f3 su fracaso al no poder desarrollar con acierto ni una sola jugada\u00bb<\/strong><\/em><\/figcaption><\/figure>\n<p style=\"text-align: center\"><strong>5-Centro.-Enrique SOLADRERO ARBIDE.-20 a\u00f1os+8 mesesmenos 20 d\u00edas.-ARRIGORRIAGA (Vizcaya),\u00a0 mi\u00e9rcoles 30-Abril-1913.<\/strong><\/p>\n<p style=\"text-align: center\"><strong>6.-ADOLFO Sancho Carrillo de Albornoz (a) \u00abADOLFITO-ADOLFO I\u00bb.-28 a\u00f1os+6 meses menos 8 d\u00edas.-SEVILLA,\u00a0 domingo 18-Junio-1905.<\/strong><\/p>\n<p style=\"text-align: center\"><strong>DELANTEROS:<\/strong><\/p>\n<p style=\"text-align: center\"><strong>7.-Pedro Gonz\u00e1lez S\u00e1nchez (a) \u00abTIMIMI\u00bb.-22 a\u00f1os+11 meses+9 d\u00edas.-LAS PALMAS DE GRAN CANARIA-barrio \u00abArenales\u00bb-domingo 1\u00ba-Enero-1911.<\/strong><\/p>\n<p style=\"text-align: center\"><strong>8.-ADOLFO Mart\u00edn Gonz\u00e1lez (a) \u00abADOLFO II\u00bb.-19 a\u00f1os+1 d\u00eda.-SAN CRIST\u00d3BAL DE LA LAGUNA (Tenerife),\u00a0 mi\u00e9rcoles 09-Diciembre-1914.<\/strong><\/p>\n<p style=\"text-align: center\"><strong>9-Centro Delantero-ARIETE.-Victorio UNAMUNO IBARZABAL.-24 a\u00f1os+7 meses menos 11 d\u00edas.-BERGARA (Guip\u00fazcoa),\u00a0 viernes 21-Mayo-1909: <\/strong><\/p>\n<p style=\"text-align: center\"><strong><em>Destac\u00f3.-\u00abLuci\u00f3 su excelente juego\u00bb.-\u00abResult\u00f3 merit\u00edsima su labor en la vanguardia b\u00e9tica\u00bb.<\/em><\/strong><\/p>\n<figure id=\"attachment_39089\" aria-describedby=\"caption-attachment-39089\" style=\"width: 149px\" class=\"wp-caption aligncenter\"><a href=\"https:\/\/www.manquepierda.com\/historiarealbetis\/39077-1932-noviembre-20-mancomunado-centro-sur-betis-balompie-5-atletic-madrid-0-82aniversario\/simon-lecue-andrade-9\/\" rel=\"attachment wp-att-39089\"><img data-recalc-dims=\"1\" loading=\"lazy\" decoding=\"async\" class=\"size-thumbnail wp-image-39089\" src=\"https:\/\/i0.wp.com\/www.manquepierda.com\/historiarealbetis\/files\/2014\/11\/Sim%C3%B3n-Lecue-Andrade1.jpg?resize=149%2C220&#038;ssl=1\" alt=\"mmm\" width=\"149\" height=\"220\" srcset=\"https:\/\/i0.wp.com\/www.manquepierda.com\/historiarealbetis\/files\/2014\/11\/Sim%C3%B3n-Lecue-Andrade1.jpg?resize=149%2C220&amp;ssl=1 149w, https:\/\/i0.wp.com\/www.manquepierda.com\/historiarealbetis\/files\/2014\/11\/Sim%C3%B3n-Lecue-Andrade1.jpg?w=309&amp;ssl=1 309w\" sizes=\"auto, (max-width: 149px) 100vw, 149px\" \/><\/a><figcaption id=\"caption-attachment-39089\" class=\"wp-caption-text\"><strong>10.-Sim\u00f3n LECUE ANDRADE.-21 a\u00f1os+10 meses menos 1 d\u00eda.-ARRIGORRIAGA (Vizcaya),\u00a0 domingo 11-Febrero-1912.-<em>\u00abDESTAC\u00d3\u00bb.<\/em><\/strong><\/figcaption><\/figure>\n<p style=\"text-align: center\"><em><strong>**MARC\u00d3 2 GOLES**<\/strong><\/em><\/p>\n<figure id=\"attachment_39569\" aria-describedby=\"caption-attachment-39569\" style=\"width: 116px\" class=\"wp-caption aligncenter\"><a href=\"https:\/\/www.manquepierda.com\/historiarealbetis\/39568-1933-diciembre-10-sexta-liga-betis-balompie-2-arenas-club-getxo-0-81aniversario\/19331210-bb-2-arenas-0-2\/\" rel=\"attachment wp-att-39569\"><img data-recalc-dims=\"1\" loading=\"lazy\" decoding=\"async\" class=\"size-thumbnail wp-image-39569\" src=\"https:\/\/i0.wp.com\/www.manquepierda.com\/historiarealbetis\/files\/2014\/12\/19331210-BB-2-Arenas-0.jpg?resize=116%2C220&#038;ssl=1\" alt=\"mmmm\" width=\"116\" height=\"220\" srcset=\"https:\/\/i0.wp.com\/www.manquepierda.com\/historiarealbetis\/files\/2014\/12\/19331210-BB-2-Arenas-0.jpg?resize=116%2C220&amp;ssl=1 116w, https:\/\/i0.wp.com\/www.manquepierda.com\/historiarealbetis\/files\/2014\/12\/19331210-BB-2-Arenas-0.jpg?resize=317%2C600&amp;ssl=1 317w, https:\/\/i0.wp.com\/www.manquepierda.com\/historiarealbetis\/files\/2014\/12\/19331210-BB-2-Arenas-0.jpg?resize=369%2C700&amp;ssl=1 369w, https:\/\/i0.wp.com\/www.manquepierda.com\/historiarealbetis\/files\/2014\/12\/19331210-BB-2-Arenas-0.jpg?w=846&amp;ssl=1 846w\" sizes=\"auto, (max-width: 116px) 100vw, 116px\" \/><\/a><figcaption id=\"caption-attachment-39569\" class=\"wp-caption-text\"><em><strong>*1-0.-22 MINUTOS*<\/strong><\/em><\/figcaption><\/figure>\n<p style=\"text-align: center\"><em><strong>\u00abUn bal\u00f3n bombeado por \u00abTIMIMI\u00bb, lo recepciona\u00a0 Sim\u00f3n\u00a0 que despu\u00e9s de varios ch\u00fas con despejes de la zaga arenera logra batir a Rafael Egusquiza\u00bb.<\/strong><\/em><\/p>\n<p style=\"text-align: center\"><em><strong>**2-0.-44 MINUTOS**<\/strong><\/em><\/p>\n<p style=\"text-align: center\"><em><strong>\u00abUn pase de SOLADRERO fue recogido de nuevo por el \u00ab10\u00bb fusilando al meta vasco Egusquiza,\u00a0 a consecuencia de un ch\u00fa archisuperi\u00f3 fort\u00edsimo,\u00a0 r\u00e1pido,\u00a0 raso y lejano\u00bb.<\/strong><\/em><\/p>\n<p style=\"text-align: center\"><strong>11.-Manuel FERN\u00c1NDEZ (a) \u00abMANOL\u00cdN\u00bb.-BARAKALDO\u00a0 (Vizcaya) \u00bf?.<\/strong><\/p>\n<p style=\"text-align: center\">VS.<\/p>\n<figure id=\"attachment_39573\" aria-describedby=\"caption-attachment-39573\" style=\"width: 220px\" class=\"wp-caption aligncenter\"><a href=\"https:\/\/www.manquepierda.com\/historiarealbetis\/39568-1933-diciembre-10-sexta-liga-betis-balompie-2-arenas-club-getxo-0-81aniversario\/arenas-getxo\/\" rel=\"attachment wp-att-39573\"><img data-recalc-dims=\"1\" loading=\"lazy\" decoding=\"async\" class=\"size-thumbnail wp-image-39573\" src=\"https:\/\/i0.wp.com\/www.manquepierda.com\/historiarealbetis\/files\/2014\/12\/arenas-getxo.gif?resize=220%2C220&#038;ssl=1\" alt=\"mmmm\" width=\"220\" height=\"220\" \/><\/a><figcaption id=\"caption-attachment-39573\" class=\"wp-caption-text\"><strong>ARENAS CLUB DE GETXO-0 Tantos.<\/strong><\/figcaption><\/figure>\n<p style=\"text-align: center\"><strong>8\u00ba CLASIFICADO CON 5 PUNTOS:\u00a0 2g+1e+3perdidos.-10-14 Tantos Favor-Contra.<\/strong><\/p>\n<figure id=\"attachment_39574\" aria-describedby=\"caption-attachment-39574\" style=\"width: 171px\" class=\"wp-caption alignleft\"><a href=\"https:\/\/www.manquepierda.com\/historiarealbetis\/39568-1933-diciembre-10-sexta-liga-betis-balompie-2-arenas-club-getxo-0-81aniversario\/jose_planas\/\" rel=\"attachment wp-att-39574\"><img data-recalc-dims=\"1\" loading=\"lazy\" decoding=\"async\" class=\"size-thumbnail wp-image-39574\" src=\"https:\/\/i0.wp.com\/www.manquepierda.com\/historiarealbetis\/files\/2014\/12\/Jose_Planas.jpg?resize=171%2C220&#038;ssl=1\" alt=\"mmmm\" width=\"171\" height=\"220\" srcset=\"https:\/\/i0.wp.com\/www.manquepierda.com\/historiarealbetis\/files\/2014\/12\/Jose_Planas.jpg?resize=171%2C220&amp;ssl=1 171w, https:\/\/i0.wp.com\/www.manquepierda.com\/historiarealbetis\/files\/2014\/12\/Jose_Planas.jpg?w=311&amp;ssl=1 311w\" sizes=\"auto, (max-width: 171px) 100vw, 171px\" \/><\/a><figcaption id=\"caption-attachment-39574\" class=\"wp-caption-text\">Jos\u00e9 PLANAS ART\u00c9S.-32 a\u00f1os+8 meses menos 4 d\u00edas.-SAN ANDREU (Barcelona), domingo 14-Abril-1901.<\/figcaption><\/figure>\n<p style=\"text-align: left\"><em><strong>\u00abEn el primer tiempo el Arenas inici\u00f3 un juego brioso para contrarrestar la t\u00e9cnica m\u00e1s refinada de su rival,\u00a0 porque los del Betis Balompi\u00e9 contestaron con an\u00e1loga energ\u00eda.\u00a0 <\/strong><\/em><\/p>\n<p style=\"text-align: left\"><em><strong>Fue por ello r\u00e1pido y potente,\u00a0 con felices intervenciones de Urquiaga y Egusquiza\u00bb.<\/strong><\/em><\/p>\n<figure id=\"attachment_39576\" aria-describedby=\"caption-attachment-39576\" style=\"width: 140px\" class=\"wp-caption aligncenter\"><a href=\"https:\/\/www.manquepierda.com\/historiarealbetis\/39568-1933-diciembre-10-sexta-liga-betis-balompie-2-arenas-club-getxo-0-81aniversario\/abs-3\/\" rel=\"attachment wp-att-39576\"><img data-recalc-dims=\"1\" loading=\"lazy\" decoding=\"async\" class=\"size-full wp-image-39576\" src=\"https:\/\/i0.wp.com\/www.manquepierda.com\/historiarealbetis\/files\/2014\/12\/ABS.jpg?resize=140%2C208&#038;ssl=1\" alt=\"mmmm\" width=\"140\" height=\"208\" \/><\/a><figcaption id=\"caption-attachment-39576\" class=\"wp-caption-text\"><strong>ANTONIO BARRIOS SEOANE.-Lesionado.<\/strong><\/figcaption><\/figure>\n<p style=\"text-align: left\">\u00abEn el segundo tiempo el Arenas jug\u00f3 con diez por la lesi\u00f3n de Barrios en el primero,\u00a0 en que permut\u00f3 su puesto por el de Urquiza;\u00a0 pero por ser la lesi\u00f3n de alguna importancia no pudo salir en el referido per\u00edodo.<\/p>\n<p style=\"text-align: center\">El juego perdi\u00f3 calidad y estuvo m\u00e1s nivelado.\u00a0 La defensa arenera trabaj\u00f3 muy bien\u00bb.<\/p>\n<p style=\"text-align: left\"><strong>\u00abAl reanudarse el juego para la segunda parte,\u00a0 en la que no se obtuvo ning\u00fan gol,\u00a0 el Arenas Club de Getxo sali\u00f3 con diez jugadores porque Barrios se vi\u00f3 obligado a quedarse en la caseta.<\/strong><\/p>\n<p style=\"text-align: center\"><strong>En este tiempo el juego fue de peor clase que el anterior,\u00a0 y la lucha en conjunto result\u00f3 nivelada.<\/strong><\/p>\n<p style=\"text-align: center\"><strong>El Arenas se emple\u00f3 a la defensiva y destac\u00f3 en esta t\u00e1ctica la labor de los zagueros y del medio Alonso\u00bb.<\/strong><\/p>\n<p style=\"text-align: center\">PORTERO<\/p>\n<figure id=\"attachment_39575\" aria-describedby=\"caption-attachment-39575\" style=\"width: 127px\" class=\"wp-caption aligncenter\"><a href=\"https:\/\/www.manquepierda.com\/historiarealbetis\/39568-1933-diciembre-10-sexta-liga-betis-balompie-2-arenas-club-getxo-0-81aniversario\/rea\/\" rel=\"attachment wp-att-39575\"><img data-recalc-dims=\"1\" loading=\"lazy\" decoding=\"async\" class=\"size-full wp-image-39575\" src=\"https:\/\/i0.wp.com\/www.manquepierda.com\/historiarealbetis\/files\/2014\/12\/REA.jpg?resize=127%2C185&#038;ssl=1\" alt=\"MMMMM\" width=\"127\" height=\"185\" \/><\/a><figcaption id=\"caption-attachment-39575\" class=\"wp-caption-text\">1.-Rafael EGUSQUIZA AURREKOETXEA.-21 a\u00f1os+10 meses+5 d\u00edas.-ERANDIO (Vizcaya), lunes 05-Febrero-1912.<\/figcaption><\/figure>\n<p style=\"text-align: left\">2-Francisco EGUSQUIAGUIRE Ulacia.-3-Rom\u00e1n ARRIETA Llona (Defensas).-4-Mart\u00edn CALVO Lavarga.-5-SANTOS Alonso Larraz\u00e1bal.-6-Emilio P\u00c9REZ Fern\u00e1ndez (Medios).-7-TE\u00d3FILO Julio Fern\u00e1ndez Gracia.-8-Javier RIVERO Ugarte.-9-Jos\u00e9 Mar\u00eda YERMO Solaegui-10-Antonio BARRIOS Seoane.-11-Pedro URQUIZA Aristi (Delanteros).<\/p>\n<hr \/>\n<p>Fuentes:<\/p>\n<p><em><strong>\u00abESTAMPA N\u00ba 310-Fot\u00f3grafo sin especificar:\u00a0 En Sevilla lucharon el Betis y el Arenas,\u00a0 venciendo el primero por 2 \u00e1 0.\u00a0\u00a0 Vean ustedes la porter\u00eda del Arenas en el momento que Lecue marca el segundo tanto\u00bb.<\/strong><\/em><\/p>\n<p>\u00abHERALDO DE MADRID\u00bb.-<strong>\u00abEn Sevilla: Betis-2 Arenas-1\u00bb.<\/strong><\/p>\n<p>\u00abEL SIGLO FUTURO\u00bb.-<strong>\u00abEl Betis en Sevilla vence al Arenas\u00bb.<\/strong><\/p>\n<p>\u00abEL SOL\u00bb.-<strong>\u00abBetis-2 Arenas-0\u00bb.-Vi\u00f1eta de OSELITO.<\/strong><\/p>\n<p>\u00abLA VOZ\u00bb.-<strong>\u00abEl campeonato de Liga-N\u00fameros y comentarios de la jornada de ayer,\u00a0 que dej\u00f3 casi igualados a los aut\u00e9nticos rivales\u00bb.<\/strong><\/p>\n<p>\u00abLUZ\u00bb.-<strong>\u00abEl Betis triunfa en su campo\u00bb.<\/strong><\/p>\n<hr \/>\n","protected":false},"excerpt":{"rendered":"<p>VI EDICI\u00d3N CAMPEONATO NACIONAL LIGA PRIMERA DIVISI\u00d3N-TEMPORADA 1933-1934. Desde domingo 05 de Noviembre de 1933 hasta el domingo 04 de Marzo de 1934, ambos inclusive. 6\u00aa JORNADA-SEXTO CAMPEONATO NACIONAL LIGA PRIMERA DIVISI\u00d3N-TEMPORADA 1933-1934. \u00abExcelente entrada registr\u00f3 el terreno del \u00abPATRONATO OBRERO\u00bb. \u00abHizo un arbitraje tan meticuloso que pec\u00f3 en rid\u00edculo\u00bb(HM). \u00abMelc\u00f3n dirigi\u00f3 la contienda a&#8230;<\/p>\n","protected":false},"author":48,"featured_media":39569,"comment_status":"open","ping_status":"open","sticky":false,"template":"","format":"standard","meta":{"_kad_post_transparent":"","_kad_post_title":"","_kad_post_layout":"","_kad_post_sidebar_id":"","_kad_post_content_style":"","_kad_post_vertical_padding":"","_kad_post_feature":"","_kad_post_feature_position":"","_kad_post_header":false,"_kad_post_footer":false,"_kad_post_classname":"","_jetpack_memberships_contains_paid_content":false,"footnotes":"","jetpack_publicize_message":"","jetpack_publicize_feature_enabled":true,"jetpack_social_post_already_shared":true,"jetpack_social_options":{"image_generator_settings":{"template":"highway","default_image_id":0,"font":"","enabled":false},"version":2}},"categories":[899,1],"tags":[1537,2242,11765,17828],"class_list":["post-39568","post","type-post","status-publish","format-standard","has-post-thumbnail","hentry","category-1930-1939","category-portada","tag-1537","tag-1933-34","tag-arenas-club-de-getxo","tag-liga-primera-1933-34"],"jetpack_publicize_connections":[],"jetpack_featured_media_url":"https:\/\/i0.wp.com\/www.manquepierda.com\/historiarealbetis\/files\/2014\/12\/19331210-BB-2-Arenas-0.jpg?fit=846%2C1601&ssl=1","jetpack_sharing_enabled":true,"jetpack_shortlink":"https:\/\/wp.me\/p1ij08-aic","jetpack-related-posts":[],"_links":{"self":[{"href":"https:\/\/www.manquepierda.com\/historiarealbetis\/wp-json\/wp\/v2\/posts\/39568","targetHints":{"allow":["GET"]}}],"collection":[{"href":"https:\/\/www.manquepierda.com\/historiarealbetis\/wp-json\/wp\/v2\/posts"}],"about":[{"href":"https:\/\/www.manquepierda.com\/historiarealbetis\/wp-json\/wp\/v2\/types\/post"}],"author":[{"embeddable":true,"href":"https:\/\/www.manquepierda.com\/historiarealbetis\/wp-json\/wp\/v2\/users\/48"}],"replies":[{"embeddable":true,"href":"https:\/\/www.manquepierda.com\/historiarealbetis\/wp-json\/wp\/v2\/comments?post=39568"}],"version-history":[{"count":1,"href":"https:\/\/www.manquepierda.com\/historiarealbetis\/wp-json\/wp\/v2\/posts\/39568\/revisions"}],"predecessor-version":[{"id":97014,"href":"https:\/\/www.manquepierda.com\/historiarealbetis\/wp-json\/wp\/v2\/posts\/39568\/revisions\/97014"}],"wp:featuredmedia":[{"embeddable":true,"href":"https:\/\/www.manquepierda.com\/historiarealbetis\/wp-json\/wp\/v2\/media\/39569"}],"wp:attachment":[{"href":"https:\/\/www.manquepierda.com\/historiarealbetis\/wp-json\/wp\/v2\/media?parent=39568"}],"wp:term":[{"taxonomy":"category","embeddable":true,"href":"https:\/\/www.manquepierda.com\/historiarealbetis\/wp-json\/wp\/v2\/categories?post=39568"},{"taxonomy":"post_tag","embeddable":true,"href":"https:\/\/www.manquepierda.com\/historiarealbetis\/wp-json\/wp\/v2\/tags?post=39568"}],"curies":[{"name":"wp","href":"https:\/\/api.w.org\/{rel}","templated":true}]}}