{"id":39588,"date":"2014-12-17T07:34:07","date_gmt":"2014-12-17T06:34:07","guid":{"rendered":"http:\/\/www.manquepierda.com\/historiarealbetis\/?p=39588"},"modified":"2024-08-11T17:32:39","modified_gmt":"2024-08-11T15:32:39","slug":"alineacion-betis-salamanca-liga-1969","status":"publish","type":"post","link":"https:\/\/www.manquepierda.com\/historiarealbetis\/alineacion-betis-salamanca-liga-1969\/","title":{"rendered":"Alineaci\u00f3n Betis-Salamanca Liga 1969"},"content":{"rendered":"<p><a href=\"https:\/\/www.manquepierda.com\/historiarealbetis\/39588-alineacion-betis-salamanca-liga-1969\/alineacion-betis-salamanca-liga-1969-nmp\/\" rel=\"attachment wp-att-39589\"><img data-recalc-dims=\"1\" loading=\"lazy\" decoding=\"async\" class=\"aligncenter wp-image-39589\" src=\"https:\/\/i0.wp.com\/www.manquepierda.com\/historiarealbetis\/files\/2014\/12\/Alineaci%C3%B3n-Betis-Salamanca-Liga-1969-NMP.jpg?resize=575%2C348&#038;ssl=1\" alt=\"Alineaci\u00f3n Betis-Salamanca Liga 1969 (NMP)\" width=\"575\" height=\"348\" srcset=\"https:\/\/i0.wp.com\/www.manquepierda.com\/historiarealbetis\/files\/2014\/12\/Alineaci%C3%B3n-Betis-Salamanca-Liga-1969-NMP.jpg?w=718&amp;ssl=1 718w, https:\/\/i0.wp.com\/www.manquepierda.com\/historiarealbetis\/files\/2014\/12\/Alineaci%C3%B3n-Betis-Salamanca-Liga-1969-NMP.jpg?resize=220%2C133&amp;ssl=1 220w, https:\/\/i0.wp.com\/www.manquepierda.com\/historiarealbetis\/files\/2014\/12\/Alineaci%C3%B3n-Betis-Salamanca-Liga-1969-NMP.jpg?resize=680%2C411&amp;ssl=1 680w\" sizes=\"auto, (max-width: 575px) 100vw, 575px\" \/><\/a><\/p>\n<p>&nbsp;<\/p>\n<p>30 de noviembre de 1969 en el Benito Villamar\u00edn \u00a0Betis 1 \u00a0Salamanca 0; jornada 13 del Campeonato de Liga de Segunda Divisi\u00f3n.<\/p>\n<p>En la imagen arriba: Arbea, Telech\u00eda, Torrens, Cobo, Pach\u00f3n y D\u00edaz; abajo: Demetrio, Gonz\u00e1lez, Quino, Rogelio y Macario.<\/p>\n<p>Un gol de lanzamiento de c\u00f3rner directo a cargo de Rogelio en el minuto 86 supuso la victoria b\u00e9tica.<\/p>\n<p>Antonio Barrios entrenaba al Betis y Juan Pablos a la UD Salamanca.<\/p>\n<p>&nbsp;<\/p>\n","protected":false},"excerpt":{"rendered":"<p>&nbsp; 30 de noviembre de 1969 en el Benito Villamar\u00edn \u00a0Betis 1 \u00a0Salamanca 0; jornada 13 del Campeonato de Liga de Segunda Divisi\u00f3n. En la imagen arriba: Arbea, Telech\u00eda, Torrens, Cobo, Pach\u00f3n y D\u00edaz; abajo: Demetrio, Gonz\u00e1lez, Quino, Rogelio y Macario. Un gol de lanzamiento de c\u00f3rner directo a cargo de Rogelio en el minuto&#8230;<\/p>\n","protected":false},"author":5,"featured_media":39589,"comment_status":"open","ping_status":"open","sticky":false,"template":"","format":"standard","meta":{"_kad_post_transparent":"","_kad_post_title":"","_kad_post_layout":"","_kad_post_sidebar_id":"","_kad_post_content_style":"","_kad_post_vertical_padding":"","_kad_post_feature":"","_kad_post_feature_position":"","_kad_post_header":false,"_kad_post_footer":false,"_kad_post_classname":"","_jetpack_memberships_contains_paid_content":false,"footnotes":"","jetpack_publicize_message":"","jetpack_publicize_feature_enabled":true,"jetpack_social_post_already_shared":true,"jetpack_social_options":{"image_generator_settings":{"template":"highway","default_image_id":0,"font":"","enabled":false},"version":2}},"categories":[902,1],"tags":[4201,4844,2311,4346,2086,9796,1621,5082,1181,17854,5211,1619,1040,1396,829],"class_list":["post-39588","post","type-post","status-publish","format-standard","has-post-thumbnail","hentry","category-1960-1969","category-portada","tag-4201","tag-1969-70","tag-demetrio-oliver","tag-francisco-javier-torrens","tag-francisco-telechia","tag-jesus-arbea","tag-joaquin-sierra-quino","tag-jose-manuel-pachon","tag-juan-manuel-cobo","tag-liga-segunda-1969-70","tag-manuel-diaz","tag-manuel-perez-macario","tag-pepe-gonzalez","tag-rogelio-sosa","tag-ud-salamanca"],"jetpack_publicize_connections":[],"jetpack_featured_media_url":"https:\/\/i0.wp.com\/www.manquepierda.com\/historiarealbetis\/files\/2014\/12\/Alineaci%C3%B3n-Betis-Salamanca-Liga-1969-NMP.jpg?fit=718%2C435&ssl=1","jetpack_sharing_enabled":true,"jetpack_shortlink":"https:\/\/wp.me\/p1ij08-aiw","jetpack-related-posts":[],"_links":{"self":[{"href":"https:\/\/www.manquepierda.com\/historiarealbetis\/wp-json\/wp\/v2\/posts\/39588","targetHints":{"allow":["GET"]}}],"collection":[{"href":"https:\/\/www.manquepierda.com\/historiarealbetis\/wp-json\/wp\/v2\/posts"}],"about":[{"href":"https:\/\/www.manquepierda.com\/historiarealbetis\/wp-json\/wp\/v2\/types\/post"}],"author":[{"embeddable":true,"href":"https:\/\/www.manquepierda.com\/historiarealbetis\/wp-json\/wp\/v2\/users\/5"}],"replies":[{"embeddable":true,"href":"https:\/\/www.manquepierda.com\/historiarealbetis\/wp-json\/wp\/v2\/comments?post=39588"}],"version-history":[{"count":1,"href":"https:\/\/www.manquepierda.com\/historiarealbetis\/wp-json\/wp\/v2\/posts\/39588\/revisions"}],"predecessor-version":[{"id":96152,"href":"https:\/\/www.manquepierda.com\/historiarealbetis\/wp-json\/wp\/v2\/posts\/39588\/revisions\/96152"}],"wp:featuredmedia":[{"embeddable":true,"href":"https:\/\/www.manquepierda.com\/historiarealbetis\/wp-json\/wp\/v2\/media\/39589"}],"wp:attachment":[{"href":"https:\/\/www.manquepierda.com\/historiarealbetis\/wp-json\/wp\/v2\/media?parent=39588"}],"wp:term":[{"taxonomy":"category","embeddable":true,"href":"https:\/\/www.manquepierda.com\/historiarealbetis\/wp-json\/wp\/v2\/categories?post=39588"},{"taxonomy":"post_tag","embeddable":true,"href":"https:\/\/www.manquepierda.com\/historiarealbetis\/wp-json\/wp\/v2\/tags?post=39588"}],"curies":[{"name":"wp","href":"https:\/\/api.w.org\/{rel}","templated":true}]}}