{"id":39724,"date":"2014-12-22T07:36:11","date_gmt":"2014-12-22T06:36:11","guid":{"rendered":"http:\/\/www.manquepierda.com\/historiarealbetis\/?p=39724"},"modified":"2024-09-06T19:02:42","modified_gmt":"2024-09-06T17:02:42","slug":"entrevista-rafael-gordillo-1983","status":"publish","type":"post","link":"https:\/\/www.manquepierda.com\/historiarealbetis\/entrevista-rafael-gordillo-1983\/","title":{"rendered":"Entrevista Rafael Gordillo 1983"},"content":{"rendered":"<p><a href=\"https:\/\/www.manquepierda.com\/historiarealbetis\/39724-entrevista-rafael-gordillo-1983\/entrevista-rafael-gordillo-1983-nmp-as-18-12-1983\/\" rel=\"attachment wp-att-39725\"><img data-recalc-dims=\"1\" loading=\"lazy\" decoding=\"async\" class=\"alignleft wp-image-39725\" src=\"https:\/\/i0.wp.com\/www.manquepierda.com\/historiarealbetis\/files\/2014\/12\/Entrevista-Rafael-Gordillo-1983-NMP-AS-18-12-1983.jpg?resize=227%2C275&#038;ssl=1\" alt=\"Entrevista Rafael Gordillo 1983 (NMP) AS 18-12-1983\" width=\"227\" height=\"275\" srcset=\"https:\/\/i0.wp.com\/www.manquepierda.com\/historiarealbetis\/files\/2014\/12\/Entrevista-Rafael-Gordillo-1983-NMP-AS-18-12-1983.jpg?w=277&amp;ssl=1 277w, https:\/\/i0.wp.com\/www.manquepierda.com\/historiarealbetis\/files\/2014\/12\/Entrevista-Rafael-Gordillo-1983-NMP-AS-18-12-1983.jpg?resize=181%2C220&amp;ssl=1 181w\" sizes=\"auto, (max-width: 227px) 100vw, 227px\" \/><\/a>La entrevista que hoy traemos se public\u00f3 en Marca el 18 de diciembre de 1983, tres d\u00edas antes de que la selecci\u00f3n espa\u00f1ola consiguiera la brillante y aplastante victoria (12-1) que le sirvi\u00f3 para clasificarse para la fase final de la Eurocopa de 1984 en Francia.<\/p>\n<p>Rafael Gordillo, junto a Hip\u00f3lito Rinc\u00f3n, fueron los dos representantes b\u00e9ticos esa noche en el Villamar\u00edn. Es por esa actualidad que parte de la entrevista se centra en ese partido, pero adem\u00e1s hay otras claves en ella: la propia trayectoria de Gordillo en la selecci\u00f3n, con su queja a Kubala por no haber sido de la partida en el Mundial de Argentina de 1978, o el triste papel en el Mundial de Espa\u00f1a en 1982.<\/p>\n<p>Y tambi\u00e9n en verdiblanco Rafael Gordillo repasa su vida y trayectoria, desde que lleg\u00f3 al Betis de la mano de Rafael Cruz, pasando por su etapa juvenil o el debut con el primer equipo de la mano de Rafael Iriondo.<\/p>\n<p>&nbsp;<\/p>\n<p>Una interesante entrevista a uno de los futbolistas b\u00e9ticos m\u00e1s importantes de la historia y, \u00a0sin duda alguna, el estandarte del Betis de los a\u00f1os 80.<\/p>\n<p>&nbsp;<\/p>\n<p><span style=\"color: #008000\">\u201cGordillo es el mejor jugador espa\u00f1ol\u201d, ha dicho en m\u00e1s de una ocasi\u00f3n Diego Armando Maradona, que de f\u00fatbol sabe un rato. Uno no se atrever\u00eda a tanto, pero que Rafael Gordillo V\u00e1zquez es uno de los mejores futbolistas patrios es una realidad, como lo prueba el hecho de que figura entre los elegidos por Miguel Mu\u00f1oz, aparte de haber sido internacional con la selecci\u00f3n absoluta en cuarenta y dos partidos, el mismo n\u00famero que Jos\u00e9 Antonio Camacho, y superado por pocos: Arconada, Ir\u00edbar, Gento y no recuerdo si hay alg\u00fan otro m\u00e1s.<\/span><\/p>\n<p><span style=\"color: #008000\">Por el momento las aspiraciones de Gordillo no van muy lejos: \u201c<em>Quiero llegar a los cincuentas partidos con la selecci\u00f3n absoluta. Creo que es una bonita cifra. Si es m\u00e1s, mejor\u201d.<\/em><\/span><\/p>\n<p><span style=\"color: #008000\">Naci\u00f3 en Almendralejo (Badajoz) el 4 de febrero de 1956, pero se considera sevillano a todos los efectos: \u201c<em>No es que reniegue de ser extreme\u00f1o. Nac\u00ed all\u00ed casualmente, y a los veinticinco d\u00edas, despu\u00e9s de bautizarme, me trajeron a Sevilla. Me considero, por tanto, muy sevillano\u201d.<\/em><\/span><\/p>\n<p><span style=\"color: #008000\">De no haber sido futbolista no sabe qu\u00e9 hubiera sido en esta vida, aunque por su aspecto f\u00edsico pueda parecer un bailar\u00edn de flamenco o un torero: \u201c<em>S\u00ed. \u00bfA ti te parece eso? \u00a1No, qu\u00e9 va\u00a1. S\u00f3lo me hac\u00eda falta ser bailar\u00edn. \u00bfTorero? \u00a1Si le tengo mucho miedo a los toros\u2026\u00a1 Me gusta verlos desde la barrera\u201d<\/em>. Asiste a alguna corrida, y entre preferencias figuran aquellas en cuyos carteles aparecen Curro Romero, Paquirri o Rafael de Paula. Le va el toro del arte. \u201c<em>Curro Romero es el mejor. S\u00ed, un poquillo irregular como el Betis, pero el mejor\u201d.<\/em><\/span><\/p>\n<p><span style=\"color: #008000\">Desde siempre ha vivido en el pol\u00edgono de San Pablo, \u201cd<em>onde seguir\u00e9 viviendo mucho tiempo. No tengo intenci\u00f3n de marcharme de all\u00ed, porque ah\u00ed est\u00e1 mi gente, mis amigos. Tambi\u00e9n mi mujer vivi\u00f3 toda su vida en San Pablo, y nos sentimos muy identificados con las personas que residen en \u00e9l. Mi cu\u00f1ado tiene un bar, y en \u00e9l estoy muchas veces, tomando el aperitivo, jugando al tute, charlando\u201d.<\/em><\/span><\/p>\n<p><span style=\"color: #008000\">Cuando Gordillo romp\u00eda zapatos dando patadas al bal\u00f3n con el equipo del barrio, su padre se ganaba el pan en la carretera al volante de un cami\u00f3n: \u201c<em>Era camionero. Trabajaba bastante y por eso en mi casa no lo pas\u00e1bamos mal. Siempre ten\u00edamos para comer y vestir<\/em>\u201d. Pero la primera profesi\u00f3n de su padre tambi\u00e9n fue la de futbolista: \u201c<em>S\u00ed, jug\u00f3 en el Extremadura, Espa\u00f1a de T\u00e1nger, C\u00e1diz\u2026 Me ayud\u00f3 a inclinarme por el f\u00fatbol<\/em>\u201d. Gordillo recuerda lo feliz que se pudo su padre cuando Rafael Cruz, directivo del Betis, fue a su casa para llevarle a los infantiles del Betis: \u201c<em>Pero al principio me aburr\u00eda porque no me pon\u00edan. Adem\u00e1s, me costaba adaptarme a la disciplina. En edad juvenil recuerdo que faltaba a muchos partidos; el Betis jugaba en el campo del Cross a las ocho de la ma\u00f1ana y para desplazarme hasta all\u00ed ten\u00eda que levantarme a las seis. Muchas veces no iba y me hart\u00e9. Cog\u00ed y me puse a trabajar de mec\u00e1nico en un taller. Pero era mucho trabajo, y a mi padre no le gustaba que saliese tan pronto de casa y regresase muy tarde. S\u00f3lo estuve tres d\u00edas; lo dej\u00e9 y volv\u00ed al Betis<\/em>\u201d.<\/span><\/p>\n<p><span style=\"color: #008000\">Pedro Buenaventura fue uno de los que m\u00e1s le ayudaron y comenz\u00f3 a alinearlo de interior izquierdo. Pasa al primer equipo, pero Szusza le ten\u00eda un tanto marginado: \u201c<em>S\u00f3lo me convoc\u00f3 para el Trofeo Ciudad de Sevilla y un partido contra el Athletic de Bilbao. Pero no me dio oportunidad\u201d<\/em>. La llegada de Iriondo le abre todas las puertas: \u201c<em>Iriondo es mi padre futbol\u00edstico. Primero me puso de extremo izquierdo, luego me baj\u00f3 al puesto de lateral<\/em>\u201d. Recuerdo que debut\u00f3 en un Betis-Burgos que acab\u00f3 con victoria (2-1). Sin embargo, su pena fue no haber sido campe\u00f3n de Copa en la temporada 1976-77, ya que la hab\u00eda disputado con el Betis Deportivo: \u201c<em>No pude jugar, ya que la hab\u00eda disputado con el Betis Deportivo. Nos elimin\u00f3 el Huesca\u201d.<\/em>\u00a0<\/span><\/p>\n<p><span style=\"color: #008000\">Habla bien de todos los entrenadores, pero con un cari\u00f1o especial hacia Iriondo: \u201c<em>He trabajado bien con todos. Lasa, Traid, Carriega y Luis, que nos dej\u00f3 un buen sabor de boca pese al poco tiempo que estuvo. De todos se aprende algo<\/em>\u201d. Tampoco quiere que olvidemos a Alzate ni a Esteban Areta: \u201c<em>Este \u00faltimo fue otro de los que me ayud\u00f3 mucho\u201d<\/em>.<\/span><\/p>\n<p><span style=\"color: #008000\">Su llegada a la selecci\u00f3n se produce, en gran parte, por una inoportuna y grave lesi\u00f3n que sufriera Camacho, de quien es muy amigo. \u201c<em>Jos\u00e9 Antonio es un excelente jugador. Recuerdo que cuando a\u00fan no nos conoc\u00edamos declar\u00f3 a la prensa que Gordillo era el futbolista que deb\u00eda sustituirle. Sin embargo, no fui a Argentina-78. Kubala llev\u00f3 a De la Cruz\u201d<\/em>. A \u00e9l le hubiera gustado ser compa\u00f1ero de equipo de Camacho, pero esto ya no le preocupa tanto: \u201c<em>Tuve oportunidad de fichar por el Real Madrid, pero no me dejaron marchar. Ya no creo que esto se produzca. A\u00fan tengo dos a\u00f1os de contrato con el Betis, y de verdad que aqu\u00ed estoy muy contento\u201d.<\/em><\/span><\/p>\n<p><span style=\"color: #008000\">No sabe si ser\u00e1 capit\u00e1n ante Malta: \u201c<em>Le corresponde a Camacho por antig\u00fcedad. A m\u00ed no me importar\u00eda serlo. Ya he desempe\u00f1ado esas funciones alguna vez en el Betis y no hay que hacer mucho: firmar el acta y hablar m\u00e1s que otro. En el Betis los capitanes son Carde\u00f1osa y luego Esnaola, que s\u00ed tienen otras misiones fuera del campo, como hablar con la directiva y dem\u00e1s\u201d.<\/em><\/span><\/p>\n<p><span style=\"color: #008000\">De los cuarenta y dos partidos internacionales se muestra satisfecho en su conjunto: \u201c\u00bf<em>El mejor? Hay varios, pero quiz\u00e1 el que disputamos contra Luxemburgo (3-0) en Valencia. Hice buenas jugadas\u201d<\/em>. Pero tambi\u00e9n tiene recuerdos amargos, aunque asegura que nunca llor\u00f3 despu\u00e9s de un partido: \u201c<em>S\u00ed me he sentido triste en algunos. Por ejemplo, en todos los que disputamos en el Mundial 82\u201d<\/em>. Afirma tambi\u00e9n que con Mu\u00f1oz tiene otro aire la selecci\u00f3n, otro ambiente: \u201c<em>Todos nos llevamos muy bien. Yo nunca me he re\u00eddo tanto como en la etapa actual con las bromas de Pedraza. La pena es que no nos hayan acompa\u00f1ado los resultados, porque pienso que la selecci\u00f3n ha dado un tono aceptable\u201d<\/em>. Lamenta el encuentro de Rotterdam, \u201c<em>ya que no estuvimos a la altura de otros\u201d<\/em>. Asegura asimismo que la selecci\u00f3n, si no brillante, s\u00ed ha jugado aceptablemente: \u201c<em>Hoy en d\u00eda no es f\u00e1cil ver un partido muy bueno. \u00a1Hombre\u00a1, ni tan malo como el d\u00eda de Malta, pero es que en aquel campo no se pod\u00eda jugar al f\u00fatbol\u201d.<\/em><\/span><\/p>\n<p><span style=\"color: #008000\">Considera una proeza marcarle a Malta nueve o diez goles: \u201cE<em>s muy dif\u00edcil, desde luego, pero no hay nada imposible. Claro que podemos conseguir el objetivo, pero para ello han de entrar todos los disparos y remates a puerta que hagamos. Pero nueve o diez goles ya son goles. Adem\u00e1s, no sabemos los que Malta recibir\u00e1 el s\u00e1bado, pero por lo menos tres o cuatro. Irlanda le meti\u00f3 ocho en el \u00faltimo partido\u2026\u201d<\/em><\/span><\/p>\n<p><span style=\"color: #008000\">Considera injusto que a igualdad de puntos sea Holanda la que se\u00a0 clasifique: \u201c<em>Deber\u00eda haber un encuentro de desempate. Si nosotros ganamos aqu\u00ed (1-0) y ellos all\u00ed (2-1), eso ser\u00eda lo l\u00f3gico\u201d<\/em>. Y finaliza d\u00e1ndose \u00e1nimos: \u201c<em>Vamos a intentar golear a Malta. Lo que hace falta es que entre la pelota\u201d.<\/em><\/span><\/p>\n<p><span style=\"color: #008000\">\u00a0<\/span><\/p>\n<p>Fuente: Pablo Mialdea en Marca 18 de diciembre de 1983<\/p>\n","protected":false},"excerpt":{"rendered":"<p>La entrevista que hoy traemos se public\u00f3 en Marca el 18 de diciembre de 1983, tres d\u00edas antes de que la selecci\u00f3n espa\u00f1ola consiguiera la brillante y aplastante victoria (12-1) que le sirvi\u00f3 para clasificarse para la fase final de la Eurocopa de 1984 en Francia. Rafael Gordillo, junto a Hip\u00f3lito Rinc\u00f3n, fueron los dos&#8230;<\/p>\n","protected":false},"author":5,"featured_media":39725,"comment_status":"open","ping_status":"open","sticky":false,"template":"","format":"standard","meta":{"_kad_post_transparent":"","_kad_post_title":"","_kad_post_layout":"","_kad_post_sidebar_id":"","_kad_post_content_style":"","_kad_post_vertical_padding":"","_kad_post_feature":"","_kad_post_feature_position":"","_kad_post_header":false,"_kad_post_footer":false,"_kad_post_classname":"","_jetpack_memberships_contains_paid_content":false,"footnotes":"","jetpack_publicize_message":"","jetpack_publicize_feature_enabled":true,"jetpack_social_post_already_shared":true,"jetpack_social_options":{"image_generator_settings":{"template":"highway","default_image_id":0,"font":"","enabled":false},"version":2}},"categories":[904,893,1],"tags":[4327,4225,1305],"class_list":["post-39724","post","type-post","status-publish","format-standard","has-post-thumbnail","hentry","category-1980-1989","category-jugadores-temas","category-portada","tag-4327","tag-1983-84","tag-rafael-gordillo"],"jetpack_publicize_connections":[],"jetpack_featured_media_url":"https:\/\/i0.wp.com\/www.manquepierda.com\/historiarealbetis\/files\/2014\/12\/Entrevista-Rafael-Gordillo-1983-NMP-AS-18-12-1983.jpg?fit=277%2C336&ssl=1","jetpack_sharing_enabled":true,"jetpack_shortlink":"https:\/\/wp.me\/p1ij08-akI","jetpack-related-posts":[],"_links":{"self":[{"href":"https:\/\/www.manquepierda.com\/historiarealbetis\/wp-json\/wp\/v2\/posts\/39724","targetHints":{"allow":["GET"]}}],"collection":[{"href":"https:\/\/www.manquepierda.com\/historiarealbetis\/wp-json\/wp\/v2\/posts"}],"about":[{"href":"https:\/\/www.manquepierda.com\/historiarealbetis\/wp-json\/wp\/v2\/types\/post"}],"author":[{"embeddable":true,"href":"https:\/\/www.manquepierda.com\/historiarealbetis\/wp-json\/wp\/v2\/users\/5"}],"replies":[{"embeddable":true,"href":"https:\/\/www.manquepierda.com\/historiarealbetis\/wp-json\/wp\/v2\/comments?post=39724"}],"version-history":[{"count":1,"href":"https:\/\/www.manquepierda.com\/historiarealbetis\/wp-json\/wp\/v2\/posts\/39724\/revisions"}],"predecessor-version":[{"id":98685,"href":"https:\/\/www.manquepierda.com\/historiarealbetis\/wp-json\/wp\/v2\/posts\/39724\/revisions\/98685"}],"wp:featuredmedia":[{"embeddable":true,"href":"https:\/\/www.manquepierda.com\/historiarealbetis\/wp-json\/wp\/v2\/media\/39725"}],"wp:attachment":[{"href":"https:\/\/www.manquepierda.com\/historiarealbetis\/wp-json\/wp\/v2\/media?parent=39724"}],"wp:term":[{"taxonomy":"category","embeddable":true,"href":"https:\/\/www.manquepierda.com\/historiarealbetis\/wp-json\/wp\/v2\/categories?post=39724"},{"taxonomy":"post_tag","embeddable":true,"href":"https:\/\/www.manquepierda.com\/historiarealbetis\/wp-json\/wp\/v2\/tags?post=39724"}],"curies":[{"name":"wp","href":"https:\/\/api.w.org\/{rel}","templated":true}]}}