{"id":39779,"date":"2014-12-31T08:26:12","date_gmt":"2014-12-31T07:26:12","guid":{"rendered":"http:\/\/www.manquepierda.com\/historiarealbetis\/?p=39779"},"modified":"2024-08-21T11:04:37","modified_gmt":"2024-08-21T09:04:37","slug":"alineacion-barcelona-betis-liga-1976","status":"publish","type":"post","link":"https:\/\/www.manquepierda.com\/historiarealbetis\/alineacion-barcelona-betis-liga-1976\/","title":{"rendered":"Alineaci\u00f3n Barcelona-Betis Liga 1976"},"content":{"rendered":"<p><a href=\"https:\/\/www.manquepierda.com\/historiarealbetis\/39779-alineacion-barcelona-betis-liga-1976\/alineacion-barcelona-betis-liga-1976\/\" rel=\"attachment wp-att-39780\"><img data-recalc-dims=\"1\" loading=\"lazy\" decoding=\"async\" class=\"aligncenter size-full wp-image-39780\" src=\"https:\/\/i0.wp.com\/www.manquepierda.com\/historiarealbetis\/files\/2014\/12\/Alineaci%C3%B3n-Barcelona-Betis-Liga-1976.jpg?resize=400%2C262&#038;ssl=1\" alt=\"Alineaci\u00f3n Barcelona-Betis Liga 1976\" width=\"400\" height=\"262\" srcset=\"https:\/\/i0.wp.com\/www.manquepierda.com\/historiarealbetis\/files\/2014\/12\/Alineaci%C3%B3n-Barcelona-Betis-Liga-1976.jpg?w=400&amp;ssl=1 400w, https:\/\/i0.wp.com\/www.manquepierda.com\/historiarealbetis\/files\/2014\/12\/Alineaci%C3%B3n-Barcelona-Betis-Liga-1976.jpg?resize=220%2C144&amp;ssl=1 220w\" sizes=\"auto, (max-width: 400px) 100vw, 400px\" \/><\/a><\/p>\n<p>21 de marzo de 1976 en el Nou Camp Barcelona 3 Betis 1; jornada 27 del Campeonato de Liga de Primera Divisi\u00f3n.<\/p>\n<p>En la imagen arriba: Esnaola, Lobato, Iglesias, Alabanda, L\u00f3pez y Cobo; abajo: Ben\u00edtez, Rogelio, Ladinsky, Carde\u00f1osa y Anzarda.<\/p>\n<p>Goles de Marcial, Migueli y Asensi para los blaugranas, mientras que Anzarda hizo el tanto b\u00e9tico.<\/p>\n<p>Hannes Weisweiler entrenaba al Barcelona y Ferenc Szusza al Betis.<\/p>\n","protected":false},"excerpt":{"rendered":"<p>21 de marzo de 1976 en el Nou Camp Barcelona 3 Betis 1; jornada 27 del Campeonato de Liga de Primera Divisi\u00f3n. En la imagen arriba: Esnaola, Lobato, Iglesias, Alabanda, L\u00f3pez y Cobo; abajo: Ben\u00edtez, Rogelio, Ladinsky, Carde\u00f1osa y Anzarda. Goles de Marcial, Migueli y Asensi para los blaugranas, mientras que Anzarda hizo el tanto&#8230;<\/p>\n","protected":false},"author":5,"featured_media":39780,"comment_status":"open","ping_status":"open","sticky":false,"template":"","format":"standard","meta":{"_kad_post_transparent":"","_kad_post_title":"","_kad_post_layout":"","_kad_post_sidebar_id":"","_kad_post_content_style":"","_kad_post_vertical_padding":"","_kad_post_feature":"","_kad_post_feature_position":"","_kad_post_header":false,"_kad_post_footer":false,"_kad_post_classname":"","_jetpack_memberships_contains_paid_content":false,"footnotes":"","jetpack_publicize_message":"","jetpack_publicize_feature_enabled":true,"jetpack_social_post_already_shared":true,"jetpack_social_options":{"image_generator_settings":{"template":"highway","default_image_id":0,"font":"","enabled":false},"version":2}},"categories":[903,1],"tags":[2504,1556,1120,18132,1179,1154,4964,1178,1302,1181,1155,3862,17866,1396,1164],"class_list":["post-39779","post","type-post","status-publish","format-standard","has-post-thumbnail","hentry","category-1970-1979","category-portada","tag-1975-76","tag-1556","tag-antonio-benitez","tag-attila-ladinszky","tag-eduardo-anzarda","tag-fc-barcelona","tag-fernando-lobato","tag-javier-lopez","tag-jose-ramon-esnaola","tag-juan-manuel-cobo","tag-julio-cardenosa","tag-julio-iglesias","tag-liga-primera-1975-76","tag-rogelio-sosa","tag-sebastian-alabanda"],"jetpack_publicize_connections":[],"jetpack_featured_media_url":"https:\/\/i0.wp.com\/www.manquepierda.com\/historiarealbetis\/files\/2014\/12\/Alineaci%C3%B3n-Barcelona-Betis-Liga-1976.jpg?fit=400%2C262&ssl=1","jetpack_sharing_enabled":true,"jetpack_shortlink":"https:\/\/wp.me\/p1ij08-alB","jetpack-related-posts":[],"_links":{"self":[{"href":"https:\/\/www.manquepierda.com\/historiarealbetis\/wp-json\/wp\/v2\/posts\/39779","targetHints":{"allow":["GET"]}}],"collection":[{"href":"https:\/\/www.manquepierda.com\/historiarealbetis\/wp-json\/wp\/v2\/posts"}],"about":[{"href":"https:\/\/www.manquepierda.com\/historiarealbetis\/wp-json\/wp\/v2\/types\/post"}],"author":[{"embeddable":true,"href":"https:\/\/www.manquepierda.com\/historiarealbetis\/wp-json\/wp\/v2\/users\/5"}],"replies":[{"embeddable":true,"href":"https:\/\/www.manquepierda.com\/historiarealbetis\/wp-json\/wp\/v2\/comments?post=39779"}],"version-history":[{"count":1,"href":"https:\/\/www.manquepierda.com\/historiarealbetis\/wp-json\/wp\/v2\/posts\/39779\/revisions"}],"predecessor-version":[{"id":97116,"href":"https:\/\/www.manquepierda.com\/historiarealbetis\/wp-json\/wp\/v2\/posts\/39779\/revisions\/97116"}],"wp:featuredmedia":[{"embeddable":true,"href":"https:\/\/www.manquepierda.com\/historiarealbetis\/wp-json\/wp\/v2\/media\/39780"}],"wp:attachment":[{"href":"https:\/\/www.manquepierda.com\/historiarealbetis\/wp-json\/wp\/v2\/media?parent=39779"}],"wp:term":[{"taxonomy":"category","embeddable":true,"href":"https:\/\/www.manquepierda.com\/historiarealbetis\/wp-json\/wp\/v2\/categories?post=39779"},{"taxonomy":"post_tag","embeddable":true,"href":"https:\/\/www.manquepierda.com\/historiarealbetis\/wp-json\/wp\/v2\/tags?post=39779"}],"curies":[{"name":"wp","href":"https:\/\/api.w.org\/{rel}","templated":true}]}}