{"id":39783,"date":"2014-12-24T07:44:06","date_gmt":"2014-12-24T06:44:06","guid":{"rendered":"http:\/\/www.manquepierda.com\/historiarealbetis\/?p=39783"},"modified":"2025-07-25T09:31:31","modified_gmt":"2025-07-25T07:31:31","slug":"joaquin-urquiaga-2","status":"publish","type":"post","link":"https:\/\/www.manquepierda.com\/historiarealbetis\/joaquin-urquiaga-2\/","title":{"rendered":"Joaqu\u00edn Urquiaga"},"content":{"rendered":"<p><a href=\"https:\/\/www.manquepierda.com\/historiarealbetis\/39783-joaquin-urquiaga-2\/urquiaga-2-2\/\" rel=\"attachment wp-att-39784\"><img data-recalc-dims=\"1\" loading=\"lazy\" decoding=\"async\" class=\"aligncenter size-full wp-image-39784\" src=\"https:\/\/i0.wp.com\/www.manquepierda.com\/historiarealbetis\/files\/2014\/12\/Urquiaga-2.jpg?resize=152%2C178&#038;ssl=1\" alt=\"Urquiaga-2\" width=\"152\" height=\"178\" \/><\/a><\/p>\n<p><strong>Joaqu\u00edn Urquiaga Legarburu<\/strong>, nacido en Zorroza (Vizcaya) el 29 de marzo de 1910 y fallecido en Bilbao el 28 de julio de 1965.<\/p>\n<p>Portero.<\/p>\n<p>El Betis lo fich\u00f3 en el verano de 1932 procedente del Baracaldo, equipo de la Tercera Divisi\u00f3n en el que hab\u00eda destacado.<\/p>\n<p>Debut\u00f3 en M\u00e1laga, en el Campo del Carmen, un 19 de agosto de 1932 en un encuentro amistoso. Su debut en partido oficial se produjo el 24 de septiembre de 1932 en Valladolid, en partido del campeonato mancomunado Centro-Sur.<\/p>\n<p>Fue el titular indiscutible del brillante Betis que debut\u00f3 en Primera Divisi\u00f3n en 1932 y hasta 1936. Form\u00f3 parte del terceto defensivo (Urquiaga, Areso y Aedo) con el que el club verdiblanco consigui\u00f3 el Campeonato de Liga en la temporada 1934-35, encajando 19 goles en 22 partidos.<\/p>\n<p>En su \u00faltima temporada en el Betis fue convocado por la selecci\u00f3n, aunque no lleg\u00f3 a debutar, siendo el portero suplente en el Espa\u00f1a 4 Austria 5 jugado en el Metropolitano madrile\u00f1o en enero de 1936.<\/p>\n<p>Al final de esa temporada, y ante los problemas econ\u00f3micos del club, fue traspasado al FC Barcelona por 35.000 pesetas. Con el club azulgrana disput\u00f3 amistosos nada m\u00e1s, ante el estallido de la guerra civil al poco de ingresar en el club azulgrana.<\/p>\n<p>Form\u00f3 parte de la selecci\u00f3n vasca que en plena guerra civil efectu\u00f3 una gira por Europa y Am\u00e9rica, estableci\u00e9ndose en 1938 en M\u00e9xico, donde jug\u00f3 sucesivamente en el Asturias y Veracruz, donde se retir\u00f3 a los 38 a\u00f1os.<\/p>\n<p>Posteriormente ejercer\u00eda de entrenador en diversos clubs mexicanos.<\/p>\n<p>Historial<\/p>\n<table width=\"240\">\n<tbody>\n<tr>\n<td width=\"80\">1931-32<\/td>\n<td width=\"80\">Baracaldo<\/td>\n<td width=\"80\">Tercera<\/td>\n<\/tr>\n<tr>\n<td>1932-33<\/td>\n<td>Betis<\/td>\n<td>Primera<\/td>\n<\/tr>\n<tr>\n<td>1933-34<\/td>\n<td>Betis<\/td>\n<td>Primera<\/td>\n<\/tr>\n<tr>\n<td>1934-35<\/td>\n<td>Betis<\/td>\n<td>Primera<\/td>\n<\/tr>\n<tr>\n<td>1935-36<\/td>\n<td>Betis<\/td>\n<td>Primera<\/td>\n<\/tr>\n<tr>\n<td>1936-37<\/td>\n<td>Barcelona<\/td>\n<td><\/td>\n<\/tr>\n<tr>\n<td>1937-38<\/td>\n<td>Barcelona<\/td>\n<td><\/td>\n<\/tr>\n<tr>\n<td>1938-39<\/td>\n<td>Asturias<\/td>\n<td>Primera<\/td>\n<\/tr>\n<tr>\n<td>1939-40<\/td>\n<td>Asturias<\/td>\n<td>Primera<\/td>\n<\/tr>\n<tr>\n<td>1940-41<\/td>\n<td>Asturias<\/td>\n<td>Primera<\/td>\n<\/tr>\n<tr>\n<td>1941-42<\/td>\n<td>Asturias<\/td>\n<td>Primera<\/td>\n<\/tr>\n<tr>\n<td>1942-43<\/td>\n<td>Asturias<\/td>\n<td>Primera<\/td>\n<\/tr>\n<tr>\n<td>1943-44<\/td>\n<td>Veracruz<\/td>\n<td>Primera<\/td>\n<\/tr>\n<tr>\n<td>1944-45<\/td>\n<td>Veracruz<\/td>\n<td>Primera<\/td>\n<\/tr>\n<tr>\n<td>1945-46<\/td>\n<td>Veracruz<\/td>\n<td>Primera<\/td>\n<\/tr>\n<tr>\n<td>1946-47<\/td>\n<td>Veracruz<\/td>\n<td>Primera<\/td>\n<\/tr>\n<tr>\n<td>1947-48<\/td>\n<td>Veracruz<\/td>\n<td>Primera<\/td>\n<\/tr>\n<\/tbody>\n<\/table>\n<p>En sus 4 temporadas en el Betis Urquiaga jug\u00f3 72 partidos de Liga, \u00a026 de Copa, 25 de Campeonatos Regionales y 20 amistosos.<\/p>\n","protected":false},"excerpt":{"rendered":"<p>Joaqu\u00edn Urquiaga Legarburu, nacido en Zorroza (Vizcaya) el 29 de marzo de 1910 y fallecido en Bilbao el 28 de julio de 1965. Portero. El Betis lo fich\u00f3 en el verano de 1932 procedente del Baracaldo, equipo de la Tercera Divisi\u00f3n en el que hab\u00eda destacado. Debut\u00f3 en M\u00e1laga, en el Campo del Carmen, un&#8230;<\/p>\n","protected":false},"author":5,"featured_media":39784,"comment_status":"open","ping_status":"open","sticky":false,"template":"","format":"standard","meta":{"_kad_post_transparent":"","_kad_post_title":"","_kad_post_layout":"","_kad_post_sidebar_id":"","_kad_post_content_style":"","_kad_post_vertical_padding":"","_kad_post_feature":"","_kad_post_feature_position":"","_kad_post_header":false,"_kad_post_footer":false,"_kad_post_classname":"","_jetpack_memberships_contains_paid_content":false,"footnotes":"","jetpack_publicize_message":"","jetpack_publicize_feature_enabled":true,"jetpack_social_post_already_shared":true,"jetpack_social_options":{"image_generator_settings":{"template":"highway","default_image_id":0,"font":"","enabled":false},"version":2}},"categories":[893,1],"tags":[1454],"class_list":["post-39783","post","type-post","status-publish","format-standard","has-post-thumbnail","hentry","category-jugadores-temas","category-portada","tag-joaquin-urquiaga"],"jetpack_publicize_connections":[],"jetpack_featured_media_url":"https:\/\/i0.wp.com\/www.manquepierda.com\/historiarealbetis\/files\/2014\/12\/Urquiaga-2.jpg?fit=152%2C178&ssl=1","jetpack_sharing_enabled":true,"jetpack_shortlink":"https:\/\/wp.me\/p1ij08-alF","jetpack-related-posts":[],"_links":{"self":[{"href":"https:\/\/www.manquepierda.com\/historiarealbetis\/wp-json\/wp\/v2\/posts\/39783","targetHints":{"allow":["GET"]}}],"collection":[{"href":"https:\/\/www.manquepierda.com\/historiarealbetis\/wp-json\/wp\/v2\/posts"}],"about":[{"href":"https:\/\/www.manquepierda.com\/historiarealbetis\/wp-json\/wp\/v2\/types\/post"}],"author":[{"embeddable":true,"href":"https:\/\/www.manquepierda.com\/historiarealbetis\/wp-json\/wp\/v2\/users\/5"}],"replies":[{"embeddable":true,"href":"https:\/\/www.manquepierda.com\/historiarealbetis\/wp-json\/wp\/v2\/comments?post=39783"}],"version-history":[{"count":1,"href":"https:\/\/www.manquepierda.com\/historiarealbetis\/wp-json\/wp\/v2\/posts\/39783\/revisions"}],"predecessor-version":[{"id":104030,"href":"https:\/\/www.manquepierda.com\/historiarealbetis\/wp-json\/wp\/v2\/posts\/39783\/revisions\/104030"}],"wp:featuredmedia":[{"embeddable":true,"href":"https:\/\/www.manquepierda.com\/historiarealbetis\/wp-json\/wp\/v2\/media\/39784"}],"wp:attachment":[{"href":"https:\/\/www.manquepierda.com\/historiarealbetis\/wp-json\/wp\/v2\/media?parent=39783"}],"wp:term":[{"taxonomy":"category","embeddable":true,"href":"https:\/\/www.manquepierda.com\/historiarealbetis\/wp-json\/wp\/v2\/categories?post=39783"},{"taxonomy":"post_tag","embeddable":true,"href":"https:\/\/www.manquepierda.com\/historiarealbetis\/wp-json\/wp\/v2\/tags?post=39783"}],"curies":[{"name":"wp","href":"https:\/\/api.w.org\/{rel}","templated":true}]}}