{"id":39817,"date":"2014-12-27T08:00:17","date_gmt":"2014-12-27T07:00:17","guid":{"rendered":"http:\/\/www.manquepierda.com\/historiarealbetis\/?p=39817"},"modified":"2024-09-09T19:09:06","modified_gmt":"2024-09-09T17:09:06","slug":"entrenamientos-1964","status":"publish","type":"post","link":"https:\/\/www.manquepierda.com\/historiarealbetis\/entrenamientos-1964\/","title":{"rendered":"Entrenamientos 1964"},"content":{"rendered":"<p><a href=\"https:\/\/www.manquepierda.com\/historiarealbetis\/39817-entrenamientos-1964\/colo-balmanya-luis-martinez-y-pons-1964-2\/\" rel=\"attachment wp-att-39820\"><img data-recalc-dims=\"1\" loading=\"lazy\" decoding=\"async\" class=\"aligncenter wp-image-39820\" src=\"https:\/\/i0.wp.com\/www.manquepierda.com\/historiarealbetis\/files\/2014\/12\/Colo-Balmanya-Luis-Mart%C3%ADnez-y-Pons-19641.jpg?resize=575%2C431&#038;ssl=1\" alt=\"Colo, Balmanya, Luis,  Mart\u00ednez y Pons 1964\" width=\"575\" height=\"431\" srcset=\"https:\/\/i0.wp.com\/www.manquepierda.com\/historiarealbetis\/files\/2014\/12\/Colo-Balmanya-Luis-Mart%C3%ADnez-y-Pons-19641.jpg?w=869&amp;ssl=1 869w, https:\/\/i0.wp.com\/www.manquepierda.com\/historiarealbetis\/files\/2014\/12\/Colo-Balmanya-Luis-Mart%C3%ADnez-y-Pons-19641.jpg?resize=220%2C165&amp;ssl=1 220w, https:\/\/i0.wp.com\/www.manquepierda.com\/historiarealbetis\/files\/2014\/12\/Colo-Balmanya-Luis-Mart%C3%ADnez-y-Pons-19641.jpg?resize=680%2C510&amp;ssl=1 680w\" sizes=\"auto, (max-width: 575px) 100vw, 575px\" \/><\/a><\/p>\n<p>&nbsp;<\/p>\n<p>Esta imagen corresponde al a\u00f1o 1964 \u00a0sobre el c\u00e9sped del Villamar\u00edn, y de fondo las viejas gradas del recinto verdiblanco.<\/p>\n<p>En ella podemos ver a Julio Santaella \u00abColo, el entrenador Domingo Balmanya, Luis Aragon\u00e9s, Jos\u00e9 Miguel Mart\u00ednez y Ernesto Pons, quien esa campa\u00f1a entrenaba al Triana Balompi\u00e9 y con el que consigui\u00f3 el ascenso a la Tercera Divisi\u00f3n.<\/p>\n<p>Fue una gran campa\u00f1a del conjunto b\u00e9tico, que alcanz\u00f3 la tercera posici\u00f3n en la Liga.<\/p>\n<p>Pero los 3 jugadores de la imagen, Colo, Luis y Mart\u00ednez ser\u00edan traspasados en abril de 1964 al Atl\u00e9tico de Madrid, mientras que Balmanya se march\u00f3 al CD M\u00e1laga. S\u00f3lo Ernesto Pons permanecer\u00eda ligado a la entidad como entrenador del Triana, aunque terminar\u00eda la temporada en el primer equipo sustituyendo al fallecido Andr\u00e9s Aranda.<\/p>\n","protected":false},"excerpt":{"rendered":"<p>&nbsp; Esta imagen corresponde al a\u00f1o 1964 \u00a0sobre el c\u00e9sped del Villamar\u00edn, y de fondo las viejas gradas del recinto verdiblanco. En ella podemos ver a Julio Santaella \u00abColo, el entrenador Domingo Balmanya, Luis Aragon\u00e9s, Jos\u00e9 Miguel Mart\u00ednez y Ernesto Pons, quien esa campa\u00f1a entrenaba al Triana Balompi\u00e9 y con el que consigui\u00f3 el ascenso&#8230;<\/p>\n","protected":false},"author":5,"featured_media":39820,"comment_status":"open","ping_status":"open","sticky":false,"template":"","format":"standard","meta":{"_kad_post_transparent":"","_kad_post_title":"","_kad_post_layout":"","_kad_post_sidebar_id":"","_kad_post_content_style":"","_kad_post_vertical_padding":"","_kad_post_feature":"","_kad_post_feature_position":"","_kad_post_header":false,"_kad_post_footer":false,"_kad_post_classname":"","_jetpack_memberships_contains_paid_content":false,"footnotes":"","jetpack_publicize_message":"","jetpack_publicize_feature_enabled":true,"jetpack_social_post_already_shared":true,"jetpack_social_options":{"image_generator_settings":{"template":"highway","default_image_id":0,"font":"","enabled":false},"version":2}},"categories":[902,1],"tags":[4033,18207,340,8185,4118,1474,1456],"class_list":["post-39817","post","type-post","status-publish","format-standard","has-post-thumbnail","hentry","category-1960-1969","category-portada","tag-4033","tag-domingo-balmanya","tag-entrenamientos","tag-ernesto-pons","tag-jose-miguel-martinez","tag-julio-santaella-colo","tag-luis-aragones"],"jetpack_publicize_connections":[],"jetpack_featured_media_url":"https:\/\/i0.wp.com\/www.manquepierda.com\/historiarealbetis\/files\/2014\/12\/Colo-Balmanya-Luis-Mart%C3%ADnez-y-Pons-19641.jpg?fit=869%2C652&ssl=1","jetpack_sharing_enabled":true,"jetpack_shortlink":"https:\/\/wp.me\/p1ij08-amd","jetpack-related-posts":[],"_links":{"self":[{"href":"https:\/\/www.manquepierda.com\/historiarealbetis\/wp-json\/wp\/v2\/posts\/39817","targetHints":{"allow":["GET"]}}],"collection":[{"href":"https:\/\/www.manquepierda.com\/historiarealbetis\/wp-json\/wp\/v2\/posts"}],"about":[{"href":"https:\/\/www.manquepierda.com\/historiarealbetis\/wp-json\/wp\/v2\/types\/post"}],"author":[{"embeddable":true,"href":"https:\/\/www.manquepierda.com\/historiarealbetis\/wp-json\/wp\/v2\/users\/5"}],"replies":[{"embeddable":true,"href":"https:\/\/www.manquepierda.com\/historiarealbetis\/wp-json\/wp\/v2\/comments?post=39817"}],"version-history":[{"count":1,"href":"https:\/\/www.manquepierda.com\/historiarealbetis\/wp-json\/wp\/v2\/posts\/39817\/revisions"}],"predecessor-version":[{"id":98474,"href":"https:\/\/www.manquepierda.com\/historiarealbetis\/wp-json\/wp\/v2\/posts\/39817\/revisions\/98474"}],"wp:featuredmedia":[{"embeddable":true,"href":"https:\/\/www.manquepierda.com\/historiarealbetis\/wp-json\/wp\/v2\/media\/39820"}],"wp:attachment":[{"href":"https:\/\/www.manquepierda.com\/historiarealbetis\/wp-json\/wp\/v2\/media?parent=39817"}],"wp:term":[{"taxonomy":"category","embeddable":true,"href":"https:\/\/www.manquepierda.com\/historiarealbetis\/wp-json\/wp\/v2\/categories?post=39817"},{"taxonomy":"post_tag","embeddable":true,"href":"https:\/\/www.manquepierda.com\/historiarealbetis\/wp-json\/wp\/v2\/tags?post=39817"}],"curies":[{"name":"wp","href":"https:\/\/api.w.org\/{rel}","templated":true}]}}