{"id":40304,"date":"2015-01-16T07:51:38","date_gmt":"2015-01-16T06:51:38","guid":{"rendered":"http:\/\/www.manquepierda.com\/historiarealbetis\/?p=40304"},"modified":"2024-10-05T11:53:47","modified_gmt":"2024-10-05T09:53:47","slug":"alineacion-sporting-de-gijonbetis-liga-1989","status":"publish","type":"post","link":"https:\/\/www.manquepierda.com\/historiarealbetis\/alineacion-sporting-de-gijonbetis-liga-1989\/","title":{"rendered":"Alineaci\u00f3n Sporting de Gij\u00f3n-Betis Liga 1989"},"content":{"rendered":"<p>&nbsp;<\/p>\n<p>&nbsp;<\/p>\n<p><a href=\"https:\/\/www.manquepierda.com\/historiarealbetis\/40304-alineacion-sporting-de-gijonbetis-liga-1989\/sporting-betis-liga-1989\/\" rel=\"attachment wp-att-40306\"><img data-recalc-dims=\"1\" loading=\"lazy\" decoding=\"async\" class=\"aligncenter size-full wp-image-40306\" src=\"https:\/\/i0.wp.com\/www.manquepierda.com\/historiarealbetis\/files\/2015\/01\/Sporting-Betis-Liga-1989.jpg?resize=677%2C474&#038;ssl=1\" alt=\"Sporting -Betis Liga 1989\" width=\"677\" height=\"474\" srcset=\"https:\/\/i0.wp.com\/www.manquepierda.com\/historiarealbetis\/files\/2015\/01\/Sporting-Betis-Liga-1989.jpg?w=677&amp;ssl=1 677w, https:\/\/i0.wp.com\/www.manquepierda.com\/historiarealbetis\/files\/2015\/01\/Sporting-Betis-Liga-1989.jpg?resize=220%2C154&amp;ssl=1 220w, https:\/\/i0.wp.com\/www.manquepierda.com\/historiarealbetis\/files\/2015\/01\/Sporting-Betis-Liga-1989.jpg?resize=75%2C52&amp;ssl=1 75w\" sizes=\"auto, (max-width: 677px) 100vw, 677px\" \/><\/a>29 de enero de 1989 en El Molin\u00f3n Sporting de Gij\u00f3n 0 \u00a0Betis 0; jornada 20 del Campeonato de Liga de Primera Divisi\u00f3n.<\/p>\n<p>En la imagen arriba: Gail, Pumpido, Job, Chano, Julio e Hierro; abajo: Y\u00e1\u00f1ez, Rinc\u00f3n, Calleja, Romo y L\u00f3pez Ufarte.<\/p>\n<p>Jes\u00fas Aranguren entrenaba al Sporting y Cayetano Re al Betis<\/p>\n","protected":false},"excerpt":{"rendered":"<p>&nbsp; &nbsp; 29 de enero de 1989 en El Molin\u00f3n Sporting de Gij\u00f3n 0 \u00a0Betis 0; jornada 20 del Campeonato de Liga de Primera Divisi\u00f3n. En la imagen arriba: Gail, Pumpido, Job, Chano, Julio e Hierro; abajo: Y\u00e1\u00f1ez, Rinc\u00f3n, Calleja, Romo y L\u00f3pez Ufarte. Jes\u00fas Aranguren entrenaba al Sporting y Cayetano Re al Betis<\/p>\n","protected":false},"author":5,"featured_media":40306,"comment_status":"open","ping_status":"open","sticky":false,"template":"","format":"standard","meta":{"_kad_post_transparent":"","_kad_post_title":"","_kad_post_layout":"","_kad_post_sidebar_id":"","_kad_post_content_style":"","_kad_post_vertical_padding":"","_kad_post_feature":"","_kad_post_feature_position":"","_kad_post_header":false,"_kad_post_footer":false,"_kad_post_classname":"","_jetpack_memberships_contains_paid_content":false,"footnotes":"","jetpack_publicize_message":"","jetpack_publicize_feature_enabled":true,"jetpack_social_post_already_shared":true,"jetpack_social_options":{"image_generator_settings":{"template":"highway","default_image_id":0,"font":"","enabled":false},"version":2}},"categories":[904,1],"tags":[4127,5648,1428,4170,3849,1430,1417,17806,1366,1478,4128,1051,15721,4047,1475],"class_list":["post-40304","post","type-post","status-publish","format-standard","has-post-thumbnail","hentry","category-1980-1989","category-portada","tag-1988-89","tag-5648","tag-hipolito-rincon","tag-jose-calleja","tag-jose-maria-sanchez-job","tag-jose-ramon-gonzalez-romo","tag-julio-garcia","tag-liga-primera-1988-89","tag-luis-miguel-gail","tag-manuel-hierro","tag-nery-alberto-pumpido","tag-patricio-yanez","tag-real-sporting-gijon","tag-roberto-lopez-ufarte","tag-sebastian-cruzado-chano"],"jetpack_publicize_connections":[],"jetpack_featured_media_url":"https:\/\/i0.wp.com\/www.manquepierda.com\/historiarealbetis\/files\/2015\/01\/Sporting-Betis-Liga-1989.jpg?fit=677%2C474&ssl=1","jetpack_sharing_enabled":true,"jetpack_shortlink":"https:\/\/wp.me\/p1ij08-au4","jetpack-related-posts":[],"_links":{"self":[{"href":"https:\/\/www.manquepierda.com\/historiarealbetis\/wp-json\/wp\/v2\/posts\/40304","targetHints":{"allow":["GET"]}}],"collection":[{"href":"https:\/\/www.manquepierda.com\/historiarealbetis\/wp-json\/wp\/v2\/posts"}],"about":[{"href":"https:\/\/www.manquepierda.com\/historiarealbetis\/wp-json\/wp\/v2\/types\/post"}],"author":[{"embeddable":true,"href":"https:\/\/www.manquepierda.com\/historiarealbetis\/wp-json\/wp\/v2\/users\/5"}],"replies":[{"embeddable":true,"href":"https:\/\/www.manquepierda.com\/historiarealbetis\/wp-json\/wp\/v2\/comments?post=40304"}],"version-history":[{"count":1,"href":"https:\/\/www.manquepierda.com\/historiarealbetis\/wp-json\/wp\/v2\/posts\/40304\/revisions"}],"predecessor-version":[{"id":96194,"href":"https:\/\/www.manquepierda.com\/historiarealbetis\/wp-json\/wp\/v2\/posts\/40304\/revisions\/96194"}],"wp:featuredmedia":[{"embeddable":true,"href":"https:\/\/www.manquepierda.com\/historiarealbetis\/wp-json\/wp\/v2\/media\/40306"}],"wp:attachment":[{"href":"https:\/\/www.manquepierda.com\/historiarealbetis\/wp-json\/wp\/v2\/media?parent=40304"}],"wp:term":[{"taxonomy":"category","embeddable":true,"href":"https:\/\/www.manquepierda.com\/historiarealbetis\/wp-json\/wp\/v2\/categories?post=40304"},{"taxonomy":"post_tag","embeddable":true,"href":"https:\/\/www.manquepierda.com\/historiarealbetis\/wp-json\/wp\/v2\/tags?post=40304"}],"curies":[{"name":"wp","href":"https:\/\/api.w.org\/{rel}","templated":true}]}}