{"id":40521,"date":"2015-01-20T16:46:02","date_gmt":"2015-01-20T15:46:02","guid":{"rendered":"http:\/\/www.manquepierda.com\/historiarealbetis\/?p=40521"},"modified":"2024-08-28T13:55:11","modified_gmt":"2024-08-28T11:55:11","slug":"1935-enero-20-can-rabia-cd-espanol-1-betis-balompie-1-80aniversario-datos-estadisticos","status":"publish","type":"post","link":"https:\/\/www.manquepierda.com\/historiarealbetis\/1935-enero-20-can-rabia-cd-espanol-1-betis-balompie-1-80aniversario-datos-estadisticos\/","title":{"rendered":"1935-Enero 20-Can Rabia.-CD Espa\u00f1ol-1 Betis Balompi\u00e9-1.-81Aniversario.-Datos Estad\u00edsticos."},"content":{"rendered":"<p style=\"text-align: justify\"><strong>S\u00c9PTIMA EDICI\u00d3N-CAMPEONATO NACIONAL LIGA PRIMERA DIVISI\u00d3N-TEMPORADA 1934-1935.-Desde domingo 02 de Diciembre de 1934 hasta domingo 28 de Abril de 1935 (Primer T\u00edtulo y \u00fanico); ambas fechas inclusive.<\/strong><\/p>\n<p style=\"text-align: center\"><strong>1935-ENERO 20-DOMINGO EN BARCELONA.-Desapacible tarde fr\u00eda y ventosa.-LXXXI Aniversario.<br \/>\n<\/strong><\/p>\n<p style=\"text-align: center\"><strong><a href=\"https:\/\/www.manquepierda.com\/historiarealbetis\/40521-1935-enero-20-can-rabia-cd-espanol-1-betis-balompie-1-80aniversario-datos-estadisticos\/bosch19\/\" rel=\"attachment wp-att-46662\"><img data-recalc-dims=\"1\" loading=\"lazy\" decoding=\"async\" class=\"aligncenter size-medium wp-image-46662\" src=\"https:\/\/i0.wp.com\/www.manquepierda.com\/historiarealbetis\/files\/2015\/01\/bosch19.jpg?resize=680%2C456&#038;ssl=1\" alt=\"bosch19\" width=\"680\" height=\"456\" srcset=\"https:\/\/i0.wp.com\/www.manquepierda.com\/historiarealbetis\/files\/2015\/01\/bosch19.jpg?resize=680%2C456&amp;ssl=1 680w, https:\/\/i0.wp.com\/www.manquepierda.com\/historiarealbetis\/files\/2015\/01\/bosch19.jpg?resize=220%2C147&amp;ssl=1 220w, https:\/\/i0.wp.com\/www.manquepierda.com\/historiarealbetis\/files\/2015\/01\/bosch19.jpg?resize=768%2C515&amp;ssl=1 768w, https:\/\/i0.wp.com\/www.manquepierda.com\/historiarealbetis\/files\/2015\/01\/bosch19.jpg?w=800&amp;ssl=1 800w\" sizes=\"auto, (max-width: 680px) 100vw, 680px\" \/><\/a><\/strong><strong>OCTAVA JORNADA DEL 7\u00ba CAMPEONATO NACIONAL LIGA PRIMERA DIVISI\u00d3N 1934-1935.<\/strong><\/p>\n<figure id=\"attachment_40525\" aria-describedby=\"caption-attachment-40525\" style=\"width: 465px\" class=\"wp-caption aligncenter\"><a href=\"https:\/\/www.manquepierda.com\/historiarealbetis\/40521-1935-enero-20-can-rabia-cd-espanol-1-betis-balompie-1-80aniversario-datos-estadisticos\/19350120-cde-1-bb-1\/\" rel=\"attachment wp-att-40525\"><img data-recalc-dims=\"1\" loading=\"lazy\" decoding=\"async\" class=\"size-medium wp-image-40525\" src=\"https:\/\/i0.wp.com\/www.manquepierda.com\/historiarealbetis\/files\/2015\/01\/19350120-CDE-1-BB-1.jpg?resize=465%2C600&#038;ssl=1\" alt=\"mmmmm\" width=\"465\" height=\"600\" srcset=\"https:\/\/i0.wp.com\/www.manquepierda.com\/historiarealbetis\/files\/2015\/01\/19350120-CDE-1-BB-1.jpg?resize=465%2C600&amp;ssl=1 465w, https:\/\/i0.wp.com\/www.manquepierda.com\/historiarealbetis\/files\/2015\/01\/19350120-CDE-1-BB-1.jpg?resize=170%2C220&amp;ssl=1 170w, https:\/\/i0.wp.com\/www.manquepierda.com\/historiarealbetis\/files\/2015\/01\/19350120-CDE-1-BB-1.jpg?resize=542%2C700&amp;ssl=1 542w, https:\/\/i0.wp.com\/www.manquepierda.com\/historiarealbetis\/files\/2015\/01\/19350120-CDE-1-BB-1.jpg?w=776&amp;ssl=1 776w\" sizes=\"auto, (max-width: 465px) 100vw, 465px\" \/><\/a><figcaption id=\"caption-attachment-40525\" class=\"wp-caption-text\"><em><strong>1935-ENERO 20-DOMING0 15&#8217;10 HORAS-CAMPO DE F\u00daTBOL \u00abCAN RABIA\u00bb.-BUENA ENTRADA.-CLUB DEPORTIVO ESPA\u00d1OL-1 TANTO VS. BETIS BALOMPI\u00c9-1 GOL.-<\/strong><\/em><strong>FOTO BADOSA-Revista gr\u00e1fica \u00abESTAMPA\u00bb N\u00ba 367-Madrid-s\u00e1bado 26-Enero-1935.<\/strong><\/figcaption><\/figure>\n<p style=\"text-align: center\">ARBITR\u00d3:<\/p>\n<figure id=\"attachment_40526\" aria-describedby=\"caption-attachment-40526\" style=\"width: 150px\" class=\"wp-caption aligncenter\"><a href=\"https:\/\/www.manquepierda.com\/historiarealbetis\/40521-1935-enero-20-can-rabia-cd-espanol-1-betis-balompie-1-80aniversario-datos-estadisticos\/eig-2\/\" rel=\"attachment wp-att-40526\"><img data-recalc-dims=\"1\" loading=\"lazy\" decoding=\"async\" class=\"size-thumbnail wp-image-40526\" src=\"https:\/\/i0.wp.com\/www.manquepierda.com\/historiarealbetis\/files\/2015\/01\/EIG.jpg?resize=150%2C220&#038;ssl=1\" alt=\"MMMMMM\" width=\"150\" height=\"220\" srcset=\"https:\/\/i0.wp.com\/www.manquepierda.com\/historiarealbetis\/files\/2015\/01\/EIG.jpg?resize=150%2C220&amp;ssl=1 150w, https:\/\/i0.wp.com\/www.manquepierda.com\/historiarealbetis\/files\/2015\/01\/EIG.jpg?w=239&amp;ssl=1 239w\" sizes=\"auto, (max-width: 150px) 100vw, 150px\" \/><\/a><figcaption id=\"caption-attachment-40526\" class=\"wp-caption-text\">Eduardo ITURRALDE Gorostiaga 35 a\u00f1os aproximadamente.-BILBAO (Vizcaya) 00-00-1900.<\/figcaption><\/figure>\n<p style=\"text-align: center\">ALINEACIONES:<\/p>\n<p style=\"text-align: center\"><a href=\"https:\/\/www.manquepierda.com\/historiarealbetis\/40521-1935-enero-20-can-rabia-cd-espanol-1-betis-balompie-1-80aniversario-datos-estadisticos\/1932-rbb-46\/\" rel=\"attachment wp-att-40527\"><img data-recalc-dims=\"1\" loading=\"lazy\" decoding=\"async\" class=\"size-full wp-image-40527 aligncenter\" src=\"https:\/\/i0.wp.com\/www.manquepierda.com\/historiarealbetis\/files\/2015\/01\/1932-RBB.jpg?resize=154%2C154&#038;ssl=1\" alt=\"MMMM\" width=\"154\" height=\"154\" \/><\/a><strong>BETIS BALOMPI\u00c9-1 GOL.<\/strong><\/p>\n<p style=\"text-align: center\"><strong>SEXTA SEMANA CONSECUTIVA-L\u00cdDER-CON 13 PUNTOS-ENCUENTROS JUGADOS:<\/strong><\/p>\n<p style=\"text-align: center\"><strong>6-GANADOS:<\/strong><\/p>\n<p style=\"text-align: left\"><strong>01\u00aaJDA.-\u00abChamart\u00edn\u00bb 1934-12-02.-Madrid Cf-0 vs. BETIS BALOMPI\u00c9-1.<\/strong><\/p>\n<p style=\"text-align: left\"><strong>02\u00aaJDA.-\u00abPatronato Obrero\u00bb 1934-12-09.-BETIS BALOMPI\u00c9-2 vs. CF Barcelona-1.<\/strong><\/p>\n<p style=\"text-align: left\"><strong>03\u00aaJDA.-\u00abIbaiondo\u00bb 1934-12-16.-Arenas Club Getxo (Bilbao)-0 vs. BETIS BALOMPI\u00c9-3.<\/strong><\/p>\n<p style=\"text-align: left\"><strong>04\u00aaJDA.-\u00abPatronato Obrero\u00bb 1934-12-23.-BETIS BALOMPI\u00c9-3 vs. Valencia Cf-0.<\/strong><\/p>\n<p style=\"text-align: left\"><strong>05\u00aaJDA.-\u00abPatronato Obrero\u00bb 1934-12-30.-BETIS BALOMPI\u00c9-1 vs. Donostia Cf-0.<\/strong><\/p>\n<p style=\"text-align: left\"><strong>07\u00aaJDA.-\u00abPatronato Obrero\u00bb.-1935-01-13.-BETIS BALOMPI\u00c9-2 vs. Oviedo Cf-1.<\/strong><\/p>\n<p style=\"text-align: center\"><strong>1-EMPATADO:<\/strong><\/p>\n<p style=\"text-align: left\"><em><strong>08\u00aaJORNADA.-\u00abCAN RABIA\u00bb.-1935-Enero-20.-Club Deportivo Espa\u00f1ol-1 vs. BETIS BALOMPI\u00c9-1.<\/strong><\/em><\/p>\n<p style=\"text-align: center\"><strong>1-PERDIDO:<\/strong><\/p>\n<p style=\"text-align: left\"><strong>06\u00aaJornada.-\u00abStadium Metropolitano\u00bb 1935-01-06.-Athletic Club Madrid-4 vs. Betis Balompi\u00e9-2.<\/strong><\/p>\n<p style=\"text-align: center\"><strong>15-GOLES A FAVOR:<\/strong><\/p>\n<p style=\"text-align: center\"><a href=\"https:\/\/www.manquepierda.com\/historiarealbetis\/40390-1935-enero-13-patronato-betis-balompie-2-oviedo-fc-1-80aniversario-datos-estadisticos\/victorio-unamuno-19330828-7\/\" rel=\"attachment wp-att-40398\"><img data-recalc-dims=\"1\" loading=\"lazy\" decoding=\"async\" class=\"aligncenter size-thumbnail wp-image-40398\" src=\"https:\/\/i0.wp.com\/www.manquepierda.com\/historiarealbetis\/files\/2015\/01\/Victorio-Unamuno-193308281.jpg?resize=129%2C220&#038;ssl=1\" alt=\"Victorio Unamuno\" width=\"129\" height=\"220\" srcset=\"https:\/\/i0.wp.com\/www.manquepierda.com\/historiarealbetis\/files\/2015\/01\/Victorio-Unamuno-193308281.jpg?resize=129%2C220&amp;ssl=1 129w, https:\/\/i0.wp.com\/www.manquepierda.com\/historiarealbetis\/files\/2015\/01\/Victorio-Unamuno-193308281.jpg?w=200&amp;ssl=1 200w\" sizes=\"auto, (max-width: 129px) 100vw, 129px\" \/><\/a><strong>4-Victorio UNAMUNO Ibarzabal.<\/strong><\/p>\n<p style=\"text-align: center\"><a href=\"https:\/\/www.manquepierda.com\/historiarealbetis\/40521-1935-enero-20-can-rabia-cd-espanol-1-betis-balompie-1-80aniversario-datos-estadisticos\/timimi1-11\/\" rel=\"attachment wp-att-40559\"><img data-recalc-dims=\"1\" loading=\"lazy\" decoding=\"async\" class=\"aligncenter size-full wp-image-40559\" src=\"https:\/\/i0.wp.com\/www.manquepierda.com\/historiarealbetis\/files\/2015\/01\/timimi11.jpg?resize=155%2C208&#038;ssl=1\" alt=\"timimi1\" width=\"155\" height=\"208\" \/><\/a><strong>3-Pedro Gonz\u00e1lez S\u00e1nchez (a) \u00abTIMIMI\u00bb.<\/strong><\/p>\n<p style=\"text-align: center\"><a href=\"https:\/\/www.manquepierda.com\/historiarealbetis\/40521-1935-enero-20-can-rabia-cd-espanol-1-betis-balompie-1-80aniversario-datos-estadisticos\/adolfo-martin-01-8\/\" rel=\"attachment wp-att-40560\"><img data-recalc-dims=\"1\" loading=\"lazy\" decoding=\"async\" class=\"aligncenter size-thumbnail wp-image-40560\" src=\"https:\/\/i0.wp.com\/www.manquepierda.com\/historiarealbetis\/files\/2015\/01\/Adolfo-Mart%C3%ADn-011.jpg?resize=118%2C220&#038;ssl=1\" alt=\"Adolfo Mart\u00edn-01\" width=\"118\" height=\"220\" srcset=\"https:\/\/i0.wp.com\/www.manquepierda.com\/historiarealbetis\/files\/2015\/01\/Adolfo-Mart%C3%ADn-011.jpg?resize=118%2C220&amp;ssl=1 118w, https:\/\/i0.wp.com\/www.manquepierda.com\/historiarealbetis\/files\/2015\/01\/Adolfo-Mart%C3%ADn-011.jpg?w=186&amp;ssl=1 186w\" sizes=\"auto, (max-width: 118px) 100vw, 118px\" \/><\/a><strong>2-ADOLFO Mart\u00edn Gonz\u00e1lez (a) \u00abADOLFO II\u00bb.<\/strong><\/p>\n<p style=\"text-align: center\"><a href=\"https:\/\/www.manquepierda.com\/historiarealbetis\/40521-1935-enero-20-can-rabia-cd-espanol-1-betis-balompie-1-80aniversario-datos-estadisticos\/caballero-9\/\" rel=\"attachment wp-att-40561\"><img data-recalc-dims=\"1\" loading=\"lazy\" decoding=\"async\" class=\"aligncenter size-thumbnail wp-image-40561\" src=\"https:\/\/i0.wp.com\/www.manquepierda.com\/historiarealbetis\/files\/2015\/01\/CABALLERO.png?resize=188%2C220&#038;ssl=1\" alt=\"CABALLERO\" width=\"188\" height=\"220\" srcset=\"https:\/\/i0.wp.com\/www.manquepierda.com\/historiarealbetis\/files\/2015\/01\/CABALLERO.png?resize=188%2C220&amp;ssl=1 188w, https:\/\/i0.wp.com\/www.manquepierda.com\/historiarealbetis\/files\/2015\/01\/CABALLERO.png?w=191&amp;ssl=1 191w\" sizes=\"auto, (max-width: 188px) 100vw, 188px\" \/><\/a><strong>2-Jos\u00e9 Gonz\u00e1lez CABALLERO.<\/strong><\/p>\n<p style=\"text-align: center\"><a href=\"https:\/\/www.manquepierda.com\/historiarealbetis\/40521-1935-enero-20-can-rabia-cd-espanol-1-betis-balompie-1-80aniversario-datos-estadisticos\/jose-rancel-toledo-3\/\" rel=\"attachment wp-att-40562\"><img data-recalc-dims=\"1\" loading=\"lazy\" decoding=\"async\" class=\"aligncenter size-thumbnail wp-image-40562\" src=\"https:\/\/i0.wp.com\/www.manquepierda.com\/historiarealbetis\/files\/2015\/01\/Jos%C3%A9-RANCEL-Toledo1.jpg?resize=131%2C220&#038;ssl=1\" alt=\"Jos\u00e9 RANCEL Toledo\" width=\"131\" height=\"220\" srcset=\"https:\/\/i0.wp.com\/www.manquepierda.com\/historiarealbetis\/files\/2015\/01\/Jos%C3%A9-RANCEL-Toledo1.jpg?resize=131%2C220&amp;ssl=1 131w, https:\/\/i0.wp.com\/www.manquepierda.com\/historiarealbetis\/files\/2015\/01\/Jos%C3%A9-RANCEL-Toledo1.jpg?w=353&amp;ssl=1 353w\" sizes=\"auto, (max-width: 131px) 100vw, 131px\" \/><\/a><strong>2-Jos\u00e9 RANCEL Toledo.<\/strong><\/p>\n<p style=\"text-align: center\"><a href=\"https:\/\/www.manquepierda.com\/historiarealbetis\/40521-1935-enero-20-can-rabia-cd-espanol-1-betis-balompie-1-80aniversario-datos-estadisticos\/simon-lecue-andrade-12\/\" rel=\"attachment wp-att-40563\"><img data-recalc-dims=\"1\" loading=\"lazy\" decoding=\"async\" class=\"aligncenter size-thumbnail wp-image-40563\" src=\"https:\/\/i0.wp.com\/www.manquepierda.com\/historiarealbetis\/files\/2015\/01\/Sim%C3%B3n-Lecue-Andrade1.jpg?resize=150%2C220&#038;ssl=1\" alt=\"Sim\u00f3n Lecue Andrade\" width=\"150\" height=\"220\" srcset=\"https:\/\/i0.wp.com\/www.manquepierda.com\/historiarealbetis\/files\/2015\/01\/Sim%C3%B3n-Lecue-Andrade1.jpg?resize=150%2C220&amp;ssl=1 150w, https:\/\/i0.wp.com\/www.manquepierda.com\/historiarealbetis\/files\/2015\/01\/Sim%C3%B3n-Lecue-Andrade1.jpg?w=309&amp;ssl=1 309w\" sizes=\"auto, (max-width: 150px) 100vw, 150px\" \/><\/a><em><strong>2-Sim\u00f3n LECUE Andrade.<\/strong><\/em><\/p>\n<p style=\"text-align: center\"><strong>7-TANTOS EN CONTRA:<\/strong><\/p>\n<p style=\"text-align: left\"><a href=\"https:\/\/www.manquepierda.com\/historiarealbetis\/40268-1933-enero-08-patronato-obrero-betis-balompie-1-arenasclubgetxo-1-82aniversario\/joaquin-urquiaga-4\/\" rel=\"attachment wp-att-40270\"><img data-recalc-dims=\"1\" loading=\"lazy\" decoding=\"async\" class=\"aligncenter size-full wp-image-40270\" src=\"https:\/\/i0.wp.com\/www.manquepierda.com\/historiarealbetis\/files\/2015\/01\/Joaqu%C3%ADn-Urquiaga1.jpg?resize=143%2C212&#038;ssl=1\" alt=\"Joaqu\u00edn Urquiaga\" width=\"143\" height=\"212\" \/><\/a><strong>01\u00aaJDA.-\u00abCHAMART\u00cdN\u00bb 1934-Diciembre 02.-Imbatido URQUIAGA.-Madrid Cf-0 tantos.<\/strong><\/p>\n<p style=\"text-align: left\"><strong>02\u00aaJDA.-\u00abPATRONATO OBRERO\u00bb 1934-Diciembre 09.-URQUIAGA-1 gol.-RAICH-38 minutos.-0-1 CF Barcelona.<\/strong><\/p>\n<p style=\"text-align: left\"><strong>03\u00aaJDA.-\u00abIBAIONDO\u00bb 1934-Diciembre 16.-Imbatido URQUIAGA.-Arenas Club Getxo (Bilbao)-0 Tantos.<\/strong><\/p>\n<p style=\"text-align: left\"><strong>04\u00aaJDA.-\u00abPATRONATO OBRERO\u00bb 1934-Diciembre 23.-Imbatido URQUIAGA.-Valencia Cf-0 Goles.<\/strong><\/p>\n<p style=\"text-align: left\"><strong>05\u00aaJDA.-\u00abPATRONATO OBRERO\u00bb 1934-Diciembre 30.-Imbatido URQUIAGA.-Donostia Cf-0 Tantos.<\/strong><\/p>\n<p style=\"text-align: left\"><strong>06\u00aaJDA.-\u00abSTADIUM METROPOLITANO\u00bb 1935-Enero 06.-URQUIAGA-4 goles: 1-0.-EL\u00cdCEGUI-01&#8217;+2-0.-EL\u00cdCEGUI-09&#8217;+3-1.-SORNICHERO-63&#8217;+4-2.-\u00abCHACHO\u00bb-85 minutos.<\/strong><\/p>\n<p style=\"text-align: left\"><strong>07\u00aaJDA.-\u00abPATRONATO OBRERO\u00bb 1935-Enero 13.-URQUIAGA-1 tanto.-L\u00c1NGARA 60 minutos: 1-1 Oviedo Cf.<\/strong><\/p>\n<p style=\"text-align: left\"><strong>08\u00aaJDA.-\u00abCAN RABIA\u00bb 1935-Enero 20.-URQUIAGA-1 gol.-IRIONDO 66 minutos: 1-0 Club Deportivo Espa\u00f1ol.<\/strong><\/p>\n<p style=\"text-align: center\"><a href=\"https:\/\/www.manquepierda.com\/historiarealbetis\/40521-1935-enero-20-can-rabia-cd-espanol-1-betis-balompie-1-80aniversario-datos-estadisticos\/antonio-moreno-sevillano-14\/\" rel=\"attachment wp-att-40528\"><img data-recalc-dims=\"1\" loading=\"lazy\" decoding=\"async\" class=\"aligncenter size-thumbnail wp-image-40528\" src=\"https:\/\/i0.wp.com\/www.manquepierda.com\/historiarealbetis\/files\/2015\/01\/Antonio-Moreno-Sevillano.jpg?resize=169%2C220&#038;ssl=1\" alt=\"Antonio Moreno Sevillano\" width=\"169\" height=\"220\" srcset=\"https:\/\/i0.wp.com\/www.manquepierda.com\/historiarealbetis\/files\/2015\/01\/Antonio-Moreno-Sevillano.jpg?resize=169%2C220&amp;ssl=1 169w, https:\/\/i0.wp.com\/www.manquepierda.com\/historiarealbetis\/files\/2015\/01\/Antonio-Moreno-Sevillano.jpg?resize=462%2C600&amp;ssl=1 462w, https:\/\/i0.wp.com\/www.manquepierda.com\/historiarealbetis\/files\/2015\/01\/Antonio-Moreno-Sevillano.jpg?w=480&amp;ssl=1 480w\" sizes=\"auto, (max-width: 169px) 100vw, 169px\" \/><\/a><strong>PRESIDENTE BETIS BALOMPI\u00c9-Ilustre Abogado-Don Antonio Moreno Sevillano.<\/strong><\/p>\n<p style=\"text-align: justify\"><a href=\"https:\/\/www.manquepierda.com\/historiarealbetis\/40521-1935-enero-20-can-rabia-cd-espanol-1-betis-balompie-1-80aniversario-datos-estadisticos\/patrick-joseph-oconnell-11\/\" rel=\"attachment wp-att-40522\"><img data-recalc-dims=\"1\" loading=\"lazy\" decoding=\"async\" class=\"alignleft size-thumbnail wp-image-40522\" src=\"https:\/\/i0.wp.com\/www.manquepierda.com\/historiarealbetis\/files\/2015\/01\/Patrick-Joseph-OConnell.jpg?resize=128%2C220&#038;ssl=1\" alt=\"Patrick-Joseph-OConnell\" width=\"128\" height=\"220\" srcset=\"https:\/\/i0.wp.com\/www.manquepierda.com\/historiarealbetis\/files\/2015\/01\/Patrick-Joseph-OConnell.jpg?resize=128%2C220&amp;ssl=1 128w, https:\/\/i0.wp.com\/www.manquepierda.com\/historiarealbetis\/files\/2015\/01\/Patrick-Joseph-OConnell.jpg?resize=350%2C600&amp;ssl=1 350w, https:\/\/i0.wp.com\/www.manquepierda.com\/historiarealbetis\/files\/2015\/01\/Patrick-Joseph-OConnell.jpg?resize=408%2C700&amp;ssl=1 408w, https:\/\/i0.wp.com\/www.manquepierda.com\/historiarealbetis\/files\/2015\/01\/Patrick-Joseph-OConnell.jpg?w=560&amp;ssl=1 560w\" sizes=\"auto, (max-width: 128px) 100vw, 128px\" \/><\/a>\u00abSatisfecho con el resultado nos salud\u00f3 <strong>Mr. O&#8217;Connell,\u00a0 <\/strong>el entrenador ingl\u00e9s del cuadro andaluz que ya lleva tres a\u00f1os \u00abtrabajando\u00bb a los bravos elementos del equipo b\u00e9tico.<\/p>\n<p style=\"text-align: justify\">Conversaba con el m\u00edster el amigo Roig,\u00a0 activo manager de negocios futbol\u00edsticos y representante en Barcelona del <strong>Betis Balompi\u00e9 <\/strong>y del Levante FbC.<\/p>\n<p style=\"text-align: justify\">&#8211;Se les felicita.-Ese empate es precioso para ustedes.-El partido llevaba una marcha&#8230; casi color blanquiazul.<\/p>\n<p style=\"text-align: justify\"><strong>&#8211;Juega bien el Espa\u00f1ol.-Hacen un f\u00fatbol muy vistoso.-Sol\u00e9 es el mejor y esta tarde le han seguido en m\u00e9ritos Prat y \u00abManol\u00edn\u00bb.<\/strong><\/p>\n<p style=\"text-align: left\">&#8211;M\u00edster O&#8217;Connell dice que el tanto anulado por \u00aboff-side\u00bb no ten\u00eda un pero (intervenci\u00f3n de Roig).<\/p>\n<p style=\"text-align: justify\"><strong>&#8211;Indudablemente.\u00a0 Adolfo pas\u00f3 corriendo ante el defensa en busca de la pelota y al llegar frente al potero,\u00a0 le ha bastado desviarla con la cabeza para introducirla limpiamente en la red.-El tanto ha sido claro y nadie ha reclamado \u00aboff-side\u00bb.-Puede usted tener la seguridad de que la misma jugada en la puerta del Betis habr\u00eda sido goal.-Son jugadas de aquellas que var\u00edan de aspecto jugando en casa o jugando fuera y que han hecho posible que alguna vez se den por ganados de antemano los partidos en terreno propio y por dudosos los que se juegan en campo forastero.<\/strong><\/p>\n<p style=\"text-align: justify\"><a href=\"https:\/\/www.manquepierda.com\/historiarealbetis\/40521-1935-enero-20-can-rabia-cd-espanol-1-betis-balompie-1-80aniversario-datos-estadisticos\/tonijuan-2\/\" rel=\"attachment wp-att-40524\"><img data-recalc-dims=\"1\" loading=\"lazy\" decoding=\"async\" class=\"aligncenter size-full wp-image-40524\" src=\"https:\/\/i0.wp.com\/www.manquepierda.com\/historiarealbetis\/files\/2015\/01\/Tonijuan.jpg?resize=85%2C121&#038;ssl=1\" alt=\"Tonijuan\" width=\"85\" height=\"121\" \/><\/a>En este punto intervino <strong>Vicen\u00e7 <\/strong><strong>Tonijuan i Garc\u00eda,\u00a0 ex-entrenador del Oviedo (01-07-1931 \u00e1 30-06-1933) y gran amigo de Mr. O&#8217;Connell:<\/strong><\/p>\n<p style=\"text-align: justify\"><em><strong>&#8211;Aqu\u00ed no se ha tratado mal al Betis Balompi\u00e9 a pesar de lo que se tem\u00eda.-Al contrario el p\u00fablico me ha parecido muy correcto.-En Barcelona hay un p\u00fablico que es indudablemente uno de los mejores de Espa\u00f1a.-No es lo mismo jugar aqu\u00ed que por esos terrenos de Segunda Divisi\u00f3n donde hay un publiquito que deciden los partidos.\u00a0\u00a0 Ese golpe franco que ha sido lanzado sobre el marco del Betis hacia el final,\u00a0 es un tanto seguro en los campos a los que hacen referencia el \u00abm\u00edster\u00bb.-All\u00ed cae todo el equipo sobre la porter\u00eda y,\u00a0 aun que sea con la mano,\u00a0 introducen el bal\u00f3n en la puerta y no te quepa duda que el \u00e1rbitro concede goal. \u00a1\u00a1Vaya si lo concede\u00a1\u00a1<\/strong><\/em><\/p>\n<p style=\"text-align: center\"><strong>GUARDAMETA:<\/strong><\/p>\n<figure id=\"attachment_40548\" aria-describedby=\"caption-attachment-40548\" style=\"width: 680px\" class=\"wp-caption aligncenter\"><a href=\"https:\/\/www.manquepierda.com\/historiarealbetis\/40521-1935-enero-20-can-rabia-cd-espanol-1-betis-balompie-1-80aniversario-datos-estadisticos\/19350120-urquiaga\/\" rel=\"attachment wp-att-40548\"><img data-recalc-dims=\"1\" loading=\"lazy\" decoding=\"async\" class=\"size-medium wp-image-40548\" src=\"https:\/\/i0.wp.com\/www.manquepierda.com\/historiarealbetis\/files\/2015\/01\/19350120-Urquiaga.jpg?resize=680%2C429&#038;ssl=1\" alt=\"mmm\" width=\"680\" height=\"429\" srcset=\"https:\/\/i0.wp.com\/www.manquepierda.com\/historiarealbetis\/files\/2015\/01\/19350120-Urquiaga.jpg?resize=680%2C429&amp;ssl=1 680w, https:\/\/i0.wp.com\/www.manquepierda.com\/historiarealbetis\/files\/2015\/01\/19350120-Urquiaga.jpg?resize=220%2C139&amp;ssl=1 220w, https:\/\/i0.wp.com\/www.manquepierda.com\/historiarealbetis\/files\/2015\/01\/19350120-Urquiaga.jpg?resize=960%2C606&amp;ssl=1 960w, https:\/\/i0.wp.com\/www.manquepierda.com\/historiarealbetis\/files\/2015\/01\/19350120-Urquiaga.jpg?w=1539&amp;ssl=1 1539w\" sizes=\"auto, (max-width: 680px) 100vw, 680px\" \/><\/a><figcaption id=\"caption-attachment-40548\" class=\"wp-caption-text\"><strong>\u00ab1-0.-66 minutos.-Tras el octavo saque de esquina cedido por ARESO y lanzado por Prat, cabezazo de Francisco IRIONDO batiendo al meta verdiblanco\u00bb.-Foto TORRENTS.\u00bbMundo Gr\u00e1fico\u00bb-Madrid, mi\u00e9rcoles 23-Enero-1935.<\/strong><\/figcaption><\/figure>\n<p style=\"text-align: justify\"><strong>1.-Joaqu\u00edn URQUIAGA Legarburu.-24 a\u00f1os+10 meses menos 9 d\u00edas.-BILBAO-Zorrotza (Vizcaya),\u00a0 martes 29-Marzo-1910.-BILBAO (Vizcaya), domingo 25-Julio-1965.-55 a\u00f1os+4 meses menos 4 d\u00edas.-D. E. P. (720 minutos.-7 tantos encajados).<\/strong><\/p>\n<p style=\"text-align: justify\"><a href=\"https:\/\/www.manquepierda.com\/historiarealbetis\/39972-1934-diciembre-30-patronato-obrerobetis-balompie-1-donostia-cf-0-datos-estadisticos-80aniversario\/joaquin-urquiaga-legarburu-9\/\" rel=\"attachment wp-att-39989\"><img data-recalc-dims=\"1\" loading=\"lazy\" decoding=\"async\" class=\"aligncenter size-full wp-image-39989\" src=\"https:\/\/i0.wp.com\/www.manquepierda.com\/historiarealbetis\/files\/2014\/12\/Joaqu%C3%ADn-URQUIAGA-Legarburu1.jpeg?resize=135%2C165&#038;ssl=1\" alt=\"Joaqu\u00edn URQUIAGA Legarburu\" width=\"135\" height=\"165\" \/><\/a>\u00abEntr\u00f3 en el vestuario el espa\u00f1olista P\u00e9rez para saludar a sus paisanos en el Betis Balompi\u00e9.-Los vascos predominan en el cuadro andaluz donde tan s\u00f3lo juegan dos nativos del pa\u00eds de la manzanilla y los claveles.-\u00abPeral\u00bb y Rancel.<\/p>\n<p style=\"text-align: justify\">&#8211;Paisanos los cuatro \u00bfverdad Urquiaga?&#8211;en el instante de formar un corrillo en torno a P\u00e9rez,\u00a0 el guardameta del team sevillano y los backs Areso y Aedo.<\/p>\n<p style=\"text-align: justify\"><strong>&#8211;Hoy jugamos seis vascos en el equipo del Betis.-Con Unamuno habr\u00edamos sido siete.-Yo jugaba en el Baracaldo.-Mis compa\u00f1eros de defensiva tambi\u00e9n son vascos.<\/strong><\/p>\n<p style=\"text-align: left\">&#8211;Pues a ver si seleccionan al terceto defensivo del Betis frente a Francia y todo el equipo ser\u00e1 vasco.<\/p>\n<p style=\"text-align: justify\"><em><strong>&#8211;Oye.-Tambi\u00e9n juega en el Betis un catal\u00e1n.-Ah\u00ed est\u00e1 G\u00f3mez (<\/strong><\/em><strong>dijo el delegado Roig,\u00a0 present\u00e1ndonos a un muchacho de figura atl\u00e9tica y de aspecto simp\u00e1tico).<\/strong><\/p>\n<p style=\"text-align: left\">&#8211;Usted jugaba en el Levante.<\/p>\n<p style=\"text-align: justify\"><strong>&#8211;S\u00ed.-Pero antes he jugado en el J\u00fapiter y en el Sabadell.-Estoy satisfecho de figurar en el equipo del Betis.-Hoy no he tenido un buen d\u00eda.-\u00a1\u00a1Ha destacado tanto Sol\u00e9\u00a1\u00a1\u00a0 \u00a1\u00a1Qu\u00e9 jugadorazo\u00a1\u00a1<\/strong><\/p>\n<p style=\"text-align: center\">Los vascos prodigaba elogios a otro elemento del Espa\u00f1ol.<\/p>\n<p style=\"text-align: left\">&#8211;\u00bfDe qui\u00e9n se habla?<\/p>\n<p style=\"text-align: justify\"><strong>&#8211;De \u00abManol\u00edn\u00bb&#8211;dijo Aedo&#8211;ha jugado horrores.-No esperaba verle jugar as\u00ed.-Con nosotros no jugaba tanto.<\/strong><\/p>\n<p style=\"text-align: justify\"><strong>&#8211;Es que \u00abManol\u00edn\u00bb es muy joven.-Tiene veinte a\u00f1os.-Ya lo ver\u00e9is jugar cuando empiece a destaparse.-Con Bosch,\u00a0 por compa\u00f1ero,\u00a0 no se si nos habr\u00edamos llevado ese empate (dijo Urquiaga)\u00bb.<\/strong><\/p>\n<p style=\"text-align: center\"><strong>(A. O. B.-\u00abEl Mundo Deportivo\u00bb-B-lunes 19350121).<br \/>\n<\/strong><\/p>\n<p style=\"text-align: center\"><strong>ZAGUEROS:<\/strong><\/p>\n<p style=\"text-align: justify\"><a href=\"https:\/\/www.manquepierda.com\/historiarealbetis\/40521-1935-enero-20-can-rabia-cd-espanol-1-betis-balompie-1-80aniversario-datos-estadisticos\/pedro-pablo-areso-aramburu-6\/\" rel=\"attachment wp-att-40555\"><img data-recalc-dims=\"1\" loading=\"lazy\" decoding=\"async\" class=\"aligncenter size-full wp-image-40555\" src=\"https:\/\/i0.wp.com\/www.manquepierda.com\/historiarealbetis\/files\/2015\/01\/Pedro-Pablo-Areso-Aramburu.png?resize=191%2C223&#038;ssl=1\" alt=\"Pedro-Pablo-Areso-Aramburu\" width=\"191\" height=\"223\" srcset=\"https:\/\/i0.wp.com\/www.manquepierda.com\/historiarealbetis\/files\/2015\/01\/Pedro-Pablo-Areso-Aramburu.png?w=191&amp;ssl=1 191w, https:\/\/i0.wp.com\/www.manquepierda.com\/historiarealbetis\/files\/2015\/01\/Pedro-Pablo-Areso-Aramburu.png?resize=188%2C220&amp;ssl=1 188w\" sizes=\"auto, (max-width: 191px) 100vw, 191px\" \/><\/a><strong>2-Lateral Diestro.-Pedro Pablo ARESO Aramburu.-25 a\u00f1os+10 meses+4 d\u00edas.-VILLAFRANCA DE ORDIZIA (Guip\u00fazcoa),\u00a0 lunes 15-Marzo-1909 (540 minutos).<br \/>\n<\/strong><\/p>\n<figure id=\"attachment_40565\" aria-describedby=\"caption-attachment-40565\" style=\"width: 187px\" class=\"wp-caption aligncenter\"><a href=\"https:\/\/www.manquepierda.com\/historiarealbetis\/40521-1935-enero-20-can-rabia-cd-espanol-1-betis-balompie-1-80aniversario-datos-estadisticos\/aedo1-255x300\/\" rel=\"attachment wp-att-40565\"><img data-recalc-dims=\"1\" loading=\"lazy\" decoding=\"async\" class=\"size-thumbnail wp-image-40565\" src=\"https:\/\/i0.wp.com\/www.manquepierda.com\/historiarealbetis\/files\/2015\/01\/Aedo1-255x300.jpg?resize=187%2C220&#038;ssl=1\" alt=\"mmmm\" width=\"187\" height=\"220\" srcset=\"https:\/\/i0.wp.com\/www.manquepierda.com\/historiarealbetis\/files\/2015\/01\/Aedo1-255x300.jpg?resize=187%2C220&amp;ssl=1 187w, https:\/\/i0.wp.com\/www.manquepierda.com\/historiarealbetis\/files\/2015\/01\/Aedo1-255x300.jpg?resize=255%2C300&amp;ssl=1 255w\" sizes=\"auto, (max-width: 187px) 100vw, 187px\" \/><\/a><figcaption id=\"caption-attachment-40565\" class=\"wp-caption-text\"><em><strong>\u00abCon especial atenci\u00f3n fue seguida la actuaci\u00f3n de la defensa del BETIS BALOMPI\u00c9,\u00a0 y particularmente la de AEDO,\u00a0 el que va a ser por vez primera internacional el pr\u00f3ximo jueves 24-ENERO-1935\u00bb (\u00abEl Mundo Deportivo\u00bb-Barcelona.<\/strong><\/em><\/figcaption><\/figure>\n<p style=\"text-align: justify\"><strong>3-Lateral Zurdo.- Seraf\u00edn AEDO Renieblas.-26 a\u00f1os+2 meses+9 d\u00edas.-BARAKALDO (Vizcaya),\u00a0 mi\u00e9rcoles 11-Noviembre-1908 (720 minutos).<br \/>\n<\/strong><\/p>\n<p style=\"text-align: center\"><strong>MEDIOS:<\/strong><\/p>\n<p style=\"text-align: justify\"><a href=\"https:\/\/www.manquepierda.com\/historiarealbetis\/40521-1935-enero-20-can-rabia-cd-espanol-1-betis-balompie-1-80aniversario-datos-estadisticos\/peral-19310606-9\/\" rel=\"attachment wp-att-40556\"><img data-recalc-dims=\"1\" loading=\"lazy\" decoding=\"async\" class=\"aligncenter size-thumbnail wp-image-40556\" src=\"https:\/\/i0.wp.com\/www.manquepierda.com\/historiarealbetis\/files\/2015\/01\/PERAL-19310606.jpg?resize=136%2C220&#038;ssl=1\" alt=\"PERAL-19310606\" width=\"136\" height=\"220\" srcset=\"https:\/\/i0.wp.com\/www.manquepierda.com\/historiarealbetis\/files\/2015\/01\/PERAL-19310606.jpg?resize=136%2C220&amp;ssl=1 136w, https:\/\/i0.wp.com\/www.manquepierda.com\/historiarealbetis\/files\/2015\/01\/PERAL-19310606.jpg?resize=371%2C600&amp;ssl=1 371w, https:\/\/i0.wp.com\/www.manquepierda.com\/historiarealbetis\/files\/2015\/01\/PERAL-19310606.jpg?resize=433%2C700&amp;ssl=1 433w, https:\/\/i0.wp.com\/www.manquepierda.com\/historiarealbetis\/files\/2015\/01\/PERAL-19310606.jpg?w=620&amp;ssl=1 620w\" sizes=\"auto, (max-width: 136px) 100vw, 136px\" \/><\/a><strong>4-Diestro.-Jos\u00e9 Su\u00e1rez Gonz\u00e1lez (a) \u00abPERAL\u00bb.-23 a\u00f1os+9 meses+10 d\u00edas.-SEVILLA,\u00a0 lunes 10-Abril-1911 (720 minutos). <\/strong><\/p>\n<p style=\"text-align: justify\"><a href=\"https:\/\/www.manquepierda.com\/historiarealbetis\/40521-1935-enero-20-can-rabia-cd-espanol-1-betis-balompie-1-80aniversario-datos-estadisticos\/francisco-gomez-vicente-13\/\" rel=\"attachment wp-att-46663\"><img data-recalc-dims=\"1\" loading=\"lazy\" decoding=\"async\" class=\"aligncenter size-thumbnail wp-image-46663\" src=\"https:\/\/i0.wp.com\/www.manquepierda.com\/historiarealbetis\/files\/2015\/01\/Francisco-G%C3%B3mez-Vicente.jpg?resize=170%2C220&#038;ssl=1\" alt=\"Francisco G\u00f3mez Vicente\" width=\"170\" height=\"220\" srcset=\"https:\/\/i0.wp.com\/www.manquepierda.com\/historiarealbetis\/files\/2015\/01\/Francisco-G%C3%B3mez-Vicente.jpg?resize=170%2C220&amp;ssl=1 170w, https:\/\/i0.wp.com\/www.manquepierda.com\/historiarealbetis\/files\/2015\/01\/Francisco-G%C3%B3mez-Vicente.jpg?w=440&amp;ssl=1 440w\" sizes=\"auto, (max-width: 170px) 100vw, 170px\" \/><\/a><strong>5-Centro.-Francisco G\u00d3MEZ Vicente.-24 a\u00f1os+8 meses+8 d\u00edas.-ALMER\u00cdA,\u00a0 jueves 12-Mayo-1910 (540 minutos).<br \/>\n<\/strong><\/p>\n<p style=\"text-align: justify\"><a href=\"https:\/\/www.manquepierda.com\/historiarealbetis\/40521-1935-enero-20-can-rabia-cd-espanol-1-betis-balompie-1-80aniversario-datos-estadisticos\/larrinoa-4\/\" rel=\"attachment wp-att-40558\"><img data-recalc-dims=\"1\" loading=\"lazy\" decoding=\"async\" class=\"aligncenter size-thumbnail wp-image-40558\" src=\"https:\/\/i0.wp.com\/www.manquepierda.com\/historiarealbetis\/files\/2015\/01\/LARRINOA.png?resize=188%2C220&#038;ssl=1\" alt=\"LARRINOA\" width=\"188\" height=\"220\" srcset=\"https:\/\/i0.wp.com\/www.manquepierda.com\/historiarealbetis\/files\/2015\/01\/LARRINOA.png?resize=188%2C220&amp;ssl=1 188w, https:\/\/i0.wp.com\/www.manquepierda.com\/historiarealbetis\/files\/2015\/01\/LARRINOA.png?w=191&amp;ssl=1 191w\" sizes=\"auto, (max-width: 188px) 100vw, 188px\" \/><\/a><strong>6-Zurdo.-Rufino Fern\u00e1ndez De LARRINOA Magunaurrekoetxea.-26 a\u00f1os+9 d\u00edas.-ARRIGORRIAGA (Vizcaya),\u00a0 lunes 11-Enero-1909 (540 minutos).<br \/>\n<\/strong><\/p>\n<p style=\"text-align: center\"><strong>DELANTEROS:<\/strong><\/p>\n<p style=\"text-align: justify\"><a href=\"https:\/\/www.manquepierda.com\/historiarealbetis\/40521-1935-enero-20-can-rabia-cd-espanol-1-betis-balompie-1-80aniversario-datos-estadisticos\/timimi1-11\/\" rel=\"attachment wp-att-40559\"><img data-recalc-dims=\"1\" loading=\"lazy\" decoding=\"async\" class=\"aligncenter size-full wp-image-40559\" src=\"https:\/\/i0.wp.com\/www.manquepierda.com\/historiarealbetis\/files\/2015\/01\/timimi11.jpg?resize=155%2C208&#038;ssl=1\" alt=\"timimi1\" width=\"155\" height=\"208\" \/><\/a><strong>7-Extremo Diestro.-Pedro Gonz\u00e1lez S\u00e1nchez (a) \u00abTIMIMI\u00bb.-24 a\u00f1os+19 d\u00edas.-LAS PALMAS DE GRAN CANARIAS-barrio \u00abARENALES\u00bb-domingo 1\u00ba-Enero-1911 (540 minutos).<\/strong><\/p>\n<p style=\"text-align: center\"><strong>3 goles marcados:<br \/>\n<\/strong><\/p>\n<p style=\"text-align: left\"><strong>*2\u00aaJDA.-\u00abPatronato Obrero\u00bb 1934-Diciembre-09.-2-1.-55 minutos.-Cf Barcelona*<\/strong><\/p>\n<p style=\"text-align: left\"><strong>*3\u00aaJDA.-\u00abIbaiondo\u00bb 1934-Diciembre-16.-0-1.-23 minutos.-Arenas Club Getxo (Bilbao)*<\/strong><\/p>\n<p style=\"text-align: left\"><strong>*3\u00aaJDA.-\u00abIbaiondo\u00bb.-1934-Diciembre 16.-0-3.-79 minutos.-Arenas Club Getxo (Bilbao)*<\/strong><\/p>\n<p style=\"text-align: justify\"><a href=\"https:\/\/www.manquepierda.com\/historiarealbetis\/40521-1935-enero-20-can-rabia-cd-espanol-1-betis-balompie-1-80aniversario-datos-estadisticos\/joseranceltoledo-7\/\" rel=\"attachment wp-att-40564\"><img data-recalc-dims=\"1\" loading=\"lazy\" decoding=\"async\" class=\"aligncenter size-thumbnail wp-image-40564\" src=\"https:\/\/i0.wp.com\/www.manquepierda.com\/historiarealbetis\/files\/2015\/01\/Jos%C3%A9RANCELtoledo.jpg?resize=67%2C220&#038;ssl=1\" alt=\"Jos\u00e9RANCELtoledo\" width=\"67\" height=\"220\" srcset=\"https:\/\/i0.wp.com\/www.manquepierda.com\/historiarealbetis\/files\/2015\/01\/Jos%C3%A9RANCELtoledo.jpg?resize=67%2C220&amp;ssl=1 67w, https:\/\/i0.wp.com\/www.manquepierda.com\/historiarealbetis\/files\/2015\/01\/Jos%C3%A9RANCELtoledo.jpg?resize=182%2C600&amp;ssl=1 182w, https:\/\/i0.wp.com\/www.manquepierda.com\/historiarealbetis\/files\/2015\/01\/Jos%C3%A9RANCELtoledo.jpg?resize=213%2C700&amp;ssl=1 213w, https:\/\/i0.wp.com\/www.manquepierda.com\/historiarealbetis\/files\/2015\/01\/Jos%C3%A9RANCELtoledo.jpg?w=444&amp;ssl=1 444w\" sizes=\"auto, (max-width: 67px) 100vw, 67px\" \/><\/a><strong>8-Interior Diestro.-Jos\u00e9 RANCEL Toledo.-21 a\u00f1os+4 meses+4 d\u00edas.-SANTA CRUZ (Tenerife),\u00a0 martes 16-Septiembre-1913 (630 minutos).<br \/>\n<\/strong><\/p>\n<p style=\"text-align: center\"><strong>2 goles logrados:<\/strong><\/p>\n<p style=\"text-align: left\"><strong>*1\u00aaJDA.-\u00abChamart\u00edn\u00bb.-1934-Diciembre 02.-0-1.-08 minutos.-Madrid Cf*<\/strong><\/p>\n<p style=\"text-align: left\"><strong>*2\u00aaJDA.-\u00abPatronato Obrero\u00bb.-1934-Diciembre 09.-1-1.-41 minutos.-Cf Barcelona*<\/strong><\/p>\n<p style=\"text-align: justify\"><a href=\"https:\/\/www.manquepierda.com\/historiarealbetis\/40521-1935-enero-20-can-rabia-cd-espanol-1-betis-balompie-1-80aniversario-datos-estadisticos\/adolfo-martin-01-8\/\" rel=\"attachment wp-att-40560\"><img data-recalc-dims=\"1\" loading=\"lazy\" decoding=\"async\" class=\"aligncenter size-thumbnail wp-image-40560\" src=\"https:\/\/i0.wp.com\/www.manquepierda.com\/historiarealbetis\/files\/2015\/01\/Adolfo-Mart%C3%ADn-011.jpg?resize=118%2C220&#038;ssl=1\" alt=\"Adolfo Mart\u00edn-01\" width=\"118\" height=\"220\" srcset=\"https:\/\/i0.wp.com\/www.manquepierda.com\/historiarealbetis\/files\/2015\/01\/Adolfo-Mart%C3%ADn-011.jpg?resize=118%2C220&amp;ssl=1 118w, https:\/\/i0.wp.com\/www.manquepierda.com\/historiarealbetis\/files\/2015\/01\/Adolfo-Mart%C3%ADn-011.jpg?w=186&amp;ssl=1 186w\" sizes=\"auto, (max-width: 118px) 100vw, 118px\" \/><\/a><strong>9-Centro Delantero-Ariete.-Adolfo Mart\u00edn Gonz\u00e1lez (a) \u00abADOLFO II\u00bb.-24 a\u00f1os+4 meses+8 d\u00edas.-SAN CRIST\u00d3BAL DE LA LAGUNA (Tenerife),\u00a0 lunes 12-Septiembre-1910 (540 minutos).<br \/>\n<\/strong><\/p>\n<p style=\"text-align: center\"><em><strong>\u00abEn el primer tiempo no hubo goals.<\/strong><\/em><\/p>\n<p style=\"text-align: justify\"><em><strong>*Uno marc\u00f3 el Betis Balompi\u00e9 de ejecuci\u00f3n brillante (un centro de \u00abTimimi\u00bb rematado por Adolfo),\u00a0 pero el \u00e1rbitro Iturralde Gorostiaga no lo concedi\u00f3 por haber se\u00f1alado previamente un \u00aboff-side\u00bb (\u00abfuera de la jugada\u00bb) claro del delantero centro andaluz\u00bb.<\/strong><\/em><strong>-(\u00abEl Mundo Deportivo\u00bb)*<\/strong><\/p>\n<p style=\"text-align: center\"><strong>2 goles marcados:<\/strong><\/p>\n<p style=\"text-align: left\"><strong>*3\u00aaJDA.-\u00abIbaiondo\u00bb.-1934-Diciembre 16.-0-2.-76 minutos.-Arenas Club Getxo (Bilbao)*<\/strong><\/p>\n<p style=\"text-align: left\"><strong>*5JDA.-\u00abPatronato Obrero\u00bb.-1934-Diciembre 30.-1-0.-01 minuto.-Donostia Cf*<\/strong><\/p>\n<p style=\"text-align: justify\"><a href=\"https:\/\/www.manquepierda.com\/historiarealbetis\/40521-1935-enero-20-can-rabia-cd-espanol-1-betis-balompie-1-80aniversario-datos-estadisticos\/simon-lecue-andrade-12\/\" rel=\"attachment wp-att-40563\"><img data-recalc-dims=\"1\" loading=\"lazy\" decoding=\"async\" class=\"aligncenter size-thumbnail wp-image-40563\" src=\"https:\/\/i0.wp.com\/www.manquepierda.com\/historiarealbetis\/files\/2015\/01\/Sim%C3%B3n-Lecue-Andrade1.jpg?resize=150%2C220&#038;ssl=1\" alt=\"Sim\u00f3n Lecue Andrade\" width=\"150\" height=\"220\" srcset=\"https:\/\/i0.wp.com\/www.manquepierda.com\/historiarealbetis\/files\/2015\/01\/Sim%C3%B3n-Lecue-Andrade1.jpg?resize=150%2C220&amp;ssl=1 150w, https:\/\/i0.wp.com\/www.manquepierda.com\/historiarealbetis\/files\/2015\/01\/Sim%C3%B3n-Lecue-Andrade1.jpg?w=309&amp;ssl=1 309w\" sizes=\"auto, (max-width: 150px) 100vw, 150px\" \/><\/a><strong>10-Interior Zurdo.-Sim\u00f3n LECUE Andrade.-22 a\u00f1os+11 meses+9 d\u00edas.-ARRIGORRIAGA (Vizcaya),\u00a0 domingo 11-Febrero-1912 (540 minutos).<br \/>\n<\/strong><\/p>\n<p style=\"text-align: center\"><em><strong>2 GOLES logrados:<\/strong><\/em><\/p>\n<p style=\"text-align: left\"><strong>*7\u00aaJDA.-\u00abPatronato Obrero\u00bb.-1935-Enero 13.-2-1.-73 minutos.-Oviedo Cf*<\/strong><\/p>\n<p style=\"text-align: justify\"><em><strong>*8\u00aaJDA.-\u00abCAN RABIA\u00bb.-1935-ENERO 20.<\/strong><\/em><\/p>\n<p style=\"text-align: center\"><em><strong>*1-1.-73 minutos*<br \/>\n<\/strong><\/em><\/p>\n<p style=\"text-align: center\"><strong>\u00abEL MUNDO DEPORTIVO\u00bb-Barcelona,\u00a0 lunes 21.-A. Soler Borrell:<\/strong><\/p>\n<p style=\"text-align: justify\"><em><strong>\u00abFue una r\u00e1pida jugada de \u00abTimimi\u00bb que se intern\u00f3 peligrosamente y ocasion\u00f3 un barullo,\u00a0 se roz\u00f3 el goal,\u00a0 y por \u00faltimo lo obtuvo el \u00abNi\u00f1o de Oro\u00bb entrando al remate inopinadamente cuando el bal\u00f3n parec\u00eda ya despejados\u00bb.<\/strong><\/em><\/p>\n<p style=\"text-align: center\"><strong>\u00abLA VANGUARDIA ESPA\u00d1OLA\u00bb-Barcelona,\u00a0 martes 22:<\/strong><\/p>\n<p style=\"text-align: justify\"><em><strong>\u00abY en un ataque arrollador,\u00a0 en el que hubo un barullo que resolvi\u00f3 \u00e1gilmente el 10 verdiblanco el Betis Balompi\u00e9\u00bb.\u00a0\u00a0 <\/strong><\/em><\/p>\n<p style=\"text-align: justify\"><strong>Mientras la red se hinchaba con la pelota clavada observamos que ning\u00fan b\u00e9tico hab\u00eda perdido la vertical,\u00a0 y 4 \u00f3 5 espa\u00f1olistas hab\u00edan sufrido <em>\u00abknock-down\u00bb.-(<\/em>ORS).<\/strong><\/p>\n<p style=\"text-align: justify\"><a href=\"https:\/\/www.manquepierda.com\/historiarealbetis\/40521-1935-enero-20-can-rabia-cd-espanol-1-betis-balompie-1-80aniversario-datos-estadisticos\/saro-12\/\" rel=\"attachment wp-att-40566\"><img data-recalc-dims=\"1\" loading=\"lazy\" decoding=\"async\" class=\"aligncenter size-thumbnail wp-image-40566\" src=\"https:\/\/i0.wp.com\/www.manquepierda.com\/historiarealbetis\/files\/2015\/01\/SARO.png?resize=188%2C220&#038;ssl=1\" alt=\"SARO\" width=\"188\" height=\"220\" srcset=\"https:\/\/i0.wp.com\/www.manquepierda.com\/historiarealbetis\/files\/2015\/01\/SARO.png?resize=188%2C220&amp;ssl=1 188w, https:\/\/i0.wp.com\/www.manquepierda.com\/historiarealbetis\/files\/2015\/01\/SARO.png?w=191&amp;ssl=1 191w\" sizes=\"auto, (max-width: 188px) 100vw, 188px\" \/><\/a><strong>11-Extremo Zurdo.-\u00c1ngel Mart\u00edn Rodr\u00edguez (a) \u00abSARO\u00bb.-25 a\u00f1os+10 meses+19 d\u00edas.-VALLADOLID,\u00a0 lunes 01-Marzo-1909 (720 minutos).<br \/>\n<\/strong><\/p>\n<p style=\"text-align: center\">VS.<\/p>\n<p style=\"text-align: center\"><a href=\"https:\/\/www.manquepierda.com\/historiarealbetis\/40521-1935-enero-20-can-rabia-cd-espanol-1-betis-balompie-1-80aniversario-datos-estadisticos\/cdespanol1934\/\" rel=\"attachment wp-att-40532\"><img data-recalc-dims=\"1\" loading=\"lazy\" decoding=\"async\" class=\"aligncenter size-thumbnail wp-image-40532\" src=\"https:\/\/i0.wp.com\/www.manquepierda.com\/historiarealbetis\/files\/2015\/01\/CDEspa%C3%B1ol1934.jpg?resize=184%2C220&#038;ssl=1\" alt=\"CDEspa\u00f1ol1934\" width=\"184\" height=\"220\" srcset=\"https:\/\/i0.wp.com\/www.manquepierda.com\/historiarealbetis\/files\/2015\/01\/CDEspa%C3%B1ol1934.jpg?resize=184%2C220&amp;ssl=1 184w, https:\/\/i0.wp.com\/www.manquepierda.com\/historiarealbetis\/files\/2015\/01\/CDEspa%C3%B1ol1934.jpg?resize=502%2C600&amp;ssl=1 502w, https:\/\/i0.wp.com\/www.manquepierda.com\/historiarealbetis\/files\/2015\/01\/CDEspa%C3%B1ol1934.jpg?resize=586%2C700&amp;ssl=1 586w, https:\/\/i0.wp.com\/www.manquepierda.com\/historiarealbetis\/files\/2015\/01\/CDEspa%C3%B1ol1934.jpg?w=606&amp;ssl=1 606w\" sizes=\"auto, (max-width: 184px) 100vw, 184px\" \/><\/a>CLUB DEPORTIVO ESPA\u00d1OL-1 Tanto.<\/p>\n<p style=\"text-align: center\"><strong>5\u00ba Clasificado con 9 puntos:\u00a0 4g+1e+3p.-20-20 Tantos Favor-Contra.<\/strong><\/p>\n<figure id=\"attachment_40533\" aria-describedby=\"caption-attachment-40533\" style=\"width: 165px\" class=\"wp-caption alignright\"><a href=\"https:\/\/www.manquepierda.com\/historiarealbetis\/40521-1935-enero-20-can-rabia-cd-espanol-1-betis-balompie-1-80aniversario-datos-estadisticos\/genaro-de-la-riva\/\" rel=\"attachment wp-att-40533\"><img data-recalc-dims=\"1\" loading=\"lazy\" decoding=\"async\" class=\"size-thumbnail wp-image-40533\" src=\"https:\/\/i0.wp.com\/www.manquepierda.com\/historiarealbetis\/files\/2015\/01\/Genaro-De-la-Riva.jpg?resize=165%2C220&#038;ssl=1\" alt=\"mmmm\" width=\"165\" height=\"220\" srcset=\"https:\/\/i0.wp.com\/www.manquepierda.com\/historiarealbetis\/files\/2015\/01\/Genaro-De-la-Riva.jpg?resize=165%2C220&amp;ssl=1 165w, https:\/\/i0.wp.com\/www.manquepierda.com\/historiarealbetis\/files\/2015\/01\/Genaro-De-la-Riva.jpg?resize=450%2C600&amp;ssl=1 450w, https:\/\/i0.wp.com\/www.manquepierda.com\/historiarealbetis\/files\/2015\/01\/Genaro-De-la-Riva.jpg?resize=525%2C700&amp;ssl=1 525w, https:\/\/i0.wp.com\/www.manquepierda.com\/historiarealbetis\/files\/2015\/01\/Genaro-De-la-Riva.jpg?w=600&amp;ssl=1 600w\" sizes=\"auto, (max-width: 165px) 100vw, 165px\" \/><\/a><figcaption id=\"caption-attachment-40533\" class=\"wp-caption-text\">1933-1942 Presidente don Genaro DE LA RIVA.<\/figcaption><\/figure>\n<figure id=\"attachment_40534\" aria-describedby=\"caption-attachment-40534\" style=\"width: 146px\" class=\"wp-caption alignleft\"><a href=\"https:\/\/www.manquepierda.com\/historiarealbetis\/40521-1935-enero-20-can-rabia-cd-espanol-1-betis-balompie-1-80aniversario-datos-estadisticos\/trabal\/\" rel=\"attachment wp-att-40534\"><img data-recalc-dims=\"1\" loading=\"lazy\" decoding=\"async\" class=\"size-thumbnail wp-image-40534\" src=\"https:\/\/i0.wp.com\/www.manquepierda.com\/historiarealbetis\/files\/2015\/01\/trabal.jpg?resize=146%2C220&#038;ssl=1\" alt=\"mmmm\" width=\"146\" height=\"220\" srcset=\"https:\/\/i0.wp.com\/www.manquepierda.com\/historiarealbetis\/files\/2015\/01\/trabal.jpg?resize=146%2C220&amp;ssl=1 146w, https:\/\/i0.wp.com\/www.manquepierda.com\/historiarealbetis\/files\/2015\/01\/trabal.jpg?w=199&amp;ssl=1 199w\" sizes=\"auto, (max-width: 146px) 100vw, 146px\" \/><\/a><figcaption id=\"caption-attachment-40534\" class=\"wp-caption-text\">Entrenador Ram\u00f3n TRABAL Calvo 30 a\u00f1os+4 meses+3 d\u00edas.-BARCELONA, s\u00e1bado 17-Septiembre-1904.<\/figcaption><\/figure>\n<p style=\"text-align: center\">PORTERO:<\/p>\n<p style=\"text-align: justify\"><a href=\"https:\/\/www.manquepierda.com\/historiarealbetis\/40521-1935-enero-20-can-rabia-cd-espanol-1-betis-balompie-1-80aniversario-datos-estadisticos\/fornies\/\" rel=\"attachment wp-att-40538\"><img data-recalc-dims=\"1\" loading=\"lazy\" decoding=\"async\" class=\"aligncenter size-full wp-image-40538\" src=\"https:\/\/i0.wp.com\/www.manquepierda.com\/historiarealbetis\/files\/2015\/01\/Fornies.jpeg?resize=66%2C84&#038;ssl=1\" alt=\"Fornies\" width=\"66\" height=\"84\" \/><\/a>1.-Joaqu\u00edn FORNIES Sanju\u00e1n.-19 a\u00f1os+4 meses+4 d\u00edas.-ALCOLEA DE CINCA (Huesca),\u00a0 mi\u00e9rcoles 15-Septiembre-1915.<\/p>\n<p style=\"text-align: center\"><strong>*ENCAJ\u00d3 1 TANTO.-1-1.-73 minutos: LECUE*<br \/>\n<\/strong><\/p>\n<p style=\"text-align: center\">DEFENSAS:<\/p>\n<p style=\"text-align: center\">2-Joaqu\u00edn ARATER Clos.-3-Benito P\u00c9REZ J\u00e1uregui.<\/p>\n<p style=\"text-align: center\">MEDIOS:<\/p>\n<p style=\"text-align: center\">4-Jos\u00e9 ESPADA Virg\u00f3s.-5-Pere SOL\u00c9 Junoy.-6-Esteban CIFUENTES Surroca.<\/p>\n<p style=\"text-align: center\">DELANTEROS:<\/p>\n<p style=\"text-align: center\">7-Jos\u00e9 PRAT Ripoll\u00e9s.-8-EDELMIRO Lorenzo Codesido.<\/p>\n<figure id=\"attachment_40545\" aria-describedby=\"caption-attachment-40545\" style=\"width: 680px\" class=\"wp-caption aligncenter\"><a href=\"https:\/\/www.manquepierda.com\/historiarealbetis\/40521-1935-enero-20-can-rabia-cd-espanol-1-betis-balompie-1-80aniversario-datos-estadisticos\/19350120-iriomdo\/\" rel=\"attachment wp-att-40545\"><img data-recalc-dims=\"1\" loading=\"lazy\" decoding=\"async\" class=\"size-medium wp-image-40545\" src=\"https:\/\/i0.wp.com\/www.manquepierda.com\/historiarealbetis\/files\/2015\/01\/19350120-Iriomdo.jpg?resize=680%2C379&#038;ssl=1\" alt=\"mmm\" width=\"680\" height=\"379\" srcset=\"https:\/\/i0.wp.com\/www.manquepierda.com\/historiarealbetis\/files\/2015\/01\/19350120-Iriomdo.jpg?resize=680%2C379&amp;ssl=1 680w, https:\/\/i0.wp.com\/www.manquepierda.com\/historiarealbetis\/files\/2015\/01\/19350120-Iriomdo.jpg?resize=220%2C122&amp;ssl=1 220w, https:\/\/i0.wp.com\/www.manquepierda.com\/historiarealbetis\/files\/2015\/01\/19350120-Iriomdo.jpg?resize=960%2C534&amp;ssl=1 960w, https:\/\/i0.wp.com\/www.manquepierda.com\/historiarealbetis\/files\/2015\/01\/19350120-Iriomdo.jpg?w=2580&amp;ssl=1 2580w\" sizes=\"auto, (max-width: 680px) 100vw, 680px\" \/><\/a><figcaption id=\"caption-attachment-40545\" class=\"wp-caption-text\"><strong>\u00abIRIONDO tuvo ayer en general un d\u00eda espeso.-Veasele, sin embargo, en ocasi\u00f3n de lanzar, con su peculiar y en\u00e9rgico estilo, un tiro contra la meta b\u00e9tica, sin que AEDO llegue a tiempo para evitarlo\u00bb.-\u00abEl Mundo Deportivo\u00bb-Barcelona, lunes 21-01-21.-Fot\u00f3grafo sin especificar.<\/strong><\/figcaption><\/figure>\n<p style=\"text-align: center\">9-Centro Delantero.-Francisco IRIONDO Orozco.-23 a\u00f1os+3 meses+15 d\u00edas.-EIBAR (Guip\u00fazcoa),\u00a0 mi\u00e9rcoles 04-Octubre-1911.<\/p>\n<figure id=\"attachment_40567\" aria-describedby=\"caption-attachment-40567\" style=\"width: 175px\" class=\"wp-caption aligncenter\"><a href=\"https:\/\/www.manquepierda.com\/historiarealbetis\/40521-1935-enero-20-can-rabia-cd-espanol-1-betis-balompie-1-80aniversario-datos-estadisticos\/iriondo-2\/\" rel=\"attachment wp-att-40567\"><img data-recalc-dims=\"1\" loading=\"lazy\" decoding=\"async\" class=\"size-thumbnail wp-image-40567\" src=\"https:\/\/i0.wp.com\/www.manquepierda.com\/historiarealbetis\/files\/2015\/01\/iriondo.jpg?resize=175%2C220&#038;ssl=1\" alt=\"mmmm\" width=\"175\" height=\"220\" srcset=\"https:\/\/i0.wp.com\/www.manquepierda.com\/historiarealbetis\/files\/2015\/01\/iriondo.jpg?resize=175%2C220&amp;ssl=1 175w, https:\/\/i0.wp.com\/www.manquepierda.com\/historiarealbetis\/files\/2015\/01\/iriondo.jpg?w=278&amp;ssl=1 278w\" sizes=\"auto, (max-width: 175px) 100vw, 175px\" \/><\/a><figcaption id=\"caption-attachment-40567\" class=\"wp-caption-text\"><strong>1-0.-66 minutos.<\/strong><\/figcaption><\/figure>\n<p style=\"text-align: center\">10<strong>-Mauel FERN\u00c1NDEZ (a) \u00abMANOL\u00cdN\u00bb.<\/strong><\/p>\n<p style=\"text-align: center\"><a href=\"https:\/\/www.manquepierda.com\/historiarealbetis\/40521-1935-enero-20-can-rabia-cd-espanol-1-betis-balompie-1-80aniversario-datos-estadisticos\/manolin-manuel-fernandez-2\/\" rel=\"attachment wp-att-40568\"><img data-recalc-dims=\"1\" loading=\"lazy\" decoding=\"async\" class=\"aligncenter size-full wp-image-40568\" src=\"https:\/\/i0.wp.com\/www.manquepierda.com\/historiarealbetis\/files\/2015\/01\/Manol%C3%ADn-Manuel-Fern%C3%A1ndez.jpg?resize=139%2C178&#038;ssl=1\" alt=\"&quot;Manol\u00edn&quot;-Manuel Fern\u00e1ndez\" width=\"139\" height=\"178\" \/><\/a><strong>Natural de Barakaldo (Vizcaya) \u00bf?<\/strong><\/p>\n<p style=\"text-align: center\">11-Jaime DOMENECH Roca.<\/p>\n","protected":false},"excerpt":{"rendered":"<p>S\u00c9PTIMA EDICI\u00d3N-CAMPEONATO NACIONAL LIGA PRIMERA DIVISI\u00d3N-TEMPORADA 1934-1935.-Desde domingo 02 de Diciembre de 1934 hasta domingo 28 de Abril de 1935 (Primer T\u00edtulo y \u00fanico); ambas fechas inclusive. 1935-ENERO 20-DOMINGO EN BARCELONA.-Desapacible tarde fr\u00eda y ventosa.-LXXXI Aniversario. OCTAVA JORNADA DEL 7\u00ba CAMPEONATO NACIONAL LIGA PRIMERA DIVISI\u00d3N 1934-1935. ARBITR\u00d3: ALINEACIONES: BETIS BALOMPI\u00c9-1 GOL. SEXTA SEMANA CONSECUTIVA-L\u00cdDER-CON 13&#8230;<\/p>\n","protected":false},"author":48,"featured_media":40525,"comment_status":"open","ping_status":"open","sticky":false,"template":"","format":"standard","meta":{"_kad_post_transparent":"","_kad_post_title":"","_kad_post_layout":"","_kad_post_sidebar_id":"","_kad_post_content_style":"","_kad_post_vertical_padding":"","_kad_post_feature":"","_kad_post_feature_position":"","_kad_post_header":false,"_kad_post_footer":false,"_kad_post_classname":"","_jetpack_memberships_contains_paid_content":false,"footnotes":"","jetpack_publicize_message":"","jetpack_publicize_feature_enabled":true,"jetpack_social_post_already_shared":true,"jetpack_social_options":{"image_generator_settings":{"template":"highway","default_image_id":0,"font":"","enabled":false},"version":2}},"categories":[899,1],"tags":[2267,45,17928,711],"class_list":["post-40521","post","type-post","status-publish","format-standard","has-post-thumbnail","hentry","category-1930-1939","category-portada","tag-1934-35","tag-45","tag-liga-primera-1934-35","tag-rcd-espanyol"],"jetpack_publicize_connections":[],"jetpack_featured_media_url":"https:\/\/i0.wp.com\/www.manquepierda.com\/historiarealbetis\/files\/2015\/01\/19350120-CDE-1-BB-1.jpg?fit=776%2C1002&ssl=1","jetpack_sharing_enabled":true,"jetpack_shortlink":"https:\/\/wp.me\/p1ij08-axz","jetpack-related-posts":[],"_links":{"self":[{"href":"https:\/\/www.manquepierda.com\/historiarealbetis\/wp-json\/wp\/v2\/posts\/40521","targetHints":{"allow":["GET"]}}],"collection":[{"href":"https:\/\/www.manquepierda.com\/historiarealbetis\/wp-json\/wp\/v2\/posts"}],"about":[{"href":"https:\/\/www.manquepierda.com\/historiarealbetis\/wp-json\/wp\/v2\/types\/post"}],"author":[{"embeddable":true,"href":"https:\/\/www.manquepierda.com\/historiarealbetis\/wp-json\/wp\/v2\/users\/48"}],"replies":[{"embeddable":true,"href":"https:\/\/www.manquepierda.com\/historiarealbetis\/wp-json\/wp\/v2\/comments?post=40521"}],"version-history":[{"count":1,"href":"https:\/\/www.manquepierda.com\/historiarealbetis\/wp-json\/wp\/v2\/posts\/40521\/revisions"}],"predecessor-version":[{"id":95859,"href":"https:\/\/www.manquepierda.com\/historiarealbetis\/wp-json\/wp\/v2\/posts\/40521\/revisions\/95859"}],"wp:featuredmedia":[{"embeddable":true,"href":"https:\/\/www.manquepierda.com\/historiarealbetis\/wp-json\/wp\/v2\/media\/40525"}],"wp:attachment":[{"href":"https:\/\/www.manquepierda.com\/historiarealbetis\/wp-json\/wp\/v2\/media?parent=40521"}],"wp:term":[{"taxonomy":"category","embeddable":true,"href":"https:\/\/www.manquepierda.com\/historiarealbetis\/wp-json\/wp\/v2\/categories?post=40521"},{"taxonomy":"post_tag","embeddable":true,"href":"https:\/\/www.manquepierda.com\/historiarealbetis\/wp-json\/wp\/v2\/tags?post=40521"}],"curies":[{"name":"wp","href":"https:\/\/api.w.org\/{rel}","templated":true}]}}