{"id":40578,"date":"2015-01-22T07:23:02","date_gmt":"2015-01-22T06:23:02","guid":{"rendered":"http:\/\/www.manquepierda.com\/historiarealbetis\/?p=40578"},"modified":"2023-01-26T19:41:13","modified_gmt":"2023-01-26T18:41:13","slug":"jose-ramon-gonzalez-romo","status":"publish","type":"post","link":"https:\/\/www.manquepierda.com\/historiarealbetis\/jose-ramon-gonzalez-romo\/","title":{"rendered":"Jos\u00e9 Ram\u00f3n Gonz\u00e1lez Romo"},"content":{"rendered":"<p><a href=\"https:\/\/www.manquepierda.com\/historiarealbetis\/40578-jose-ramon-gonzalez-romo\/romo-1\/\" rel=\"attachment wp-att-40579\"><img data-recalc-dims=\"1\" loading=\"lazy\" decoding=\"async\" class=\"aligncenter size-full wp-image-40579\" src=\"https:\/\/i0.wp.com\/www.manquepierda.com\/historiarealbetis\/files\/2015\/01\/Romo-1.jpg?resize=237%2C349&#038;ssl=1\" alt=\"Romo-1\" width=\"237\" height=\"349\" srcset=\"https:\/\/i0.wp.com\/www.manquepierda.com\/historiarealbetis\/files\/2015\/01\/Romo-1.jpg?w=237&amp;ssl=1 237w, https:\/\/i0.wp.com\/www.manquepierda.com\/historiarealbetis\/files\/2015\/01\/Romo-1.jpg?resize=149%2C220&amp;ssl=1 149w\" sizes=\"auto, (max-width: 237px) 100vw, 237px\" \/><\/a><\/p>\n<p><strong>Jos\u00e9 Ram\u00f3n Gonz\u00e1lez Romo<\/strong>, nacido en Sevilla el 12 de octubre de 1963.<\/p>\n<p>Centrocampista.<\/p>\n<p>En la cantera b\u00e9tica desde los 11 a\u00f1os, destac\u00f3 en su \u00e9poca juvenil y lleg\u00f3 al Betis Deportivo a los 18 a\u00f1os. Pero ese mismo a\u00f1o ya debut\u00f3 con el primer equipo: el 11 de diciembre de 1981 lo hizo en un amistoso Dos Hermanas-Betis y pocos d\u00edas despu\u00e9s, el 3 de enero de 1982, debutaba de forma oficial en un Betis-Racing de Santander, en la jornada 18 del campeonato de Liga de Primera Divisi\u00f3n, de la mano de Rafael Iriondo.<\/p>\n<p>Durante sus dos primeras campa\u00f1as en el primer equipo jug\u00f3 poco: 7 encuentros de Liga en cada una de ellas; en la temporada 1983-84 fue cedido el Recreativo de Huelva, aunque una lesi\u00f3n de osteopat\u00eda de pubis le hizo pasar por el quir\u00f3fano.<\/p>\n<p>En la temporada 1984-85 volvi\u00f3 al Betis, donde se le ve\u00eda como el sucesor de Julio Carde\u00f1osa en el centro del campo b\u00e9tico. Cuando el vallisoletano se retir\u00f3 a final de esa campa\u00f1a fue Romo el conductor del juego verdiblanco. De hecho la temporada 1985-86, con Carriega y Del Sol en el banquillo b\u00e9tico, fue la que m\u00e1s encuentros jug\u00f3: 25 partidos de Liga con 7 goles, entre ellos el famoso del Domingo de Romo, obtenido en el derbi contra el Sevilla FC en marzo de 1986 y que supuso la victoria b\u00e9tica en la jornada matutina del Domingo de Ramos.<\/p>\n<p>Sus 3 \u00faltimas campa\u00f1as en el Betis no fueron muy participativas, adem\u00e1s de sufrir una nueva lesi\u00f3n por la rotura parcial del ligamento lateral de la rodilla. Al final de la temporada 1988-89 se desvincul\u00f3 del conjunto b\u00e9tico, pasando a formar parte del C\u00e1diz. En la entidad amarilla estuvo 2 temporadas, \u00a0para terminar su carrera futbol\u00edstica en el Recreativo de Huelva, donde se retir\u00f3 en 1993.<\/p>\n<p>Historial<\/p>\n<table width=\"272\">\n<tbody>\n<tr>\n<td width=\"80\">1981-82<\/td>\n<td width=\"94\">Betis Deportivo<\/td>\n<td width=\"98\">Tercera<\/td>\n<\/tr>\n<tr>\n<td>1981-82<\/td>\n<td>Betis<\/td>\n<td>Primera<\/td>\n<\/tr>\n<tr>\n<td>1982-83<\/td>\n<td>Betis<\/td>\n<td>Primera<\/td>\n<\/tr>\n<tr>\n<td>1983-84<\/td>\n<td>Recreativo<\/td>\n<td>Segunda<\/td>\n<\/tr>\n<tr>\n<td>1984-85<\/td>\n<td>Betis<\/td>\n<td>Primera<\/td>\n<\/tr>\n<tr>\n<td>1985-86<\/td>\n<td>Betis<\/td>\n<td>Primera<\/td>\n<\/tr>\n<tr>\n<td>1986-87<\/td>\n<td>Betis<\/td>\n<td>Primera<\/td>\n<\/tr>\n<tr>\n<td>1987-88<\/td>\n<td>Betis<\/td>\n<td>Primera<\/td>\n<\/tr>\n<tr>\n<td>1988-89<\/td>\n<td>Betis<\/td>\n<td>Primera<\/td>\n<\/tr>\n<tr>\n<td>1989-90<\/td>\n<td>C\u00e1diz<\/td>\n<td>Primera<\/td>\n<\/tr>\n<tr>\n<td>1990-91<\/td>\n<td>C\u00e1diz<\/td>\n<td>Primera<\/td>\n<\/tr>\n<tr>\n<td width=\"80\">1991-92<\/td>\n<td>Recreativo<\/td>\n<td>Segunda B<\/td>\n<\/tr>\n<tr>\n<td width=\"80\">1992-93<\/td>\n<td>Recreativo<\/td>\n<td>Segunda B<\/td>\n<\/tr>\n<\/tbody>\n<\/table>\n<p>En sus 7 temporadas en el Betis Romo jug\u00f3 145 partidos de Liga, marcando 9 goles, 21 de Copa, obteniendo 2 goles, 9 de la Copa de la Liga, en los que consigui\u00f3 1 gol, y 587 amistosos, en los que hizo 11 tantos.<\/p>\n","protected":false},"excerpt":{"rendered":"<p>Jos\u00e9 Ram\u00f3n Gonz\u00e1lez Romo, nacido en Sevilla el 12 de octubre de 1963. Centrocampista. En la cantera b\u00e9tica desde los 11 a\u00f1os, destac\u00f3 en su \u00e9poca juvenil y lleg\u00f3 al Betis Deportivo a los 18 a\u00f1os. Pero ese mismo a\u00f1o ya debut\u00f3 con el primer equipo: el 11 de diciembre de 1981 lo hizo en&#8230;<\/p>\n","protected":false},"author":5,"featured_media":40579,"comment_status":"open","ping_status":"open","sticky":false,"template":"","format":"standard","meta":{"_kad_post_transparent":"","_kad_post_title":"","_kad_post_layout":"","_kad_post_sidebar_id":"","_kad_post_content_style":"","_kad_post_vertical_padding":"","_kad_post_feature":"","_kad_post_feature_position":"","_kad_post_header":false,"_kad_post_footer":false,"_kad_post_classname":"","_jetpack_memberships_contains_paid_content":false,"footnotes":"","jetpack_publicize_message":"","jetpack_publicize_feature_enabled":true,"jetpack_social_post_already_shared":true,"jetpack_social_options":{"image_generator_settings":{"template":"highway","default_image_id":0,"font":"","enabled":false},"version":2}},"categories":[893,1],"tags":[1430],"class_list":["post-40578","post","type-post","status-publish","format-standard","has-post-thumbnail","hentry","category-jugadores-temas","category-portada","tag-jose-ramon-gonzalez-romo"],"jetpack_publicize_connections":[],"jetpack_featured_media_url":"https:\/\/i0.wp.com\/www.manquepierda.com\/historiarealbetis\/files\/2015\/01\/Romo-1.jpg?fit=237%2C349&ssl=1","jetpack_sharing_enabled":true,"jetpack_shortlink":"https:\/\/wp.me\/p1ij08-ayu","jetpack-related-posts":[],"_links":{"self":[{"href":"https:\/\/www.manquepierda.com\/historiarealbetis\/wp-json\/wp\/v2\/posts\/40578","targetHints":{"allow":["GET"]}}],"collection":[{"href":"https:\/\/www.manquepierda.com\/historiarealbetis\/wp-json\/wp\/v2\/posts"}],"about":[{"href":"https:\/\/www.manquepierda.com\/historiarealbetis\/wp-json\/wp\/v2\/types\/post"}],"author":[{"embeddable":true,"href":"https:\/\/www.manquepierda.com\/historiarealbetis\/wp-json\/wp\/v2\/users\/5"}],"replies":[{"embeddable":true,"href":"https:\/\/www.manquepierda.com\/historiarealbetis\/wp-json\/wp\/v2\/comments?post=40578"}],"version-history":[{"count":1,"href":"https:\/\/www.manquepierda.com\/historiarealbetis\/wp-json\/wp\/v2\/posts\/40578\/revisions"}],"predecessor-version":[{"id":87722,"href":"https:\/\/www.manquepierda.com\/historiarealbetis\/wp-json\/wp\/v2\/posts\/40578\/revisions\/87722"}],"wp:featuredmedia":[{"embeddable":true,"href":"https:\/\/www.manquepierda.com\/historiarealbetis\/wp-json\/wp\/v2\/media\/40579"}],"wp:attachment":[{"href":"https:\/\/www.manquepierda.com\/historiarealbetis\/wp-json\/wp\/v2\/media?parent=40578"}],"wp:term":[{"taxonomy":"category","embeddable":true,"href":"https:\/\/www.manquepierda.com\/historiarealbetis\/wp-json\/wp\/v2\/categories?post=40578"},{"taxonomy":"post_tag","embeddable":true,"href":"https:\/\/www.manquepierda.com\/historiarealbetis\/wp-json\/wp\/v2\/tags?post=40578"}],"curies":[{"name":"wp","href":"https:\/\/api.w.org\/{rel}","templated":true}]}}