{"id":40623,"date":"2020-01-27T10:30:00","date_gmt":"2020-01-27T09:30:00","guid":{"rendered":"http:\/\/www.manquepierda.com\/historiarealbetis\/?p=40623"},"modified":"2024-08-17T10:16:51","modified_gmt":"2024-08-17T08:16:51","slug":"hoy-hace-85-anos-1934-35-la-liga-que-ganamos-betis-balompie-athletic-club","status":"publish","type":"post","link":"https:\/\/www.manquepierda.com\/historiarealbetis\/hoy-hace-85-anos-1934-35-la-liga-que-ganamos-betis-balompie-athletic-club\/","title":{"rendered":"Hoy hace 85 a\u00f1os. La Liga que ganamos. Betis Balompi\u00e9 1 Athletic Club 0."},"content":{"rendered":"<figure id=\"attachment_40624\" aria-describedby=\"caption-attachment-40624\" style=\"width: 680px\" class=\"wp-caption aligncenter\"><a href=\"https:\/\/www.manquepierda.com\/historiarealbetis\/40623-hoy-hace-80-anos-1934-35-la-liga-que-ganamos-betis-balompie-athletic-club\/alineacion-betis-athletic-liga-1935\/\" rel=\"attachment wp-att-40624\"><img data-recalc-dims=\"1\" loading=\"lazy\" decoding=\"async\" class=\"wp-image-40624 size-medium\" src=\"https:\/\/i0.wp.com\/www.manquepierda.com\/historiarealbetis\/files\/2015\/01\/Alineaci%C3%B3n-Betis-Athletic-Liga-1935.jpg?resize=680%2C396&#038;ssl=1\" alt=\"Alineaci\u00f3n Betis-Athletic Liga 1935\" width=\"680\" height=\"396\" srcset=\"https:\/\/i0.wp.com\/www.manquepierda.com\/historiarealbetis\/files\/2015\/01\/Alineaci%C3%B3n-Betis-Athletic-Liga-1935.jpg?resize=680%2C396&amp;ssl=1 680w, https:\/\/i0.wp.com\/www.manquepierda.com\/historiarealbetis\/files\/2015\/01\/Alineaci%C3%B3n-Betis-Athletic-Liga-1935.jpg?resize=220%2C128&amp;ssl=1 220w, https:\/\/i0.wp.com\/www.manquepierda.com\/historiarealbetis\/files\/2015\/01\/Alineaci%C3%B3n-Betis-Athletic-Liga-1935.jpg?resize=960%2C559&amp;ssl=1 960w, https:\/\/i0.wp.com\/www.manquepierda.com\/historiarealbetis\/files\/2015\/01\/Alineaci%C3%B3n-Betis-Athletic-Liga-1935.jpg?w=1019&amp;ssl=1 1019w\" sizes=\"auto, (max-width: 680px) 100vw, 680px\" \/><\/a><figcaption id=\"caption-attachment-40624\" class=\"wp-caption-text\">Alineaci\u00f3n del Betis frente al Athletic: Areso, Urquiaga, Unamuno, Aedo, Timimi, G\u00f3mez, Lecue y Saro; Peral, Adolfo y Larrinoa<\/figcaption><\/figure>\n<p><span style=\"color: #008000\">En la jornada 9 es el vigente campe\u00f3n liguero, el Athletic Club, quien ha de visitar al Betis en el Patronato. Un partido dif\u00edcil, y para el que sube la expectaci\u00f3n no s\u00f3lo en Sevilla sino en otros lugares cercanos de Andaluc\u00eda. As\u00ed desde Huelva y C\u00e1diz se organizan expediciones con trenes especiales con aficionados \u00e1vidos de presenciar el duelo en la cumbre.<\/span><\/p>\n<figure id=\"attachment_40629\" aria-describedby=\"caption-attachment-40629\" style=\"width: 210px\" class=\"wp-caption alignleft\"><a href=\"https:\/\/www.manquepierda.com\/historiarealbetis\/40623-hoy-hace-80-anos-1934-35-la-liga-que-ganamos-betis-balompie-athletic-club\/27-areso-y-aedo-en-sevilla-2\/\" rel=\"attachment wp-att-40629\"><img data-recalc-dims=\"1\" loading=\"lazy\" decoding=\"async\" class=\"wp-image-40629\" src=\"https:\/\/i0.wp.com\/www.manquepierda.com\/historiarealbetis\/files\/2015\/01\/27-Areso-y-Aedo-en-Sevilla-2.jpg?resize=210%2C374&#038;ssl=1\" alt=\"Fuente: El Liberal 27 de enero de 1935\" width=\"210\" height=\"374\" srcset=\"https:\/\/i0.wp.com\/www.manquepierda.com\/historiarealbetis\/files\/2015\/01\/27-Areso-y-Aedo-en-Sevilla-2.jpg?w=317&amp;ssl=1 317w, https:\/\/i0.wp.com\/www.manquepierda.com\/historiarealbetis\/files\/2015\/01\/27-Areso-y-Aedo-en-Sevilla-2.jpg?resize=124%2C220&amp;ssl=1 124w\" sizes=\"auto, (max-width: 210px) 100vw, 210px\" \/><\/a><figcaption id=\"caption-attachment-40629\" class=\"wp-caption-text\">Fuente: El Liberal 27 de enero de 1935<\/figcaption><\/figure>\n<p>&nbsp;<\/p>\n<p><span style=\"color: #008000\">Como ya vimos <a style=\"color: #008000\" href=\"https:\/\/www.manquepierda.com\/historiarealbetis\/areso-y-aedo-debutan-con-la-seleccion-1935\/\"><strong>aqu\u00ed<\/strong><\/a>\u00a0el jueves 24 de enero dos jugadores b\u00e9ticos, Pedro Areso y Seraf\u00edn Aedo, debutan con la selecci\u00f3n espa\u00f1ola que vence a Francia por 2 a 0 en \u00a0Chamart\u00edn.<\/span><\/p>\n<p><span style=\"color: #008000\">Al d\u00eda siguiente regresan a Sevilla por v\u00eda a\u00e9rea en el avi\u00f3n correo de Madrid; es una de las primeras noticias que tenemos del uso de este medio de transporte en el mundo del f\u00fatbol en Sevilla.<\/span><\/p>\n<p>&nbsp;<\/p>\n<p><span style=\"color: #008000\">Era frecuente en esa \u00e9poca que los futbolistas se dejasen ver de forma habitual en los sitios en los que se reun\u00eda la afici\u00f3n local. As\u00ed se refleja en la prensa del mismo domingo 27 de enero hablando de la presencia de los dos nuevos internacionales b\u00e9ticos y la admiraci\u00f3n despertada.<\/span><\/p>\n<p>&nbsp;<\/p>\n<p>&nbsp;<\/p>\n<p><span style=\"color: #008000\">El Athletic prepara cuidadosamente el partido. De hecho adelanta su llega a Sevilla en un d\u00eda y, en contra de lo habitual de la \u00e9poca, que era llegar el d\u00eda anterior al del partido, desde el viernes 25 de enero ya llama la atenci\u00f3n la presencia en Sevilla del autob\u00fas rojo del club bilba\u00edno.<\/span><\/p>\n<p><span style=\"color: #008000\">Para el encuentro Patrick O\u00b4Connell s\u00ed dispone en esta ocasi\u00f3n de todos sus titulares, por lo que respecto al partido de Sarri\u00e1, la gran novedad es la alineaci\u00f3n de Victorio Unamuno en el eje del ataque, pasando el canario Adolfo Mart\u00edn al puesto de interior derecho en lugar de Rancel.<\/span><\/p>\n<p><span style=\"color: #008000\">As\u00ed el Betis forma con. Urquiaga; Areso, Aedo; Peral, G\u00f3mez, Larrinoa; Timimi, Adolfo, Unamuno, Lecue y Saro.<\/span><\/p>\n<p><span style=\"color: #008000\">El Athletic Club con: Blasco; Urbano, Oceja; Cilaurren, Muguerza, Roberto; Careaga, Gerardo, Bata, Mandaluniz y El\u00edces.<\/span><\/p>\n<p><span style=\"color: #008000\">Es baja en el Athletic su extremo izquierda Guillermo Gorostiza, \u00abBala Roja\u00bb, que result\u00f3 lesionado en el encuentro Espa\u00f1a-Francia antes comentado.<\/span><\/p>\n<p><span style=\"color: #008000\">El entrenador bilba\u00edno, Patricio Caicedo, en declaraciones previas a la prensa local se muestra cauto ante el partido. El colegiado encargado de dirigir el encuentro fue el madrile\u00f1o Ram\u00f3n Melc\u00f3n.<\/span><\/p>\n<p><span style=\"color: #008000\">La expectaci\u00f3n despertada se refleja en la cr\u00f3nica de La Uni\u00f3n: \u00ab<em>Indudablemente el Athletic de Bilbao es uno de los equipos que atrae a las masas de aficionados. Su historial, sus \u00e9xitos en repetidas temporadas, es seguido hoy por cuantos les interesa el deporte del bal\u00f3n redondo, y eso se traduce en una justificada expectaci\u00f3n al anuncio de su presencia en los campos de juego. Tenemos una buena prueba de ello en el aspecto que presentaban ayer las localidades del campo del Patronato Obrero, sede del Betis, completamente abarrotadas de una multitud destacada de muchos puntos de la regi\u00f3n, ya que desgraciadamente el contingente de aficionados locales no da todav\u00eda para tanto, pese al esfuerzo que hacen los clubes sevillanos, por estar situados a la mayor altura dentro del concierto futbol\u00edstico nacional\u00bb. \u00a0<\/em><\/span><\/p>\n<p><span style=\"color: #008000\">El partido se disput\u00f3 con un fuerte viento que sopl\u00f3 en direcci\u00f3n a la porter\u00eda ubicada sobre el Front\u00f3n Betis, y que en la primera parte benefici\u00f3 al Athletic y en la segunda al Betis. As\u00ed en la primera mitad, el equipo verdiblanco demostr\u00f3 toda su capacidad defensiva \u00ab<em>con un escalonamiento racional de sus medios y defensas, con la ayuda de los interiores, que saben convertirse en dos medios m\u00e1s llegado el momento\u00bb.<\/em><\/span><\/p>\n<p><span style=\"color: #008000\">En la segunda parte variaron las tornas, y fue el Betis el que acos\u00f3 la porter\u00eda bilba\u00edna. El equipo vasco se repleg\u00f3, teniendo que bajar su delantero centro Bata a ayudar al medio centro Muguerza, visiblemente agotado.<\/span><\/p>\n<p><span style=\"color: #008000\">El \u00fanico tanto del partido lleg\u00f3 en el minuto 73. Peral dispar\u00f3 a puerta, toc\u00f3 Saro el bal\u00f3n \u00a0y Lecue aprovech\u00f3 el momento para empalmar un punterazo de cerca que dio con el bal\u00f3n en las mallas.<\/span><\/p>\n<figure id=\"attachment_40631\" aria-describedby=\"caption-attachment-40631\" style=\"width: 580px\" class=\"wp-caption aligncenter\"><a href=\"https:\/\/www.manquepierda.com\/historiarealbetis\/40623-hoy-hace-80-anos-1934-35-la-liga-que-ganamos-betis-balompie-athletic-club\/29-betis-athletic-club-imagen-1\/\" rel=\"attachment wp-att-40631\"><img data-recalc-dims=\"1\" loading=\"lazy\" decoding=\"async\" class=\"wp-image-40631\" src=\"https:\/\/i0.wp.com\/www.manquepierda.com\/historiarealbetis\/files\/2015\/01\/29-Betis-Athletic-Club-imagen-1.jpg?resize=580%2C438&#038;ssl=1\" alt=\"Fuente: El Liberal 29 de enro de 1935\" width=\"580\" height=\"438\" srcset=\"https:\/\/i0.wp.com\/www.manquepierda.com\/historiarealbetis\/files\/2015\/01\/29-Betis-Athletic-Club-imagen-1.jpg?w=652&amp;ssl=1 652w, https:\/\/i0.wp.com\/www.manquepierda.com\/historiarealbetis\/files\/2015\/01\/29-Betis-Athletic-Club-imagen-1.jpg?resize=220%2C166&amp;ssl=1 220w\" sizes=\"auto, (max-width: 580px) 100vw, 580px\" \/><\/a><figcaption id=\"caption-attachment-40631\" class=\"wp-caption-text\">Fuente: El Liberal 29 de enro de 1935<\/figcaption><\/figure>\n<p><span style=\"color: #008000\">Antes del partido contra el Athletic el equipo amateur se enfrent\u00f3 al C.D. La Palma, formando los b\u00e9ticos con Su\u00e1rez; Joaqu\u00edn, Cornejo; Anto\u00f1ito, Pi\u00f1a, Aurelio; Manol\u00edn, Rocasolano, Paquirri, Caballero y Valera. Y tambi\u00e9n hubo pruebas ciclistas, organizadas por la Agrupaci\u00f3n Ciclista Sevillana.<\/span><\/p>\n<p><a href=\"https:\/\/www.manquepierda.com\/historiarealbetis\/40623-hoy-hace-80-anos-1934-35-la-liga-que-ganamos-betis-balompie-athletic-club\/resultados-y-clasif-j9\/\" rel=\"attachment wp-att-40632\"><img data-recalc-dims=\"1\" loading=\"lazy\" decoding=\"async\" class=\"aligncenter size-full wp-image-40632\" src=\"https:\/\/i0.wp.com\/www.manquepierda.com\/historiarealbetis\/files\/2015\/01\/Resultados-y-clasif-j9.jpg?resize=350%2C368&#038;ssl=1\" alt=\"Resultados y clasif- j9\" width=\"350\" height=\"368\" srcset=\"https:\/\/i0.wp.com\/www.manquepierda.com\/historiarealbetis\/files\/2015\/01\/Resultados-y-clasif-j9.jpg?w=350&amp;ssl=1 350w, https:\/\/i0.wp.com\/www.manquepierda.com\/historiarealbetis\/files\/2015\/01\/Resultados-y-clasif-j9.jpg?resize=209%2C220&amp;ssl=1 209w\" sizes=\"auto, (max-width: 350px) 100vw, 350px\" \/><\/a><\/p>\n<p><span style=\"color: #008000\">Del resto de la jornada destac\u00f3 la estrepitosa derrota del Madrid en Mestalla, con 2 goles de Vilanova, Gaspar Rubio y Costa. Tambi\u00e9n tropiezo del Barcelona en Las Corts con el Racing, con lo que los hist\u00f3ricos quedaban descolgados del l\u00edder. Gran encuentro en el Metropolitano y duelo entre El\u00edcegui y L\u00e1ngara, que se sald\u00f3 con empate, consiguiendo cada uno de ellos los 3 tantos de su equipo.<\/span><\/p>\n","protected":false},"excerpt":{"rendered":"<p>En la jornada 9 es el vigente campe\u00f3n liguero, el Athletic Club, quien ha de visitar al Betis en el Patronato. Un partido dif\u00edcil, y para el que sube la expectaci\u00f3n no s\u00f3lo en Sevilla sino en otros lugares cercanos de Andaluc\u00eda. As\u00ed desde Huelva y C\u00e1diz se organizan expediciones con trenes especiales con aficionados&#8230;<\/p>\n","protected":false},"author":5,"featured_media":40624,"comment_status":"open","ping_status":"open","sticky":false,"template":"","format":"standard","meta":{"_kad_post_transparent":"","_kad_post_title":"","_kad_post_layout":"","_kad_post_sidebar_id":"","_kad_post_content_style":"","_kad_post_vertical_padding":"","_kad_post_feature":"","_kad_post_feature_position":"","_kad_post_header":false,"_kad_post_footer":false,"_kad_post_classname":"","_jetpack_memberships_contains_paid_content":false,"footnotes":"","jetpack_publicize_message":"","jetpack_publicize_feature_enabled":true,"jetpack_social_post_already_shared":true,"jetpack_social_options":{"image_generator_settings":{"template":"highway","default_image_id":0,"font":"","enabled":false},"version":2}},"categories":[899,906,1],"tags":[2267,45,124,17928],"class_list":["post-40623","post","type-post","status-publish","format-standard","has-post-thumbnail","hentry","category-1930-1939","category-investigacion-temas","category-portada","tag-1934-35","tag-45","tag-athletic-club","tag-liga-primera-1934-35"],"jetpack_publicize_connections":[],"jetpack_featured_media_url":"https:\/\/i0.wp.com\/www.manquepierda.com\/historiarealbetis\/files\/2015\/01\/Alineaci%C3%B3n-Betis-Athletic-Liga-1935.jpg?fit=1019%2C593&ssl=1","jetpack_sharing_enabled":true,"jetpack_shortlink":"https:\/\/wp.me\/p1ij08-azd","jetpack-related-posts":[],"_links":{"self":[{"href":"https:\/\/www.manquepierda.com\/historiarealbetis\/wp-json\/wp\/v2\/posts\/40623","targetHints":{"allow":["GET"]}}],"collection":[{"href":"https:\/\/www.manquepierda.com\/historiarealbetis\/wp-json\/wp\/v2\/posts"}],"about":[{"href":"https:\/\/www.manquepierda.com\/historiarealbetis\/wp-json\/wp\/v2\/types\/post"}],"author":[{"embeddable":true,"href":"https:\/\/www.manquepierda.com\/historiarealbetis\/wp-json\/wp\/v2\/users\/5"}],"replies":[{"embeddable":true,"href":"https:\/\/www.manquepierda.com\/historiarealbetis\/wp-json\/wp\/v2\/comments?post=40623"}],"version-history":[{"count":1,"href":"https:\/\/www.manquepierda.com\/historiarealbetis\/wp-json\/wp\/v2\/posts\/40623\/revisions"}],"predecessor-version":[{"id":96947,"href":"https:\/\/www.manquepierda.com\/historiarealbetis\/wp-json\/wp\/v2\/posts\/40623\/revisions\/96947"}],"wp:featuredmedia":[{"embeddable":true,"href":"https:\/\/www.manquepierda.com\/historiarealbetis\/wp-json\/wp\/v2\/media\/40624"}],"wp:attachment":[{"href":"https:\/\/www.manquepierda.com\/historiarealbetis\/wp-json\/wp\/v2\/media?parent=40623"}],"wp:term":[{"taxonomy":"category","embeddable":true,"href":"https:\/\/www.manquepierda.com\/historiarealbetis\/wp-json\/wp\/v2\/categories?post=40623"},{"taxonomy":"post_tag","embeddable":true,"href":"https:\/\/www.manquepierda.com\/historiarealbetis\/wp-json\/wp\/v2\/tags?post=40623"}],"curies":[{"name":"wp","href":"https:\/\/api.w.org\/{rel}","templated":true}]}}