{"id":40699,"date":"2015-01-30T07:38:19","date_gmt":"2015-01-30T06:38:19","guid":{"rendered":"http:\/\/www.manquepierda.com\/historiarealbetis\/?p=40699"},"modified":"2024-08-09T18:52:21","modified_gmt":"2024-08-09T16:52:21","slug":"numancia-betis-liga-2004","status":"publish","type":"post","link":"https:\/\/www.manquepierda.com\/historiarealbetis\/numancia-betis-liga-2004\/","title":{"rendered":"Numancia-Betis Liga 2004"},"content":{"rendered":"<figure id=\"attachment_40700\" aria-describedby=\"caption-attachment-40700\" style=\"width: 472px\" class=\"wp-caption aligncenter\"><a href=\"https:\/\/www.manquepierda.com\/historiarealbetis\/40699-numancia-betis-liga-2004\/betis-numancia-liga-2004-nmp-marca-29-08-2004\/\" rel=\"attachment wp-att-40700\"><img data-recalc-dims=\"1\" loading=\"lazy\" decoding=\"async\" class=\"size-full wp-image-40700\" src=\"https:\/\/i0.wp.com\/www.manquepierda.com\/historiarealbetis\/files\/2015\/01\/Betis-Numancia-Liga-2004-NMP-Marca-29-08-2004.jpg?resize=472%2C413&#038;ssl=1\" alt=\"Fuente: Marca 29 de agosto de 2004\" width=\"472\" height=\"413\" srcset=\"https:\/\/i0.wp.com\/www.manquepierda.com\/historiarealbetis\/files\/2015\/01\/Betis-Numancia-Liga-2004-NMP-Marca-29-08-2004.jpg?w=472&amp;ssl=1 472w, https:\/\/i0.wp.com\/www.manquepierda.com\/historiarealbetis\/files\/2015\/01\/Betis-Numancia-Liga-2004-NMP-Marca-29-08-2004.jpg?resize=220%2C193&amp;ssl=1 220w\" sizes=\"auto, (max-width: 472px) 100vw, 472px\" \/><\/a><figcaption id=\"caption-attachment-40700\" class=\"wp-caption-text\">Fuente: Marca 29 de agosto de 2004<\/figcaption><\/figure>\n<p>28 de agosto de 2004 en Los Pajaritos \u00a0Numancia \u00a01 \u00a0 Betis 1: jornada primera del Campeonato de Liga de Primera Divisi\u00f3n.<\/p>\n<p>En la imagen el defensa b\u00e9tico Castellini despeja ante el jugador soriano Velasco.<\/p>\n<p>En el minuto 2 Juanlu adelant\u00f3 al Numancia, empatando Fernando para el Betis en el 45.<\/p>\n<p>Francisco L\u00f3pez entrenaba al Numancia y Lorenzo Serra al Betis<\/p>\n","protected":false},"excerpt":{"rendered":"<p>28 de agosto de 2004 en Los Pajaritos \u00a0Numancia \u00a01 \u00a0 Betis 1: jornada primera del Campeonato de Liga de Primera Divisi\u00f3n. En la imagen el defensa b\u00e9tico Castellini despeja ante el jugador soriano Velasco. En el minuto 2 Juanlu adelant\u00f3 al Numancia, empatando Fernando para el Betis en el 45. Francisco L\u00f3pez entrenaba al&#8230;<\/p>\n","protected":false},"author":5,"featured_media":40700,"comment_status":"open","ping_status":"open","sticky":false,"template":"","format":"standard","meta":{"_kad_post_transparent":"","_kad_post_title":"","_kad_post_layout":"","_kad_post_sidebar_id":"","_kad_post_content_style":"","_kad_post_vertical_padding":"","_kad_post_feature":"","_kad_post_feature_position":"","_kad_post_header":false,"_kad_post_footer":false,"_kad_post_classname":"","_jetpack_memberships_contains_paid_content":false,"footnotes":"","jetpack_publicize_message":"","jetpack_publicize_feature_enabled":true,"jetpack_social_post_already_shared":true,"jetpack_social_options":{"image_generator_settings":{"template":"highway","default_image_id":0,"font":"","enabled":false},"version":2}},"categories":[4823,1],"tags":[6013,5910,1488,17906,7684],"class_list":["post-40699","post","type-post","status-publish","format-standard","has-post-thumbnail","hentry","category-2000-2009","category-portada","tag-6013","tag-2004-05","tag-cd-numancia","tag-liga-primera-2004-05","tag-paolo-castellini"],"jetpack_publicize_connections":[],"jetpack_featured_media_url":"https:\/\/i0.wp.com\/www.manquepierda.com\/historiarealbetis\/files\/2015\/01\/Betis-Numancia-Liga-2004-NMP-Marca-29-08-2004.jpg?fit=472%2C413&ssl=1","jetpack_sharing_enabled":true,"jetpack_shortlink":"https:\/\/wp.me\/p1ij08-aAr","jetpack-related-posts":[],"_links":{"self":[{"href":"https:\/\/www.manquepierda.com\/historiarealbetis\/wp-json\/wp\/v2\/posts\/40699","targetHints":{"allow":["GET"]}}],"collection":[{"href":"https:\/\/www.manquepierda.com\/historiarealbetis\/wp-json\/wp\/v2\/posts"}],"about":[{"href":"https:\/\/www.manquepierda.com\/historiarealbetis\/wp-json\/wp\/v2\/types\/post"}],"author":[{"embeddable":true,"href":"https:\/\/www.manquepierda.com\/historiarealbetis\/wp-json\/wp\/v2\/users\/5"}],"replies":[{"embeddable":true,"href":"https:\/\/www.manquepierda.com\/historiarealbetis\/wp-json\/wp\/v2\/comments?post=40699"}],"version-history":[{"count":1,"href":"https:\/\/www.manquepierda.com\/historiarealbetis\/wp-json\/wp\/v2\/posts\/40699\/revisions"}],"predecessor-version":[{"id":95839,"href":"https:\/\/www.manquepierda.com\/historiarealbetis\/wp-json\/wp\/v2\/posts\/40699\/revisions\/95839"}],"wp:featuredmedia":[{"embeddable":true,"href":"https:\/\/www.manquepierda.com\/historiarealbetis\/wp-json\/wp\/v2\/media\/40700"}],"wp:attachment":[{"href":"https:\/\/www.manquepierda.com\/historiarealbetis\/wp-json\/wp\/v2\/media?parent=40699"}],"wp:term":[{"taxonomy":"category","embeddable":true,"href":"https:\/\/www.manquepierda.com\/historiarealbetis\/wp-json\/wp\/v2\/categories?post=40699"},{"taxonomy":"post_tag","embeddable":true,"href":"https:\/\/www.manquepierda.com\/historiarealbetis\/wp-json\/wp\/v2\/tags?post=40699"}],"curies":[{"name":"wp","href":"https:\/\/api.w.org\/{rel}","templated":true}]}}