{"id":40850,"date":"2015-02-07T07:27:23","date_gmt":"2015-02-07T06:27:23","guid":{"rendered":"http:\/\/www.manquepierda.com\/historiarealbetis\/?p=40850"},"modified":"2024-09-01T12:30:07","modified_gmt":"2024-09-01T10:30:07","slug":"nos-visita-la-sd-ponferradina","status":"publish","type":"post","link":"https:\/\/www.manquepierda.com\/historiarealbetis\/nos-visita-la-sd-ponferradina\/","title":{"rendered":"Nos visita la SD Ponferradina"},"content":{"rendered":"<p><a href=\"https:\/\/www.manquepierda.com\/historiarealbetis\/40850-nos-visita-la-sd-ponferradina\/ponferradina\/\" rel=\"attachment wp-att-40851\"><img data-recalc-dims=\"1\" loading=\"lazy\" decoding=\"async\" class=\"aligncenter size-full wp-image-40851\" src=\"https:\/\/i0.wp.com\/www.manquepierda.com\/historiarealbetis\/files\/2015\/02\/Ponferradina.jpg?resize=637%2C322&#038;ssl=1\" alt=\"Ponferradina\" width=\"637\" height=\"322\" srcset=\"https:\/\/i0.wp.com\/www.manquepierda.com\/historiarealbetis\/files\/2015\/02\/Ponferradina.jpg?w=637&amp;ssl=1 637w, https:\/\/i0.wp.com\/www.manquepierda.com\/historiarealbetis\/files\/2015\/02\/Ponferradina.jpg?resize=220%2C111&amp;ssl=1 220w\" sizes=\"auto, (max-width: 637px) 100vw, 637px\" \/><\/a><\/p>\n<p>&nbsp;<\/p>\n<p>Ma\u00f1ana domingo a las 18.15 en el Benito Villamar\u00edn recibiremos la visita de la Sociedad Deportiva Ponferradina, club fundado en 1922 y que ha disputado 5 campa\u00f1as en Segunda Divisi\u00f3n, 17 en Segunda B y 46 en Tercera.<\/p>\n<p>La \u00fanica visita del equipo blanquiazul a terreno b\u00e9tico tuvo lugar en la temporada 2010-11 en Segunda Divisi\u00f3n y el partido acab\u00f3 con una contundente victoria local por 3 a 0.<\/p>\n<p>Entre los jugadores que han militado en ambos conjuntos podemos citar a Joaqu\u00edn Bornes, Jos\u00e9 Antonio Eulate, Ezequiel Manaute, Fernando Gir\u00f3n, Isauro Alvarez, \u00a0Juan de Dios Prados \u00abJuande\u00bb, Miguel Angel Lozano, Juan Rocasolano, Rogelio Sosa y Manuel Vega.<\/p>\n","protected":false},"excerpt":{"rendered":"<p>&nbsp; Ma\u00f1ana domingo a las 18.15 en el Benito Villamar\u00edn recibiremos la visita de la Sociedad Deportiva Ponferradina, club fundado en 1922 y que ha disputado 5 campa\u00f1as en Segunda Divisi\u00f3n, 17 en Segunda B y 46 en Tercera. La \u00fanica visita del equipo blanquiazul a terreno b\u00e9tico tuvo lugar en la temporada 2010-11 en&#8230;<\/p>\n","protected":false},"author":5,"featured_media":40851,"comment_status":"open","ping_status":"open","sticky":false,"template":"","format":"standard","meta":{"_kad_post_transparent":"","_kad_post_title":"","_kad_post_layout":"","_kad_post_sidebar_id":"","_kad_post_content_style":"","_kad_post_vertical_padding":"","_kad_post_feature":"","_kad_post_feature_position":"","_kad_post_header":false,"_kad_post_footer":false,"_kad_post_classname":"","_jetpack_memberships_contains_paid_content":false,"footnotes":"","jetpack_publicize_message":"","jetpack_publicize_feature_enabled":true,"jetpack_social_post_already_shared":true,"jetpack_social_options":{"image_generator_settings":{"template":"highway","default_image_id":0,"font":"","enabled":false},"version":2}},"categories":[895,1],"tags":[1394,10922,1415,1408,1301,6408,4222,1622,1395,1396,1393],"class_list":["post-40850","post","type-post","status-publish","format-standard","has-post-thumbnail","hentry","category-los-rivales","category-portada","tag-ezequiel-manaute","tag-fernando-giron","tag-isauro-alvarez","tag-joaquin-bornes","tag-jose-antonio-eulate","tag-juan-de-dios-prados-juande","tag-juan-rocasolano-ii","tag-manuel-vega","tag-miguel-angel-lozano","tag-rogelio-sosa","tag-sd-ponferradina"],"jetpack_publicize_connections":[],"jetpack_featured_media_url":"https:\/\/i0.wp.com\/www.manquepierda.com\/historiarealbetis\/files\/2015\/02\/Ponferradina.jpg?fit=637%2C322&ssl=1","jetpack_sharing_enabled":true,"jetpack_shortlink":"https:\/\/wp.me\/p1ij08-aCS","jetpack-related-posts":[],"_links":{"self":[{"href":"https:\/\/www.manquepierda.com\/historiarealbetis\/wp-json\/wp\/v2\/posts\/40850","targetHints":{"allow":["GET"]}}],"collection":[{"href":"https:\/\/www.manquepierda.com\/historiarealbetis\/wp-json\/wp\/v2\/posts"}],"about":[{"href":"https:\/\/www.manquepierda.com\/historiarealbetis\/wp-json\/wp\/v2\/types\/post"}],"author":[{"embeddable":true,"href":"https:\/\/www.manquepierda.com\/historiarealbetis\/wp-json\/wp\/v2\/users\/5"}],"replies":[{"embeddable":true,"href":"https:\/\/www.manquepierda.com\/historiarealbetis\/wp-json\/wp\/v2\/comments?post=40850"}],"version-history":[{"count":1,"href":"https:\/\/www.manquepierda.com\/historiarealbetis\/wp-json\/wp\/v2\/posts\/40850\/revisions"}],"predecessor-version":[{"id":98427,"href":"https:\/\/www.manquepierda.com\/historiarealbetis\/wp-json\/wp\/v2\/posts\/40850\/revisions\/98427"}],"wp:featuredmedia":[{"embeddable":true,"href":"https:\/\/www.manquepierda.com\/historiarealbetis\/wp-json\/wp\/v2\/media\/40851"}],"wp:attachment":[{"href":"https:\/\/www.manquepierda.com\/historiarealbetis\/wp-json\/wp\/v2\/media?parent=40850"}],"wp:term":[{"taxonomy":"category","embeddable":true,"href":"https:\/\/www.manquepierda.com\/historiarealbetis\/wp-json\/wp\/v2\/categories?post=40850"},{"taxonomy":"post_tag","embeddable":true,"href":"https:\/\/www.manquepierda.com\/historiarealbetis\/wp-json\/wp\/v2\/tags?post=40850"}],"curies":[{"name":"wp","href":"https:\/\/api.w.org\/{rel}","templated":true}]}}