{"id":40884,"date":"2015-02-05T11:12:41","date_gmt":"2015-02-05T10:12:41","guid":{"rendered":"http:\/\/www.manquepierda.com\/historiarealbetis\/?p=40884"},"modified":"2024-08-25T18:32:21","modified_gmt":"2024-08-25T16:32:21","slug":"1956-febrero-05-heliopolis-real-betis-balompie-4-club-deportivo-castellon-2-59aniversario","status":"publish","type":"post","link":"https:\/\/www.manquepierda.com\/historiarealbetis\/1956-febrero-05-heliopolis-real-betis-balompie-4-club-deportivo-castellon-2-59aniversario\/","title":{"rendered":"1956-Febrero 05-2DGII.-Real Betis Balompi\u00e9-4 CD Castell\u00f3n-2.-60Aniversario."},"content":{"rendered":"<p style=\"text-align: justify\">XXV EDICI\u00d3N-CAMPEONATO NACIONAL LIGA SEGUNDA DIVISI\u00d3N-GRUPO II-TEMPORADA 1955-1956.-DESDE DOMINGO 11 DE SEPTIEMBRE DE 1955 HASTA DOMINGO 22 DE ABRIL DE 1956; AMBAS FECHAS INCLUSIVE.<\/p>\n<p style=\"text-align: justify\"><a href=\"https:\/\/www.manquepierda.com\/historiarealbetis\/40884-1956-febrero-05-heliopolis-real-betis-balompie-4-club-deportivo-castellon-2-59aniversario\/19560205carteleria-2\/\" rel=\"attachment wp-att-47141\"><img data-recalc-dims=\"1\" loading=\"lazy\" decoding=\"async\" class=\"aligncenter size-medium wp-image-47141\" src=\"https:\/\/i0.wp.com\/www.manquepierda.com\/historiarealbetis\/files\/2015\/02\/19560205Carteler%C3%ADa-1.jpg?resize=534%2C600&#038;ssl=1\" alt=\"19560205Carteler\u00eda\" width=\"534\" height=\"600\" srcset=\"https:\/\/i0.wp.com\/www.manquepierda.com\/historiarealbetis\/files\/2015\/02\/19560205Carteler%C3%ADa-1.jpg?resize=534%2C600&amp;ssl=1 534w, https:\/\/i0.wp.com\/www.manquepierda.com\/historiarealbetis\/files\/2015\/02\/19560205Carteler%C3%ADa-1.jpg?resize=196%2C220&amp;ssl=1 196w, https:\/\/i0.wp.com\/www.manquepierda.com\/historiarealbetis\/files\/2015\/02\/19560205Carteler%C3%ADa-1.jpg?resize=623%2C700&amp;ssl=1 623w, https:\/\/i0.wp.com\/www.manquepierda.com\/historiarealbetis\/files\/2015\/02\/19560205Carteler%C3%ADa-1.jpg?w=675&amp;ssl=1 675w\" sizes=\"auto, (max-width: 534px) 100vw, 534px\" \/><\/a><strong>1956-FEBRERO 05-DOMINGO-ESTADIO MUNICIPAL \u00abHELI\u00d3POLIS\u00bb 16&#8217;15 HORAS: 19\u00aa JORNADA.-Concentraci\u00f3n en \u00abHOTEL OROMANA\u00bb-Alcal\u00e1 de Guadaira (Sevilla).<\/strong><\/p>\n<p style=\"text-align: justify\"><em><strong>De izquierda a derecha imagen.-GONZ\u00c1LEZ-VILARI\u00d1O-\u00abPORTU\u00bb-GENARO-PE\u00d1AFUERTE-CIFUENTES-AM\u00b4ERICO (Suplente).-Mismo orden agachados: \u00abARMAND\u00cdN\u00bb-GUERRERO-BOTELLA-SOBRADO-DEL SOL.<\/strong><\/em><\/p>\n<p><a href=\"https:\/\/www.manquepierda.com\/historiarealbetis\/40884-1956-febrero-05-heliopolis-real-betis-balompie-4-club-deportivo-castellon-2-59aniversario\/abril-29-alineacion-betis-castellon-liga-1956-2\/\" rel=\"attachment wp-att-40896\"><img data-recalc-dims=\"1\" loading=\"lazy\" decoding=\"async\" class=\"size-full wp-image-40896 aligncenter\" src=\"https:\/\/i0.wp.com\/www.manquepierda.com\/historiarealbetis\/files\/2015\/02\/Abril-29-Alineaci%C3%B3n-Betis-Castell%C3%B3n-Liga-1956.jpg?resize=518%2C345&#038;ssl=1\" alt=\"mmmmm\" width=\"518\" height=\"345\" srcset=\"https:\/\/i0.wp.com\/www.manquepierda.com\/historiarealbetis\/files\/2015\/02\/Abril-29-Alineaci%C3%B3n-Betis-Castell%C3%B3n-Liga-1956.jpg?w=518&amp;ssl=1 518w, https:\/\/i0.wp.com\/www.manquepierda.com\/historiarealbetis\/files\/2015\/02\/Abril-29-Alineaci%C3%B3n-Betis-Castell%C3%B3n-Liga-1956.jpg?resize=220%2C147&amp;ssl=1 220w\" sizes=\"auto, (max-width: 518px) 100vw, 518px\" \/><\/a><\/p>\n<p style=\"text-align: justify\"><strong><em>\u00abEn una tarde de viento helado,\u00a0 y ante no mucho p\u00fablico.-El Betis y el Castell\u00f3n han ofrecido un partido de mal juego.-Para los verdiblancos,\u00a0 la tarde pudo significar un rev\u00e9s de los que tienen dif\u00edcil enmienda.-<\/em><\/strong><em><strong>En cambio los de azul claro,\u00a0 han tenido ante ellos,\u00a0 la mejor oportunidad de su vida para situarse en magn\u00edfica posici\u00f3n\u00bb<\/strong><\/em><strong>.-IGARFE.<\/strong><\/p>\n<p style=\"text-align: justify\"><em><strong>\u00abFue recibido el Real Betis Balompi\u00e9 con aplausos,\u00a0 apareciendo pancartas de \u00e1nimo,\u00a0 y tambi\u00e9n el Club Deportivo Castell\u00f3n fue acogido con palmas cuando salud\u00f3.<\/strong><\/em><\/p>\n<p style=\"text-align: center\"><strong>Arbitraje discreto de Francisco Campos Sant\u00edn,\u00a0 del Colegio Castellano,\u00a0 mal auxiliado en la banda derecha.<\/strong><\/p>\n<p style=\"text-align: center\">ALINEACIONES:<\/p>\n<p style=\"text-align: justify\"><em><strong>SEGUNDO CLASIFICADO CON 24 PUNTOS Y +6 POSITIVOS (11-GANADOS+2-EMPATADOS+6-PERDIDOS) 38-GOLES A FAVOR Y 18-TANTOS EN CONTRA.<\/strong><\/em><\/p>\n<figure id=\"attachment_40887\" aria-describedby=\"caption-attachment-40887\" style=\"width: 220px\" class=\"wp-caption aligncenter\"><a href=\"https:\/\/www.manquepierda.com\/historiarealbetis\/40884-1956-febrero-05-heliopolis-real-betis-balompie-4-club-deportivo-castellon-2-59aniversario\/1931-rbb-coronado-2\/\" rel=\"attachment wp-att-40887\"><img data-recalc-dims=\"1\" loading=\"lazy\" decoding=\"async\" class=\"size-thumbnail wp-image-40887\" src=\"https:\/\/i0.wp.com\/www.manquepierda.com\/historiarealbetis\/files\/2015\/02\/1931-RBB-coronado.jpg?resize=220%2C193&#038;ssl=1\" alt=\"MMMMMM\" width=\"220\" height=\"193\" srcset=\"https:\/\/i0.wp.com\/www.manquepierda.com\/historiarealbetis\/files\/2015\/02\/1931-RBB-coronado.jpg?resize=220%2C193&amp;ssl=1 220w, https:\/\/i0.wp.com\/www.manquepierda.com\/historiarealbetis\/files\/2015\/02\/1931-RBB-coronado.jpg?w=360&amp;ssl=1 360w\" sizes=\"auto, (max-width: 220px) 100vw, 220px\" \/><\/a><figcaption id=\"caption-attachment-40887\" class=\"wp-caption-text\"><strong>REAL BETIS BALOMPI\u00c9-4 GOLES.<\/strong><\/figcaption><\/figure>\n<figure id=\"attachment_40888\" aria-describedby=\"caption-attachment-40888\" style=\"width: 128px\" class=\"wp-caption alignright\"><a href=\"https:\/\/www.manquepierda.com\/historiarealbetis\/40884-1956-febrero-05-heliopolis-real-betis-balompie-4-club-deportivo-castellon-2-59aniversario\/benito-villamarin-06-9\/\" rel=\"attachment wp-att-40888\"><img data-recalc-dims=\"1\" loading=\"lazy\" decoding=\"async\" class=\"size-thumbnail wp-image-40888\" src=\"https:\/\/i0.wp.com\/www.manquepierda.com\/historiarealbetis\/files\/2015\/02\/Benito-Villamar%C3%ADn-06.jpg?resize=128%2C220&#038;ssl=1\" alt=\"mmmm\" width=\"128\" height=\"220\" srcset=\"https:\/\/i0.wp.com\/www.manquepierda.com\/historiarealbetis\/files\/2015\/02\/Benito-Villamar%C3%ADn-06.jpg?resize=128%2C220&amp;ssl=1 128w, https:\/\/i0.wp.com\/www.manquepierda.com\/historiarealbetis\/files\/2015\/02\/Benito-Villamar%C3%ADn-06.jpg?resize=349%2C600&amp;ssl=1 349w, https:\/\/i0.wp.com\/www.manquepierda.com\/historiarealbetis\/files\/2015\/02\/Benito-Villamar%C3%ADn-06.jpg?resize=407%2C700&amp;ssl=1 407w, https:\/\/i0.wp.com\/www.manquepierda.com\/historiarealbetis\/files\/2015\/02\/Benito-Villamar%C3%ADn-06.jpg?w=688&amp;ssl=1 688w\" sizes=\"auto, (max-width: 128px) 100vw, 128px\" \/><\/a><figcaption id=\"caption-attachment-40888\" class=\"wp-caption-text\"><strong>PRESIDENTE DON BENITO VILLAMAR\u00cdN PRIETO-INDUSTRIAL-37 a\u00f1os+6 meses menos 16 d\u00edas.-PUGA-Toen (Ourense), mi\u00e9rcoles 21-Agosto-1918.-SEVILLA, lunes 15-Agosto-1966.-48 A\u00f1os menos 6 d\u00edas.-D. E. P.<br \/><\/strong><\/figcaption><\/figure>\n<figure id=\"attachment_40889\" aria-describedby=\"caption-attachment-40889\" style=\"width: 220px\" class=\"wp-caption alignleft\"><a href=\"https:\/\/www.manquepierda.com\/historiarealbetis\/40884-1956-febrero-05-heliopolis-real-betis-balompie-4-club-deportivo-castellon-2-59aniversario\/pepe-valera-6\/\" rel=\"attachment wp-att-40889\"><img data-recalc-dims=\"1\" loading=\"lazy\" decoding=\"async\" class=\"size-thumbnail wp-image-40889\" src=\"https:\/\/i0.wp.com\/www.manquepierda.com\/historiarealbetis\/files\/2015\/02\/Pepe-Valera.jpg?resize=220%2C189&#038;ssl=1\" alt=\"MMMM\" width=\"220\" height=\"189\" srcset=\"https:\/\/i0.wp.com\/www.manquepierda.com\/historiarealbetis\/files\/2015\/02\/Pepe-Valera.jpg?resize=220%2C189&amp;ssl=1 220w, https:\/\/i0.wp.com\/www.manquepierda.com\/historiarealbetis\/files\/2015\/02\/Pepe-Valera.jpg?w=672&amp;ssl=1 672w\" sizes=\"auto, (max-width: 220px) 100vw, 220px\" \/><\/a><figcaption id=\"caption-attachment-40889\" class=\"wp-caption-text\"><strong>ENTRENADOR JOS\u00c9 VALERA NOCERA (a) \u00abPEPE VALERA\u00bb.-39 a\u00f1os+9 meses menos 21 d\u00edas.-SEVILLA, viernes 26-Mayo-1916.-JEREZ DE LA FRONTERA (C\u00e1diz), s\u00e1bado 13-Mayo-2006.-90 A\u00f1os+13 d\u00edas.-D. E. P.<br \/><\/strong><\/figcaption><\/figure>\n<p style=\"text-align: justify\">\u00abOPINIONES\u00bb por BORBUJO-\u00abHoja del Lunes\u00bb-Sevilla, 06-Febrero-1956.<\/p>\n<p style=\"text-align: justify\">\u00abTranquilidad en el vestuario local.-Despu\u00e9s del mal rato pasado,\u00a0 no est\u00e1n los \u00e1nimos para jolgorios,\u00a0 pese al triunfo.<\/p>\n<p style=\"text-align: justify\">Pepe Valera,\u00a0 hombre que sabe ocultar sus reacciones an\u00edmicas,\u00a0 nos dice:<\/p>\n<p style=\"text-align: justify\"><strong>&#8211;Debimos terminar el primer tiempo con un tanteo m\u00e1s elevado.-Tuvieron entonces ellos bastante suerte&#8230;<\/strong><\/p>\n<p style=\"text-align: left\">&#8211;\u00bfEst\u00e1s satisfecho de la actuaci\u00f3n de tu equipo?<\/p>\n<p style=\"text-align: justify\"><strong>&#8211;Reconozco que no fue muy afortunado,\u00a0 pero a ellos les favoreci\u00f3,\u00a0 en primer t\u00e9rmino,\u00a0 el estado del terreno,\u00a0 que se adaptaba a su juego destructivo,\u00a0 y luego porque en ese primer tiempo,\u00a0 el viento entorpeci\u00f3 lo suyo el juego de los m\u00edos,\u00a0 favoreciendo el de los contrarios.<\/strong><\/p>\n<p style=\"text-align: left\">&#8211;\u00bfNo te ha gustado el adversario?<\/p>\n<p style=\"text-align: justify\"><strong>&#8211;S\u00ed.-Actuaron con nobleza y deportividad,\u00a0 y,\u00a0 adem\u00e1s,\u00a0 con virilidad.-Pero por falta de fondo no pudieron aguantarnos y defender el margen que le favorec\u00eda\u00bb.<\/strong><\/p>\n<p style=\"text-align: center\"><strong>GUARDAMETA:<\/strong><\/p>\n<p style=\"text-align: center\">2 Tantos encajados: <strong>1-1 a los 45&#8217;30 minutos: Miguel MEZQUITA+1-2 a los 56 minutos: Ernesto VILALTA.<\/strong><\/p>\n<p style=\"text-align: justify\"><strong>1-Guardameta.-Pedro GONZ\u00c1LEZ L\u00e1zaro (a) \u00abEl Navajas\u00bb (29 a\u00f1os+9 meses menos 4 d\u00edas)-Natural de Madrid, domingo 09 de Mayo de 1926.-\u00cddem, domingo 07 de Marzo de 1999 (72 A\u00f1os+10 meses menos 2 d\u00edas) D. E. P.<\/strong><\/p>\n<p><a href=\"https:\/\/www.manquepierda.com\/historiarealbetis\/40884-1956-febrero-05-heliopolis-real-betis-balompie-4-club-deportivo-castellon-2-59aniversario\/pedrogonzalezlazaro-7\/\" rel=\"attachment wp-att-40890\"><img data-recalc-dims=\"1\" loading=\"lazy\" decoding=\"async\" class=\"size-thumbnail wp-image-40890 aligncenter\" src=\"https:\/\/i0.wp.com\/www.manquepierda.com\/historiarealbetis\/files\/2015\/02\/PedroGonz%C3%A1lezL%C3%A1zaro.jpg?resize=138%2C220&#038;ssl=1\" alt=\"MMMM\" width=\"138\" height=\"220\" srcset=\"https:\/\/i0.wp.com\/www.manquepierda.com\/historiarealbetis\/files\/2015\/02\/PedroGonz%C3%A1lezL%C3%A1zaro.jpg?resize=138%2C220&amp;ssl=1 138w, https:\/\/i0.wp.com\/www.manquepierda.com\/historiarealbetis\/files\/2015\/02\/PedroGonz%C3%A1lezL%C3%A1zaro.jpg?w=235&amp;ssl=1 235w\" sizes=\"auto, (max-width: 138px) 100vw, 138px\" \/><\/a><\/p>\n<p style=\"text-align: center\"><strong>ZAGUEROS:<\/strong><\/p>\n<p style=\"text-align: justify\"><a href=\"https:\/\/www.manquepierda.com\/historiarealbetis\/40884-1956-febrero-05-heliopolis-real-betis-balompie-4-club-deportivo-castellon-2-59aniversario\/jose-besteiro-farinas-portu-2\/\" rel=\"attachment wp-att-40891\"><img data-recalc-dims=\"1\" loading=\"lazy\" decoding=\"async\" class=\"aligncenter size-thumbnail wp-image-40891\" src=\"https:\/\/i0.wp.com\/www.manquepierda.com\/historiarealbetis\/files\/2015\/02\/Jos%C3%A9-Besteiro-Fari%C3%B1as-PORTU.png?resize=188%2C220&#038;ssl=1\" alt=\"Jos\u00e9 Besteiro Fari\u00f1as &quot;PORTU&quot;\" width=\"188\" height=\"220\" srcset=\"https:\/\/i0.wp.com\/www.manquepierda.com\/historiarealbetis\/files\/2015\/02\/Jos%C3%A9-Besteiro-Fari%C3%B1as-PORTU.png?resize=188%2C220&amp;ssl=1 188w, https:\/\/i0.wp.com\/www.manquepierda.com\/historiarealbetis\/files\/2015\/02\/Jos%C3%A9-Besteiro-Fari%C3%B1as-PORTU.png?w=191&amp;ssl=1 191w\" sizes=\"auto, (max-width: 188px) 100vw, 188px\" \/><\/a><strong>2-Lateral Diestro.-Jos\u00e9 Besteiro Fari\u00f1as (a) \u00abPORTU\u00bb.-25 a\u00f1os+11 meses menos 18 d\u00edas.-A ESTRADA (Pontevedra),\u00a0 domingo 23-Marzo-1930.-ALCAL\u00c1 DE GUADAIRA (Sevilla),\u00a0 jueves 29-Noviembre-2007.-77 A\u00f1os+8 meses+6 d\u00edas.-D. E. P.<\/strong><\/p>\n<p style=\"text-align: justify\"><a href=\"https:\/\/www.manquepierda.com\/historiarealbetis\/40884-1956-febrero-05-heliopolis-real-betis-balompie-4-club-deportivo-castellon-2-59aniversario\/juliogomezvilarino-4\/\" rel=\"attachment wp-att-40892\"><img data-recalc-dims=\"1\" loading=\"lazy\" decoding=\"async\" class=\"aligncenter size-full wp-image-40892\" src=\"https:\/\/i0.wp.com\/www.manquepierda.com\/historiarealbetis\/files\/2015\/02\/JulioG%C3%B3mezVilari%C3%B1o.jpg?resize=136%2C200&#038;ssl=1\" alt=\"JulioG\u00f3mezVilari\u00f1o\" width=\"136\" height=\"200\" \/><\/a><strong>5-Central.-Julio G\u00f3mez VILARI\u00d1O.-25 a\u00f1os+4 meses menos 17 d\u00edas.-FERROL (A Coru\u00f1a),\u00a0 mi\u00e9rcoles 22-Octubre-1930.-SEVILLA,\u00a0 lunes 10-Noviembre-2003.-73 A\u00f1os+1 mes menos 12 d\u00edas.-D. E. P.<\/strong><\/p>\n<p style=\"text-align: justify\"><a href=\"https:\/\/www.manquepierda.com\/historiarealbetis\/40884-1956-febrero-05-heliopolis-real-betis-balompie-4-club-deportivo-castellon-2-59aniversario\/luis-cifuentes-zarracina\/\" rel=\"attachment wp-att-40893\"><img data-recalc-dims=\"1\" loading=\"lazy\" decoding=\"async\" class=\"aligncenter size-thumbnail wp-image-40893\" src=\"https:\/\/i0.wp.com\/www.manquepierda.com\/historiarealbetis\/files\/2015\/02\/Lu%C3%ADs-CIFUENTES-Zarracina.png?resize=188%2C220&#038;ssl=1\" alt=\"Lu\u00eds CIFUENTES Zarracina\" width=\"188\" height=\"220\" srcset=\"https:\/\/i0.wp.com\/www.manquepierda.com\/historiarealbetis\/files\/2015\/02\/Lu%C3%ADs-CIFUENTES-Zarracina.png?resize=188%2C220&amp;ssl=1 188w, https:\/\/i0.wp.com\/www.manquepierda.com\/historiarealbetis\/files\/2015\/02\/Lu%C3%ADs-CIFUENTES-Zarracina.png?w=191&amp;ssl=1 191w\" sizes=\"auto, (max-width: 188px) 100vw, 188px\" \/><\/a><strong>3-Lateral Zurdo.-Lu\u00eds CIFUENTES Zarracina.-27 a\u00f1os+4 meses menos 3 d\u00edas.-GIJ\u00d3N (Asturias),\u00a0 lunes 08-Octubre-1928*<\/strong><\/p>\n<p style=\"text-align: center\"><strong>MEDIOS:<\/strong><\/p>\n<p style=\"text-align: justify\"><a href=\"https:\/\/www.manquepierda.com\/historiarealbetis\/40884-1956-febrero-05-heliopolis-real-betis-balompie-4-club-deportivo-castellon-2-59aniversario\/jose-penafuerte-ruiz-2\/\" rel=\"attachment wp-att-47142\"><img data-recalc-dims=\"1\" loading=\"lazy\" decoding=\"async\" class=\"aligncenter size-full wp-image-47142\" src=\"https:\/\/i0.wp.com\/www.manquepierda.com\/historiarealbetis\/files\/2015\/02\/Jos%C3%A9-PE%C3%91AFUERTE-Ruiz.png?resize=191%2C223&#038;ssl=1\" alt=\"Jos\u00e9 PE\u00d1AFUERTE Ruiz\" width=\"191\" height=\"223\" srcset=\"https:\/\/i0.wp.com\/www.manquepierda.com\/historiarealbetis\/files\/2015\/02\/Jos%C3%A9-PE%C3%91AFUERTE-Ruiz.png?w=191&amp;ssl=1 191w, https:\/\/i0.wp.com\/www.manquepierda.com\/historiarealbetis\/files\/2015\/02\/Jos%C3%A9-PE%C3%91AFUERTE-Ruiz.png?resize=188%2C220&amp;ssl=1 188w\" sizes=\"auto, (max-width: 191px) 100vw, 191px\" \/><\/a><strong>4-Diestro (Debutante).-Jos\u00e9 PE\u00d1AFUERTE Ruiz.-23 a\u00f1os+8 meses menos 15 d\u00edas.-SEVILLA,\u00a0 lunes 20-Junio-1932.-SEVILLA,\u00a0 viernes 05-Abril-1996 (63 a\u00f1os+10 meses menos 15 d\u00edas) D. E. P.<\/strong><\/p>\n<p style=\"text-align: justify\"><a href=\"https:\/\/www.manquepierda.com\/historiarealbetis\/40884-1956-febrero-05-heliopolis-real-betis-balompie-4-club-deportivo-castellon-2-59aniversario\/genaro-rguez-dlos-santos\/\" rel=\"attachment wp-att-40899\"><img data-recalc-dims=\"1\" loading=\"lazy\" decoding=\"async\" class=\"aligncenter size-thumbnail wp-image-40899\" src=\"https:\/\/i0.wp.com\/www.manquepierda.com\/historiarealbetis\/files\/2015\/02\/GENARO-Rguez-Dlos-Santos.jpg?resize=114%2C220&#038;ssl=1\" alt=\"GENARO Rguez Dlos Santos\" width=\"114\" height=\"220\" srcset=\"https:\/\/i0.wp.com\/www.manquepierda.com\/historiarealbetis\/files\/2015\/02\/GENARO-Rguez-Dlos-Santos.jpg?resize=114%2C220&amp;ssl=1 114w, https:\/\/i0.wp.com\/www.manquepierda.com\/historiarealbetis\/files\/2015\/02\/GENARO-Rguez-Dlos-Santos.jpg?resize=311%2C600&amp;ssl=1 311w, https:\/\/i0.wp.com\/www.manquepierda.com\/historiarealbetis\/files\/2015\/02\/GENARO-Rguez-Dlos-Santos.jpg?w=363&amp;ssl=1 363w\" sizes=\"auto, (max-width: 114px) 100vw, 114px\" \/><\/a><strong>6-Zurdo.-GENARO Rodr\u00edguez De los Santos.-28 a\u00f1os+1 mes menos 13 d\u00edas.-SEVILLA,\u00a0 mi\u00e9rcoles 18-Enero-1928*<\/strong><\/p>\n<p style=\"text-align: center\"><strong>DELANTEROS:<\/strong><\/p>\n<p style=\"text-align: justify\"><a href=\"https:\/\/www.manquepierda.com\/historiarealbetis\/40884-1956-febrero-05-heliopolis-real-betis-balompie-4-club-deportivo-castellon-2-59aniversario\/19560205armandin-2\/\" rel=\"attachment wp-att-47144\"><img data-recalc-dims=\"1\" loading=\"lazy\" decoding=\"async\" class=\"aligncenter size-thumbnail wp-image-47144\" src=\"https:\/\/i0.wp.com\/www.manquepierda.com\/historiarealbetis\/files\/2015\/02\/19560205ARMAND%C3%8DN.jpg?resize=147%2C220&#038;ssl=1\" alt=\"19560205ARMAND\u00cdN\" width=\"147\" height=\"220\" srcset=\"https:\/\/i0.wp.com\/www.manquepierda.com\/historiarealbetis\/files\/2015\/02\/19560205ARMAND%C3%8DN.jpg?resize=147%2C220&amp;ssl=1 147w, https:\/\/i0.wp.com\/www.manquepierda.com\/historiarealbetis\/files\/2015\/02\/19560205ARMAND%C3%8DN.jpg?resize=400%2C600&amp;ssl=1 400w, https:\/\/i0.wp.com\/www.manquepierda.com\/historiarealbetis\/files\/2015\/02\/19560205ARMAND%C3%8DN.jpg?resize=467%2C700&amp;ssl=1 467w, https:\/\/i0.wp.com\/www.manquepierda.com\/historiarealbetis\/files\/2015\/02\/19560205ARMAND%C3%8DN.jpg?w=540&amp;ssl=1 540w\" sizes=\"auto, (max-width: 147px) 100vw, 147px\" \/><\/a><em>\u00abARMAND\u00cdN, debutante el domingo, disputa un bal\u00f3n por alto.-Al \u00abjuego \u00e1reo\u00bb ya se ve c\u00f3mo respond\u00eda el Castell\u00f3n: dos para cada verdiblanco\u00bb.-<\/em>Foto GEL\u00c1N-\u00abCorreo de los Deportes\u00bb-\u00abEl Correo de Andaluc\u00eda\u00bb, martes 07-02-1956.<\/p>\n<p style=\"text-align: justify\"><strong>7-Extremo Diestro (Debutante).-Armando Bezold Gonz\u00e1lez (a) \u00abARMAND\u00cdN\u00bb.-26 a\u00f1os+7 meses menos 14 d\u00edas.-BARAKALDO (Vizcaya),\u00a0 viernes 19-Julio-1929.-BILBAO (Vizcaya),\u00a0 jueves 30-Julio-2009.-80 A\u00f1os+11 d\u00edas.-D. E. P.<\/strong><\/p>\n<p style=\"text-align: justify\"><a href=\"https:\/\/www.manquepierda.com\/historiarealbetis\/40884-1956-febrero-05-heliopolis-real-betis-balompie-4-club-deportivo-castellon-2-59aniversario\/tomas-guerrero-fernandez-4\/\" rel=\"attachment wp-att-40901\"><img data-recalc-dims=\"1\" loading=\"lazy\" decoding=\"async\" class=\"aligncenter size-thumbnail wp-image-40901\" src=\"https:\/\/i0.wp.com\/www.manquepierda.com\/historiarealbetis\/files\/2015\/02\/Tom%C3%A1s-GUERRERO-Fern%C3%A1ndez.jpg?resize=127%2C220&#038;ssl=1\" alt=\"Tom\u00e1s-GUERRERO-Fern\u00e1ndez\" width=\"127\" height=\"220\" srcset=\"https:\/\/i0.wp.com\/www.manquepierda.com\/historiarealbetis\/files\/2015\/02\/Tom%C3%A1s-GUERRERO-Fern%C3%A1ndez.jpg?resize=127%2C220&amp;ssl=1 127w, https:\/\/i0.wp.com\/www.manquepierda.com\/historiarealbetis\/files\/2015\/02\/Tom%C3%A1s-GUERRERO-Fern%C3%A1ndez.jpg?resize=346%2C600&amp;ssl=1 346w, https:\/\/i0.wp.com\/www.manquepierda.com\/historiarealbetis\/files\/2015\/02\/Tom%C3%A1s-GUERRERO-Fern%C3%A1ndez.jpg?w=355&amp;ssl=1 355w\" sizes=\"auto, (max-width: 127px) 100vw, 127px\" \/><\/a><strong>8-Interior Diestro.-Tom\u00e1s GUERRERO Fern\u00e1ndez.-26 a\u00f1os+7 meses menos 21 d\u00edas.-SEVILLA,\u00a0 viernes 26-Julio-1929.-MADRID,\u00a0 lunes 10-Febrero-1997.-68 A\u00f1os+7 meses menos 16 d\u00edas.-D. E. P.<\/strong><\/p>\n<p style=\"text-align: center\"><a href=\"https:\/\/www.manquepierda.com\/historiarealbetis\/40884-1956-febrero-05-heliopolis-real-betis-balompie-4-club-deportivo-castellon-2-59aniversario\/jose-garcia-garcia-botella\/\" rel=\"attachment wp-att-40902\"><img data-recalc-dims=\"1\" loading=\"lazy\" decoding=\"async\" class=\"aligncenter size-thumbnail wp-image-40902\" src=\"https:\/\/i0.wp.com\/www.manquepierda.com\/historiarealbetis\/files\/2015\/02\/Jos%C3%A9-Garc%C3%ADa-Garc%C3%ADa-BOTELLA.jpg?resize=159%2C220&#038;ssl=1\" alt=\"Jos\u00e9 Garc\u00eda Garc\u00eda BOTELLA\" width=\"159\" height=\"220\" srcset=\"https:\/\/i0.wp.com\/www.manquepierda.com\/historiarealbetis\/files\/2015\/02\/Jos%C3%A9-Garc%C3%ADa-Garc%C3%ADa-BOTELLA.jpg?resize=159%2C220&amp;ssl=1 159w, https:\/\/i0.wp.com\/www.manquepierda.com\/historiarealbetis\/files\/2015\/02\/Jos%C3%A9-Garc%C3%ADa-Garc%C3%ADa-BOTELLA.jpg?w=420&amp;ssl=1 420w\" sizes=\"auto, (max-width: 159px) 100vw, 159px\" \/><\/a><em><strong>*1-0.-11 Minutos\u00bb*<\/strong><\/em><\/p>\n<p style=\"text-align: justify\"><em><strong>\u00abDel Sol escapa por la derecha y centra hacia atr\u00e1s,\u00a0 recepciona el bal\u00f3n el ariete, que se prepara un segundo y chuta pegado al travesa\u00f1o de la meta defendida por HIGINIO\u00bb.<\/strong><\/em><\/p>\n<p style=\"text-align: justify\"><strong>9-Centro Delantero-Ariete.-Jos\u00e9 Garc\u00eda Garc\u00eda (a) \u00abBOTELLA\u00bb.-23 a\u00f1os+4 meses+1 d\u00eda.-GRANADA,\u00a0 martes 04-Octubre-1932 (82 a\u00f1os+4 meses+1 d\u00eda)*<\/strong><\/p>\n<p style=\"text-align: justify\"><a href=\"https:\/\/www.manquepierda.com\/historiarealbetis\/40884-1956-febrero-05-heliopolis-real-betis-balompie-4-club-deportivo-castellon-2-59aniversario\/eduardo-sobrado-vazquez-3\/\" rel=\"attachment wp-att-40903\"><img data-recalc-dims=\"1\" loading=\"lazy\" decoding=\"async\" class=\"aligncenter size-thumbnail wp-image-40903\" src=\"https:\/\/i0.wp.com\/www.manquepierda.com\/historiarealbetis\/files\/2015\/02\/Eduardo-SOBRADO-V%C3%A1zquez.png?resize=188%2C220&#038;ssl=1\" alt=\"Eduardo SOBRADO V\u00e1zquez\" width=\"188\" height=\"220\" srcset=\"https:\/\/i0.wp.com\/www.manquepierda.com\/historiarealbetis\/files\/2015\/02\/Eduardo-SOBRADO-V%C3%A1zquez.png?resize=188%2C220&amp;ssl=1 188w, https:\/\/i0.wp.com\/www.manquepierda.com\/historiarealbetis\/files\/2015\/02\/Eduardo-SOBRADO-V%C3%A1zquez.png?w=191&amp;ssl=1 191w\" sizes=\"auto, (max-width: 188px) 100vw, 188px\" \/><\/a><strong>10-Interior Zurdo.-Eduardo SOBRADO V\u00e1zquez.-29 a\u00f1os+10 meses menos 15 d\u00edas.-MADRID,\u00a0 martes 20-Abril-1926.-SEVILLA,\u00a0 viernes 1\u00ba-Junio-2001.-75 A\u00f1os+2 meses menos 19 d\u00edas.-D. E. P.<\/strong><\/p>\n<p style=\"text-align: center\"><strong>Opiniones por \u00abBorbujo\u00bb-\u00abHoja del Lunes\u00bb-Sevilla, 06-02-1956:<\/strong><\/p>\n<p style=\"text-align: center\"><em><strong>SOBRADO,\u00a0 en su rinc\u00f3n,\u00a0 comenta a sola,\u00a0 con voz alta y dirigi\u00e9ndose a los presentes en el vestuario local:<\/strong><\/em><\/p>\n<p style=\"text-align: left\"><strong>&#8211;Hacia tiempo que no pasaba tanto miedo como ahora,\u00a0 cuando me dispuse a lanzar el \u00abpenalty\u00bb.-\u00a1\u00a1Era mucha responsabilidad\u00a1\u00a1&#8230; \u00a1\u00a1Si lo fallo\u00a1\u00a1&#8230;<\/strong><\/p>\n<p style=\"text-align: center\"><em><strong>*3-2.-78 minutos*.-EUFORIA GENERAL.<\/strong><\/em><\/p>\n<p style=\"text-align: justify\"><em><strong>\u00abArmand\u00edn\u00bb escapa por la izquierda y centra cerrado.-Aznar,\u00a0 ante el peligro,\u00a0 instintivamente eleva los brazos y corta la trayectoria del bal\u00f3n con ambas manos.-El penalti es tan claro,\u00a0 que el mismo jugador se echa las manos a la cabeza.-El castigo lo transforma Eduardo\u00a0 batiendo a Higinio\u00bb.<\/strong><\/em><\/p>\n<p style=\"text-align: center\"><em><strong>**4-2.-84 minutos**<\/strong><\/em><\/p>\n<p style=\"text-align: justify\"><em><strong>\u00abEn una jugada r\u00e1pida por la derecha de \u00abArmand\u00edn\u00bb,\u00a0 quien cede en corto al \u00ab10\u00bb verdiblanco,\u00a0 este sobre la marcha y a media altura,\u00a0 remata imparable el esf\u00e9rico al fondo de las mallas defendidas por Higinio Mart\u00ed Monferrer\u00bb.<\/strong><\/em><\/p>\n<p style=\"text-align: justify\"><a href=\"https:\/\/www.manquepierda.com\/historiarealbetis\/40884-1956-febrero-05-heliopolis-real-betis-balompie-4-club-deportivo-castellon-2-59aniversario\/luis-del-sol-casajares\/\" rel=\"attachment wp-att-40904\"><img data-recalc-dims=\"1\" loading=\"lazy\" decoding=\"async\" class=\"aligncenter size-full wp-image-40904\" src=\"https:\/\/i0.wp.com\/www.manquepierda.com\/historiarealbetis\/files\/2015\/02\/Luis-Del-Sol-Casajares.jpg?resize=132%2C162&#038;ssl=1\" alt=\"Luis Del Sol Casajares\" width=\"132\" height=\"162\" \/><\/a><strong>11-Extremo Zurdo.-Lu\u00eds DEL SOL Cascajares.-20 a\u00f1os+10 meses menos 1 d\u00eda.-ARCOS DEL JAL\u00d3N (Soria),\u00a0 s\u00e1bado 06-Abril-1935 (79 a\u00f1os+10 meses menos 1 d\u00eda)*<\/strong><\/p>\n<p style=\"text-align: center\"><em><strong>*<\/strong><\/em><strong>2-2.-67 minutos*<\/strong><\/p>\n<figure id=\"attachment_47145\" aria-describedby=\"caption-attachment-47145\" style=\"width: 680px\" class=\"wp-caption aligncenter\"><a href=\"https:\/\/www.manquepierda.com\/historiarealbetis\/40884-1956-febrero-05-heliopolis-real-betis-balompie-4-club-deportivo-castellon-2-59aniversario\/19560205delsol-2\/\" rel=\"attachment wp-att-47145\"><img data-recalc-dims=\"1\" loading=\"lazy\" decoding=\"async\" class=\"size-medium wp-image-47145\" src=\"https:\/\/i0.wp.com\/www.manquepierda.com\/historiarealbetis\/files\/2015\/02\/19560205DelSol.jpg?resize=680%2C466&#038;ssl=1\" alt=\"El Segundo gol b\u00e9tico\" width=\"680\" height=\"466\" srcset=\"https:\/\/i0.wp.com\/www.manquepierda.com\/historiarealbetis\/files\/2015\/02\/19560205DelSol.jpg?resize=680%2C466&amp;ssl=1 680w, https:\/\/i0.wp.com\/www.manquepierda.com\/historiarealbetis\/files\/2015\/02\/19560205DelSol.jpg?resize=220%2C151&amp;ssl=1 220w, https:\/\/i0.wp.com\/www.manquepierda.com\/historiarealbetis\/files\/2015\/02\/19560205DelSol.jpg?resize=768%2C526&amp;ssl=1 768w, https:\/\/i0.wp.com\/www.manquepierda.com\/historiarealbetis\/files\/2015\/02\/19560205DelSol.jpg?resize=960%2C657&amp;ssl=1 960w, https:\/\/i0.wp.com\/www.manquepierda.com\/historiarealbetis\/files\/2015\/02\/19560205DelSol.jpg?w=1304&amp;ssl=1 1304w\" sizes=\"auto, (max-width: 680px) 100vw, 680px\" \/><\/a><figcaption id=\"caption-attachment-47145\" class=\"wp-caption-text\">\u00abEl Segundo gol b\u00e9tico, logrado espectacularmente por DEL SOL\u00bb.-Foto SERRANO-ABC-SE-19560207-Martes.<\/figcaption><\/figure>\n<p style=\"text-align: justify\"><strong>\u00abEn un barullo con todo el Betis al ataque,\u00a0 Lu\u00eds consigue espectacularmente el segundo gol batiendo al meta castellonense HIGINIO\u00bb.<\/strong><\/p>\n<p style=\"text-align: left\"><strong>\u00abLa victoria est\u00e1 asegurada,\u00a0 porque los 5 minutos de pr\u00f3rroga ya no permiten al Club Deportivo Castell\u00f3n\u00a0 ni acortar distancias,\u00a0 a pesar de sacar un c\u00f3rner,\u00a0 que \u00abPortu\u00bb salva con decisi\u00f3n.-Los dos puntos los hab\u00eda ganado definitivamente el Real Betis Balompi\u00e9.-Pero as\u00ed,\u00a0 con el juego de ayer tarde,\u00a0 no ser\u00e1n f\u00e1ciles los triunfos\u00bb.-IGARFE-\u00abHoja del Lunes\u00bb-Sevilla, 06-Febrero-1956.<\/strong><\/p>\n<p style=\"text-align: center\">VS.<\/p>\n<p style=\"text-align: justify\">D\u00c9CIMO CLASIFICADO CON 18 PUNTOS Y 2-NEGATIVOS (6ganados+6empatados+7perdidos) 34-34 TANTOS FAVOR-CONTRA.<\/p>\n<p><a href=\"https:\/\/www.manquepierda.com\/historiarealbetis\/40884-1956-febrero-05-heliopolis-real-betis-balompie-4-club-deportivo-castellon-2-59aniversario\/cd-c-astellon\/\" rel=\"attachment wp-att-40905\"><img data-recalc-dims=\"1\" loading=\"lazy\" decoding=\"async\" class=\"size-thumbnail wp-image-40905 aligncenter\" src=\"https:\/\/i0.wp.com\/www.manquepierda.com\/historiarealbetis\/files\/2015\/02\/CD-C-astell%C3%B3n.jpeg?resize=173%2C220&#038;ssl=1\" alt=\"mmm\" width=\"173\" height=\"220\" srcset=\"https:\/\/i0.wp.com\/www.manquepierda.com\/historiarealbetis\/files\/2015\/02\/CD-C-astell%C3%B3n.jpeg?resize=173%2C220&amp;ssl=1 173w, https:\/\/i0.wp.com\/www.manquepierda.com\/historiarealbetis\/files\/2015\/02\/CD-C-astell%C3%B3n.jpeg?w=199&amp;ssl=1 199w\" sizes=\"auto, (max-width: 173px) 100vw, 173px\" \/><\/a><\/p>\n<p style=\"text-align: center\">Camisol\u00edn azul claro y calz\u00f3n m\u00e1s oscuro.<\/p>\n<p style=\"text-align: center\"><strong>CLUB DEPORTIVO CASTELL\u00d3N-2 TANTOS.<\/strong><\/p>\n<p style=\"text-align: justify\"><a href=\"https:\/\/www.manquepierda.com\/historiarealbetis\/40884-1956-febrero-05-heliopolis-real-betis-balompie-4-club-deportivo-castellon-2-59aniversario\/ppm\/\" rel=\"attachment wp-att-47151\"><img data-recalc-dims=\"1\" loading=\"lazy\" decoding=\"async\" class=\"alignleft size-thumbnail wp-image-47151\" src=\"https:\/\/i0.wp.com\/www.manquepierda.com\/historiarealbetis\/files\/2015\/02\/PPM.jpg?resize=153%2C220&#038;ssl=1\" alt=\"PPM\" width=\"153\" height=\"220\" srcset=\"https:\/\/i0.wp.com\/www.manquepierda.com\/historiarealbetis\/files\/2015\/02\/PPM.jpg?resize=153%2C220&amp;ssl=1 153w, https:\/\/i0.wp.com\/www.manquepierda.com\/historiarealbetis\/files\/2015\/02\/PPM.jpg?w=173&amp;ssl=1 173w\" sizes=\"auto, (max-width: 153px) 100vw, 153px\" \/><\/a>Entrenador Pedro PARADELLS-Entrevistado por BORBUJO \u00abHoja del Lunes\u00bb-Sevilla, 06-Febrero-1956:<\/p>\n<p style=\"text-align: left\"><strong>&#8211;El \u00abpenalty\u00bb hundi\u00f3 la moral de mis chicos.<\/strong><\/p>\n<p style=\"text-align: left\">&#8211;Fue una sanci\u00f3n justa (afirmamos).<\/p>\n<p style=\"text-align: justify\"><strong>&#8211;No lo niego.-Pero nos desmoraliz\u00f3,\u00a0 y lo que sucedi\u00f3 despu\u00e9s fue consecuencias de aquello.<\/strong><\/p>\n<p style=\"text-align: left\">&#8211;\u00bfLe gust\u00f3 el Real Betis Balompi\u00e9?<\/p>\n<p style=\"text-align: left\"><strong>&#8211;\u00bfY a usted?<\/strong><\/p>\n<p style=\"text-align: left\">&#8211;Ha estado muy por bajo a anteriores actuaciones.<\/p>\n<p style=\"text-align: left\"><strong>&#8211;Pues,\u00a0 eso digo yo.<\/strong><\/p>\n<p style=\"text-align: left\">&#8211;\u00bfEntonces,\u00a0 no est\u00e1 usted conforme con el resultado?<\/p>\n<p style=\"text-align: justify\"><strong>&#8211;No estoy conforme con la derrota,\u00a0 porque siempre amarga,\u00a0 pero debo reconocer que el Betis Balompi\u00e9 supo aprovechar el \u00faltimo cuarto de hora,\u00a0 y nuestra desmoralizaci\u00f3n.<\/strong><\/p>\n<p style=\"text-align: center\">Anteriormente y en el vestuario del Castell\u00f3n,\u00a0 todo son protestas.-MEZQUITA afirmaba:<\/p>\n<p style=\"text-align: justify\"><strong>&#8211;La culpa de la derrota es nuestra.-Nunca debimos replegarnos para defender tan escasa diferencia.-Y menos,\u00a0 teniendo enfrente a un equipo de la talla del Betis,\u00a0 que,\u00a0 aunque no tuvo su tarde,\u00a0 hay que reconocer que sabe reaccionar.\u00a0 \u00a1\u00a1Como lo demostr\u00f3\u00a1\u00a1\u00a0 Su victoria es justa\u00bb.<\/strong><\/p>\n<p style=\"text-align: justify\">Poco despu\u00e9s,\u00a0 el equipo levantino emprendi\u00f3 el viaje de retorno al punto de residencia.-Antes nos hab\u00edamos marchado&#8230;\u00bb.<\/p>\n<figure id=\"attachment_47146\" aria-describedby=\"caption-attachment-47146\" style=\"width: 680px\" class=\"wp-caption aligncenter\"><a href=\"https:\/\/www.manquepierda.com\/historiarealbetis\/40884-1956-febrero-05-heliopolis-real-betis-balompie-4-club-deportivo-castellon-2-59aniversario\/19560205higinio\/\" rel=\"attachment wp-att-47146\"><img data-recalc-dims=\"1\" loading=\"lazy\" decoding=\"async\" class=\"size-medium wp-image-47146\" src=\"https:\/\/i0.wp.com\/www.manquepierda.com\/historiarealbetis\/files\/2015\/02\/19560205Higinio.jpg?resize=680%2C582&#038;ssl=1\" alt=\"mmmmm\" width=\"680\" height=\"582\" srcset=\"https:\/\/i0.wp.com\/www.manquepierda.com\/historiarealbetis\/files\/2015\/02\/19560205Higinio.jpg?resize=680%2C582&amp;ssl=1 680w, https:\/\/i0.wp.com\/www.manquepierda.com\/historiarealbetis\/files\/2015\/02\/19560205Higinio.jpg?resize=220%2C188&amp;ssl=1 220w, https:\/\/i0.wp.com\/www.manquepierda.com\/historiarealbetis\/files\/2015\/02\/19560205Higinio.jpg?resize=768%2C657&amp;ssl=1 768w, https:\/\/i0.wp.com\/www.manquepierda.com\/historiarealbetis\/files\/2015\/02\/19560205Higinio.jpg?resize=818%2C700&amp;ssl=1 818w, https:\/\/i0.wp.com\/www.manquepierda.com\/historiarealbetis\/files\/2015\/02\/19560205Higinio.jpg?w=1038&amp;ssl=1 1038w\" sizes=\"auto, (max-width: 680px) 100vw, 680px\" \/><\/a><figcaption id=\"caption-attachment-47146\" class=\"wp-caption-text\"><em>\u00abHIGINIO despeja a c\u00f3rner un bal\u00f3n de mucho peligro\u00bb.-<\/em>Foto S. DEL PANDO-\u00abDeportes\u00bb-\u00abSEVILLA\u00bb-diario de la tarde-lunes 06 de Febrero de 1956.<\/figcaption><\/figure>\n<p style=\"text-align: center\">PORTERO:<\/p>\n<figure id=\"attachment_40906\" aria-describedby=\"caption-attachment-40906\" style=\"width: 81px\" class=\"wp-caption aligncenter\"><a href=\"https:\/\/www.manquepierda.com\/historiarealbetis\/40884-1956-febrero-05-heliopolis-real-betis-balompie-4-club-deportivo-castellon-2-59aniversario\/higinio-marti-ferrer\/\" rel=\"attachment wp-att-40906\"><img data-recalc-dims=\"1\" loading=\"lazy\" decoding=\"async\" class=\"size-full wp-image-40906\" src=\"https:\/\/i0.wp.com\/www.manquepierda.com\/historiarealbetis\/files\/2015\/02\/Higinio-Mart%C3%AD-Ferrer.jpg?resize=81%2C98&#038;ssl=1\" alt=\"mmmm\" width=\"81\" height=\"98\" \/><\/a><figcaption id=\"caption-attachment-40906\" class=\"wp-caption-text\"><strong>*4 GOLES ENCAJADOS*<\/strong><\/figcaption><\/figure>\n<p style=\"text-align: justify\">1-HIGINIO Mart\u00ed Monferrer.-<strong>*1-0.-11 minutos:\u00a0 \u00abBOTELLA\u00bb.-2-2.-67 minutos:\u00a0 DEL SOL.-3-2.-78 minutos:\u00a0 SOBRADO-penalti.-4-2.-84 minutos:\u00a0 SOBRADO*<\/strong><\/p>\n<p style=\"text-align: center\">2-AZNAR.-5-GOT\u00c9RRIS.-3-LLANOS.-Defensas.<\/p>\n<p style=\"text-align: center\">4-ORTIZ.-6-ARRIOLA.-Medios.<\/p>\n<p style=\"text-align: justify\">7-MEZQUITA <strong>(1-1.-45&#8217;30\u00bb minutos:\u00a0 Arias escapa,\u00a0 centra pasado y chuta raso batiendo a GONZ\u00c1LEZ).<\/strong><\/p>\n<p style=\"text-align: justify\">8-Ernesto VILALTA Pe\u00f1arroja <strong>(1-2.-56 minutos:\u00a0 Excelente escapada de Arias,\u00a0 duda \u00abPortu\u00bb, dispara fusilando a GONZ\u00c1LEZ).<\/strong><\/p>\n<p style=\"text-align: center\">9-CHIRRI.-10-BARTUAL.-11-ARIAS.-Delanteros.<\/p>\n<p style=\"text-align: justify\"><a href=\"https:\/\/www.manquepierda.com\/historiarealbetis\/40884-1956-febrero-05-heliopolis-real-betis-balompie-4-club-deportivo-castellon-2-59aniversario\/vf-abc19560207\/\" rel=\"attachment wp-att-47147\"><img data-recalc-dims=\"1\" loading=\"lazy\" decoding=\"async\" class=\"aligncenter size-medium wp-image-47147\" src=\"https:\/\/i0.wp.com\/www.manquepierda.com\/historiarealbetis\/files\/2015\/02\/VF-ABC19560207.jpg?resize=348%2C600&#038;ssl=1\" alt=\"VF-ABC19560207\" width=\"348\" height=\"600\" srcset=\"https:\/\/i0.wp.com\/www.manquepierda.com\/historiarealbetis\/files\/2015\/02\/VF-ABC19560207.jpg?resize=348%2C600&amp;ssl=1 348w, https:\/\/i0.wp.com\/www.manquepierda.com\/historiarealbetis\/files\/2015\/02\/VF-ABC19560207.jpg?resize=128%2C220&amp;ssl=1 128w, https:\/\/i0.wp.com\/www.manquepierda.com\/historiarealbetis\/files\/2015\/02\/VF-ABC19560207.jpg?resize=406%2C700&amp;ssl=1 406w, https:\/\/i0.wp.com\/www.manquepierda.com\/historiarealbetis\/files\/2015\/02\/VF-ABC19560207.jpg?w=651&amp;ssl=1 651w\" sizes=\"auto, (max-width: 348px) 100vw, 348px\" \/><\/a>Dibujo de VICENTE FLORES.-\u00abABC-SE-19560207.-Claves del Marcador Simult\u00e1neo \u00abDARDO\u00bb-Estadio Municipal de HELI\u00d3POLIS-XIX JORNADA-SEGUNDA DIVISI\u00d3N-GRUPO II-TEMPORADA 1955-1956.<\/p>\n<p style=\"text-align: center\"><a href=\"https:\/\/www.manquepierda.com\/historiarealbetis\/40884-1956-febrero-05-heliopolis-real-betis-balompie-4-club-deportivo-castellon-2-59aniversario\/dardo19560205\/\" rel=\"attachment wp-att-47148\"><img data-recalc-dims=\"1\" loading=\"lazy\" decoding=\"async\" class=\"aligncenter size-medium wp-image-47148\" src=\"https:\/\/i0.wp.com\/www.manquepierda.com\/historiarealbetis\/files\/2015\/02\/DARDO19560205.jpg?resize=442%2C600&#038;ssl=1\" alt=\"DARDO19560205\" width=\"442\" height=\"600\" srcset=\"https:\/\/i0.wp.com\/www.manquepierda.com\/historiarealbetis\/files\/2015\/02\/DARDO19560205.jpg?resize=442%2C600&amp;ssl=1 442w, https:\/\/i0.wp.com\/www.manquepierda.com\/historiarealbetis\/files\/2015\/02\/DARDO19560205.jpg?resize=162%2C220&amp;ssl=1 162w, https:\/\/i0.wp.com\/www.manquepierda.com\/historiarealbetis\/files\/2015\/02\/DARDO19560205.jpg?resize=768%2C1044&amp;ssl=1 768w, https:\/\/i0.wp.com\/www.manquepierda.com\/historiarealbetis\/files\/2015\/02\/DARDO19560205.jpg?resize=515%2C700&amp;ssl=1 515w\" sizes=\"auto, (max-width: 442px) 100vw, 442px\" \/><\/a><\/p>\n<p style=\"text-align: left\">\n","protected":false},"excerpt":{"rendered":"<p>XXV EDICI\u00d3N-CAMPEONATO NACIONAL LIGA SEGUNDA DIVISI\u00d3N-GRUPO II-TEMPORADA 1955-1956.-DESDE DOMINGO 11 DE SEPTIEMBRE DE 1955 HASTA DOMINGO 22 DE ABRIL DE 1956; AMBAS FECHAS INCLUSIVE. 1956-FEBRERO 05-DOMINGO-ESTADIO MUNICIPAL \u00abHELI\u00d3POLIS\u00bb 16&#8217;15 HORAS: 19\u00aa JORNADA.-Concentraci\u00f3n en \u00abHOTEL OROMANA\u00bb-Alcal\u00e1 de Guadaira (Sevilla). De izquierda a derecha imagen.-GONZ\u00c1LEZ-VILARI\u00d1O-\u00abPORTU\u00bb-GENARO-PE\u00d1AFUERTE-CIFUENTES-AM\u00b4ERICO (Suplente).-Mismo orden agachados: \u00abARMAND\u00cdN\u00bb-GUERRERO-BOTELLA-SOBRADO-DEL SOL. \u00abEn una tarde de viento helado,\u00a0 y&#8230;<\/p>\n","protected":false},"author":48,"featured_media":40896,"comment_status":"open","ping_status":"open","sticky":false,"template":"","format":"standard","meta":{"_kad_post_transparent":"","_kad_post_title":"","_kad_post_layout":"","_kad_post_sidebar_id":"","_kad_post_content_style":"","_kad_post_vertical_padding":"","_kad_post_feature":"","_kad_post_feature_position":"","_kad_post_header":false,"_kad_post_footer":false,"_kad_post_classname":"","_jetpack_memberships_contains_paid_content":false,"footnotes":"","jetpack_publicize_message":"","jetpack_publicize_feature_enabled":true,"jetpack_social_post_already_shared":true,"jetpack_social_options":{"image_generator_settings":{"template":"highway","default_image_id":0,"font":"","enabled":false},"version":2}},"categories":[901,1],"tags":[4126,1239,1172,17881],"class_list":["post-40884","post","type-post","status-publish","format-standard","has-post-thumbnail","hentry","category-1950-1959","category-portada","tag-1955-56","tag-1239","tag-cd-castellon","tag-liga-segunda-1955-56"],"jetpack_publicize_connections":[],"jetpack_featured_media_url":"https:\/\/i0.wp.com\/www.manquepierda.com\/historiarealbetis\/files\/2015\/02\/Abril-29-Alineaci%C3%B3n-Betis-Castell%C3%B3n-Liga-1956.jpg?fit=518%2C345&ssl=1","jetpack_sharing_enabled":true,"jetpack_shortlink":"https:\/\/wp.me\/p1ij08-aDq","jetpack-related-posts":[],"_links":{"self":[{"href":"https:\/\/www.manquepierda.com\/historiarealbetis\/wp-json\/wp\/v2\/posts\/40884","targetHints":{"allow":["GET"]}}],"collection":[{"href":"https:\/\/www.manquepierda.com\/historiarealbetis\/wp-json\/wp\/v2\/posts"}],"about":[{"href":"https:\/\/www.manquepierda.com\/historiarealbetis\/wp-json\/wp\/v2\/types\/post"}],"author":[{"embeddable":true,"href":"https:\/\/www.manquepierda.com\/historiarealbetis\/wp-json\/wp\/v2\/users\/48"}],"replies":[{"embeddable":true,"href":"https:\/\/www.manquepierda.com\/historiarealbetis\/wp-json\/wp\/v2\/comments?post=40884"}],"version-history":[{"count":1,"href":"https:\/\/www.manquepierda.com\/historiarealbetis\/wp-json\/wp\/v2\/posts\/40884\/revisions"}],"predecessor-version":[{"id":97816,"href":"https:\/\/www.manquepierda.com\/historiarealbetis\/wp-json\/wp\/v2\/posts\/40884\/revisions\/97816"}],"wp:featuredmedia":[{"embeddable":true,"href":"https:\/\/www.manquepierda.com\/historiarealbetis\/wp-json\/wp\/v2\/media\/40896"}],"wp:attachment":[{"href":"https:\/\/www.manquepierda.com\/historiarealbetis\/wp-json\/wp\/v2\/media?parent=40884"}],"wp:term":[{"taxonomy":"category","embeddable":true,"href":"https:\/\/www.manquepierda.com\/historiarealbetis\/wp-json\/wp\/v2\/categories?post=40884"},{"taxonomy":"post_tag","embeddable":true,"href":"https:\/\/www.manquepierda.com\/historiarealbetis\/wp-json\/wp\/v2\/tags?post=40884"}],"curies":[{"name":"wp","href":"https:\/\/api.w.org\/{rel}","templated":true}]}}