{"id":40919,"date":"2015-02-17T11:11:40","date_gmt":"2015-02-17T10:11:40","guid":{"rendered":"http:\/\/www.manquepierda.com\/historiarealbetis\/?p=40919"},"modified":"2024-10-18T06:51:58","modified_gmt":"2024-10-18T04:51:58","slug":"1935-febrero-17-patronato-betis-balompie-1-madrid-cf-0-80aniversario-datos-estadisticos","status":"publish","type":"post","link":"https:\/\/www.manquepierda.com\/historiarealbetis\/1935-febrero-17-patronato-betis-balompie-1-madrid-cf-0-80aniversario-datos-estadisticos\/","title":{"rendered":"1935-Febrero 17.-Primera.-Betis Balompi\u00e9-1 Madrid Cf-0.-81Aniversario-Datos Estad\u00edsticos."},"content":{"rendered":"<p style=\"text-align: justify\"><strong>S\u00c9PTIMA EDICI\u00d3N-CAMPEONATO NACIONAL LIGA PRIMERA DIVISI\u00d3N-TEMPORADA 1934-1935 DESDE DOMINGO 02 DE DICIEMBRE DE 1934 HASTA DOMINGO 28 DE ABRIL DE 1935 (AMBAS FECHAS INCLUSIVE) PRIMER TITULO NACIONAL PARA ANDALUC\u00cdA Y PARA NUESTRA CIUDAD.<\/strong><\/p>\n<figure id=\"attachment_41078\" aria-describedby=\"caption-attachment-41078\" style=\"width: 680px\" class=\"wp-caption aligncenter\"><a href=\"https:\/\/www.manquepierda.com\/historiarealbetis\/40919-1935-febrero-17-patronato-betis-balompie-1-madrid-cf-0-80aniversario-datos-estadisticos\/attachment\/04\/\" rel=\"attachment wp-att-41078\"><img data-recalc-dims=\"1\" loading=\"lazy\" decoding=\"async\" class=\"size-medium wp-image-41078\" src=\"https:\/\/i0.wp.com\/www.manquepierda.com\/historiarealbetis\/files\/2015\/02\/04.jpg?resize=680%2C420&#038;ssl=1\" alt=\"mmmm\" width=\"680\" height=\"420\" srcset=\"https:\/\/i0.wp.com\/www.manquepierda.com\/historiarealbetis\/files\/2015\/02\/04.jpg?resize=680%2C420&amp;ssl=1 680w, https:\/\/i0.wp.com\/www.manquepierda.com\/historiarealbetis\/files\/2015\/02\/04.jpg?resize=220%2C136&amp;ssl=1 220w, https:\/\/i0.wp.com\/www.manquepierda.com\/historiarealbetis\/files\/2015\/02\/04.jpg?w=800&amp;ssl=1 800w\" sizes=\"auto, (max-width: 680px) 100vw, 680px\" \/><\/a><figcaption id=\"caption-attachment-41078\" class=\"wp-caption-text\"><strong>PATRONATO OBRERO-DOMINGO 17-FEBRERO-1935-Foto Juan Jos\u00e9 Serrano G\u00f3mez.-CPFS193.-BETIS BALOMPI\u00c9-CAMPE\u00d3N 1934-1935.<\/strong><\/figcaption><\/figure>\n<p style=\"text-align: center\"><em><strong>\u00abEL BETIS\u00bb:<\/strong><\/em><\/p>\n<p style=\"text-align: justify\"><em><strong>He ah\u00ed un equipo con entusiasmo.\u00a0\u00a0 Con bravura.\u00a0\u00a0 Con amor al Club cuyos colores defiende.\u00a0\u00a0 He aqu\u00ed un equipo,\u00a0 que no solo ha conseguido despertar a la afici\u00f3n en Sevilla,\u00a0 sino en toda Andaluc\u00eda.\u00a0\u00a0 Andaluc\u00eda entera es betista.\u00a0\u00a0 Porque el Betis encarna el f\u00fatbol regional,\u00a0 al que ha conducido a una de sus m\u00e1s gloriosas epopeyas,\u00a0 d\u00e1ndonos un amplio ejemplo de voluntad, fe y deportivismo.\u00a0\u00a0 \u00a1\u00a1VIVA EL BETIS BALOMPI\u00c9\u00a1\u00a1\u00bb.<\/strong><\/em><\/p>\n<p style=\"text-align: center\"><em><strong>\u00abADHESI\u00d3N\u00bb:<\/strong><\/em><\/p>\n<p style=\"text-align: justify\"><em><strong>C\u00f3rdoba demostr\u00f3 su adhesi\u00f3n al Betis Balompi\u00e9,\u00a0 con ocasi\u00f3n del \u00faltimo partido jugado en Sevilla,\u00a0 desplazando a la capital hermana m\u00e1s de tres mil espectadores,\u00a0 que fueron objetos de una cari\u00f1osa ovaci\u00f3n,\u00a0 al desplegar un grupo de nuestros paisanos un lienzo monumental que rezaba:<\/strong><\/em><\/p>\n<p style=\"text-align: center\"><em><strong>\u00a0 \u00abLa afici\u00f3n cordobesa,\u00a0 saluda al Betis Balompi\u00e9\u00bb:<\/strong><\/em><\/p>\n<figure id=\"attachment_41077\" aria-describedby=\"caption-attachment-41077\" style=\"width: 680px\" class=\"wp-caption aligncenter\"><a href=\"https:\/\/www.manquepierda.com\/historiarealbetis\/40919-1935-febrero-17-patronato-betis-balompie-1-madrid-cf-0-80aniversario-datos-estadisticos\/26-4\/\" rel=\"attachment wp-att-41077\"><img data-recalc-dims=\"1\" loading=\"lazy\" decoding=\"async\" class=\"size-medium wp-image-41077\" src=\"https:\/\/i0.wp.com\/www.manquepierda.com\/historiarealbetis\/files\/2015\/02\/26.jpg?resize=680%2C529&#038;ssl=1\" alt=\"MMMM\" width=\"680\" height=\"529\" srcset=\"https:\/\/i0.wp.com\/www.manquepierda.com\/historiarealbetis\/files\/2015\/02\/26.jpg?resize=680%2C529&amp;ssl=1 680w, https:\/\/i0.wp.com\/www.manquepierda.com\/historiarealbetis\/files\/2015\/02\/26.jpg?resize=220%2C171&amp;ssl=1 220w, https:\/\/i0.wp.com\/www.manquepierda.com\/historiarealbetis\/files\/2015\/02\/26.jpg?w=800&amp;ssl=1 800w\" sizes=\"auto, (max-width: 680px) 100vw, 680px\" \/><\/a><figcaption id=\"caption-attachment-41077\" class=\"wp-caption-text\"><em><strong>ADHESI\u00d3N AFICI\u00d3N CORDOBESA-DOMINGO 17-FEBRERO-1935 \u00abPATRONATO OBRERO\u00bb.-CPFS270.<\/strong><\/em><\/figcaption><\/figure>\n<p style=\"text-align: center\"><strong>\u00abAunque parezca mentira.-\u00a1\u00a1Se\u00f1ores que el Betis Balompi\u00e9 sigue primero\u00a1\u00a1<\/strong><\/p>\n<p style=\"text-align: center\"><strong>\u00a1\u00a1Que el domingo termina la primera vuelta de la Liga\u00a1\u00a1<\/strong><\/p>\n<p style=\"text-align: center\"><strong>Que el Betis tiene tres puntos en demas\u00eda\u00a1\u00a1<\/strong><\/p>\n<p style=\"text-align: justify\"><strong>Claro que los hinchas madridistas aseguran que en el campo del \u00abPatronato\u00bb va a haber m\u00e1s que palabra el d\u00eda que el Madrid vaya a Sevilla&#8230;\u00bb<\/strong><\/p>\n<figure id=\"attachment_41087\" aria-describedby=\"caption-attachment-41087\" style=\"width: 220px\" class=\"wp-caption aligncenter\"><a href=\"https:\/\/www.manquepierda.com\/historiarealbetis\/40919-1935-febrero-17-patronato-betis-balompie-1-madrid-cf-0-80aniversario-datos-estadisticos\/attachment\/43\/\" rel=\"attachment wp-att-41087\"><img data-recalc-dims=\"1\" loading=\"lazy\" decoding=\"async\" class=\"size-thumbnail wp-image-41087\" src=\"https:\/\/i0.wp.com\/www.manquepierda.com\/historiarealbetis\/files\/2015\/02\/43.jpg?resize=220%2C121&#038;ssl=1\" alt=\"mmmm\" width=\"220\" height=\"121\" srcset=\"https:\/\/i0.wp.com\/www.manquepierda.com\/historiarealbetis\/files\/2015\/02\/43.jpg?resize=220%2C121&amp;ssl=1 220w, https:\/\/i0.wp.com\/www.manquepierda.com\/historiarealbetis\/files\/2015\/02\/43.jpg?resize=680%2C375&amp;ssl=1 680w, https:\/\/i0.wp.com\/www.manquepierda.com\/historiarealbetis\/files\/2015\/02\/43.jpg?w=800&amp;ssl=1 800w\" sizes=\"auto, (max-width: 220px) 100vw, 220px\" \/><\/a><figcaption id=\"caption-attachment-41087\" class=\"wp-caption-text\"><strong>GRAN EXPECTACI\u00d3N.-EN UN BAR MADRILE\u00d1O ANTE EL PARTIDO BETIS BALOMPI\u00c9 VS. MADRID CF.<\/strong><\/figcaption><\/figure>\n<p style=\"text-align: center\"><strong>\u00ab\u00a1\u00a1 A Sevilla\u00a1\u00a1<\/strong><\/p>\n<p style=\"text-align: justify\"><strong>Numerosos aficionados han marchado ayer en tren y autom\u00f3viles para presenciar el Betis Balompi\u00e9 vs. Madrid,\u00a0 que tanto inter\u00e9s ha despertado en la afici\u00f3n madrile\u00f1a\u00bb.<\/strong><\/p>\n<p style=\"text-align: justify\"><em><strong>\u00abLa Polic\u00eda de Madrid ha descubierto una importante falsificaci\u00f3n de entradas de f\u00fatbol para el partido que ha de celebrarse ma\u00f1ana en Sevilla entre los equipos de Madrid y Betis.<\/strong><\/em><\/p>\n<p style=\"text-align: justify\"><em><strong>Fueron detenidos Enrique Sicilia, due\u00f1o de una imprenta sita en la calle Churruca n\u00ba 7,\u00a0 donde en otras ocasiones hab\u00edan sido falsificados billetes para otros encuentros.<\/strong><\/em><\/p>\n<p style=\"text-align: justify\"><em><strong>Tambi\u00e9n fueron detenidos en la carretera de Andaluc\u00eda Antonio Avil\u00e9s,\u00a0 obrero de dicha imprenta;\u00a0 Antonio Garz\u00f3n Salazar,\u00a0 tip\u00f3grafo,\u00a0 y Sergio Plaza,\u00a0 ch\u00f3fer del taxi que los conduc\u00eda a Sevilla,\u00a0 ocup\u00e1ndoseles 1.200 entradas falsas que pensaban vender ma\u00f1ana en la capital andaluza al precio de 7 pesetas\u00bb.<\/strong><\/em><\/p>\n<p style=\"text-align: justify\"><strong>1935-FEBRERO 17-DOMINGO 13&#8217;45 HORAS.-BARRIO DE \u00abEL PORVENIR\u00bb-CAMPO MUNICIPAL DE DEPORTES \u00abPATRONATO OBRERO\u00bb.-DOCEAVA JORNADA:<\/strong><\/p>\n<figure id=\"attachment_40815\" aria-describedby=\"caption-attachment-40815\" style=\"width: 154px\" class=\"wp-caption aligncenter\"><a href=\"https:\/\/www.manquepierda.com\/historiarealbetis\/40806-1935-febrero-03-nervion-sevilla-fc-0-real-betis-balompie-3-80aniversario-datos-estadisticos\/1931-32bb-17\/\" rel=\"attachment wp-att-40815\"><img data-recalc-dims=\"1\" loading=\"lazy\" decoding=\"async\" class=\"size-full wp-image-40815\" src=\"https:\/\/i0.wp.com\/www.manquepierda.com\/historiarealbetis\/files\/2015\/02\/1931-32BB.jpg?resize=154%2C154&#038;ssl=1\" alt=\"MMMM\" width=\"154\" height=\"154\" \/><\/a><figcaption id=\"caption-attachment-40815\" class=\"wp-caption-text\"><strong>BETIS BALOMPI\u00c9-1 GOL.<\/strong><\/figcaption><\/figure>\n<p style=\"text-align: center\"><strong>D\u00c9CIMA SEMANA CONSECUTIVA-PRIMER CLASIFICADO:<\/strong><\/p>\n<p style=\"text-align: center\"><strong>*JORNADAS N\u00ba 03+04+05+06+07+08+09+10+11+12*<\/strong><\/p>\n<p style=\"text-align: center\"><strong>10 PARTIDOS GANADOS:<\/strong><\/p>\n<p style=\"text-align: left\"><strong>01\u00ba.-CHAMART\u00cdN-Madrid 02-12-1934.-Madrid Cf-0 vs. BETIS BALOMPI\u00c9-1.<\/strong><\/p>\n<p style=\"text-align: left\"><strong>02\u00ba.-PATRONATO OBRERO-\u00abEl Porvenir\u00bb 09-12-1934.-BETIS BALOMPI\u00c9-2 vs. Cf Barcelona-1.<\/strong><\/p>\n<p style=\"text-align: left\"><strong>03\u00ba.-IBAIONDO-Bilbao, 16-12-1934.-Arenas Club Getxo-0 vs. BETIS BALOMPI\u00c9-3.<\/strong><\/p>\n<p style=\"text-align: left\"><strong>04\u00ba.-PATRONATO OBRERO-\u00abEl Porvenir\u00bb 23-12-1934.-BETIS BALOMPI\u00c9-3 vs. Valencia Cf-0.<\/strong><\/p>\n<p style=\"text-align: left\"><strong>05\u00ba.-PATRONATO OBRERO-\u00abEl Porvenir\u00bb 30-12-1934.-BETIS BALOMPI\u00c9-1 vs. Donostia Cf-0.<\/strong><\/p>\n<p style=\"text-align: left\"><strong>06\u00ba.-PATRONATO OBRERO-\u00abEl Porvenir\u00bb 13-01-1935.-BETIS BALOMPI\u00c9-2 vs. Oviedo Cf-1.<\/strong><\/p>\n<p style=\"text-align: left\"><strong>07\u00ba.-PATRONATO OBRERO-\u00abEl Porvenir\u00bb 27-01-1935.-BETIS BALOMPI\u00c9-3 vs. Athl\u00e9tic Club Bilbao-0.<\/strong><\/p>\n<p style=\"text-align: left\"><strong>08\u00ba.-NERVI\u00d3N 03-FEBRERO-1935.-Sevilla Cf-0 vs. BETIS BALOMPI\u00c9-3.<\/strong><\/p>\n<p style=\"text-align: left\"><strong>09\u00ba.-PATRONATO OBRERO-\u00abEl Porvenir\u00bb 10-02-1935.-BETIS BALOMPI\u00c9-3 vs. Racing Club Santander-1.<\/strong><\/p>\n<p style=\"text-align: justify\"><strong>10\u00ba.-PATRONATO OBRERO-\u00abEl Porvenir\u00bb 17-02-1935.-BETIS BALOMPI\u00c9-1 vs. Madrid Cf-0 (Segunda Vuelta).<\/strong><\/p>\n<p style=\"text-align: center\"><strong>1 ENCUENTRO EMPATADO:<\/strong><\/p>\n<p style=\"text-align: justify\"><strong>01\u00ba.-08\u00aa Jornada.-\u00abCAN RABIA\u00bb-Barcelona,\u00a0 20-Enero-1935.-Club Deportivo Espa\u00f1ol-1 vs. BETIS BALOMPI\u00c9-1.<\/strong><\/p>\n<p style=\"text-align: center\"><strong>1 PARTIDO PERDIDO:<\/strong><\/p>\n<p style=\"text-align: justify\"><strong>01\u00ba.-06\u00aa Jornada.-\u00abSTADIUM METROPOLITANO\u00bb-Madrid,\u00a0 06-Enero-1935.-Athl\u00e9tico Club Madrid-4 vs. Betis Balompi\u00e9-2.<\/strong><\/p>\n<p style=\"text-align: center\"><strong>23 GOLES A FAVOR:<\/strong><\/p>\n<p style=\"text-align: center\"><a href=\"https:\/\/www.manquepierda.com\/historiarealbetis\/40806-1935-febrero-03-nervion-sevilla-fc-0-real-betis-balompie-3-80aniversario-datos-estadisticos\/simonlecueandrade1935-5\/\" rel=\"attachment wp-att-40821\"><img data-recalc-dims=\"1\" loading=\"lazy\" decoding=\"async\" class=\"size-thumbnail wp-image-40821 aligncenter\" src=\"https:\/\/i0.wp.com\/www.manquepierda.com\/historiarealbetis\/files\/2015\/02\/Sim%C3%B3nLECUEandrade1935.jpg?resize=220%2C196&#038;ssl=1\" alt=\"mmmm\" width=\"220\" height=\"196\" srcset=\"https:\/\/i0.wp.com\/www.manquepierda.com\/historiarealbetis\/files\/2015\/02\/Sim%C3%B3nLECUEandrade1935.jpg?resize=220%2C196&amp;ssl=1 220w, https:\/\/i0.wp.com\/www.manquepierda.com\/historiarealbetis\/files\/2015\/02\/Sim%C3%B3nLECUEandrade1935.jpg?resize=674%2C600&amp;ssl=1 674w, https:\/\/i0.wp.com\/www.manquepierda.com\/historiarealbetis\/files\/2015\/02\/Sim%C3%B3nLECUEandrade1935.jpg?w=734&amp;ssl=1 734w\" sizes=\"auto, (max-width: 220px) 100vw, 220px\" \/><\/a><strong>******06-M\u00e1ximo Goleador.-Sim\u00f3n LECUE Andrade.-Desde la 11\u00aa Jornada******<\/strong><\/p>\n<p style=\"text-align: center\"><strong>05.-Victorio UNAMUNO Ibarzabal.<\/strong><\/p>\n<p style=\"text-align: center\"><a href=\"https:\/\/www.manquepierda.com\/historiarealbetis\/40521-1935-enero-20-can-rabia-cd-espanol-1-betis-balompie-1-80aniversario-datos-estadisticos\/timimi1-11\/\" rel=\"attachment wp-att-40559\"><img data-recalc-dims=\"1\" loading=\"lazy\" decoding=\"async\" class=\"aligncenter size-full wp-image-40559\" src=\"https:\/\/i0.wp.com\/www.manquepierda.com\/historiarealbetis\/files\/2015\/01\/timimi11.jpg?resize=155%2C208&#038;ssl=1\" alt=\"timimi1\" width=\"155\" height=\"208\" \/><\/a><em><strong>****04.-Pedro Gonz\u00e1lez S\u00e1nchez (a) \u00abTIMIMI\u00bb****<\/strong><\/em><\/p>\n<p style=\"text-align: left\"><strong>1\u00ba.-Domingo 09-Diciembre-1934.-\u00abPatronato Obrero\u00bb:\u00a0 2-1.-55 minutos.-CF Barcelona.<\/strong><\/p>\n<p style=\"text-align: left\"><strong>2\u00ba+3\u00ba.-Domingo 16-Diciembre-1934.-\u00abIbaiondo\u00bb:\u00a0 0-1.-23 minutos+0-3.-79 minutos.-Arenas Club de Getxo.<\/strong><\/p>\n<p style=\"text-align: left\"><em><strong>4\u00ba.-Domingo 17-Febrero-1935.-\u00abPatronato Obrero\u00bb:\u00a0 1-0.-65 minutos.-Madrid Club F\u00fatbol.<\/strong><\/em><\/p>\n<p style=\"text-align: center\"><strong>04.-Adolfo Mart\u00edn Gonz\u00e1lez (a) \u00abADOLFO II\u00bb.<\/strong><\/p>\n<p style=\"text-align: center\"><strong>02.-Jos\u00e9 Gonz\u00e1lez CABALLERO.<\/strong><\/p>\n<p style=\"text-align: center\"><strong>02.-Jos\u00e9 RANCEL Toledo.<\/strong><\/p>\n<p style=\"text-align: center\"><strong>8 TANTOS EN CONTRA:<\/strong><\/p>\n<p style=\"text-align: justify\"><a href=\"https:\/\/www.manquepierda.com\/historiarealbetis\/40921-1935-febrero-10-patronato-betis-balompie-3-racing-santander-1-80aniversario-datos-estadisticos\/03-25-el-betis-en-guipuzcoa-2-areso-urquiaga-y-aedo-2\/\" rel=\"attachment wp-att-40941\"><img data-recalc-dims=\"1\" loading=\"lazy\" decoding=\"async\" class=\"aligncenter size-thumbnail wp-image-40941\" src=\"https:\/\/i0.wp.com\/www.manquepierda.com\/historiarealbetis\/files\/2015\/02\/03-25-el-betis-en-guipuzcoa-2-areso-urquiaga-y-aedo.jpg?resize=220%2C168&#038;ssl=1\" alt=\"03-25-el-betis-en-guipuzcoa-2-areso-urquiaga-y-aedo\" width=\"220\" height=\"168\" srcset=\"https:\/\/i0.wp.com\/www.manquepierda.com\/historiarealbetis\/files\/2015\/02\/03-25-el-betis-en-guipuzcoa-2-areso-urquiaga-y-aedo.jpg?resize=220%2C168&amp;ssl=1 220w, https:\/\/i0.wp.com\/www.manquepierda.com\/historiarealbetis\/files\/2015\/02\/03-25-el-betis-en-guipuzcoa-2-areso-urquiaga-y-aedo.jpg?w=584&amp;ssl=1 584w\" sizes=\"auto, (max-width: 220px) 100vw, 220px\" \/><\/a><strong>02\/22 JDAS.-PATRONATO OBRERO-Domingo 02-Diciembre-1934:\u00a0 URQUIAGA-1 Gol encajado.-BB-2 vs. CF Barcelona-1 (0-1.-38 minutos:\u00a0 Jos\u00e9 RAICH Garriga).<\/strong><\/p>\n<p style=\"text-align: justify\"><strong>06\/22 JDAS.-STADIUM METROPOLITANO-Domingo 06-Enero-1935:\u00a0 URQUIAGA-4 Tantos encajados.-Athl\u00e9tic Club Madrid (1-0.-01 minuto: EL\u00cdCEGUI+2-0.-09 minutos:\u00a0 Julio Antonio EL\u00cdCEGUI Cans+3-1.-63 minutos:\u00a0 \u00c1ngel SORNICHERO Hern\u00e1ndez+4-2.-85 minutos:\u00a0 Eduardo Gonz\u00e1lez Vali\u00f1o (a) \u00abCHACHO\u00bb) vs. BB-2.<\/strong><\/p>\n<p style=\"text-align: justify\"><strong>07\/22 JDAS.-PATRONATO OBRERO-Domingo 13-Enero-1935:\u00a0 URQUIAGA-1 Gol encajado.-BB-2 vs. Oviedo Cf-1 (1-1.-60 minutos:\u00a0 Isidro L\u00c1NGARA Galarraga).<\/strong><\/p>\n<p style=\"text-align: justify\"><strong>08\/22 JDAS.-CAN RABIA-Domingo 27-Enero-1935:\u00a0 URQUIAGA-1 Tanto encajado.-Club Deportivo Espa\u00f1ol-1 (1-0.-60 minutos:\u00a0 Francisco IRIONDO Orozco) vs. BB-1.<\/strong><\/p>\n<p style=\"text-align: justify\"><strong>11\/22 JDAS.-PATRONATO OBRERO-Domingo 10-Febrero-1935:\u00a0 URQUIAGA-1 Gol encajado.-BB-3 vs. Racing Club Santander-1 (1-1.-49 minutos:\u00a0 Fernando GARC\u00cdA Lorenzo).<\/strong><\/p>\n<figure id=\"attachment_41080\" aria-describedby=\"caption-attachment-41080\" style=\"width: 220px\" class=\"wp-caption alignright\"><a href=\"https:\/\/www.manquepierda.com\/historiarealbetis\/40919-1935-febrero-17-patronato-betis-balompie-1-madrid-cf-0-80aniversario-datos-estadisticos\/17-3\/\" rel=\"attachment wp-att-41080\"><img data-recalc-dims=\"1\" loading=\"lazy\" decoding=\"async\" class=\"size-thumbnail wp-image-41080\" src=\"https:\/\/i0.wp.com\/www.manquepierda.com\/historiarealbetis\/files\/2015\/02\/17.jpg?resize=220%2C93&#038;ssl=1\" alt=\"MMMMM\" width=\"220\" height=\"93\" srcset=\"https:\/\/i0.wp.com\/www.manquepierda.com\/historiarealbetis\/files\/2015\/02\/17.jpg?resize=220%2C93&amp;ssl=1 220w, https:\/\/i0.wp.com\/www.manquepierda.com\/historiarealbetis\/files\/2015\/02\/17.jpg?resize=680%2C286&amp;ssl=1 680w, https:\/\/i0.wp.com\/www.manquepierda.com\/historiarealbetis\/files\/2015\/02\/17.jpg?w=800&amp;ssl=1 800w\" sizes=\"auto, (max-width: 220px) 100vw, 220px\" \/><\/a><figcaption id=\"caption-attachment-41080\" class=\"wp-caption-text\"><strong>GOL SUR-Reloj-Marcador A\u00d1INO a la izquierda.-Visto desde Preferencia.<\/strong><\/figcaption><\/figure>\n<figure id=\"attachment_41081\" aria-describedby=\"caption-attachment-41081\" style=\"width: 220px\" class=\"wp-caption alignleft\"><a href=\"https:\/\/www.manquepierda.com\/historiarealbetis\/40919-1935-febrero-17-patronato-betis-balompie-1-madrid-cf-0-80aniversario-datos-estadisticos\/19350217-1-2\/\" rel=\"attachment wp-att-41081\"><img data-recalc-dims=\"1\" loading=\"lazy\" decoding=\"async\" class=\"size-thumbnail wp-image-41081\" src=\"https:\/\/i0.wp.com\/www.manquepierda.com\/historiarealbetis\/files\/2015\/02\/19350217.1.jpg?resize=220%2C168&#038;ssl=1\" alt=\"mmmm\" width=\"220\" height=\"168\" srcset=\"https:\/\/i0.wp.com\/www.manquepierda.com\/historiarealbetis\/files\/2015\/02\/19350217.1.jpg?resize=220%2C168&amp;ssl=1 220w, https:\/\/i0.wp.com\/www.manquepierda.com\/historiarealbetis\/files\/2015\/02\/19350217.1.jpg?w=400&amp;ssl=1 400w\" sizes=\"auto, (max-width: 220px) 100vw, 220px\" \/><\/a><figcaption id=\"caption-attachment-41081\" class=\"wp-caption-text\"><strong>PREFERENCIA.-Vista desde GOL SUR.<\/strong><\/figcaption><\/figure>\n<p style=\"text-align: left\"><strong>\u00abImpresionante entrada del Campo Municipal de Deportes \u00abPATRONATO OBRERO\u00bb.-(Fondo Sim\u00f3).<\/strong><\/p>\n<figure id=\"attachment_41082\" aria-describedby=\"caption-attachment-41082\" style=\"width: 220px\" class=\"wp-caption aligncenter\"><a href=\"https:\/\/www.manquepierda.com\/historiarealbetis\/40919-1935-febrero-17-patronato-betis-balompie-1-madrid-cf-0-80aniversario-datos-estadisticos\/19350217-patronato-3\/\" rel=\"attachment wp-att-41082\"><img data-recalc-dims=\"1\" loading=\"lazy\" decoding=\"async\" class=\"size-thumbnail wp-image-41082\" src=\"https:\/\/i0.wp.com\/www.manquepierda.com\/historiarealbetis\/files\/2015\/02\/19350217-Patronato.jpg?resize=220%2C161&#038;ssl=1\" alt=\"mmmmm\" width=\"220\" height=\"161\" srcset=\"https:\/\/i0.wp.com\/www.manquepierda.com\/historiarealbetis\/files\/2015\/02\/19350217-Patronato.jpg?resize=220%2C161&amp;ssl=1 220w, https:\/\/i0.wp.com\/www.manquepierda.com\/historiarealbetis\/files\/2015\/02\/19350217-Patronato.jpg?w=400&amp;ssl=1 400w\" sizes=\"auto, (max-width: 220px) 100vw, 220px\" \/><\/a><figcaption id=\"caption-attachment-41082\" class=\"wp-caption-text\"><strong>GOL NORTE y detr\u00e1s BETIS TENIS CLUB, vistos desde FONDO.<\/strong><\/figcaption><\/figure>\n<figure id=\"attachment_41128\" aria-describedby=\"caption-attachment-41128\" style=\"width: 220px\" class=\"wp-caption aligncenter\"><a href=\"https:\/\/www.manquepierda.com\/historiarealbetis\/41115-hoa-hace-80-anos-1934-35-la-liga-que-ganamos-betis-balompie-madrid-fc\/guardias-de-asalto-betis-madrid-1935\/\" rel=\"attachment wp-att-41128\"><img data-recalc-dims=\"1\" loading=\"lazy\" decoding=\"async\" class=\"size-thumbnail wp-image-41128\" src=\"https:\/\/i0.wp.com\/www.manquepierda.com\/historiarealbetis\/files\/2015\/02\/Guardias-de-asalto-Betis-Madrid-1935.jpg?resize=220%2C130&#038;ssl=1\" alt=\"mmmm\" width=\"220\" height=\"130\" srcset=\"https:\/\/i0.wp.com\/www.manquepierda.com\/historiarealbetis\/files\/2015\/02\/Guardias-de-asalto-Betis-Madrid-1935.jpg?resize=220%2C130&amp;ssl=1 220w, https:\/\/i0.wp.com\/www.manquepierda.com\/historiarealbetis\/files\/2015\/02\/Guardias-de-asalto-Betis-Madrid-1935.jpg?resize=680%2C403&amp;ssl=1 680w, https:\/\/i0.wp.com\/www.manquepierda.com\/historiarealbetis\/files\/2015\/02\/Guardias-de-asalto-Betis-Madrid-1935.jpg?resize=960%2C569&amp;ssl=1 960w, https:\/\/i0.wp.com\/www.manquepierda.com\/historiarealbetis\/files\/2015\/02\/Guardias-de-asalto-Betis-Madrid-1935.jpg?w=1189&amp;ssl=1 1189w\" sizes=\"auto, (max-width: 220px) 100vw, 220px\" \/><\/a><figcaption id=\"caption-attachment-41128\" class=\"wp-caption-text\"><strong>Guardias de asalto tras la desbandada a consecuencia del gol marcado por \u00abTIMIMi\u00bb.<\/strong><\/figcaption><\/figure>\n<figure id=\"attachment_41090\" aria-describedby=\"caption-attachment-41090\" style=\"width: 680px\" class=\"wp-caption aligncenter\"><a href=\"https:\/\/www.manquepierda.com\/historiarealbetis\/40919-1935-febrero-17-patronato-betis-balompie-1-madrid-cf-0-80aniversario-datos-estadisticos\/19350217-banderines-capitanes\/\" rel=\"attachment wp-att-41090\"><img data-recalc-dims=\"1\" loading=\"lazy\" decoding=\"async\" class=\"size-medium wp-image-41090\" src=\"https:\/\/i0.wp.com\/www.manquepierda.com\/historiarealbetis\/files\/2015\/02\/19350217-Banderines-Capitanes.jpg?resize=680%2C489&#038;ssl=1\" alt=\"mmm\" width=\"680\" height=\"489\" srcset=\"https:\/\/i0.wp.com\/www.manquepierda.com\/historiarealbetis\/files\/2015\/02\/19350217-Banderines-Capitanes.jpg?resize=680%2C489&amp;ssl=1 680w, https:\/\/i0.wp.com\/www.manquepierda.com\/historiarealbetis\/files\/2015\/02\/19350217-Banderines-Capitanes.jpg?resize=220%2C158&amp;ssl=1 220w, https:\/\/i0.wp.com\/www.manquepierda.com\/historiarealbetis\/files\/2015\/02\/19350217-Banderines-Capitanes.jpg?resize=960%2C690&amp;ssl=1 960w, https:\/\/i0.wp.com\/www.manquepierda.com\/historiarealbetis\/files\/2015\/02\/19350217-Banderines-Capitanes.jpg?w=2580&amp;ssl=1 2580w\" sizes=\"auto, (max-width: 680px) 100vw, 680px\" \/><\/a><figcaption id=\"caption-attachment-41090\" class=\"wp-caption-text\"><strong>EN LA PREVIA DEL PARTIDO-DE IZQUIERDA A DERECHA: LINIER BANDA DIESTRA-UNAMUNO CON BANDER\u00cdN AD CALZADA-JULIO OSTAL\u00c9 G\u00d3MEZ (\u00c1RBITRO)-CAPIT\u00c1N DE LA AGRUPACI\u00d3N DEPORTIVA DE LA CALZADA-ZAMORA CON RAMILLETE DE FLORES (CAPIT\u00c1N MADRID CF)-LINIER BANDA ZURDA \u00abPATRONATO OBRERO\u00bb.-FUENTE-ABC-HISTORIA VIVA DEL REAL BETIS BALOMPI\u00c9-FASC\u00cdCULO N\u00ba 8-P\u00c1GINAS 120 Y 121.<\/strong><\/figcaption><\/figure>\n<figure id=\"attachment_40819\" aria-describedby=\"caption-attachment-40819\" style=\"width: 158px\" class=\"wp-caption alignright\"><a href=\"https:\/\/www.manquepierda.com\/historiarealbetis\/40806-1935-febrero-03-nervion-sevilla-fc-0-real-betis-balompie-3-80aniversario-datos-estadisticos\/antonio-moreno-sevillano-26opresidente-rbb-5\/\" rel=\"attachment wp-att-40819\"><img data-recalc-dims=\"1\" loading=\"lazy\" decoding=\"async\" class=\"size-thumbnail wp-image-40819\" src=\"https:\/\/i0.wp.com\/www.manquepierda.com\/historiarealbetis\/files\/2015\/02\/Antonio-Moreno-Sevillano-26%C2%BAPresidente-RBB.jpg?resize=158%2C220&#038;ssl=1\" alt=\"MMMMM\" width=\"158\" height=\"220\" srcset=\"https:\/\/i0.wp.com\/www.manquepierda.com\/historiarealbetis\/files\/2015\/02\/Antonio-Moreno-Sevillano-26%C2%BAPresidente-RBB.jpg?resize=158%2C220&amp;ssl=1 158w, https:\/\/i0.wp.com\/www.manquepierda.com\/historiarealbetis\/files\/2015\/02\/Antonio-Moreno-Sevillano-26%C2%BAPresidente-RBB.jpg?resize=432%2C600&amp;ssl=1 432w, https:\/\/i0.wp.com\/www.manquepierda.com\/historiarealbetis\/files\/2015\/02\/Antonio-Moreno-Sevillano-26%C2%BAPresidente-RBB.jpg?resize=504%2C700&amp;ssl=1 504w, https:\/\/i0.wp.com\/www.manquepierda.com\/historiarealbetis\/files\/2015\/02\/Antonio-Moreno-Sevillano-26%C2%BAPresidente-RBB.jpg?w=860&amp;ssl=1 860w\" sizes=\"auto, (max-width: 158px) 100vw, 158px\" \/><\/a><figcaption id=\"caption-attachment-40819\" class=\"wp-caption-text\"><strong>PRESIDENTE DON ANTONIO MORENO SEVILLANO<\/strong><\/figcaption><\/figure>\n<figure id=\"attachment_40820\" aria-describedby=\"caption-attachment-40820\" style=\"width: 132px\" class=\"wp-caption alignleft\"><a href=\"https:\/\/www.manquepierda.com\/historiarealbetis\/40806-1935-febrero-03-nervion-sevilla-fc-0-real-betis-balompie-3-80aniversario-datos-estadisticos\/patrickjosephoconnell-25\/\" rel=\"attachment wp-att-40820\"><img data-recalc-dims=\"1\" loading=\"lazy\" decoding=\"async\" class=\"size-thumbnail wp-image-40820\" src=\"https:\/\/i0.wp.com\/www.manquepierda.com\/historiarealbetis\/files\/2015\/02\/PatrickJosephOCONNELL.jpg?resize=132%2C220&#038;ssl=1\" alt=\"MMMMM\" width=\"132\" height=\"220\" srcset=\"https:\/\/i0.wp.com\/www.manquepierda.com\/historiarealbetis\/files\/2015\/02\/PatrickJosephOCONNELL.jpg?resize=132%2C220&amp;ssl=1 132w, https:\/\/i0.wp.com\/www.manquepierda.com\/historiarealbetis\/files\/2015\/02\/PatrickJosephOCONNELL.jpg?w=206&amp;ssl=1 206w\" sizes=\"auto, (max-width: 132px) 100vw, 132px\" \/><\/a><figcaption id=\"caption-attachment-40820\" class=\"wp-caption-text\"><strong>ENTRENADOR PATRICK JOSEP O&#8217;CONNEL<\/strong><\/figcaption><\/figure>\n<p style=\"text-align: justify\">\u00abUN BA\u00d1O EN EL GUADALQUIVIR,\u00a0 O LO QUE LE HIZO EL BETIS BALOMPI\u00c9 AL MADRID CLUB DE F\u00daTBOL\u00bb.<\/p>\n<p style=\"text-align: justify\"><strong>\u00abSe ha jugado en el \u00abPatronato\u00bb el match Betis-Madrid ante un p\u00fablico enorme.<\/strong><\/p>\n<p style=\"text-align: justify\"><strong>El billetaje se agot\u00f3 el viernes 15.\u00a0\u00a0 La recaudaci\u00f3n pas\u00f3 de las 73.000 Pesetas.<\/strong><\/p>\n<p style=\"text-align: justify\"><strong>La aglomeraci\u00f3n del p\u00fablico produjo muchas apreturas,\u00a0 de las que result\u00f3 herido un espectador con fractura de una pierna:<\/strong><\/p>\n<p style=\"text-align: justify\"><a href=\"https:\/\/www.manquepierda.com\/historiarealbetis\/40919-1935-febrero-17-patronato-betis-balompie-1-madrid-cf-0-80aniversario-datos-estadisticos\/attachment\/83\/\" rel=\"attachment wp-att-41089\"><img data-recalc-dims=\"1\" loading=\"lazy\" decoding=\"async\" class=\"aligncenter size-medium wp-image-41089\" src=\"https:\/\/i0.wp.com\/www.manquepierda.com\/historiarealbetis\/files\/2015\/02\/83.jpg?resize=680%2C522&#038;ssl=1\" alt=\"83\" width=\"680\" height=\"522\" srcset=\"https:\/\/i0.wp.com\/www.manquepierda.com\/historiarealbetis\/files\/2015\/02\/83.jpg?resize=680%2C522&amp;ssl=1 680w, https:\/\/i0.wp.com\/www.manquepierda.com\/historiarealbetis\/files\/2015\/02\/83.jpg?resize=220%2C169&amp;ssl=1 220w, https:\/\/i0.wp.com\/www.manquepierda.com\/historiarealbetis\/files\/2015\/02\/83.jpg?w=800&amp;ssl=1 800w\" sizes=\"auto, (max-width: 680px) 100vw, 680px\" \/><\/a><em><strong>El BETIS BALOMPI\u00c9 sali\u00f3 decidido a llevarse los 2 puntos.\u00a0 Y lo logr\u00f3,\u00a0 poniendo en la lucha un entusiasmo sin l\u00edmites y una codicia extraordinaria.\u00a0\u00a0 Todos los equipistas dieron un buen rendimiento.\u00a0 En todo instante marcaron el tren del partido.\u00a0\u00a0 Enorme en el primer tiempo,\u00a0 pero insuperable en la continuaci\u00f3n\u00bb.<\/strong><\/em><\/p>\n<p style=\"text-align: justify\"><em><strong>\u00abYa es hora de que se empiece hablar en serio del tr\u00edo defensivo.\u00a0\u00a0 Se han enfrentado con los mejores goleadores espa\u00f1oles y muy pocos \u00abgoals\u00bb les han metido.\u00a0\u00a0 Una vez m\u00e1s a ellos les debe el Betis en gran parte la victoria.\u00a0\u00a0 Su decisi\u00f3n se impuso pronto a los delanteros madridistas\u00bb.<\/strong><\/em><\/p>\n<p style=\"text-align: center\"><em><strong>\u00abRESUMEN:<\/strong><\/em><\/p>\n<figure id=\"attachment_40171\" aria-describedby=\"caption-attachment-40171\" style=\"width: 159px\" class=\"wp-caption aligncenter\"><a href=\"https:\/\/www.manquepierda.com\/historiarealbetis\/40169-1935-enero-06-metropolitano-athletic-madrid-4-real-betis-balompie-2-80aniversario-datos-estadisticos\/ostale-4\/\" rel=\"attachment wp-att-40171\"><img data-recalc-dims=\"1\" loading=\"lazy\" decoding=\"async\" class=\"size-full wp-image-40171\" src=\"https:\/\/i0.wp.com\/www.manquepierda.com\/historiarealbetis\/files\/2015\/01\/Ostal%C3%A9.jpg?resize=159%2C234&#038;ssl=1\" alt=\"mmmm\" width=\"159\" height=\"234\" srcset=\"https:\/\/i0.wp.com\/www.manquepierda.com\/historiarealbetis\/files\/2015\/01\/Ostal%C3%A9.jpg?w=159&amp;ssl=1 159w, https:\/\/i0.wp.com\/www.manquepierda.com\/historiarealbetis\/files\/2015\/01\/Ostal%C3%A9.jpg?resize=149%2C220&amp;ssl=1 149w\" sizes=\"auto, (max-width: 159px) 100vw, 159px\" \/><\/a><figcaption id=\"caption-attachment-40171\" class=\"wp-caption-text\"><strong>Julio OSTAL\u00c9 G\u00f3mez.-Magn\u00edfico.-A tal partido, tal \u00e1rbitro.-ZARAGIZA 00-00-1901.<\/strong><\/figcaption><\/figure>\n<p style=\"text-align: center\"><em><strong>Primer tiempo mejor el Madrid Cf por su t\u00e9cnica.<\/strong><\/em><\/p>\n<p style=\"text-align: center\"><em><strong>Tras el descanso reglamentario,\u00a0 absolutamente todo el BETIS BALOMPI\u00c9\u00bb.<\/strong><\/em><\/p>\n<p style=\"text-align: center\"><strong>GUARDAMETA:<\/strong><\/p>\n<figure id=\"attachment_40949\" aria-describedby=\"caption-attachment-40949\" style=\"width: 188px\" class=\"wp-caption aligncenter\"><a href=\"https:\/\/www.manquepierda.com\/historiarealbetis\/40921-1935-febrero-10-patronato-betis-balompie-3-racing-santander-1-80aniversario-datos-estadisticos\/joaquin-urquiaga-legarburu-10\/\" rel=\"attachment wp-att-40949\"><img data-recalc-dims=\"1\" loading=\"lazy\" decoding=\"async\" class=\"size-thumbnail wp-image-40949\" src=\"https:\/\/i0.wp.com\/www.manquepierda.com\/historiarealbetis\/files\/2015\/02\/Joaqu%C3%ADn-URQUIAGA-Legarburu.png?resize=188%2C220&#038;ssl=1\" alt=\"mmmm\" width=\"188\" height=\"220\" srcset=\"https:\/\/i0.wp.com\/www.manquepierda.com\/historiarealbetis\/files\/2015\/02\/Joaqu%C3%ADn-URQUIAGA-Legarburu.png?resize=188%2C220&amp;ssl=1 188w, https:\/\/i0.wp.com\/www.manquepierda.com\/historiarealbetis\/files\/2015\/02\/Joaqu%C3%ADn-URQUIAGA-Legarburu.png?w=191&amp;ssl=1 191w\" sizes=\"auto, (max-width: 188px) 100vw, 188px\" \/><\/a><figcaption id=\"caption-attachment-40949\" class=\"wp-caption-text\"><strong>IMBATIDO MARCO VERDIBLANCO.<\/strong><\/figcaption><\/figure>\n<p style=\"text-align: justify\"><strong>1.-Joaqu\u00edn URQUIAGA Legarburu.-24 a\u00f1os+11 meses menos 12 d\u00edas.-BILBAO-Zorrotxa,\u00a0 martes 29-Marzo-1910 (1.080 minutos.-8 Goles encajados)*<\/strong><\/p>\n<p style=\"text-align: left\"><em><strong>\u00abRespondieron los madridistas atacando,\u00a0 y Joaqu\u00edn tuvo que atajar buenos chuts de Regueiro y Sa\u00f1udo\u00bb.<\/strong><\/em><\/p>\n<p style=\"text-align: center\"><strong>ZAGUEROS:<\/strong><\/p>\n<p style=\"text-align: center\"><a href=\"https:\/\/www.manquepierda.com\/historiarealbetis\/40919-1935-febrero-17-patronato-betis-balompie-1-madrid-cf-0-80aniversario-datos-estadisticos\/pedro-pablo-areso-aramburu-7\/\" rel=\"attachment wp-att-41107\"><img data-recalc-dims=\"1\" loading=\"lazy\" decoding=\"async\" class=\"aligncenter size-full wp-image-41107\" src=\"https:\/\/i0.wp.com\/www.manquepierda.com\/historiarealbetis\/files\/2015\/02\/Pedro-Pablo-Areso-Aramburu.png?resize=191%2C223&#038;ssl=1\" alt=\"Pedro Pablo Areso Aramburu\" width=\"191\" height=\"223\" srcset=\"https:\/\/i0.wp.com\/www.manquepierda.com\/historiarealbetis\/files\/2015\/02\/Pedro-Pablo-Areso-Aramburu.png?w=191&amp;ssl=1 191w, https:\/\/i0.wp.com\/www.manquepierda.com\/historiarealbetis\/files\/2015\/02\/Pedro-Pablo-Areso-Aramburu.png?resize=188%2C220&amp;ssl=1 188w\" sizes=\"auto, (max-width: 191px) 100vw, 191px\" \/><\/a><strong>2-Lateral Diestro.-Pedro Pablo ARESO Aramburu (900 minutos)*<\/strong><\/p>\n<p style=\"text-align: center\"><a href=\"https:\/\/www.manquepierda.com\/historiarealbetis\/40919-1935-febrero-17-patronato-betis-balompie-1-madrid-cf-0-80aniversario-datos-estadisticos\/serafin-aedo-renieblas-7\/\" rel=\"attachment wp-att-41108\"><img data-recalc-dims=\"1\" loading=\"lazy\" decoding=\"async\" class=\"aligncenter size-full wp-image-41108\" src=\"https:\/\/i0.wp.com\/www.manquepierda.com\/historiarealbetis\/files\/2015\/02\/Seraf%C3%ADn-AEDO-Renieblas.png?resize=191%2C223&#038;ssl=1\" alt=\"Seraf\u00edn AEDO Renieblas\" width=\"191\" height=\"223\" srcset=\"https:\/\/i0.wp.com\/www.manquepierda.com\/historiarealbetis\/files\/2015\/02\/Seraf%C3%ADn-AEDO-Renieblas.png?w=191&amp;ssl=1 191w, https:\/\/i0.wp.com\/www.manquepierda.com\/historiarealbetis\/files\/2015\/02\/Seraf%C3%ADn-AEDO-Renieblas.png?resize=188%2C220&amp;ssl=1 188w\" sizes=\"auto, (max-width: 191px) 100vw, 191px\" \/><\/a><strong>3-Lateral Zurdo.-Seraf\u00edn AEDO Renieblas (1.080 minutos)*<\/strong><\/p>\n<p style=\"text-align: center\"><strong>MEDIOS (<em>\u00abActuaron a tono\u00bb):<\/em><\/strong><\/p>\n<p style=\"text-align: center\"><a href=\"https:\/\/www.manquepierda.com\/historiarealbetis\/40919-1935-febrero-17-patronato-betis-balompie-1-madrid-cf-0-80aniversario-datos-estadisticos\/peral-9\/\" rel=\"attachment wp-att-41109\"><img data-recalc-dims=\"1\" loading=\"lazy\" decoding=\"async\" class=\"aligncenter size-thumbnail wp-image-41109\" src=\"https:\/\/i0.wp.com\/www.manquepierda.com\/historiarealbetis\/files\/2015\/02\/Peral.jpg?resize=212%2C220&#038;ssl=1\" alt=\"Peral\" width=\"212\" height=\"220\" srcset=\"https:\/\/i0.wp.com\/www.manquepierda.com\/historiarealbetis\/files\/2015\/02\/Peral.jpg?resize=212%2C220&amp;ssl=1 212w, https:\/\/i0.wp.com\/www.manquepierda.com\/historiarealbetis\/files\/2015\/02\/Peral.jpg?resize=578%2C600&amp;ssl=1 578w, https:\/\/i0.wp.com\/www.manquepierda.com\/historiarealbetis\/files\/2015\/02\/Peral.jpg?resize=674%2C700&amp;ssl=1 674w, https:\/\/i0.wp.com\/www.manquepierda.com\/historiarealbetis\/files\/2015\/02\/Peral.jpg?w=714&amp;ssl=1 714w\" sizes=\"auto, (max-width: 212px) 100vw, 212px\" \/><\/a><strong>4-Diestro-Destac\u00f3.-Jos\u00e9 Su\u00e1rez Gonz\u00e1lez (a) \u00abPERAL\u00bb (1.080 minutos)*<\/strong><\/p>\n<p style=\"text-align: center\"><a href=\"https:\/\/www.manquepierda.com\/historiarealbetis\/40919-1935-febrero-17-patronato-betis-balompie-1-madrid-cf-0-80aniversario-datos-estadisticos\/francisco-gomez-vicente-11\/\" rel=\"attachment wp-att-41110\"><img data-recalc-dims=\"1\" loading=\"lazy\" decoding=\"async\" class=\"aligncenter size-thumbnail wp-image-41110\" src=\"https:\/\/i0.wp.com\/www.manquepierda.com\/historiarealbetis\/files\/2015\/02\/Francisco-G%C3%B3mez-Vicente.jpg?resize=170%2C220&#038;ssl=1\" alt=\"Francisco G\u00f3mez Vicente\" width=\"170\" height=\"220\" srcset=\"https:\/\/i0.wp.com\/www.manquepierda.com\/historiarealbetis\/files\/2015\/02\/Francisco-G%C3%B3mez-Vicente.jpg?resize=170%2C220&amp;ssl=1 170w, https:\/\/i0.wp.com\/www.manquepierda.com\/historiarealbetis\/files\/2015\/02\/Francisco-G%C3%B3mez-Vicente.jpg?w=440&amp;ssl=1 440w\" sizes=\"auto, (max-width: 170px) 100vw, 170px\" \/><\/a><strong>5-Centro.-Francisco G\u00d3MEZ Vicente (900 minutos).<\/strong><\/p>\n<p style=\"text-align: center\"><a href=\"https:\/\/www.manquepierda.com\/historiarealbetis\/40919-1935-febrero-17-patronato-betis-balompie-1-madrid-cf-0-80aniversario-datos-estadisticos\/simon-lecue-andrade-14\/\" rel=\"attachment wp-att-41111\"><img data-recalc-dims=\"1\" loading=\"lazy\" decoding=\"async\" class=\"aligncenter size-thumbnail wp-image-41111\" src=\"https:\/\/i0.wp.com\/www.manquepierda.com\/historiarealbetis\/files\/2015\/02\/Sim%C3%B3n-Lecue-Andrade.jpg?resize=150%2C220&#038;ssl=1\" alt=\"Sim\u00f3n-Lecue-Andrade\" width=\"150\" height=\"220\" srcset=\"https:\/\/i0.wp.com\/www.manquepierda.com\/historiarealbetis\/files\/2015\/02\/Sim%C3%B3n-Lecue-Andrade.jpg?resize=150%2C220&amp;ssl=1 150w, https:\/\/i0.wp.com\/www.manquepierda.com\/historiarealbetis\/files\/2015\/02\/Sim%C3%B3n-Lecue-Andrade.jpg?w=309&amp;ssl=1 309w\" sizes=\"auto, (max-width: 150px) 100vw, 150px\" \/><\/a><strong>6-Zurdo.-Sim\u00f3n LECUE Andrade (900 minutos).<\/strong><\/p>\n<p style=\"text-align: center\"><strong>DELANTEROS:<\/strong><\/p>\n<p style=\"text-align: center\"><strong> <em>\u00abLa falta de Lecue se sinti\u00f3.\u00a0\u00a0 Tuvo que bajar a la l\u00ednea media,\u00a0 debilitada por la ausencia de Larrinoa\u00bb.<\/em><\/strong><\/p>\n<p style=\"text-align: center\"><a href=\"https:\/\/www.manquepierda.com\/historiarealbetis\/40919-1935-febrero-17-patronato-betis-balompie-1-madrid-cf-0-80aniversario-datos-estadisticos\/19350217-timimi-11\/\" rel=\"attachment wp-att-41103\"><img data-recalc-dims=\"1\" loading=\"lazy\" decoding=\"async\" class=\"aligncenter size-thumbnail wp-image-41103\" src=\"https:\/\/i0.wp.com\/www.manquepierda.com\/historiarealbetis\/files\/2015\/02\/19350217-TIMIMI.jpg?resize=120%2C220&#038;ssl=1\" alt=\"19350217-TIMIMI\" width=\"120\" height=\"220\" srcset=\"https:\/\/i0.wp.com\/www.manquepierda.com\/historiarealbetis\/files\/2015\/02\/19350217-TIMIMI.jpg?resize=120%2C220&amp;ssl=1 120w, https:\/\/i0.wp.com\/www.manquepierda.com\/historiarealbetis\/files\/2015\/02\/19350217-TIMIMI.jpg?resize=328%2C600&amp;ssl=1 328w, https:\/\/i0.wp.com\/www.manquepierda.com\/historiarealbetis\/files\/2015\/02\/19350217-TIMIMI.jpg?resize=382%2C700&amp;ssl=1 382w, https:\/\/i0.wp.com\/www.manquepierda.com\/historiarealbetis\/files\/2015\/02\/19350217-TIMIMI.jpg?w=1136&amp;ssl=1 1136w\" sizes=\"auto, (max-width: 120px) 100vw, 120px\" \/><\/a><strong>*MARC\u00d3 1 GOL*<\/strong><\/p>\n<p style=\"text-align: center\"><em><strong>\u00ab1-0.-65 minutos:<\/strong><\/em><\/p>\n<p style=\"text-align: justify\"><em><strong>\u00abCuando atac\u00f3 el Madrid,\u00a0 un fort\u00edsimo tiro de Regueiro,\u00a0 lo sujet\u00f3 Urquiaga,\u00a0 despejando a los pies de Pedro Gonz\u00e1lez,\u00a0 que con suma rapidez se col\u00f3,\u00a0 desbordando a tres rivales y lanzando un ch\u00fa cruzado fusilando a Zamora\u00bb.<\/strong><\/em><\/p>\n<figure id=\"attachment_41088\" aria-describedby=\"caption-attachment-41088\" style=\"width: 680px\" class=\"wp-caption aligncenter\"><a href=\"https:\/\/www.manquepierda.com\/historiarealbetis\/40919-1935-febrero-17-patronato-betis-balompie-1-madrid-cf-0-80aniversario-datos-estadisticos\/attachment\/69\/\" rel=\"attachment wp-att-41088\"><img data-recalc-dims=\"1\" loading=\"lazy\" decoding=\"async\" class=\"size-medium wp-image-41088\" src=\"https:\/\/i0.wp.com\/www.manquepierda.com\/historiarealbetis\/files\/2015\/02\/69.jpg?resize=680%2C506&#038;ssl=1\" alt=\"MMMM\" width=\"680\" height=\"506\" srcset=\"https:\/\/i0.wp.com\/www.manquepierda.com\/historiarealbetis\/files\/2015\/02\/69.jpg?resize=680%2C506&amp;ssl=1 680w, https:\/\/i0.wp.com\/www.manquepierda.com\/historiarealbetis\/files\/2015\/02\/69.jpg?resize=220%2C164&amp;ssl=1 220w, https:\/\/i0.wp.com\/www.manquepierda.com\/historiarealbetis\/files\/2015\/02\/69.jpg?w=800&amp;ssl=1 800w\" sizes=\"auto, (max-width: 680px) 100vw, 680px\" \/><\/a><figcaption id=\"caption-attachment-41088\" class=\"wp-caption-text\"><strong>18-Febrero 18-lunes-Recorte Prensa AS-1\u00aap\u00e1gina.-<em>FOTO 1 LOS AFICIONADOS B\u00c9TICOS SE LANZAN AL TERRENO DE JUEGO DEL PATRONATO OBRERO TRAS MARCAR TIMIMI EL GOL DE LA VICTORIA DEL BETIS BALOMPI\u00c9.-<\/em>FOTO 2 SE OBSERVA A UNOS B\u00c9TICOS SENTADOS DELANTE DE LA VALLA-TABLAS VERDES-Y LATERALMENTE A LA PORTER\u00cdA QUE DEFIENDE RICARDO ZAMORA, QUE LES EST\u00c1 MIRANDO, Y AL PARECER SINTI\u00d3SE INCREPADO POR LOS MISMOS EN UN LANCE DEL PARTIDO\u00bb.<\/strong><\/figcaption><\/figure>\n<p style=\"text-align: justify\"><strong>7.-Extremo Diestro.-Pedro Gonz\u00e1lez S\u00e1nchez (a) \u00abTIMIMI\u00bb.-24 a\u00f1os+1 mes+16 d\u00edas (900 minutos.-4 Goles marcados)*<\/strong><\/p>\n<p style=\"text-align: justify\"><em><strong>\u00abDestac\u00f3,\u00a0 y es curioso que ganara el match,\u00a0 cuando poco antes de empezar el entrenador no quer\u00eda sacarlo,\u00a0 en vista de su mala actuaci\u00f3n en las dos anteriores jornadas\u00bb.<\/strong><\/em><\/p>\n<p style=\"text-align: left\"><em><strong>\u00abEnseguida intervino ZAMORA para devolver un peligroso tiro de Pedro\u00bb.<\/strong><\/em><\/p>\n<p style=\"text-align: center\"><a href=\"https:\/\/www.manquepierda.com\/historiarealbetis\/40333-1932-enero-10-segunda-division-betis-balompie-5-athletic-madrid-1-83aniversario\/adolfo-martin-01-7\/\" rel=\"attachment wp-att-40345\"><img data-recalc-dims=\"1\" loading=\"lazy\" decoding=\"async\" class=\"aligncenter size-thumbnail wp-image-40345\" src=\"https:\/\/i0.wp.com\/www.manquepierda.com\/historiarealbetis\/files\/2015\/01\/Adolfo-Mart%C3%ADn-01.jpg?resize=118%2C220&#038;ssl=1\" alt=\"Adolfo Mart\u00edn-01\" width=\"118\" height=\"220\" srcset=\"https:\/\/i0.wp.com\/www.manquepierda.com\/historiarealbetis\/files\/2015\/01\/Adolfo-Mart%C3%ADn-01.jpg?resize=118%2C220&amp;ssl=1 118w, https:\/\/i0.wp.com\/www.manquepierda.com\/historiarealbetis\/files\/2015\/01\/Adolfo-Mart%C3%ADn-01.jpg?w=186&amp;ssl=1 186w\" sizes=\"auto, (max-width: 118px) 100vw, 118px\" \/><\/a><strong>8-Interior.-Adolfo Mart\u00edn Gonz\u00e1lez (a) \u00abADOLFO II\u00bb (810 minutos.-4 Goles marcados)*<\/strong><\/p>\n<p style=\"text-align: justify\"><em><strong>\u00abFaltando poco para el descanso se lesion\u00f3 en una jugada desgraciada,\u00a0 permutando su puesto con \u00abTimimi\u00bb.\u00a0 Al reanudarse la liza se pone en su puesto habitual\u00bb.<\/strong><\/em><\/p>\n<p style=\"text-align: center\"><a href=\"https:\/\/www.manquepierda.com\/historiarealbetis\/40806-1935-febrero-03-nervion-sevilla-fc-0-real-betis-balompie-3-80aniversario-datos-estadisticos\/victorio-unamuno-ibarzabal-7\/\" rel=\"attachment wp-att-40824\"><img data-recalc-dims=\"1\" loading=\"lazy\" decoding=\"async\" class=\"aligncenter size-thumbnail wp-image-40824\" src=\"https:\/\/i0.wp.com\/www.manquepierda.com\/historiarealbetis\/files\/2015\/02\/Victorio-UNAMUNO-Ibarzabal.jpg?resize=145%2C220&#038;ssl=1\" alt=\"Victorio UNAMUNO Ibarzabal\" width=\"145\" height=\"220\" srcset=\"https:\/\/i0.wp.com\/www.manquepierda.com\/historiarealbetis\/files\/2015\/02\/Victorio-UNAMUNO-Ibarzabal.jpg?resize=145%2C220&amp;ssl=1 145w, https:\/\/i0.wp.com\/www.manquepierda.com\/historiarealbetis\/files\/2015\/02\/Victorio-UNAMUNO-Ibarzabal.jpg?resize=395%2C600&amp;ssl=1 395w, https:\/\/i0.wp.com\/www.manquepierda.com\/historiarealbetis\/files\/2015\/02\/Victorio-UNAMUNO-Ibarzabal.jpg?resize=461%2C700&amp;ssl=1 461w, https:\/\/i0.wp.com\/www.manquepierda.com\/historiarealbetis\/files\/2015\/02\/Victorio-UNAMUNO-Ibarzabal.jpg?w=627&amp;ssl=1 627w\" sizes=\"auto, (max-width: 145px) 100vw, 145px\" \/><\/a><strong>9-Centro Delantero-ARIETE.-Victorio UNAMUNO Ibarzabal (900 minutos.-05 Goles logrados)*<\/strong><\/p>\n<p style=\"text-align: center\"><a href=\"https:\/\/www.manquepierda.com\/historiarealbetis\/40921-1935-febrero-10-patronato-betis-balompie-3-racing-santander-1-80aniversario-datos-estadisticos\/caballero-10\/\" rel=\"attachment wp-att-40951\"><img data-recalc-dims=\"1\" loading=\"lazy\" decoding=\"async\" class=\"aligncenter size-thumbnail wp-image-40951\" src=\"https:\/\/i0.wp.com\/www.manquepierda.com\/historiarealbetis\/files\/2015\/02\/CABALLERO.png?resize=188%2C220&#038;ssl=1\" alt=\"CABALLERO\" width=\"188\" height=\"220\" srcset=\"https:\/\/i0.wp.com\/www.manquepierda.com\/historiarealbetis\/files\/2015\/02\/CABALLERO.png?resize=188%2C220&amp;ssl=1 188w, https:\/\/i0.wp.com\/www.manquepierda.com\/historiarealbetis\/files\/2015\/02\/CABALLERO.png?w=191&amp;ssl=1 191w\" sizes=\"auto, (max-width: 188px) 100vw, 188px\" \/><\/a><strong>10-Interior Zurdo.-Jos\u00e9 Gonz\u00e1lez CABALLERO (630 minutos.-2 Goles marcados)*<\/strong><\/p>\n<p style=\"text-align: center\"><a href=\"https:\/\/www.manquepierda.com\/historiarealbetis\/40521-1935-enero-20-can-rabia-cd-espanol-1-betis-balompie-1-80aniversario-datos-estadisticos\/saro-12\/\" rel=\"attachment wp-att-40566\"><img data-recalc-dims=\"1\" loading=\"lazy\" decoding=\"async\" class=\"aligncenter size-thumbnail wp-image-40566\" src=\"https:\/\/i0.wp.com\/www.manquepierda.com\/historiarealbetis\/files\/2015\/01\/SARO.png?resize=188%2C220&#038;ssl=1\" alt=\"SARO\" width=\"188\" height=\"220\" srcset=\"https:\/\/i0.wp.com\/www.manquepierda.com\/historiarealbetis\/files\/2015\/01\/SARO.png?resize=188%2C220&amp;ssl=1 188w, https:\/\/i0.wp.com\/www.manquepierda.com\/historiarealbetis\/files\/2015\/01\/SARO.png?w=191&amp;ssl=1 191w\" sizes=\"auto, (max-width: 188px) 100vw, 188px\" \/><\/a><strong>11-Extremo Zurdo-Destac\u00f3.-\u00c1ngel Mart\u00edn Rodr\u00edguez (a) \u00abSARO\u00bb (1.080 minutos)*<\/strong><\/p>\n<p style=\"text-align: center\">VS.<\/p>\n<figure id=\"attachment_41095\" aria-describedby=\"caption-attachment-41095\" style=\"width: 150px\" class=\"wp-caption aligncenter\"><a href=\"https:\/\/www.manquepierda.com\/historiarealbetis\/40919-1935-febrero-17-patronato-betis-balompie-1-madrid-cf-0-80aniversario-datos-estadisticos\/escudomadrid1931\/\" rel=\"attachment wp-att-41095\"><img data-recalc-dims=\"1\" loading=\"lazy\" decoding=\"async\" class=\"size-full wp-image-41095\" src=\"https:\/\/i0.wp.com\/www.manquepierda.com\/historiarealbetis\/files\/2015\/02\/escudomadrid1931.gif?resize=150%2C150&#038;ssl=1\" alt=\"MMM\" width=\"150\" height=\"150\" \/><\/a><figcaption id=\"caption-attachment-41095\" class=\"wp-caption-text\">MADRID CLUB F\u00daTBOL-0 TANTOS.<\/figcaption><\/figure>\n<p style=\"text-align: center\"><strong>2\u00ba Clasificado con 16 Puntos (8g+0e+4perdidos).-31-18 Tantos Favor-Contra.<\/strong><\/p>\n<figure id=\"attachment_41096\" aria-describedby=\"caption-attachment-41096\" style=\"width: 186px\" class=\"wp-caption alignright\"><a href=\"https:\/\/www.manquepierda.com\/historiarealbetis\/40919-1935-febrero-17-patronato-betis-balompie-1-madrid-cf-0-80aniversario-datos-estadisticos\/usera-4\/\" rel=\"attachment wp-att-41096\"><img data-recalc-dims=\"1\" loading=\"lazy\" decoding=\"async\" class=\"size-thumbnail wp-image-41096\" src=\"https:\/\/i0.wp.com\/www.manquepierda.com\/historiarealbetis\/files\/2015\/02\/Usera.jpeg?resize=186%2C220&#038;ssl=1\" alt=\"mmmm\" width=\"186\" height=\"220\" srcset=\"https:\/\/i0.wp.com\/www.manquepierda.com\/historiarealbetis\/files\/2015\/02\/Usera.jpeg?resize=186%2C220&amp;ssl=1 186w, https:\/\/i0.wp.com\/www.manquepierda.com\/historiarealbetis\/files\/2015\/02\/Usera.jpeg?w=380&amp;ssl=1 380w\" sizes=\"auto, (max-width: 186px) 100vw, 186px\" \/><\/a><figcaption id=\"caption-attachment-41096\" class=\"wp-caption-text\"><strong>1930-1935.-Presidente don Lu\u00eds USERA Bugallal<\/strong><\/figcaption><\/figure>\n<figure id=\"attachment_41097\" aria-describedby=\"caption-attachment-41097\" style=\"width: 220px\" class=\"wp-caption alignleft\"><a href=\"https:\/\/www.manquepierda.com\/historiarealbetis\/40919-1935-febrero-17-patronato-betis-balompie-1-madrid-cf-0-80aniversario-datos-estadisticos\/francisco_bru_sanz\/\" rel=\"attachment wp-att-41097\"><img data-recalc-dims=\"1\" loading=\"lazy\" decoding=\"async\" class=\"size-thumbnail wp-image-41097\" src=\"https:\/\/i0.wp.com\/www.manquepierda.com\/historiarealbetis\/files\/2015\/02\/Francisco_Bru_Sanz.png?resize=220%2C220&#038;ssl=1\" alt=\"mmm\" width=\"220\" height=\"220\" srcset=\"https:\/\/i0.wp.com\/www.manquepierda.com\/historiarealbetis\/files\/2015\/02\/Francisco_Bru_Sanz.png?resize=220%2C220&amp;ssl=1 220w, https:\/\/i0.wp.com\/www.manquepierda.com\/historiarealbetis\/files\/2015\/02\/Francisco_Bru_Sanz.png?w=256&amp;ssl=1 256w\" sizes=\"auto, (max-width: 220px) 100vw, 220px\" \/><\/a><figcaption id=\"caption-attachment-41097\" class=\"wp-caption-text\"><strong>1934-1936.-ENTRENADOR Francisco BRU Sanz.<\/strong><\/figcaption><\/figure>\n<p style=\"text-align: justify\">\u00abEl Madrid Cf se desenvolvi\u00f3 con m\u00e1s acierto en la primera parte que en la segunda.<\/p>\n<p style=\"text-align: justify\">Sobre todo,\u00a0 en el primer cuarto de hora tuvo una labor de gran lucimiento;\u00a0 daba m\u00e1s sensaci\u00f3n de gran equipo.<\/p>\n<p style=\"text-align: justify\">Luego empez\u00f3 a aflojar,\u00a0 aunque,\u00a0 gracias a la clase de sus hombres llev\u00f3 bien el juego.<\/p>\n<p style=\"text-align: justify\">Hasta el descanso actuaba con una magn\u00edfica labor de Lu\u00eds Regueiro y de los medios alas,\u00a0 y con un Hilario detestable.<\/p>\n<p style=\"text-align: justify\">El resto de la delantera,\u00a0 en general,\u00a0 medrosa y la defensa por bajo del juego que la distingue.-Despu\u00e9s del descanso los medios fueron incapaces de mantener la actuaci\u00f3n a la altura de la primera parte.-En cambio,\u00a0 mejoraron los zagueros,\u00a0 superando Quincoces a Ciriaco.-Sigui\u00f3 Regueiro siendo el mejor delantero y Eugenio qued\u00f3 salvado por su voluntad\u00bb.<\/p>\n<p style=\"text-align: center\"><a href=\"https:\/\/www.manquepierda.com\/historiarealbetis\/40919-1935-febrero-17-patronato-betis-balompie-1-madrid-cf-0-80aniversario-datos-estadisticos\/zamora\/\" rel=\"attachment wp-att-41102\"><img data-recalc-dims=\"1\" loading=\"lazy\" decoding=\"async\" class=\"aligncenter size-thumbnail wp-image-41102\" src=\"https:\/\/i0.wp.com\/www.manquepierda.com\/historiarealbetis\/files\/2015\/02\/zamora.jpg?resize=165%2C220&#038;ssl=1\" alt=\"zamora\" width=\"165\" height=\"220\" srcset=\"https:\/\/i0.wp.com\/www.manquepierda.com\/historiarealbetis\/files\/2015\/02\/zamora.jpg?resize=165%2C220&amp;ssl=1 165w, https:\/\/i0.wp.com\/www.manquepierda.com\/historiarealbetis\/files\/2015\/02\/zamora.jpg?w=376&amp;ssl=1 376w\" sizes=\"auto, (max-width: 165px) 100vw, 165px\" \/><\/a>Ricardo ZAMORA Mart\u00ednez.-Portero.<\/p>\n<p style=\"text-align: center\">CIRIACO Errasti Suinaga-Jacinto Fern\u00e1ndez de QUINCOCES y L\u00f3pez de Arbina.-Defensas.<\/p>\n<p style=\"text-align: center\">PEDRO Regueiro Pagola-Antonio BONET Silvestre y<\/p>\n<p style=\"text-align: center\"><a href=\"https:\/\/www.manquepierda.com\/historiarealbetis\/40919-1935-febrero-17-patronato-betis-balompie-1-madrid-cf-0-80aniversario-datos-estadisticos\/166892_leoncito\/\" rel=\"attachment wp-att-41106\"><img data-recalc-dims=\"1\" loading=\"lazy\" decoding=\"async\" class=\"aligncenter size-full wp-image-41106\" src=\"https:\/\/i0.wp.com\/www.manquepierda.com\/historiarealbetis\/files\/2015\/02\/166892_leoncito.jpg?resize=96%2C149&#038;ssl=1\" alt=\"166892_leoncito\" width=\"96\" height=\"149\" \/><\/a>Antonio Le\u00f3n Amador (a) \u00abLEONCITO\u00bb.-Medios.<\/p>\n<p style=\"text-align: justify\">EUGENIO Hilario Calvo-LU\u00cdS Regueiro Pagola-Idelfonso Fernando SA\u00d1UDO Garc\u00eda-Juan Marrero P\u00e9rez (a) \u00abHILARIO\u00bb-Jaime LAZCANO Escol\u00e1.<\/p>\n<p style=\"text-align: justify\"><strong>\u00abEl Madrid Cf se impone con admirable t\u00e9cnica,\u00a0 y el Betis Balompi\u00e9 se emplean como leones hasta que aplacan a sus rivales y se imponen ellos.<\/strong><\/p>\n<p style=\"text-align: justify\"><strong>Los ataques madridistas no encierran mucho peligro porque la energ\u00eda de los defensas b\u00e9ticos impuso respeto a la vanguardia blanca.<\/strong><\/p>\n<p style=\"text-align: center\"><strong>Se llega al descanso con el marcador 0-0.<\/strong><\/p>\n<p style=\"text-align: justify\"><strong>Tras el descanso reglamentario el Betis salta al terreno de juego lleno de entusiasmo,\u00a0 mientas que el Madrid esta algo alica\u00eddo.<\/strong><\/p>\n<p style=\"text-align: justify\"><strong>Se ve y se desea los \u00abmerengues\u00bb para contener el \u00edmpetu de los verdiblancos, cuya presi\u00f3n es intensa.\u00a0 Despu\u00e9s del 1-0 en contra se inicia unos momentos de presi\u00f3n del Madrid Cf y luego vuelve el Betis Balompi\u00e9 a ser due\u00f1o de la situaci\u00f3n hasta que pit\u00f3 el final Ostal\u00e9\u00bb.<\/strong><\/p>\n<p style=\"text-align: justify\">A CONTINUACI\u00d3N 1\u00aa P\u00c1GINA \u00abC\u00d3RDOBA DEPORTIVA\u00bb-DECANO DE LA PRENSA DEPORTIVA DEL SUR DE ESPA\u00d1A.-C\u00d3RDOBA, JUEVES 28 DE FEBRERO DE 1935:<\/p>\n<p style=\"text-align: center\"><img data-recalc-dims=\"1\" loading=\"lazy\" decoding=\"async\" class=\"aligncenter size-medium wp-image-47492\" src=\"https:\/\/i0.wp.com\/www.manquepierda.com\/historiarealbetis\/files\/2015\/02\/19350228CD1p.jpg?resize=302%2C600&#038;ssl=1\" alt=\"19350228CD1p\" width=\"302\" height=\"600\" srcset=\"https:\/\/i0.wp.com\/www.manquepierda.com\/historiarealbetis\/files\/2015\/02\/19350228CD1p.jpg?resize=302%2C600&amp;ssl=1 302w, https:\/\/i0.wp.com\/www.manquepierda.com\/historiarealbetis\/files\/2015\/02\/19350228CD1p.jpg?resize=111%2C220&amp;ssl=1 111w, https:\/\/i0.wp.com\/www.manquepierda.com\/historiarealbetis\/files\/2015\/02\/19350228CD1p.jpg?resize=352%2C700&amp;ssl=1 352w, https:\/\/i0.wp.com\/www.manquepierda.com\/historiarealbetis\/files\/2015\/02\/19350228CD1p.jpg?w=460&amp;ssl=1 460w\" sizes=\"auto, (max-width: 302px) 100vw, 302px\" \/><\/p>\n<p><a href=\"https:\/\/www.manquepierda.com\/historiarealbetis\/40919-1935-febrero-17-patronato-betis-balompie-1-madrid-cf-0-80aniversario-datos-estadisticos\/cordoba-deportiva-335-19350228\/\" rel=\"attachment wp-att-41104\"><img data-recalc-dims=\"1\" loading=\"lazy\" decoding=\"async\" class=\"size-medium wp-image-41104 aligncenter\" src=\"https:\/\/i0.wp.com\/www.manquepierda.com\/historiarealbetis\/files\/2015\/02\/CORDOBA-DEPORTIVA-335-19350228.jpg?resize=569%2C600&#038;ssl=1\" alt=\"MMMM\" width=\"569\" height=\"600\" srcset=\"https:\/\/i0.wp.com\/www.manquepierda.com\/historiarealbetis\/files\/2015\/02\/CORDOBA-DEPORTIVA-335-19350228.jpg?resize=569%2C600&amp;ssl=1 569w, https:\/\/i0.wp.com\/www.manquepierda.com\/historiarealbetis\/files\/2015\/02\/CORDOBA-DEPORTIVA-335-19350228.jpg?resize=209%2C220&amp;ssl=1 209w, https:\/\/i0.wp.com\/www.manquepierda.com\/historiarealbetis\/files\/2015\/02\/CORDOBA-DEPORTIVA-335-19350228.jpg?resize=664%2C700&amp;ssl=1 664w, https:\/\/i0.wp.com\/www.manquepierda.com\/historiarealbetis\/files\/2015\/02\/CORDOBA-DEPORTIVA-335-19350228.jpg?w=919&amp;ssl=1 919w\" sizes=\"auto, (max-width: 569px) 100vw, 569px\" \/><\/a><\/p>\n<p>&nbsp;<\/p>\n","protected":false},"excerpt":{"rendered":"<p>S\u00c9PTIMA EDICI\u00d3N-CAMPEONATO NACIONAL LIGA PRIMERA DIVISI\u00d3N-TEMPORADA 1934-1935 DESDE DOMINGO 02 DE DICIEMBRE DE 1934 HASTA DOMINGO 28 DE ABRIL DE 1935 (AMBAS FECHAS INCLUSIVE) PRIMER TITULO NACIONAL PARA ANDALUC\u00cdA Y PARA NUESTRA CIUDAD. \u00abEL BETIS\u00bb: He ah\u00ed un equipo con entusiasmo.\u00a0\u00a0 Con bravura.\u00a0\u00a0 Con amor al Club cuyos colores defiende.\u00a0\u00a0 He aqu\u00ed un equipo,\u00a0 que&#8230;<\/p>\n","protected":false},"author":48,"featured_media":41078,"comment_status":"open","ping_status":"open","sticky":false,"template":"","format":"standard","meta":{"_kad_post_transparent":"","_kad_post_title":"","_kad_post_layout":"","_kad_post_sidebar_id":"","_kad_post_content_style":"","_kad_post_vertical_padding":"","_kad_post_feature":"","_kad_post_feature_position":"","_kad_post_header":false,"_kad_post_footer":false,"_kad_post_classname":"","_jetpack_memberships_contains_paid_content":false,"footnotes":"","jetpack_publicize_message":"","jetpack_publicize_feature_enabled":true,"jetpack_social_post_already_shared":true,"jetpack_social_options":{"image_generator_settings":{"template":"highway","default_image_id":0,"font":"","enabled":false},"version":2}},"categories":[899,1],"tags":[2267,45,17928,13362],"class_list":["post-40919","post","type-post","status-publish","format-standard","has-post-thumbnail","hentry","category-1930-1939","category-portada","tag-1934-35","tag-45","tag-liga-primera-1934-35","tag-real-madrid-cf"],"jetpack_publicize_connections":[],"jetpack_featured_media_url":"https:\/\/i0.wp.com\/www.manquepierda.com\/historiarealbetis\/files\/2015\/02\/04.jpg?fit=800%2C494&ssl=1","jetpack_sharing_enabled":true,"jetpack_shortlink":"https:\/\/wp.me\/p1ij08-aDZ","jetpack-related-posts":[],"_links":{"self":[{"href":"https:\/\/www.manquepierda.com\/historiarealbetis\/wp-json\/wp\/v2\/posts\/40919","targetHints":{"allow":["GET"]}}],"collection":[{"href":"https:\/\/www.manquepierda.com\/historiarealbetis\/wp-json\/wp\/v2\/posts"}],"about":[{"href":"https:\/\/www.manquepierda.com\/historiarealbetis\/wp-json\/wp\/v2\/types\/post"}],"author":[{"embeddable":true,"href":"https:\/\/www.manquepierda.com\/historiarealbetis\/wp-json\/wp\/v2\/users\/48"}],"replies":[{"embeddable":true,"href":"https:\/\/www.manquepierda.com\/historiarealbetis\/wp-json\/wp\/v2\/comments?post=40919"}],"version-history":[{"count":1,"href":"https:\/\/www.manquepierda.com\/historiarealbetis\/wp-json\/wp\/v2\/posts\/40919\/revisions"}],"predecessor-version":[{"id":95032,"href":"https:\/\/www.manquepierda.com\/historiarealbetis\/wp-json\/wp\/v2\/posts\/40919\/revisions\/95032"}],"wp:featuredmedia":[{"embeddable":true,"href":"https:\/\/www.manquepierda.com\/historiarealbetis\/wp-json\/wp\/v2\/media\/41078"}],"wp:attachment":[{"href":"https:\/\/www.manquepierda.com\/historiarealbetis\/wp-json\/wp\/v2\/media?parent=40919"}],"wp:term":[{"taxonomy":"category","embeddable":true,"href":"https:\/\/www.manquepierda.com\/historiarealbetis\/wp-json\/wp\/v2\/categories?post=40919"},{"taxonomy":"post_tag","embeddable":true,"href":"https:\/\/www.manquepierda.com\/historiarealbetis\/wp-json\/wp\/v2\/tags?post=40919"}],"curies":[{"name":"wp","href":"https:\/\/api.w.org\/{rel}","templated":true}]}}