{"id":40978,"date":"2015-02-11T10:35:34","date_gmt":"2015-02-11T09:35:34","guid":{"rendered":"http:\/\/www.manquepierda.com\/historiarealbetis\/?p=40978"},"modified":"2024-08-12T19:39:12","modified_gmt":"2024-08-12T17:39:12","slug":"1930-febrero-11-patronato-obrero-real-betis-balompie-1-vs-iberia-sc-1-85aniversario","status":"publish","type":"post","link":"https:\/\/www.manquepierda.com\/historiarealbetis\/1930-febrero-11-patronato-obrero-real-betis-balompie-1-vs-iberia-sc-1-85aniversario\/","title":{"rendered":"1930-Febrero 11-Patronato Obrero.-Real Betis Balompi\u00e9-1 Iberia SC-1.-86Aniversario."},"content":{"rendered":"<p style=\"text-align: justify\"><a href=\"https:\/\/www.manquepierda.com\/historiarealbetis\/40978-1930-febrero-11-patronato-obrero-real-betis-balompie-1-vs-iberia-sc-1-85aniversario\/vista-aerea-del-patronato-nmp-la-union-16-11-1928-680x498-3\/\" rel=\"attachment wp-att-40980\"><img data-recalc-dims=\"1\" loading=\"lazy\" decoding=\"async\" class=\"aligncenter size-full wp-image-40980\" src=\"https:\/\/i0.wp.com\/www.manquepierda.com\/historiarealbetis\/files\/2015\/02\/Vista-a%C3%A9rea-del-Patronato-NMP-La-Uni%C3%B3n-16-11-1928-680x498.jpg?resize=680%2C498&#038;ssl=1\" alt=\"Vista-a\u00e9rea-del-Patronato-NMP-La-Uni\u00f3n-16-11-1928-680x498\" width=\"680\" height=\"498\" srcset=\"https:\/\/i0.wp.com\/www.manquepierda.com\/historiarealbetis\/files\/2015\/02\/Vista-a%C3%A9rea-del-Patronato-NMP-La-Uni%C3%B3n-16-11-1928-680x498.jpg?resize=680%2C498&amp;ssl=1 680w, https:\/\/i0.wp.com\/www.manquepierda.com\/historiarealbetis\/files\/2015\/02\/Vista-a%C3%A9rea-del-Patronato-NMP-La-Uni%C3%B3n-16-11-1928-680x498.jpg?resize=220%2C161&amp;ssl=1 220w\" sizes=\"auto, (max-width: 680px) 100vw, 680px\" \/><\/a><\/p>\n<p style=\"text-align: justify\"><em><strong>SEGUNDA EDICI\u00d3N-CAMPEONATO NACIONAL LIGA SEGUNDA DIVISI\u00d3N-TEMPORADA 1929-1930.-DESDE DOMINGO 1\u00ba DE DICIEMBRE DE 1929 HASTA DOMINGO 30 DE MARZO DE 1930; AMBAS FECHAS INCLUSIVE.<\/strong><\/em><\/p>\n<p style=\"text-align: justify\"><strong>1930-FEBRERO 11-MARTES-EN EL BARRIO DE \u00abEL PORVENIR\u00bb-CAMPO DE DEPORTES MUNICIPAL \u00abREAL PATRONATO OBRERO\u00bb (9.000 ESPECTADORES)-ENCUENTRO SUSPENDIDO POR ACCIDENTE FERROVIARIO EN \u00abLAS MESAS\u00bb, DE LA EXPEDICI\u00d3N DEL IBERIA SPORT CLUB DE ZARAGOZA, EL PASADO DOMINGO 09-02-1930.-11\u00aa JORNADA.<\/strong><\/p>\n<figure id=\"attachment_40981\" aria-describedby=\"caption-attachment-40981\" style=\"width: 680px\" class=\"wp-caption aligncenter\"><a href=\"https:\/\/www.manquepierda.com\/historiarealbetis\/40978-1930-febrero-11-patronato-obrero-real-betis-balompie-1-vs-iberia-sc-1-85aniversario\/rbb-1929-1930-cpto-andalucia\/\" rel=\"attachment wp-att-40981\"><img data-recalc-dims=\"1\" loading=\"lazy\" decoding=\"async\" class=\"size-medium wp-image-40981\" src=\"https:\/\/i0.wp.com\/www.manquepierda.com\/historiarealbetis\/files\/2015\/02\/RBB-1929-1930-cpto-Andaluc%C3%ADa.jpg?resize=680%2C469&#038;ssl=1\" alt=\"mmmm\" width=\"680\" height=\"469\" srcset=\"https:\/\/i0.wp.com\/www.manquepierda.com\/historiarealbetis\/files\/2015\/02\/RBB-1929-1930-cpto-Andaluc%C3%ADa.jpg?resize=680%2C469&amp;ssl=1 680w, https:\/\/i0.wp.com\/www.manquepierda.com\/historiarealbetis\/files\/2015\/02\/RBB-1929-1930-cpto-Andaluc%C3%ADa.jpg?resize=220%2C152&amp;ssl=1 220w, https:\/\/i0.wp.com\/www.manquepierda.com\/historiarealbetis\/files\/2015\/02\/RBB-1929-1930-cpto-Andaluc%C3%ADa.jpg?resize=960%2C662&amp;ssl=1 960w, https:\/\/i0.wp.com\/www.manquepierda.com\/historiarealbetis\/files\/2015\/02\/RBB-1929-1930-cpto-Andaluc%C3%ADa.jpg?resize=75%2C52&amp;ssl=1 75w, https:\/\/i0.wp.com\/www.manquepierda.com\/historiarealbetis\/files\/2015\/02\/RBB-1929-1930-cpto-Andaluc%C3%ADa.jpg?w=1922&amp;ssl=1 1922w\" sizes=\"auto, (max-width: 680px) 100vw, 680px\" \/><\/a><figcaption id=\"caption-attachment-40981\" class=\"wp-caption-text\"><strong>FOTO S\u00c1NCHEZ DEL PANDO-REVISTA GR\u00c1FICA \u00abESTAMPA\u00bb N\u00ba 119.-ALINEACI\u00d3N REAL BETIS BALOMPI\u00c9-CAMPEONATO DE ANDALUC\u00cdA.<\/strong><\/figcaption><\/figure>\n<figure id=\"attachment_40982\" aria-describedby=\"caption-attachment-40982\" style=\"width: 136px\" class=\"wp-caption aligncenter\"><a href=\"https:\/\/www.manquepierda.com\/historiarealbetis\/40978-1930-febrero-11-patronato-obrero-real-betis-balompie-1-vs-iberia-sc-1-85aniversario\/ale\/\" rel=\"attachment wp-att-40982\"><img data-recalc-dims=\"1\" loading=\"lazy\" decoding=\"async\" class=\"size-thumbnail wp-image-40982\" src=\"https:\/\/i0.wp.com\/www.manquepierda.com\/historiarealbetis\/files\/2015\/02\/ALE.jpg?resize=136%2C220&#038;ssl=1\" alt=\"mmmm\" width=\"136\" height=\"220\" srcset=\"https:\/\/i0.wp.com\/www.manquepierda.com\/historiarealbetis\/files\/2015\/02\/ALE.jpg?resize=136%2C220&amp;ssl=1 136w, https:\/\/i0.wp.com\/www.manquepierda.com\/historiarealbetis\/files\/2015\/02\/ALE.jpg?w=170&amp;ssl=1 170w\" sizes=\"auto, (max-width: 136px) 100vw, 136px\" \/><\/a><figcaption id=\"caption-attachment-40982\" class=\"wp-caption-text\">Arbitr\u00f3 el colegiado madrile\u00f1o ARTURO L\u00d3PEZ ESPINOSA.<\/figcaption><\/figure>\n<p style=\"text-align: center\">ALINEACIONES:<\/p>\n<figure id=\"attachment_40983\" aria-describedby=\"caption-attachment-40983\" style=\"width: 161px\" class=\"wp-caption aligncenter\"><a href=\"https:\/\/www.manquepierda.com\/historiarealbetis\/40978-1930-febrero-11-patronato-obrero-real-betis-balompie-1-vs-iberia-sc-1-85aniversario\/1920-escudo-rbb-4\/\" rel=\"attachment wp-att-40983\"><img data-recalc-dims=\"1\" loading=\"lazy\" decoding=\"async\" class=\"size-thumbnail wp-image-40983\" src=\"https:\/\/i0.wp.com\/www.manquepierda.com\/historiarealbetis\/files\/2015\/02\/1920-Escudo-RBB.jpg?resize=161%2C220&#038;ssl=1\" alt=\"mMMMMM\" width=\"161\" height=\"220\" srcset=\"https:\/\/i0.wp.com\/www.manquepierda.com\/historiarealbetis\/files\/2015\/02\/1920-Escudo-RBB.jpg?resize=161%2C220&amp;ssl=1 161w, https:\/\/i0.wp.com\/www.manquepierda.com\/historiarealbetis\/files\/2015\/02\/1920-Escudo-RBB.jpg?w=266&amp;ssl=1 266w\" sizes=\"auto, (max-width: 161px) 100vw, 161px\" \/><\/a><figcaption id=\"caption-attachment-40983\" class=\"wp-caption-text\"><strong>REAL BETIS BALOMPI\u00c9-1 GOL.<\/strong><\/figcaption><\/figure>\n<p style=\"text-align: center\"><strong>10\u00ba CLASIFICADO CON 8 PUNTOS:\u00a0 <\/strong><\/p>\n<p style=\"text-align: center\"><strong>3-GANADOS+2-EMPATADOS+6-PERDIDOS.-20-GOLES A FAVOR Y 26-TANTOS EN CONTRA.<\/strong><\/p>\n<figure id=\"attachment_40984\" aria-describedby=\"caption-attachment-40984\" style=\"width: 153px\" class=\"wp-caption alignright\"><a href=\"https:\/\/www.manquepierda.com\/historiarealbetis\/40978-1930-febrero-11-patronato-obrero-real-betis-balompie-1-vs-iberia-sc-1-85aniversario\/daniel-mezquita-moreno-2-2\/\" rel=\"attachment wp-att-40984\"><img data-recalc-dims=\"1\" loading=\"lazy\" decoding=\"async\" class=\"size-thumbnail wp-image-40984\" src=\"https:\/\/i0.wp.com\/www.manquepierda.com\/historiarealbetis\/files\/2015\/02\/Daniel-Mezquita-Moreno-2.jpg?resize=153%2C220&#038;ssl=1\" alt=\"mmm\" width=\"153\" height=\"220\" srcset=\"https:\/\/i0.wp.com\/www.manquepierda.com\/historiarealbetis\/files\/2015\/02\/Daniel-Mezquita-Moreno-2.jpg?resize=153%2C220&amp;ssl=1 153w, https:\/\/i0.wp.com\/www.manquepierda.com\/historiarealbetis\/files\/2015\/02\/Daniel-Mezquita-Moreno-2.jpg?resize=418%2C600&amp;ssl=1 418w, https:\/\/i0.wp.com\/www.manquepierda.com\/historiarealbetis\/files\/2015\/02\/Daniel-Mezquita-Moreno-2.jpg?w=457&amp;ssl=1 457w\" sizes=\"auto, (max-width: 153px) 100vw, 153px\" \/><\/a><figcaption id=\"caption-attachment-40984\" class=\"wp-caption-text\"><strong>Don Manuel MEZQUITA MORENO-EM\u00c9RITO CATEDR\u00c1TICO-42 a\u00f1os+10 meses+1 d\u00eda.-VALLADOLID,\u00a0 domingo 10-Abril-1887.-MADRID,\u00a0 lunes 22-Octubre-1973.-86 A\u00f1os+6 meses+12 d\u00edas.-D. E. P.<\/strong><\/figcaption><\/figure>\n<figure id=\"attachment_40985\" aria-describedby=\"caption-attachment-40985\" style=\"width: 119px\" class=\"wp-caption alignleft\"><a href=\"https:\/\/www.manquepierda.com\/historiarealbetis\/40978-1930-febrero-11-patronato-obrero-real-betis-balompie-1-vs-iberia-sc-1-85aniversario\/20-12-kinke-entrenado-al-betis-imagen-3-2\/\" rel=\"attachment wp-att-40985\"><img data-recalc-dims=\"1\" loading=\"lazy\" decoding=\"async\" class=\"size-thumbnail wp-image-40985\" src=\"https:\/\/i0.wp.com\/www.manquepierda.com\/historiarealbetis\/files\/2015\/02\/20-12-Kink%C3%A9-entrenado-al-Betis-imagen-3.jpg?resize=119%2C220&#038;ssl=1\" alt=\"mmmm\" width=\"119\" height=\"220\" srcset=\"https:\/\/i0.wp.com\/www.manquepierda.com\/historiarealbetis\/files\/2015\/02\/20-12-Kink%C3%A9-entrenado-al-Betis-imagen-3.jpg?resize=119%2C220&amp;ssl=1 119w, https:\/\/i0.wp.com\/www.manquepierda.com\/historiarealbetis\/files\/2015\/02\/20-12-Kink%C3%A9-entrenado-al-Betis-imagen-3.jpg?w=310&amp;ssl=1 310w\" sizes=\"auto, (max-width: 119px) 100vw, 119px\" \/><\/a><figcaption id=\"caption-attachment-40985\" class=\"wp-caption-text\"><strong>JUAN ARMET DE CASTELLV\u00cd (a) \u00abKINK\u00c9\u00bb.-1928-1930 ENTRENADOR 34 a\u00f1os+7 meses menos 19 d\u00edas.-TARRASA (Barcelona),\u00a0 domingo 30-Junio-1895.-MADRID, viernes 05-Octubre-1956.-60 A\u00f1os+4 meses menos 25 d\u00edas.-D. E. P.<\/strong><\/figcaption><\/figure>\n<p style=\"text-align: justify\">\u00abEl Iberia de Zaragoza,\u00a0 que dej\u00f3 el viaje para \u00faltima hora,\u00a0 no compareci\u00f3, a causa de un accidente ferroviario,\u00a0 al campo del Patronato,\u00a0 donde hab\u00eda de jugar,\u00a0 en partido de Liga,\u00a0 con el Real Betis Balompi\u00e9 el domingo 09 de Febrero de 1930.<\/p>\n<p style=\"text-align: justify\"><strong>El \u00abPatronato Obrero\u00bb estaba atestado de p\u00fablico,\u00a0 porque el Iberia Sport Club hab\u00eda vencido\u00a0 en visita anterior al Sevilla Cf y estaba a la cabeza de la clasificaci\u00f3n.<\/strong><\/p>\n<p style=\"text-align: justify\"><strong>La Nacional,\u00a0 contra los intereses del Betis Balompi\u00e9,\u00a0 exigi\u00f3 que el partido se jugase el lunes 10,\u00a0 al d\u00eda siguiente.<\/strong><\/p>\n<p style=\"text-align: justify\"><strong>El Betis,\u00a0 en el partido de ida,\u00a0 hab\u00eda estado en Zaragoza veinticuatro horas antes del encuentro.\u00a0\u00a0 A Sevilla s\u00f3lo hab\u00edan llegado varios jugadores con el tiempo debido\u00bb.<\/strong><\/p>\n<p style=\"text-align: justify\"><em><strong>\u00abSe jug\u00f3 en d\u00eda de trabajo,\u00a0 impuesto por el Comit\u00e9 Nacional&#8211;\u00able\u00e1se delegaci\u00f3n de un par de clubes poderosos\u00bb,\u00a0 dec\u00eda nuestro cronista,\u00a0 el partido Real Betis Balompi\u00e9-Iberia Sport Club.<\/strong><\/em><\/p>\n<p style=\"text-align: justify\"><em><strong>Se impuso tambi\u00e9n un \u00e1rbitro,\u00a0 ajeno al solicitado por ambos clubes,\u00a0 el se\u00f1or Espinosa.<\/strong><\/em><\/p>\n<p style=\"text-align: justify\"><em><strong>Hubo empate a uno.-Marcaron Altuna y Espelde.-El Iberia Sport Club se coloc\u00f3 a la defensiva todo el partido.\u00a0\u00a0 El portero Jaumendreu estuvo colosal\u00bb.<\/strong><\/em><\/p>\n<p style=\"text-align: center\"><strong>GUARDAMETA:<\/strong><\/p>\n<figure id=\"attachment_40987\" aria-describedby=\"caption-attachment-40987\" style=\"width: 147px\" class=\"wp-caption aligncenter\"><a href=\"https:\/\/www.manquepierda.com\/historiarealbetis\/40978-1930-febrero-11-patronato-obrero-real-betis-balompie-1-vs-iberia-sc-1-85aniversario\/juan-rafael-pedrosa-cano-4\/\" rel=\"attachment wp-att-40987\"><img data-recalc-dims=\"1\" loading=\"lazy\" decoding=\"async\" class=\"size-thumbnail wp-image-40987\" src=\"https:\/\/i0.wp.com\/www.manquepierda.com\/historiarealbetis\/files\/2015\/02\/Juan-Rafael-PEDROSA-Cano.jpg?resize=147%2C220&#038;ssl=1\" alt=\"MMMM\" width=\"147\" height=\"220\" srcset=\"https:\/\/i0.wp.com\/www.manquepierda.com\/historiarealbetis\/files\/2015\/02\/Juan-Rafael-PEDROSA-Cano.jpg?resize=147%2C220&amp;ssl=1 147w, https:\/\/i0.wp.com\/www.manquepierda.com\/historiarealbetis\/files\/2015\/02\/Juan-Rafael-PEDROSA-Cano.jpg?w=201&amp;ssl=1 201w\" sizes=\"auto, (max-width: 147px) 100vw, 147px\" \/><\/a><figcaption id=\"caption-attachment-40987\" class=\"wp-caption-text\"><strong>*1 TANTO ENCAJADO*<\/strong><\/figcaption><\/figure>\n<p style=\"text-align: center\"><em><strong>1-1.-30 minutos:<\/strong><\/em><\/p>\n<p style=\"text-align: justify\"><em><strong>\u00abEl Iberia se sacude el dominio del Real Betis Balompi\u00e9,\u00a0 aprovechando que Aranda ha salido del terreno de juego lesionado,\u00a0 logrando el empate por medio de ESPELDE I,\u00a0 en una jugada que \u00abJESUS\u00cdN\u00bb falla\u00bb.<\/strong><\/em><\/p>\n<p style=\"text-align: center\"><strong>1.-Juan Rafael PEDROSA Cano.-23 a\u00f1os+6 meses menos 3 d\u00edas.-SEVILLA, martes 14-Agosto-1906.<\/strong><\/p>\n<p style=\"text-align: center\"><strong>ZAGUEROS:<\/strong><\/p>\n<p style=\"text-align: center\"><strong>2-Lateral Diestro.-Lorenzo TONDO Gil.<\/strong><\/p>\n<p style=\"text-align: center\"><img data-recalc-dims=\"1\" loading=\"lazy\" decoding=\"async\" class=\"aligncenter size-full wp-image-47317\" src=\"https:\/\/i0.wp.com\/www.manquepierda.com\/historiarealbetis\/files\/2015\/02\/JESUS%C3%8DN.1-Jes%C3%BAs-Alberto-Ruiz-Medrano.jpg?resize=117%2C184&#038;ssl=1\" alt=\"JESUS\u00cdN.1-Jes\u00fas Alberto Ruiz Medrano\" width=\"117\" height=\"184\" \/><\/p>\n<p style=\"text-align: center\"><strong>3-Lateral Zurdo.-Jes\u00fas Alberto Ruiz Medrano (a) \u00abJESUS\u00cdN\u00bb.<\/strong><\/p>\n<p style=\"text-align: center\"><strong>MEDIOS:<\/strong><\/p>\n<p style=\"text-align: center\"><strong>4-Diestro.-Jos\u00e9 Su\u00e1rez Gonz\u00e1lez (a) \u00abPERAL\u00bb <em>\u00bfDebut?<\/em><br \/>\n<\/strong><\/p>\n<p style=\"text-align: center\"><strong>5-Central.-\u00c1ngel Astasio G\u00f3mez (a) \u00abANGELILLO\u00bb.<\/strong><\/p>\n<p style=\"text-align: center\"><strong>6-Zurdo.-Adolfo Sancho Carrillo De Albornoz (a) \u00abADOLFITO-ADOLFO I\u00bb.<\/strong><\/p>\n<p style=\"text-align: center\"><strong>DELANTEROS:<\/strong><\/p>\n<figure id=\"attachment_40988\" aria-describedby=\"caption-attachment-40988\" style=\"width: 142px\" class=\"wp-caption aligncenter\"><a href=\"https:\/\/www.manquepierda.com\/historiarealbetis\/40978-1930-febrero-11-patronato-obrero-real-betis-balompie-1-vs-iberia-sc-1-85aniversario\/jose-altuna-echegoyen-3\/\" rel=\"attachment wp-att-40988\"><img data-recalc-dims=\"1\" loading=\"lazy\" decoding=\"async\" class=\"size-thumbnail wp-image-40988\" src=\"https:\/\/i0.wp.com\/www.manquepierda.com\/historiarealbetis\/files\/2015\/02\/Jos%C3%A9-ALTUNA-Echegoyen-142x220.jpg?resize=142%2C220&#038;ssl=1\" alt=\"mmmm\" width=\"142\" height=\"220\" srcset=\"https:\/\/i0.wp.com\/www.manquepierda.com\/historiarealbetis\/files\/2015\/02\/Jos%C3%A9-ALTUNA-Echegoyen.jpg?resize=142%2C220&amp;ssl=1 142w, https:\/\/i0.wp.com\/www.manquepierda.com\/historiarealbetis\/files\/2015\/02\/Jos%C3%A9-ALTUNA-Echegoyen.jpg?w=174&amp;ssl=1 174w\" sizes=\"auto, (max-width: 142px) 100vw, 142px\" \/><\/a><figcaption id=\"caption-attachment-40988\" class=\"wp-caption-text\"><strong>*1 GOL MARCADO*<\/strong><\/figcaption><\/figure>\n<p style=\"text-align: center\"><em><strong>1-0.-20 Minutos:<\/strong><\/em><\/p>\n<p style=\"text-align: justify\"><em><strong>\u00abUna mano de Estani la lanza \u00abAngelillo\u00bb,\u00a0 recepciona el cuero Aranda,\u00a0 que pasa a \u00abManol\u00edn\u00bb,\u00a0 y al centrar \u00e9ste Enrique desv\u00eda el esf\u00e9rico con la testa, y remat\u00e1ndose bate al meta Jaumendreu.-Este gol es v\u00e1lido\u00bb.<\/strong><\/em><\/p>\n<p style=\"text-align: justify\"><strong>7-Extremo Diestro.-Jos\u00e9 ALTUNA Echegoyen.-19 a\u00f1os+2 meses menos 15 d\u00edas.-FUENTERRABIA \u00f3 HONDARRIBIA (Guip\u00fazcoa),\u00a0 lunes 26-Diciembre-1910.<\/strong><\/p>\n<p style=\"text-align: center\"><strong>8-Interior Diestro.-ENRIQUE Garrido Reguera: <\/strong><\/p>\n<p style=\"text-align: center\"><a href=\"https:\/\/www.manquepierda.com\/historiarealbetis\/40978-1930-febrero-11-patronato-obrero-real-betis-balompie-1-vs-iberia-sc-1-85aniversario\/enrique-garrido-reguera-15\/\" rel=\"attachment wp-att-40989\"><img data-recalc-dims=\"1\" loading=\"lazy\" decoding=\"async\" class=\"aligncenter size-thumbnail wp-image-40989\" src=\"https:\/\/i0.wp.com\/www.manquepierda.com\/historiarealbetis\/files\/2015\/02\/ENRIQUE-Garrido-Reguera1.png?resize=188%2C220&#038;ssl=1\" alt=\"ENRIQUE Garrido Reguera\" width=\"188\" height=\"220\" srcset=\"https:\/\/i0.wp.com\/www.manquepierda.com\/historiarealbetis\/files\/2015\/02\/ENRIQUE-Garrido-Reguera1.png?resize=188%2C220&amp;ssl=1 188w, https:\/\/i0.wp.com\/www.manquepierda.com\/historiarealbetis\/files\/2015\/02\/ENRIQUE-Garrido-Reguera1.png?w=191&amp;ssl=1 191w\" sizes=\"auto, (max-width: 188px) 100vw, 188px\" \/><\/a><strong>\u00abUn chut de HERRERA dio el bal\u00f3n en el travesa\u00f1o y Garrido lo mand\u00f3 a la red.<\/strong><\/p>\n<p style=\"text-align: center\"><strong>El \u00abgoal\u00bb fue anulado por el \u00e1rbitro\u00bb.<br \/>\n<\/strong><\/p>\n<p style=\"text-align: center\"><strong>9-Ariete-Centro Delantero.-Ram\u00f3n HERRERA Bueno.<\/strong><\/p>\n<p style=\"text-align: center\"><a href=\"https:\/\/www.manquepierda.com\/historiarealbetis\/40978-1930-febrero-11-patronato-obrero-real-betis-balompie-1-vs-iberia-sc-1-85aniversario\/andres-aranda-gutierrez-12\/\" rel=\"attachment wp-att-40990\"><img data-recalc-dims=\"1\" loading=\"lazy\" decoding=\"async\" class=\"aligncenter size-thumbnail wp-image-40990\" src=\"https:\/\/i0.wp.com\/www.manquepierda.com\/historiarealbetis\/files\/2015\/02\/Andr%C3%A9s-ARANDA-Guti%C3%A9rrez.jpg?resize=99%2C220&#038;ssl=1\" alt=\"Andr\u00e9s ARANDA Guti\u00e9rrez\" width=\"99\" height=\"220\" srcset=\"https:\/\/i0.wp.com\/www.manquepierda.com\/historiarealbetis\/files\/2015\/02\/Andr%C3%A9s-ARANDA-Guti%C3%A9rrez.jpg?resize=99%2C220&amp;ssl=1 99w, https:\/\/i0.wp.com\/www.manquepierda.com\/historiarealbetis\/files\/2015\/02\/Andr%C3%A9s-ARANDA-Guti%C3%A9rrez.jpg?resize=269%2C600&amp;ssl=1 269w, https:\/\/i0.wp.com\/www.manquepierda.com\/historiarealbetis\/files\/2015\/02\/Andr%C3%A9s-ARANDA-Guti%C3%A9rrez.jpg?resize=314%2C700&amp;ssl=1 314w, https:\/\/i0.wp.com\/www.manquepierda.com\/historiarealbetis\/files\/2015\/02\/Andr%C3%A9s-ARANDA-Guti%C3%A9rrez.jpg?w=681&amp;ssl=1 681w\" sizes=\"auto, (max-width: 99px) 100vw, 99px\" \/><\/a><strong>10-Interior Zurdo.-Andr\u00e9s ARANDA Guti\u00e9rrez:<br \/>\n<\/strong><\/p>\n<p style=\"text-align: justify\"><em><strong>\u00abDespu\u00e9s del 1-0,\u00a0 Andr\u00e9s se lesiona al rematar un c\u00f3rner,\u00a0 qued\u00e1ndose el Betis Balompi\u00e9 con 10 jugadores. En los minutos finales del primer tiempo se reincorpor\u00f3 al juego (marcador final 1-1)\u00bb.<\/strong><\/em><\/p>\n<p style=\"text-align: center\"><strong>11-Extremo Zurdo.-Manuel Nogueras Carretero (a) \u00abMANOL\u00cdN\u00bb.<\/strong><\/p>\n<p style=\"text-align: center\">VS.<\/p>\n<figure id=\"attachment_40986\" aria-describedby=\"caption-attachment-40986\" style=\"width: 220px\" class=\"wp-caption aligncenter\"><a href=\"https:\/\/www.manquepierda.com\/historiarealbetis\/40978-1930-febrero-11-patronato-obrero-real-betis-balompie-1-vs-iberia-sc-1-85aniversario\/iberia\/\" rel=\"attachment wp-att-40986\"><img data-recalc-dims=\"1\" loading=\"lazy\" decoding=\"async\" class=\"size-thumbnail wp-image-40986\" src=\"https:\/\/i0.wp.com\/www.manquepierda.com\/historiarealbetis\/files\/2015\/02\/iberia.jpg?resize=220%2C130&#038;ssl=1\" alt=\"MMMMM\" width=\"220\" height=\"130\" srcset=\"https:\/\/i0.wp.com\/www.manquepierda.com\/historiarealbetis\/files\/2015\/02\/iberia.jpg?resize=220%2C130&amp;ssl=1 220w, https:\/\/i0.wp.com\/www.manquepierda.com\/historiarealbetis\/files\/2015\/02\/iberia.jpg?w=320&amp;ssl=1 320w\" sizes=\"auto, (max-width: 220px) 100vw, 220px\" \/><\/a><figcaption id=\"caption-attachment-40986\" class=\"wp-caption-text\">IBERIA SPORT CLUB-1 TANTO.<\/figcaption><\/figure>\n<p style=\"text-align: center\"><strong>1er. CLASIFICADO CON 13 PUNTOS (3g+7e+1p).-17-13 Tantos Favor-Contra.<\/strong><\/p>\n<p style=\"text-align: center\">1-JAUMENDREU.-Portero.<\/p>\n<p style=\"text-align: center\">2-SAUCAS.-3-SORRIBAS.-Defensas.<\/p>\n<p style=\"text-align: center\">4-CAVIA.-5-ESTANI.-6-SALAS.-Medios.<\/p>\n<p style=\"text-align: center\"><strong>7-<\/strong>ESPELDE I <strong>(1-1.-30 minutos).<\/strong><\/p>\n<p style=\"text-align: center\">8-TOMAS\u00cdN.-9-ZORROZ\u00daA I.-10-ZORROZ\u00daA II.-11-RUIZ.<\/p>\n<p style=\"text-align: center\"><strong>ANTECEDENTES:<\/strong><\/p>\n<figure id=\"attachment_40979\" aria-describedby=\"caption-attachment-40979\" style=\"width: 525px\" class=\"wp-caption aligncenter\"><a href=\"https:\/\/www.manquepierda.com\/historiarealbetis\/40978-1930-febrero-11-patronato-obrero-real-betis-balompie-1-vs-iberia-sc-1-85aniversario\/19300209-sport-iberia-club-dzaragoza\/\" rel=\"attachment wp-att-40979\"><img data-recalc-dims=\"1\" loading=\"lazy\" decoding=\"async\" class=\"size-large wp-image-40979\" src=\"https:\/\/i0.wp.com\/www.manquepierda.com\/historiarealbetis\/files\/2015\/02\/19300209-Sport-Iberia-Club-dZaragoza.jpg?resize=525%2C700&#038;ssl=1\" alt=\"mmmm\" width=\"525\" height=\"700\" srcset=\"https:\/\/i0.wp.com\/www.manquepierda.com\/historiarealbetis\/files\/2015\/02\/19300209-Sport-Iberia-Club-dZaragoza.jpg?resize=525%2C700&amp;ssl=1 525w, https:\/\/i0.wp.com\/www.manquepierda.com\/historiarealbetis\/files\/2015\/02\/19300209-Sport-Iberia-Club-dZaragoza.jpg?resize=165%2C220&amp;ssl=1 165w, https:\/\/i0.wp.com\/www.manquepierda.com\/historiarealbetis\/files\/2015\/02\/19300209-Sport-Iberia-Club-dZaragoza.jpg?resize=450%2C600&amp;ssl=1 450w\" sizes=\"auto, (max-width: 525px) 100vw, 525px\" \/><\/a><figcaption id=\"caption-attachment-40979\" class=\"wp-caption-text\">DIARIO ABC-SEVILLA-LLEGADA 7 JUGADORES SPORT IBERIA CLUB-PARTIDO SUSPENDIDO DOMINGO 09-FEBRERO-1930 CONTRA REAL BETIS BALOMPI\u00c9.<\/figcaption><\/figure>\n<p style=\"text-align: center\">RECORTES DE PRENSA.- \u00abHace 25 a\u00f1os\u00bb.-Extractos ABC d\u00edas 09 y 11 de Febrero de 1930.<\/p>\n","protected":false},"excerpt":{"rendered":"<p>SEGUNDA EDICI\u00d3N-CAMPEONATO NACIONAL LIGA SEGUNDA DIVISI\u00d3N-TEMPORADA 1929-1930.-DESDE DOMINGO 1\u00ba DE DICIEMBRE DE 1929 HASTA DOMINGO 30 DE MARZO DE 1930; AMBAS FECHAS INCLUSIVE. 1930-FEBRERO 11-MARTES-EN EL BARRIO DE \u00abEL PORVENIR\u00bb-CAMPO DE DEPORTES MUNICIPAL \u00abREAL PATRONATO OBRERO\u00bb (9.000 ESPECTADORES)-ENCUENTRO SUSPENDIDO POR ACCIDENTE FERROVIARIO EN \u00abLAS MESAS\u00bb, DE LA EXPEDICI\u00d3N DEL IBERIA SPORT CLUB DE ZARAGOZA, EL&#8230;<\/p>\n","protected":false},"author":48,"featured_media":40981,"comment_status":"open","ping_status":"open","sticky":false,"template":"","format":"standard","meta":{"_kad_post_transparent":"","_kad_post_title":"","_kad_post_layout":"","_kad_post_sidebar_id":"","_kad_post_content_style":"","_kad_post_vertical_padding":"","_kad_post_feature":"","_kad_post_feature_position":"","_kad_post_header":false,"_kad_post_footer":false,"_kad_post_classname":"","_jetpack_memberships_contains_paid_content":false,"footnotes":"","jetpack_publicize_message":"","jetpack_publicize_feature_enabled":true,"jetpack_social_post_already_shared":true,"jetpack_social_options":{"image_generator_settings":{"template":"highway","default_image_id":0,"font":"","enabled":false},"version":2}},"categories":[899,906,1],"tags":[2665,17767,9760,18009],"class_list":["post-40978","post","type-post","status-publish","format-standard","has-post-thumbnail","hentry","category-1930-1939","category-investigacion-temas","category-portada","tag-1929-30","tag-17767","tag-iberia-sport-club-zaragoza","tag-liga-segunda-1929-30"],"jetpack_publicize_connections":[],"jetpack_featured_media_url":"https:\/\/i0.wp.com\/www.manquepierda.com\/historiarealbetis\/files\/2015\/02\/RBB-1929-1930-cpto-Andaluc%C3%ADa.jpg?fit=1922%2C1326&ssl=1","jetpack_sharing_enabled":true,"jetpack_shortlink":"https:\/\/wp.me\/p1ij08-aEW","jetpack-related-posts":[],"_links":{"self":[{"href":"https:\/\/www.manquepierda.com\/historiarealbetis\/wp-json\/wp\/v2\/posts\/40978","targetHints":{"allow":["GET"]}}],"collection":[{"href":"https:\/\/www.manquepierda.com\/historiarealbetis\/wp-json\/wp\/v2\/posts"}],"about":[{"href":"https:\/\/www.manquepierda.com\/historiarealbetis\/wp-json\/wp\/v2\/types\/post"}],"author":[{"embeddable":true,"href":"https:\/\/www.manquepierda.com\/historiarealbetis\/wp-json\/wp\/v2\/users\/48"}],"replies":[{"embeddable":true,"href":"https:\/\/www.manquepierda.com\/historiarealbetis\/wp-json\/wp\/v2\/comments?post=40978"}],"version-history":[{"count":1,"href":"https:\/\/www.manquepierda.com\/historiarealbetis\/wp-json\/wp\/v2\/posts\/40978\/revisions"}],"predecessor-version":[{"id":96457,"href":"https:\/\/www.manquepierda.com\/historiarealbetis\/wp-json\/wp\/v2\/posts\/40978\/revisions\/96457"}],"wp:featuredmedia":[{"embeddable":true,"href":"https:\/\/www.manquepierda.com\/historiarealbetis\/wp-json\/wp\/v2\/media\/40981"}],"wp:attachment":[{"href":"https:\/\/www.manquepierda.com\/historiarealbetis\/wp-json\/wp\/v2\/media?parent=40978"}],"wp:term":[{"taxonomy":"category","embeddable":true,"href":"https:\/\/www.manquepierda.com\/historiarealbetis\/wp-json\/wp\/v2\/categories?post=40978"},{"taxonomy":"post_tag","embeddable":true,"href":"https:\/\/www.manquepierda.com\/historiarealbetis\/wp-json\/wp\/v2\/tags?post=40978"}],"curies":[{"name":"wp","href":"https:\/\/api.w.org\/{rel}","templated":true}]}}