{"id":40993,"date":"2015-02-15T08:00:11","date_gmt":"2015-02-15T07:00:11","guid":{"rendered":"http:\/\/www.manquepierda.com\/historiarealbetis\/?p=40993"},"modified":"2024-10-18T06:51:06","modified_gmt":"2024-10-18T04:51:06","slug":"jamon-de-pata-verde-de-fernando-iwasaki","status":"publish","type":"post","link":"https:\/\/www.manquepierda.com\/historiarealbetis\/jamon-de-pata-verde-de-fernando-iwasaki\/","title":{"rendered":"Jam\u00f3n de pata verde, de Fernando Iwasaki"},"content":{"rendered":"<p><a href=\"https:\/\/www.manquepierda.com\/historiarealbetis\/40993-jamon-de-pata-verde-de-fernado-iwasaki\/jamon-de-pata-verde-nmp-abc-18-06-2001\/\" rel=\"attachment wp-att-40994\"><img data-recalc-dims=\"1\" loading=\"lazy\" decoding=\"async\" class=\"alignleft wp-image-40994\" src=\"https:\/\/i0.wp.com\/www.manquepierda.com\/historiarealbetis\/files\/2015\/02\/Jam%C3%B3n-de-pata-verde-NMP-ABC-18-06-2001.jpg?resize=385%2C348&#038;ssl=1\" alt=\"Jam\u00f3n de pata verde (NMP) ABC 18-06-2001\" width=\"385\" height=\"348\" srcset=\"https:\/\/i0.wp.com\/www.manquepierda.com\/historiarealbetis\/files\/2015\/02\/Jam%C3%B3n-de-pata-verde-NMP-ABC-18-06-2001.jpg?w=528&amp;ssl=1 528w, https:\/\/i0.wp.com\/www.manquepierda.com\/historiarealbetis\/files\/2015\/02\/Jam%C3%B3n-de-pata-verde-NMP-ABC-18-06-2001.jpg?resize=220%2C199&amp;ssl=1 220w\" sizes=\"auto, (max-width: 385px) 100vw, 385px\" \/><\/a>Este art\u00edculo del columnista Fernando Iwasaki se public\u00f3 en el diario ABC el 18 de junio de 2001, al d\u00eda siguiente a que el Betis certificara su ascenso en el estadio jiennense de La Victoria. Un ascenso sufrido y trabajado que hubo que pelear hasta el \u00faltimo partido de la temporada, lejos del paseo triunfal que se pod\u00eda haber pensado en vista de la calidad de la plantilla verdiblanca.<\/p>\n<p>Pero no fueron los nombres de esa importante plantilla los que sacaron las casta\u00f1as del fuego de la Segunda Divisi\u00f3n al equipo b\u00e9tico, sino, fundamentalmente, la eclosi\u00f3n de toda una hornada de canteranos verdiblancos encabezados por Joaqu\u00edn y Capi.<\/p>\n<p>&nbsp;<\/p>\n<p><span style=\"color: #008000\"><em>Uno recibe el ascenso del Betis con m\u00e1s alivio que euforia, pues ning\u00fan equipo resistir\u00eda otra temporada en Segunda con un presupuesto de Primera. Nos prometieron un paseo militar y result\u00f3 ser un servicio militar. Con el vecino chapoteando en la Puerta Jerez no ascender hubiera sido una hecatombe, un cataclismo, y por eso se impone reflexionar en lugar de celebrar: si somos un club rico, si tenemos una afici\u00f3n extraordinaria y si contamos con uno de los mejores estadios de Espa\u00f1a, \u00bfpor qu\u00e9 hemos ascendido por los pelos?<\/em><\/span><\/p>\n<p><span style=\"color: #008000\"><em>\u00a0<\/em><\/span><\/p>\n<p><span style=\"color: #008000\"><em>Hace diez a\u00f1os el Betis perdi\u00f3 una promoci\u00f3n contra el Deportivo de La Coru\u00f1a y miren donde est\u00e1 el Deportivo y d\u00f3nde contin\u00faa el Betis. En 1992 Lendoiro decidi\u00f3 que no iba a pasar m\u00e1s fatigas y at\u00f3 a Fran y a Djukic, fich\u00f3 a Bebeto y a Mauro Silva y pesc\u00f3 a Donato y Aldana en las aguas turbulentas de las rebajas. Aquel fue el origen del majestuoso Superd\u00e9por que le regal\u00f3 la Liga al Bar\u00e7a en el \u00faltimo minuto y de penalti chungo. La d\u00e9cada de los 90 ha sido prodigiosa para el Deportivo de La Coru\u00f1a, pues primero arm\u00f3 un equipo, luego adquiri\u00f3 prestigio, despu\u00e9s ampli\u00f3 su estadio, acto seguido gan\u00f3 la Copa del Rey y finalmente conquist\u00f3 la Liga. Y ya nadie bajar\u00e1 a los gallegos de ese burro.<\/em><\/span><\/p>\n<p><span style=\"color: #008000\"><em>Hay dos maneras de ganar en los despachos: impugnando partidos y contratando los mejores gestores. Este Betis reci\u00e9n ascendido deber\u00eda tomar nota del ejemplo del Deportivo, aprender del Alav\u00e9s, analizar lo que ha hecho el Valencia y recuperar desde los despachos la solera que le corresponde por historia y abolengo en los terrenos de juego. \u00bfPor qu\u00e9 se fue Trist\u00e1n? \u00bfC\u00f3mo lleg\u00f3 Denilson? No fueron caprichos de banquillo sino pizarra de despacho. Y no hay nada peor que una pizarra de despacho.<\/em><\/span><\/p>\n<p><span style=\"color: #008000\"><em>\u00a0<\/em><\/span><\/p>\n<p><span style=\"color: #008000\"><em>Sin embargo, este Betis que ha ascendido con m\u00e1s pena que gloria ha arrasado en las categor\u00edas juveniles. La cantera del Betis es una de las m\u00e1s ricas de Espa\u00f1a y a veces compensa promover a un chaval de la casa antes que pagar lo que no est\u00e1 en los escritos por un mediapunta croatoveno o un goleador boliguayo. \u00bfSalvo Casas, alg\u00fan fichaje ha mejorado lo que han ofrecido Capi, Arzu, Joaqu\u00edn o Rivas?<\/em><\/span><\/p>\n<p><span style=\"color: #008000\"><em>El Betis de la pr\u00f3xima temporada tiene que prescindir de los jugadores que ya cumplieron su ciclo, pero no puede privarse de su cantera porque si estamos de nuevo en Primera es gracias a la cantera.<\/em><\/span><\/p>\n<p><span style=\"color: #008000\"><em>Tal es el \u00fanico balance positivo de la temporada: haber encontrado que Joaqu\u00edn es un talento, que Capi puede cuajar en una figura, que Arzu es un diamante en bruto y que Rivas puede ser el defensa que tanta falta hace. Si a ellos sumamos la hueste verdiblanca que ha jugado cedida en el Recre o en el Tenerife, resulta que hay equipo para mantener la categor\u00eda. Y si se ficha bien hasta podr\u00eda haber equipo para ara\u00f1ar una plaza europea.<\/em><\/span><\/p>\n<p><span style=\"color: #008000\"><em>En realidad ha sido una suerte no haber campeonado en Segunda, porque un t\u00edtulo de barro nos habr\u00eda cubierto de lodo. La clasificaci\u00f3n nos ha puesto en nuestro sitio y nos ha abierto los ojos: no \u00e9ramos los mejores ni nuestra plantilla la hubiera querido cualquier equipo de Primera. Hemos sido mal\u00edsimos y en ocasiones asquerosos, pero ya estamos de nuevo en Primera y es hora de ordenar la casa. Y nuestra casa es nuestro estadio. \u00bfSe habr\u00e1n cre\u00eddo los pol\u00edticos que los dos equipos sevillanos son como dos cajas de ahorros que se pueden fusionar en un solo estadio? La pizarra de los pol\u00edticos tiene peor vag\u00edo que la de los despachos de los clubs.<\/em><\/span><\/p>\n<p><span style=\"color: #008000\"><em>Hemos vuelto adonde ten\u00edamos que volver. Somos una sociedad sin problemas econ\u00f3micos, tenemos una afici\u00f3n de categor\u00eda, nuestro campo es el estadio del bienestar y la cantera b\u00e9tica se merece un homenaje. Ahora s\u00f3lo hay que fichar bien y jartarse de jam\u00f3n. Jam\u00f3n de pata verde. <\/em><\/span><\/p>\n<p><span style=\"color: #008000\"><em>\u00a0<\/em><\/span><\/p>\n<p>Fuente: Fernando Iwasaki en ABC 18 de junio de 2001<\/p>\n","protected":false},"excerpt":{"rendered":"<p>Este art\u00edculo del columnista Fernando Iwasaki se public\u00f3 en el diario ABC el 18 de junio de 2001, al d\u00eda siguiente a que el Betis certificara su ascenso en el estadio jiennense de La Victoria. Un ascenso sufrido y trabajado que hubo que pelear hasta el \u00faltimo partido de la temporada, lejos del paseo triunfal&#8230;<\/p>\n","protected":false},"author":5,"featured_media":40994,"comment_status":"open","ping_status":"open","sticky":false,"template":"","format":"standard","meta":{"_kad_post_transparent":"","_kad_post_title":"","_kad_post_layout":"","_kad_post_sidebar_id":"","_kad_post_content_style":"","_kad_post_vertical_padding":"","_kad_post_feature":"","_kad_post_feature_position":"","_kad_post_header":false,"_kad_post_footer":false,"_kad_post_classname":"","_jetpack_memberships_contains_paid_content":false,"footnotes":"","jetpack_publicize_message":"","jetpack_publicize_feature_enabled":true,"jetpack_social_post_already_shared":true,"jetpack_social_options":{"image_generator_settings":{"template":"highway","default_image_id":0,"font":"","enabled":false},"version":2}},"categories":[1,1176],"tags":[2230,4976,12659,12076],"class_list":["post-40993","post","type-post","status-publish","format-standard","has-post-thumbnail","hentry","category-portada","category-relatos-de-futbol","tag-2000-01","tag-4976","tag-ascenso-2001","tag-fernando-iwasaki"],"jetpack_publicize_connections":[],"jetpack_featured_media_url":"https:\/\/i0.wp.com\/www.manquepierda.com\/historiarealbetis\/files\/2015\/02\/Jam%C3%B3n-de-pata-verde-NMP-ABC-18-06-2001.jpg?fit=528%2C477&ssl=1","jetpack_sharing_enabled":true,"jetpack_shortlink":"https:\/\/wp.me\/p1ij08-aFb","jetpack-related-posts":[],"_links":{"self":[{"href":"https:\/\/www.manquepierda.com\/historiarealbetis\/wp-json\/wp\/v2\/posts\/40993","targetHints":{"allow":["GET"]}}],"collection":[{"href":"https:\/\/www.manquepierda.com\/historiarealbetis\/wp-json\/wp\/v2\/posts"}],"about":[{"href":"https:\/\/www.manquepierda.com\/historiarealbetis\/wp-json\/wp\/v2\/types\/post"}],"author":[{"embeddable":true,"href":"https:\/\/www.manquepierda.com\/historiarealbetis\/wp-json\/wp\/v2\/users\/5"}],"replies":[{"embeddable":true,"href":"https:\/\/www.manquepierda.com\/historiarealbetis\/wp-json\/wp\/v2\/comments?post=40993"}],"version-history":[{"count":1,"href":"https:\/\/www.manquepierda.com\/historiarealbetis\/wp-json\/wp\/v2\/posts\/40993\/revisions"}],"predecessor-version":[{"id":100336,"href":"https:\/\/www.manquepierda.com\/historiarealbetis\/wp-json\/wp\/v2\/posts\/40993\/revisions\/100336"}],"wp:featuredmedia":[{"embeddable":true,"href":"https:\/\/www.manquepierda.com\/historiarealbetis\/wp-json\/wp\/v2\/media\/40994"}],"wp:attachment":[{"href":"https:\/\/www.manquepierda.com\/historiarealbetis\/wp-json\/wp\/v2\/media?parent=40993"}],"wp:term":[{"taxonomy":"category","embeddable":true,"href":"https:\/\/www.manquepierda.com\/historiarealbetis\/wp-json\/wp\/v2\/categories?post=40993"},{"taxonomy":"post_tag","embeddable":true,"href":"https:\/\/www.manquepierda.com\/historiarealbetis\/wp-json\/wp\/v2\/tags?post=40993"}],"curies":[{"name":"wp","href":"https:\/\/api.w.org\/{rel}","templated":true}]}}