{"id":41093,"date":"2015-02-19T07:20:40","date_gmt":"2015-02-19T06:20:40","guid":{"rendered":"http:\/\/www.manquepierda.com\/historiarealbetis\/?p=41093"},"modified":"2024-08-29T08:03:57","modified_gmt":"2024-08-29T06:03:57","slug":"gonzalez-y-quino-con-la-seleccion-1970","status":"publish","type":"post","link":"https:\/\/www.manquepierda.com\/historiarealbetis\/gonzalez-y-quino-con-la-seleccion-1970\/","title":{"rendered":"Gonz\u00e1lez y Quino con la selecci\u00f3n 1970"},"content":{"rendered":"<figure id=\"attachment_41094\" aria-describedby=\"caption-attachment-41094\" style=\"width: 600px\" class=\"wp-caption aligncenter\"><a href=\"https:\/\/www.manquepierda.com\/historiarealbetis\/41093-gonzalez-y-quino-con-la-seleccion-1970\/1970-10-08-gonzalez-y-quino-con-la-seleccion-nmp\/\" rel=\"attachment wp-att-41094\"><img data-recalc-dims=\"1\" loading=\"lazy\" decoding=\"async\" class=\"size-full wp-image-41094\" src=\"https:\/\/i0.wp.com\/www.manquepierda.com\/historiarealbetis\/files\/2015\/02\/1970-10-08-Gonz%C3%A1lez-y-Quino-con-la-selecci%C3%B3n-NMP.jpg?resize=600%2C404&#038;ssl=1\" alt=\"Fuente: Marca 8 de octubre de 1970\" width=\"600\" height=\"404\" srcset=\"https:\/\/i0.wp.com\/www.manquepierda.com\/historiarealbetis\/files\/2015\/02\/1970-10-08-Gonz%C3%A1lez-y-Quino-con-la-selecci%C3%B3n-NMP.jpg?w=600&amp;ssl=1 600w, https:\/\/i0.wp.com\/www.manquepierda.com\/historiarealbetis\/files\/2015\/02\/1970-10-08-Gonz%C3%A1lez-y-Quino-con-la-selecci%C3%B3n-NMP.jpg?resize=220%2C148&amp;ssl=1 220w, https:\/\/i0.wp.com\/www.manquepierda.com\/historiarealbetis\/files\/2015\/02\/1970-10-08-Gonz%C3%A1lez-y-Quino-con-la-selecci%C3%B3n-NMP.jpg?resize=75%2C52&amp;ssl=1 75w\" sizes=\"auto, (max-width: 600px) 100vw, 600px\" \/><\/a><figcaption id=\"caption-attachment-41094\" class=\"wp-caption-text\">Fuente: Marca 8 de octubre de 1970<\/figcaption><\/figure>\n<p>A finales de los 60 y comienzos de los 70 fueron bastantes los jugadores b\u00e9ticos en acudir a diversas convocatorias de preparaci\u00f3n de la selecci\u00f3n espa\u00f1ola, entonces bajo las \u00f3rdenes de Ladislao Kubala.<\/p>\n<p>Este llev\u00f3 a cabo en varias ocasiones unas sesiones de entrenamiento a las que acud\u00eda una extensa n\u00f3mina de futbolistas.<\/p>\n<p>La que traemos en esta ocasi\u00f3n cont\u00f3 con la presencia de 50 jugadores en dos tandas: 25 para el equipo A y otros 25 para el equipo sub 23. \u00a0Del Betis acudieron Pepe Gonz\u00e1lez y Joaqu\u00edn Sierra \u00abQuino\u00bb para el primer caso y Antonio Ben\u00edtez para el segundo. Hay que resaltar que en esa temporada ( 1970-71) el Betis militaba en la Segunda Divisi\u00f3n, lo que realza a\u00fan m\u00e1s la presencia de 3 jugadores verdiblancos.<\/p>\n<p>El motivo de esta convocatoria era la preparaci\u00f3n de los seleccionados nacionales que a final de ese mes ten\u00edan que enfrentarse a Grecia en Zaragoza, dentro de las eliminatorias para el Mundial de 1974 en Alemania.<\/p>\n<p>En la imagen podemos ver a los b\u00e9ticos Pepe Gonz\u00e1lez y Joaqu\u00edn Sierra \u00abQuino\u00bb junto al valencianista Juan Cruz Sol, en el entrenamiento que tuvo lugar en Madrid el 7 de octubre de 1970, y en el que el combinado nacional se enfrent\u00f3 al Plus Ultra en el campo de Ciudad Lineal. Se celebraron 2 partidillos contra el equipo madrile\u00f1o, y en el primero de ellos se alinearon Gonz\u00e1lez y Quino, venciendo la selecci\u00f3n por 5-0, marcando Quino un tanto.<\/p>\n<p>Curiosamente en estas mismas fechas la prensa reproduce el malestar del portero de la Real Sociedad, Jos\u00e9 Ram\u00f3n Esnaola, por no contar en esta lista de Ladislao Kubala, que prefiri\u00f3 convocar a los porteros Ir\u00edbar del Athletic, Sadurn\u00ed del Barcelona y \u00d1ito del Granada.<\/p>\n","protected":false},"excerpt":{"rendered":"<p>A finales de los 60 y comienzos de los 70 fueron bastantes los jugadores b\u00e9ticos en acudir a diversas convocatorias de preparaci\u00f3n de la selecci\u00f3n espa\u00f1ola, entonces bajo las \u00f3rdenes de Ladislao Kubala. Este llev\u00f3 a cabo en varias ocasiones unas sesiones de entrenamiento a las que acud\u00eda una extensa n\u00f3mina de futbolistas. La que&#8230;<\/p>\n","protected":false},"author":5,"featured_media":41094,"comment_status":"open","ping_status":"open","sticky":false,"template":"","format":"standard","meta":{"_kad_post_transparent":"","_kad_post_title":"","_kad_post_layout":"","_kad_post_sidebar_id":"","_kad_post_content_style":"","_kad_post_vertical_padding":"","_kad_post_feature":"","_kad_post_feature_position":"","_kad_post_header":false,"_kad_post_footer":false,"_kad_post_classname":"","_jetpack_memberships_contains_paid_content":false,"footnotes":"","jetpack_publicize_message":"","jetpack_publicize_feature_enabled":true,"jetpack_social_post_already_shared":true,"jetpack_social_options":{"image_generator_settings":{"template":"highway","default_image_id":0,"font":"","enabled":false},"version":2}},"categories":[903,1],"tags":[4639,2225,1621,1040,1586],"class_list":["post-41093","post","type-post","status-publish","format-standard","has-post-thumbnail","hentry","category-1970-1979","category-portada","tag-4639","tag-1970-71","tag-joaquin-sierra-quino","tag-pepe-gonzalez","tag-seleccion-espanola"],"jetpack_publicize_connections":[],"jetpack_featured_media_url":"https:\/\/i0.wp.com\/www.manquepierda.com\/historiarealbetis\/files\/2015\/02\/1970-10-08-Gonz%C3%A1lez-y-Quino-con-la-selecci%C3%B3n-NMP.jpg?fit=600%2C404&ssl=1","jetpack_sharing_enabled":true,"jetpack_shortlink":"https:\/\/wp.me\/p1ij08-aGN","jetpack-related-posts":[],"_links":{"self":[{"href":"https:\/\/www.manquepierda.com\/historiarealbetis\/wp-json\/wp\/v2\/posts\/41093","targetHints":{"allow":["GET"]}}],"collection":[{"href":"https:\/\/www.manquepierda.com\/historiarealbetis\/wp-json\/wp\/v2\/posts"}],"about":[{"href":"https:\/\/www.manquepierda.com\/historiarealbetis\/wp-json\/wp\/v2\/types\/post"}],"author":[{"embeddable":true,"href":"https:\/\/www.manquepierda.com\/historiarealbetis\/wp-json\/wp\/v2\/users\/5"}],"replies":[{"embeddable":true,"href":"https:\/\/www.manquepierda.com\/historiarealbetis\/wp-json\/wp\/v2\/comments?post=41093"}],"version-history":[{"count":1,"href":"https:\/\/www.manquepierda.com\/historiarealbetis\/wp-json\/wp\/v2\/posts\/41093\/revisions"}],"predecessor-version":[{"id":98168,"href":"https:\/\/www.manquepierda.com\/historiarealbetis\/wp-json\/wp\/v2\/posts\/41093\/revisions\/98168"}],"wp:featuredmedia":[{"embeddable":true,"href":"https:\/\/www.manquepierda.com\/historiarealbetis\/wp-json\/wp\/v2\/media\/41094"}],"wp:attachment":[{"href":"https:\/\/www.manquepierda.com\/historiarealbetis\/wp-json\/wp\/v2\/media?parent=41093"}],"wp:term":[{"taxonomy":"category","embeddable":true,"href":"https:\/\/www.manquepierda.com\/historiarealbetis\/wp-json\/wp\/v2\/categories?post=41093"},{"taxonomy":"post_tag","embeddable":true,"href":"https:\/\/www.manquepierda.com\/historiarealbetis\/wp-json\/wp\/v2\/tags?post=41093"}],"curies":[{"name":"wp","href":"https:\/\/api.w.org\/{rel}","templated":true}]}}