{"id":41186,"date":"2015-02-23T07:30:50","date_gmt":"2015-02-23T06:30:50","guid":{"rendered":"http:\/\/www.manquepierda.com\/historiarealbetis\/?p=41186"},"modified":"2015-11-24T21:16:42","modified_gmt":"2015-11-24T20:16:42","slug":"entrevista-paco-machin-1984","status":"publish","type":"post","link":"https:\/\/www.manquepierda.com\/historiarealbetis\/entrevista-paco-machin-1984\/","title":{"rendered":"Entrevista Paco Mach\u00edn 1984"},"content":{"rendered":"<p><a href=\"https:\/\/www.manquepierda.com\/historiarealbetis\/41186-entrevista-paco-machin-1984\/1984-12-19-entrevista-paco-machin-imagen\/\" rel=\"attachment wp-att-41187\"><img data-recalc-dims=\"1\" loading=\"lazy\" decoding=\"async\" class=\"alignleft wp-image-41187\" src=\"https:\/\/i0.wp.com\/www.manquepierda.com\/historiarealbetis\/files\/2015\/02\/1984-12-19-Entrevista-Paco-Mach%C3%ADn-imagen.jpg?resize=282%2C394&#038;ssl=1\" alt=\"1984-12-19 Entrevista Paco Mach\u00edn imagen\" width=\"282\" height=\"394\" srcset=\"https:\/\/i0.wp.com\/www.manquepierda.com\/historiarealbetis\/files\/2015\/02\/1984-12-19-Entrevista-Paco-Mach%C3%ADn-imagen.jpg?resize=429%2C600&amp;ssl=1 429w, https:\/\/i0.wp.com\/www.manquepierda.com\/historiarealbetis\/files\/2015\/02\/1984-12-19-Entrevista-Paco-Mach%C3%ADn-imagen.jpg?resize=157%2C220&amp;ssl=1 157w, https:\/\/i0.wp.com\/www.manquepierda.com\/historiarealbetis\/files\/2015\/02\/1984-12-19-Entrevista-Paco-Mach%C3%ADn-imagen.jpg?w=485&amp;ssl=1 485w\" sizes=\"auto, (max-width: 282px) 100vw, 282px\" \/><\/a>Francisco Mach\u00edn \u00abPaco\u00bb fue un delantero que lleg\u00f3 al Betis en el verano de 1983, procedente de la cantera madridista, aunque en la temporada 1982-83 estuvo decido en el Racing de Santander.<\/p>\n<p>Un delantero alto con un muy buen remate de cabeza y algo m\u00e1s torpe en \u00a0el juego con los pies, ten\u00eda la dif\u00edcil misi\u00f3n de reemplazar al Lobo Diarte y acompa\u00f1ar a Hip\u00f3lito Rinc\u00f3n, reci\u00e9n proclamado Pichichi.<\/p>\n<p>Su primera campa\u00f1a, la 83-84 bajo la direcci\u00f3n de Pepe Alzate, no lo hizo mal. Jug\u00f3 32 partidos de Liga e hizo 11 goles, 5 de Copa y 4 tantos y 6 de la Copa de la Liga con otros 4 tantos. El equipo se clasific\u00f3 para la Copa de la Uefa y Paco fue el m\u00e1ximo goleador del equipo. El equipo se mostr\u00f3 intratable en casa, ganando todos los partidos excepto 2 empates. Sin embargo fuera de casa solo una victoria y 2 empates.<\/p>\n<p>La temporada siguiente fue muy distinta; cuando se publico esta entrevista, en diciembre de 1984, el equipo era cuarto en la clasificaci\u00f3n, pero hab\u00eda cambiado la din\u00e1mica del a\u00f1o anterior: en casa no gan\u00f3 hasta la jornada 11, mientras que fuera de ella no fue derrotado hasta la jornada 20.<\/p>\n<p>Todo ello se trasluce en esta entrevista, en la que Paco repasa los datos de su carrera y se muestra ambicioso sobre el papel del Betis, lo que se trastoc\u00f3 en una muy mala segunda vuelta del campeonato.<\/p>\n<p><span style=\"color: #008000\"><em>Paco es un hombre goleador que ve las puertas contrarias con relativa facilidad, como muy bien demuestra su historial deportivo particular, pero que, sin embargo, en su anterior club, el Racing, al parecer no tuvo la suerte que se merec\u00eda. Afortunadamente para \u00e9l el cambio de aires le ha supuesto no s\u00f3lo una mejora profesional, sino en muchos m\u00e1s aspectos. Casi se puede decir que est\u00e1 triunfando en el conjunto que dirige Pepe Alzate. Y con los b\u00e9ticos, recordemos, cumple ahora su segunda temporada.<\/em><\/span><\/p>\n<p><span style=\"color: #008000\"><em>\u00a0<\/em><\/span><\/p>\n<ul>\n<li><span style=\"color: #008000\"><em>\u00bfSatisfecho de c\u00f3mo te han ido las cosas hasta ahora?<\/em><\/span><\/li>\n<li><span style=\"color: #008000\"><em>S\u00ed, mucho. Primero, porque el a\u00f1o pasado creo que realic\u00e9 una buena campa\u00f1a, con un rendimiento m\u00e1s que aceptable, y despu\u00e9s, porque particip\u00e9 en todos los partidos excepto en dos. De esta temporada tambi\u00e9n estoy contento, aunque hace un par de jornadas el Betis ha cambiado un poco de t\u00e1ctica y el sacrificado he sido yo.<\/em><\/span><\/li>\n<li><span style=\"color: #008000\"><em>De lo que no hay duda es de que esta etapa que viene viviendo en tierras sevillanas es muy diferente a la anterior en Santander. \u00bfCierto?<\/em><\/span><\/li>\n<li><span style=\"color: #008000\"><em>Por supuesto. Donde me encuentro ahora tienen otra concepci\u00f3n del f\u00fatbol, se practica un juego m\u00e1s bonito y, por a\u00f1adidura, las metas son tambi\u00e9n distintas. Mientras en el Racing hab\u00eda que luchar por la permanencia, en el Betis se hace por los puestos de cabeza. \u00a0<\/em><\/span><\/li>\n<li><span style=\"color: #008000\"><em>\u00bfQu\u00e9 recuerdos guardas de tu anterior equipo?<\/em><\/span><\/li>\n<li><span style=\"color: #008000\"><em>Muy buenos, sobre todo de los compa\u00f1eros. Y de la ciudad, que es encantadora, hasta tal punto que para m\u00ed es la m\u00e1s bonita de Espa\u00f1a.<\/em><\/span><\/li>\n<li><span style=\"color: #008000\"><em>Y todo esto lo dices a pesar de que futbol\u00edsticamente no cuajaste en el Racing<\/em><\/span><\/li>\n<li><span style=\"color: #008000\"><em>S\u00ed, eso es cierto. Aunque pienso que cumpl\u00ed con mi deber, y adem\u00e1s qued\u00e9 m\u00e1ximo goleador del equipo<\/em><\/span><\/li>\n<li><span style=\"color: #008000\"><em>\u00bfQu\u00e9 te falt\u00f3 para haber podido triunfar en Santander?<\/em><\/span><\/li>\n<li><span style=\"color: #008000\"><em>Quiz\u00e1 una mayor confianza del entrenador y paciencia por parte del p\u00fablico<\/em><\/span><\/li>\n<li><span style=\"color: #008000\"><em>Y en el Real Betis, \u00bfqu\u00e9 has encontrado?<\/em><\/span><\/li>\n<li><span style=\"color: #008000\"><em>Principalmente un ambiente futbol\u00edstico muy diferente al que hab\u00eda en el Racing, sin querer con ello menospreciar a este club. Y tambi\u00e9n gente muy abierta, simp\u00e1tica, y unos compa\u00f1eros excepcionales.<\/em><\/span><\/li>\n<li><span style=\"color: #008000\"><em>\u00bfLa temporada pasada ha sido la mejor de tu carrera deportiva?<\/em><\/span><\/li>\n<li><span style=\"color: #008000\"><em>No, no lo creo. Para m\u00ed la mejor ha sido la primera de las tres que pas\u00e9 en el Castilla, y en la que, como todo el mundo sabe, llegamos a ser subcampeones de la Copa del Rey<\/em><\/span><\/li>\n<li><span style=\"color: #008000\"><em>\u00bfTe respetaron las lesiones?<\/em><\/span><\/li>\n<li><span style=\"color: #008000\"><em>S\u00ed. Afortunadamente en este aspecto llevo una buena trayectoria, y nunca he tenido problemas. Toquemos madera, por si acaso<\/em><\/span><\/li>\n<\/ul>\n<p><span style=\"color: #008000\"><em>\u00a0<\/em><\/span><\/p>\n<p><span style=\"color: #008000\"><em>Hablar de Paco es sin\u00f3nimo tambi\u00e9n de gol, y la mejor prueba de ello son los datos reales que el mismo jugador nos relata:<\/em><\/span><\/p>\n<p><span style=\"color: #008000\"><em>\u00a0<\/em><\/span><\/p>\n<ul>\n<li><span style=\"color: #008000\"><em>Con el Numancia de Soria, consegu\u00ed en Primera Regional Preferente cuarenta y cinco goles, y un a\u00f1o despu\u00e9s, en Tercera Divisi\u00f3n, logr\u00e9 veinticinco. Luego pas\u00e9 al Castilla, marcando veinte goles en la primera campa\u00f1a, otros veinte en la segunda y quince en la tercera. Posteriormente fui al Racing, y all\u00ed hice doce. La temporada pasada en el Betis marqu\u00e9 veinte, y en la actual llevo cuatro.<\/em><\/span><\/li>\n<li><span style=\"color: #008000\"><em>Teniendo en cuenta que tu actual entrenador cuenta contigo y tras estos datos, \u00bfes para sentirse titular del Real Betis?<\/em><\/span><\/li>\n<li><span style=\"color: #008000\"><em> Yo considero que en el Betis hay m\u00e1s o menos dieciocho titulares. Todos los jugadores de la plantilla, sin excepci\u00f3n, tienen una calidad y categor\u00eda incre\u00edble. Y por este motivo cualquiera puede ser alineado en un momento determinado.<\/em><\/span><\/li>\n<li><span style=\"color: #008000\"><em>Particularmente, \u00bfte molest\u00f3 no jugar hace unas jornadas frente al Real Madrid?<\/em><\/span><\/li>\n<li><span style=\"color: #008000\"><em>M\u00e1s que otra cosa, me entristeci\u00f3<\/em><\/span><\/li>\n<li><span style=\"color: #008000\"><em>\u00bfPor qu\u00e9?<\/em><\/span><\/li>\n<li><span style=\"color: #008000\"><em>Porque hab\u00eda cogido una racha interesante y tengo una ilusi\u00f3n tremenda por superar la campa\u00f1a del a\u00f1o pasado. Y claro, aquello fue para m\u00ed un peque\u00f1o par\u00f3n<\/em><\/span><\/li>\n<li><span style=\"color: #008000\"><em>\u00bfQu\u00e9 tal te entiendes con Rinc\u00f3n?<\/em><\/span><\/li>\n<li><span style=\"color: #008000\"><em> Lo que ocurre es que al ser de caracter\u00edsticas similares, hombres-gol, ambos luchamos por lo mismo. Esto no quiere decir que seamos incompatibles. Pero, sin embargo, son otros compa\u00f1eros los que enlazan mejor con mi juego, caso de Calder\u00f3n, Su\u00e1rez, Carde\u00f1osa y Gordillo, por ejemplo<\/em><\/span><\/li>\n<li><span style=\"color: #008000\"><em>Hace unos instantes nos dabas la relaci\u00f3n de tus goles marcados \u00bfCu\u00e1ntos har\u00e1s en la presente temporada?<\/em><\/span><\/li>\n<li><span style=\"color: #008000\"><em>Eso depender\u00e1 de muchos factores, como es l\u00f3gico. Pero yo tengo la ilusi\u00f3n de superar la cifra del a\u00f1o pasado<\/em><\/span><\/li>\n<li><span style=\"color: #008000\"><em>\u00bfCrees que tendr\u00e1s opci\u00f3n al Pichichi?<\/em><\/span><\/li>\n<li><span style=\"color: #008000\"><em>Para eso lo primero que se necesita es jugar casi todos los partidos, y despu\u00e9s tener suerte. No obstante, yo quer\u00eda hacer un comentario, y es que, en mi opini\u00f3n, ese premio se deb\u00eda conceder al equipo entero, ya que en definitiva son todos los jugadores los que trabajan para que al final sea un determinado compa\u00f1ero el que ha marcado m\u00e1s goles<\/em><\/span><\/li>\n<li><span style=\"color: #008000\"><em>Hablemos de tu futuro particular, \u00bfc\u00f3mo lo ves?<\/em><\/span><\/li>\n<li><span style=\"color: #008000\"><em>Soy optimista. De momento me encuentro en el Real Betis, que ya es un hecho importante en mi carrera deportiva. Es l\u00f3gico que siempre se trate de mejorar y aspirar a otras cosas, pero personalmente me siento muy contento donde estoy.<\/em><\/span><\/li>\n<li><span style=\"color: #008000\"><em>\u00bfTu contrato actual cuando expira?<\/em><\/span><\/li>\n<li><span style=\"color: #008000\"><em>El 30 de junio de 1986<\/em><\/span><\/li>\n<li><span style=\"color: #008000\"><em>En cuanto a la marcha del equipo en la presente temporada, \u00bfc\u00f3mo la valoras?<\/em><\/span><\/li>\n<li><span style=\"color: #008000\"><em>En primer lugar, de mala suerte en casa, que se rompi\u00f3 frente al Real Madrid, pues hasta ese choque hab\u00edamos perdido puntos injustamente. Mientras que fuera del Benito Villamar\u00edn est\u00e1 claro que hemos cogido la medida. El equipo est\u00e1 en un buen tono de juego, hay compenetraci\u00f3n y sin duda vamos para arriba en cada jornada que pasa.<\/em><\/span><\/li>\n<li><span style=\"color: #008000\"><em>\u00bfLas aspiraciones, entonces?<\/em><\/span><\/li>\n<li><span style=\"color: #008000\"><em>\u00a1Todas\u00a1<\/em><\/span><\/li>\n<li><span style=\"color: #008000\"><em>\u00bfEsto quiere decir que incluso so\u00f1\u00e1is con un t\u00edtulo de campeones?<\/em><\/span><\/li>\n<li><span style=\"color: #008000\"><em>\u00bfY por qu\u00e9 no? Estamos a la altura del mejor. El \u00fanico inconveniente es que el Barcelona nos lleva una apreciable ventaja. Ahora bien, como nos centremos en casa no nos va a ganar nadie. Ni en nuestro campo\u2026 ni fuera<\/em><\/span><\/li>\n<\/ul>\n<p>&nbsp;<\/p>\n<p>&nbsp;<\/p>\n<p>Fuente: Eloy Francisco Argos en AS 19 de diciembre de 1984<\/p>\n","protected":false},"excerpt":{"rendered":"<p>Francisco Mach\u00edn \u00abPaco\u00bb fue un delantero que lleg\u00f3 al Betis en el verano de 1983, procedente de la cantera madridista, aunque en la temporada 1982-83 estuvo decido en el Racing de Santander. Un delantero alto con un muy buen remate de cabeza y algo m\u00e1s torpe en \u00a0el juego con los pies, ten\u00eda la dif\u00edcil&#8230;<\/p>\n","protected":false},"author":5,"featured_media":41187,"comment_status":"open","ping_status":"open","sticky":false,"template":"","format":"standard","meta":{"_kad_post_transparent":"","_kad_post_title":"","_kad_post_layout":"","_kad_post_sidebar_id":"","_kad_post_content_style":"","_kad_post_vertical_padding":"","_kad_post_feature":"","_kad_post_feature_position":"","_kad_post_header":false,"_kad_post_footer":false,"_kad_post_classname":"","_jetpack_memberships_contains_paid_content":false,"footnotes":"","jetpack_publicize_message":"","jetpack_publicize_feature_enabled":true,"jetpack_social_post_already_shared":true,"jetpack_social_options":{"image_generator_settings":{"template":"highway","default_image_id":0,"font":"","enabled":false},"version":2}},"categories":[905,893,1],"tags":[3115,2251,1385],"class_list":["post-41186","post","type-post","status-publish","format-standard","has-post-thumbnail","hentry","category-1990-1999","category-jugadores-temas","category-portada","tag-3115","tag-1984-85","tag-francisco-machin-paco"],"jetpack_publicize_connections":[],"jetpack_featured_media_url":"https:\/\/i0.wp.com\/www.manquepierda.com\/historiarealbetis\/files\/2015\/02\/1984-12-19-Entrevista-Paco-Mach%C3%ADn-imagen.jpg?fit=485%2C678&ssl=1","jetpack_sharing_enabled":true,"jetpack_shortlink":"https:\/\/wp.me\/p1ij08-aIi","jetpack-related-posts":[],"_links":{"self":[{"href":"https:\/\/www.manquepierda.com\/historiarealbetis\/wp-json\/wp\/v2\/posts\/41186","targetHints":{"allow":["GET"]}}],"collection":[{"href":"https:\/\/www.manquepierda.com\/historiarealbetis\/wp-json\/wp\/v2\/posts"}],"about":[{"href":"https:\/\/www.manquepierda.com\/historiarealbetis\/wp-json\/wp\/v2\/types\/post"}],"author":[{"embeddable":true,"href":"https:\/\/www.manquepierda.com\/historiarealbetis\/wp-json\/wp\/v2\/users\/5"}],"replies":[{"embeddable":true,"href":"https:\/\/www.manquepierda.com\/historiarealbetis\/wp-json\/wp\/v2\/comments?post=41186"}],"version-history":[{"count":0,"href":"https:\/\/www.manquepierda.com\/historiarealbetis\/wp-json\/wp\/v2\/posts\/41186\/revisions"}],"wp:featuredmedia":[{"embeddable":true,"href":"https:\/\/www.manquepierda.com\/historiarealbetis\/wp-json\/wp\/v2\/media\/41187"}],"wp:attachment":[{"href":"https:\/\/www.manquepierda.com\/historiarealbetis\/wp-json\/wp\/v2\/media?parent=41186"}],"wp:term":[{"taxonomy":"category","embeddable":true,"href":"https:\/\/www.manquepierda.com\/historiarealbetis\/wp-json\/wp\/v2\/categories?post=41186"},{"taxonomy":"post_tag","embeddable":true,"href":"https:\/\/www.manquepierda.com\/historiarealbetis\/wp-json\/wp\/v2\/tags?post=41186"}],"curies":[{"name":"wp","href":"https:\/\/api.w.org\/{rel}","templated":true}]}}