{"id":41194,"date":"2015-02-24T09:06:10","date_gmt":"2015-02-24T08:06:10","guid":{"rendered":"http:\/\/www.manquepierda.com\/historiarealbetis\/?p=41194"},"modified":"2024-08-28T13:46:35","modified_gmt":"2024-08-28T11:46:35","slug":"1935-febrero-24-les-corts-cf-barcelona-4-betis-balompie-0-80aniversario-datos-estadisticos","status":"publish","type":"post","link":"https:\/\/www.manquepierda.com\/historiarealbetis\/1935-febrero-24-les-corts-cf-barcelona-4-betis-balompie-0-80aniversario-datos-estadisticos\/","title":{"rendered":"1935-Febrero 24-Primera.-CF Barcelona-4 Betis Balompi\u00e9-0.-81Aniversario-Datos Estad\u00edsticos."},"content":{"rendered":"<p style=\"text-align: justify\"><strong>VII EDICI\u00d3N-CAMPEONATO NACIONAL LIGA PRIMERA DIVISI\u00d3N-TEMPORADA 1934-1935 DESDE DOMINGO 02 DE DICIEMBRE DE 1934 HASTA DOMINGO 28 DE ABRIL DE 1935 EN SANTANDER PRIMER T\u00cdTULO NACIONAL PARA ANDALUC\u00cdA Y PARA LA CIUDAD HISPALENSE; AMBAS FECHAS INCLUSIVE.<\/strong><\/p>\n<p style=\"text-align: center\"><img data-recalc-dims=\"1\" loading=\"lazy\" decoding=\"async\" class=\"aligncenter size-medium wp-image-47676\" src=\"https:\/\/i0.wp.com\/www.manquepierda.com\/historiarealbetis\/files\/2015\/02\/19350224cfb4bb0.jpg?resize=680%2C315&#038;ssl=1\" alt=\"19350224cfb4bb0\" width=\"680\" height=\"315\" srcset=\"https:\/\/i0.wp.com\/www.manquepierda.com\/historiarealbetis\/files\/2015\/02\/19350224cfb4bb0.jpg?resize=680%2C315&amp;ssl=1 680w, https:\/\/i0.wp.com\/www.manquepierda.com\/historiarealbetis\/files\/2015\/02\/19350224cfb4bb0.jpg?resize=220%2C102&amp;ssl=1 220w, https:\/\/i0.wp.com\/www.manquepierda.com\/historiarealbetis\/files\/2015\/02\/19350224cfb4bb0.jpg?resize=768%2C355&amp;ssl=1 768w, https:\/\/i0.wp.com\/www.manquepierda.com\/historiarealbetis\/files\/2015\/02\/19350224cfb4bb0.jpg?resize=960%2C444&amp;ssl=1 960w, https:\/\/i0.wp.com\/www.manquepierda.com\/historiarealbetis\/files\/2015\/02\/19350224cfb4bb0.jpg?w=2580&amp;ssl=1 2580w\" sizes=\"auto, (max-width: 680px) 100vw, 680px\" \/><\/p>\n<p style=\"text-align: justify\"><strong>1935-FEBRERO 24-DOMINGO EN LA CIUDAD CONDAL 15&#8217;40 HORAS-ESTADIO \u00abLES CORTS\u00bb (C\u00e9sped 101X62 metros.-Capacidad 25.000 espectadores): 13\u00aa JORNADA.-<em>\u00abGran entrada en las gradas como en la tribuna\u00bb.<\/em><\/strong><\/p>\n<p style=\"text-align: center\"><img data-recalc-dims=\"1\" loading=\"lazy\" decoding=\"async\" class=\"aligncenter size-thumbnail wp-image-47677\" src=\"https:\/\/i0.wp.com\/www.manquepierda.com\/historiarealbetis\/files\/2015\/02\/pedro-vallana-jeanguenat-tn.jpg?resize=220%2C220&#038;ssl=1\" alt=\"pedro-vallana-jeanguenat-tn\" width=\"220\" height=\"220\" srcset=\"https:\/\/i0.wp.com\/www.manquepierda.com\/historiarealbetis\/files\/2015\/02\/pedro-vallana-jeanguenat-tn.jpg?resize=220%2C220&amp;ssl=1 220w, https:\/\/i0.wp.com\/www.manquepierda.com\/historiarealbetis\/files\/2015\/02\/pedro-vallana-jeanguenat-tn.jpg?w=262&amp;ssl=1 262w\" sizes=\"auto, (max-width: 220px) 100vw, 220px\" \/><\/p>\n<p style=\"text-align: justify\">Arbitr\u00f3 el colegiado Pedro VALLANA JEANGUENAT (37 a\u00f1os+3 meses menos 5 d\u00edas)-Natural de Getxo (Vizcaya), lunes 29 de Noviembre de 1897.-\u00cddem, viernes 04-Julio-1980.-D. E. P.<\/p>\n<p style=\"text-align: center\">ALINEACIONES AMBAS ESCUADRAS.<\/p>\n<p style=\"text-align: justify\">4\u00ba CLASIFICADO CON 15 PUNTOS (6ganados+3empatados+4perdidos) 33-27 TANTOS FAVOR MENOS CONTRA:<\/p>\n<p style=\"text-align: center\"><img data-recalc-dims=\"1\" loading=\"lazy\" decoding=\"async\" class=\"aligncenter size-thumbnail wp-image-47539\" src=\"https:\/\/i0.wp.com\/www.manquepierda.com\/historiarealbetis\/files\/2013\/02\/CFB.jpg?resize=220%2C207&#038;ssl=1\" alt=\"CFB\" width=\"220\" height=\"207\" srcset=\"https:\/\/i0.wp.com\/www.manquepierda.com\/historiarealbetis\/files\/2013\/02\/CFB.jpg?resize=220%2C207&amp;ssl=1 220w, https:\/\/i0.wp.com\/www.manquepierda.com\/historiarealbetis\/files\/2013\/02\/CFB.jpg?w=221&amp;ssl=1 221w\" sizes=\"auto, (max-width: 220px) 100vw, 220px\" \/><\/p>\n<p style=\"text-align: center\">CLUB F\u00daTBOL BARCELONA-4 TANTOS.<\/p>\n<figure id=\"attachment_41199\" aria-describedby=\"caption-attachment-41199\" style=\"width: 220px\" class=\"wp-caption alignright\"><a href=\"https:\/\/www.manquepierda.com\/historiarealbetis\/41194-1935-febrero-24-les-corts-cf-barcelona-4-betis-balompie-0-80aniversario-datos-estadisticos\/esteve_sala_i_canyadell-v1310979961-v1385983223\/\" rel=\"attachment wp-att-41199\"><img data-recalc-dims=\"1\" loading=\"lazy\" decoding=\"async\" class=\"size-thumbnail wp-image-41199\" src=\"https:\/\/i0.wp.com\/www.manquepierda.com\/historiarealbetis\/files\/2015\/02\/esteve_sala_i_canyadell.v1310979961.v1385983223.jpg?resize=220%2C124&#038;ssl=1\" alt=\"mmmmm\" width=\"220\" height=\"124\" srcset=\"https:\/\/i0.wp.com\/www.manquepierda.com\/historiarealbetis\/files\/2015\/02\/esteve_sala_i_canyadell.v1310979961.v1385983223.jpg?resize=220%2C124&amp;ssl=1 220w, https:\/\/i0.wp.com\/www.manquepierda.com\/historiarealbetis\/files\/2015\/02\/esteve_sala_i_canyadell.v1310979961.v1385983223.jpg?w=640&amp;ssl=1 640w\" sizes=\"auto, (max-width: 220px) 100vw, 220px\" \/><\/a><figcaption id=\"caption-attachment-41199\" class=\"wp-caption-text\">21\u00ba PRESIDENTE 1934-1935.-DON ESTEVE SALA CANYADELL.<\/figcaption><\/figure>\n<figure id=\"attachment_41200\" aria-describedby=\"caption-attachment-41200\" style=\"width: 111px\" class=\"wp-caption alignleft\"><a href=\"https:\/\/www.manquepierda.com\/historiarealbetis\/41194-1935-febrero-24-les-corts-cf-barcelona-4-betis-balompie-0-80aniversario-datos-estadisticos\/fpk\/\" rel=\"attachment wp-att-41200\"><img data-recalc-dims=\"1\" loading=\"lazy\" decoding=\"async\" class=\"size-thumbnail wp-image-41200\" src=\"https:\/\/i0.wp.com\/www.manquepierda.com\/historiarealbetis\/files\/2015\/02\/FPK.jpeg?resize=111%2C220&#038;ssl=1\" alt=\"mmmm\" width=\"111\" height=\"220\" srcset=\"https:\/\/i0.wp.com\/www.manquepierda.com\/historiarealbetis\/files\/2015\/02\/FPK.jpeg?resize=111%2C220&amp;ssl=1 111w, https:\/\/i0.wp.com\/www.manquepierda.com\/historiarealbetis\/files\/2015\/02\/FPK.jpeg?w=159&amp;ssl=1 159w\" sizes=\"auto, (max-width: 111px) 100vw, 111px\" \/><\/a><figcaption id=\"caption-attachment-41200\" class=\"wp-caption-text\">ENTRENADOR 1934-1935.<\/figcaption><\/figure>\n<p style=\"text-align: justify\">Respecto a la alineaci\u00f3n del encuentro de ida en el \u00abPatronato Obrero\u00bb-domingo 12-Diciembre-1934.<\/p>\n<p style=\"text-align: center\">BETIS BALOMPI\u00c9-2 vs. CF BARCELONA-1.<\/p>\n<p style=\"text-align: justify\">No se alinearon en el encuentro de vuelta:\u00a0 Alejandro MORERA Soto y Jos\u00e9 RAICH Garriga <strong>(0-1.-38 minutos).<\/strong><\/p>\n<p style=\"text-align: justify\"><em><strong>\u00abSe jug\u00f3 r\u00e1pido,\u00a0 con gran entusiasmo y poco nerviosismo desde los primeros momentos.<\/strong><\/em><\/p>\n<p style=\"text-align: justify\"><em><strong>Verdiblancos y Azulgranas se disputaron el mando del terreno de juego con ardor,\u00a0 y previas algunas situaciones de peligro,\u00a0 f\u00e1cilmente resueltas por ambas defensas\u00bb.<\/strong><\/em><\/p>\n<p style=\"text-align: justify\"><em>\u00abEl choque entre el leader y los campeones de Catalu\u00f1a de los m\u00e1s duros y broncos que se hayan jugado en los \u00faltimos tiempos.\u00a0 <\/em><\/p>\n<p style=\"text-align: center\"><em>Las interrupciones del juego para atender a jugadores tocados de uno y otro bando fueron varias.\u00a0 <\/em><\/p>\n<p style=\"text-align: justify\"><em>En una de la fases m\u00e1s vehementes de la segunda parte a que dio lugar el persistente asedio de la puerta b\u00e9tica por la delantera azulgrana\u00bb.-<\/em>(\u00abEl Mundo Deportivo\u00bb.-Barcelona, lunes 19350225).<\/p>\n<p style=\"text-align: center\">PORTERO:<\/p>\n<figure id=\"attachment_41201\" aria-describedby=\"caption-attachment-41201\" style=\"width: 150px\" class=\"wp-caption aligncenter\"><a href=\"https:\/\/www.manquepierda.com\/historiarealbetis\/41194-1935-febrero-24-les-corts-cf-barcelona-4-betis-balompie-0-80aniversario-datos-estadisticos\/123-nogues-1934\/\" rel=\"attachment wp-att-41201\"><img data-recalc-dims=\"1\" loading=\"lazy\" decoding=\"async\" class=\"size-thumbnail wp-image-41201\" src=\"https:\/\/i0.wp.com\/www.manquepierda.com\/historiarealbetis\/files\/2015\/02\/123.-nogues-1934.jpg?resize=150%2C220&#038;ssl=1\" alt=\"mmmmm\" width=\"150\" height=\"220\" srcset=\"https:\/\/i0.wp.com\/www.manquepierda.com\/historiarealbetis\/files\/2015\/02\/123.-nogues-1934.jpg?resize=150%2C220&amp;ssl=1 150w, https:\/\/i0.wp.com\/www.manquepierda.com\/historiarealbetis\/files\/2015\/02\/123.-nogues-1934.jpg?w=242&amp;ssl=1 242w\" sizes=\"auto, (max-width: 150px) 100vw, 150px\" \/><\/a><figcaption id=\"caption-attachment-41201\" class=\"wp-caption-text\">1.-Juan Jos\u00e9 NOGU\u00c9S Portalat\u00edn.-25 a\u00f1os+11 meses menos 4 d\u00edas.-BORJA (Zaragoza), jueves 18-Marzo-1909,<\/figcaption><\/figure>\n<p style=\"text-align: center\">DEFENSAS:<\/p>\n<p style=\"text-align: left\">2-Ram\u00f3n ZABALO Zubiaurre.-3-Jos\u00e9 ARANA Gor\u00f3stegui.<\/p>\n<p style=\"text-align: center\">MEDIOS:<\/p>\n<p style=\"text-align: left\">4-Esteban PEDROL Albareda.-5-Elem\u00e9r BERKESSY C\u00f6ji.-6-Ram\u00f3n LECUONA Bordegaray.<\/p>\n<p style=\"text-align: center\">DELANTEROS:<\/p>\n<p style=\"text-align: center\">7-Mart\u00edn VENTOLR\u00c1 Fort.<\/p>\n<figure id=\"attachment_41206\" aria-describedby=\"caption-attachment-41206\" style=\"width: 120px\" class=\"wp-caption aligncenter\"><a href=\"https:\/\/www.manquepierda.com\/historiarealbetis\/41194-1935-febrero-24-les-corts-cf-barcelona-4-betis-balompie-0-80aniversario-datos-estadisticos\/ramon-2\/\" rel=\"attachment wp-att-41206\"><img data-recalc-dims=\"1\" loading=\"lazy\" decoding=\"async\" class=\"size-full wp-image-41206\" src=\"https:\/\/i0.wp.com\/www.manquepierda.com\/historiarealbetis\/files\/2015\/02\/Ram%C3%B3n.jpeg?resize=120%2C171&#038;ssl=1\" alt=\"mmm\" width=\"120\" height=\"171\" \/><\/a><figcaption id=\"caption-attachment-41206\" class=\"wp-caption-text\"><strong>3-0.-81 minutos:<\/strong><em><strong>\u00abCentro de Cabanes y cabezazo de Juan batiendo a URQUIAGA\u00bb.<\/strong><\/em><\/figcaption><\/figure>\n<p style=\"text-align: justify\">8-Juan RAM\u00d3N i Pera.-26 a\u00f1os+2 d\u00edas.-VILASSAR DE MAR (Barcelona),\u00a0 lunes 22-Febrero-1909.<\/p>\n<figure id=\"attachment_41204\" aria-describedby=\"caption-attachment-41204\" style=\"width: 173px\" class=\"wp-caption aligncenter\"><a href=\"https:\/\/www.manquepierda.com\/historiarealbetis\/41194-1935-febrero-24-les-corts-cf-barcelona-4-betis-balompie-0-80aniversario-datos-estadisticos\/n_f_c_barcelona_josep_escola-4284740\/\" rel=\"attachment wp-att-41204\"><img data-recalc-dims=\"1\" loading=\"lazy\" decoding=\"async\" class=\"size-thumbnail wp-image-41204\" src=\"https:\/\/i0.wp.com\/www.manquepierda.com\/historiarealbetis\/files\/2015\/02\/n_f_c_barcelona_josep_escola-4284740.jpg?resize=173%2C220&#038;ssl=1\" alt=\"mmmm\" width=\"173\" height=\"220\" srcset=\"https:\/\/i0.wp.com\/www.manquepierda.com\/historiarealbetis\/files\/2015\/02\/n_f_c_barcelona_josep_escola-4284740.jpg?resize=173%2C220&amp;ssl=1 173w, https:\/\/i0.wp.com\/www.manquepierda.com\/historiarealbetis\/files\/2015\/02\/n_f_c_barcelona_josep_escola-4284740.jpg?w=400&amp;ssl=1 400w\" sizes=\"auto, (max-width: 173px) 100vw, 173px\" \/><\/a><figcaption id=\"caption-attachment-41204\" class=\"wp-caption-text\">MARC\u00d3 2 TANTOS.<\/figcaption><\/figure>\n<p style=\"text-align: justify\"><em><strong>2-0.-47 minutos.-\u00abInternada rapid\u00edsima de Jos\u00e9 que dribla a Aedo chutando el esf\u00e9rico a media altura fusilando a Joaqu\u00edn URQUIAGA\u00bb.<\/strong><\/em><\/p>\n<p style=\"text-align: justify\"><em><strong>4-0.-89 minutos.-\u00abCentro de Pedrol y el ariete azulgrana bate de cabeza al meta b\u00e9tico por segunda vez\u00bb.<\/strong><\/em><\/p>\n<p style=\"text-align: justify\">9-Jos\u00e9 ESCOL\u00c1 Segal\u00e9s.-21 a\u00f1os+4 meses menos 5 d\u00edas.-BARCELONA,\u00a0 jueves 29-Octubre-1914.<\/p>\n<p style=\"text-align: center\">10-Juan TRUJILLO Dom\u00ednguez.<\/p>\n<figure id=\"attachment_41202\" aria-describedby=\"caption-attachment-41202\" style=\"width: 160px\" class=\"wp-caption aligncenter\"><a href=\"https:\/\/www.manquepierda.com\/historiarealbetis\/41194-1935-febrero-24-les-corts-cf-barcelona-4-betis-balompie-0-80aniversario-datos-estadisticos\/cabanes\/\" rel=\"attachment wp-att-41202\"><img data-recalc-dims=\"1\" loading=\"lazy\" decoding=\"async\" class=\"size-thumbnail wp-image-41202\" src=\"https:\/\/i0.wp.com\/www.manquepierda.com\/historiarealbetis\/files\/2015\/02\/Cabanes.jpg?resize=160%2C220&#038;ssl=1\" alt=\"mmmm\" width=\"160\" height=\"220\" srcset=\"https:\/\/i0.wp.com\/www.manquepierda.com\/historiarealbetis\/files\/2015\/02\/Cabanes.jpg?resize=160%2C220&amp;ssl=1 160w, https:\/\/i0.wp.com\/www.manquepierda.com\/historiarealbetis\/files\/2015\/02\/Cabanes.jpg?w=302&amp;ssl=1 302w\" sizes=\"auto, (max-width: 160px) 100vw, 160px\" \/><\/a><figcaption id=\"caption-attachment-41202\" class=\"wp-caption-text\"><strong>1-0.-06 minutos.-Marcador final Primer Tiempo.<\/strong><\/figcaption><\/figure>\n<p style=\"text-align: justify\"><em><strong>\u00abUn pase de Ram\u00f3n a Escol\u00e1,\u00a0 origin\u00f3 un l\u00edo entre \u00e9ste y Areso,\u00a0 sali\u00f3 suelto el cuero y recogi\u00e9ndolo Mario que se intern\u00f3 r\u00e1pido chutando a media altura desde cerca el bal\u00f3n hasta el fondo de las mallas defendidas por URQUIAGA\u00bb.<\/strong><\/em><\/p>\n<p style=\"text-align: justify\">11-Mario CABANES Sabat.-21 a\u00f1os+1 mes+18 d\u00edas.-BARCELONA,\u00a0 martes 06-Enero-1914.<\/p>\n<p style=\"text-align: center\"><strong>VS.<\/strong><\/p>\n<figure id=\"attachment_40815\" aria-describedby=\"caption-attachment-40815\" style=\"width: 154px\" class=\"wp-caption aligncenter\"><a href=\"https:\/\/www.manquepierda.com\/historiarealbetis\/40806-1935-febrero-03-nervion-sevilla-fc-0-real-betis-balompie-3-80aniversario-datos-estadisticos\/1931-32bb-17\/\" rel=\"attachment wp-att-40815\"><img data-recalc-dims=\"1\" loading=\"lazy\" decoding=\"async\" class=\"size-full wp-image-40815\" src=\"https:\/\/i0.wp.com\/www.manquepierda.com\/historiarealbetis\/files\/2015\/02\/1931-32BB.jpg?resize=154%2C154&#038;ssl=1\" alt=\"MMMM\" width=\"154\" height=\"154\" \/><\/a><figcaption id=\"caption-attachment-40815\" class=\"wp-caption-text\"><strong>BETIS BALOMPI\u00c9-0 GOLES.<\/strong><\/figcaption><\/figure>\n<p style=\"text-align: center\"><strong>11\u00aa SEMANA CONSECUTIVA.-L\u00cdDER JORNADAS N\u00ba 03+04+05+06+07+08+09+10+11+12+13.<\/strong><\/p>\n<p style=\"text-align: center\"><strong>10-PARTIDOS GANADOS:<\/strong><\/p>\n<p style=\"text-align: left\"><strong>01-\u00abCHAMART\u00cdN\u00bb-Madrid,\u00a0 domingo 02-12-1934:\u00a0 Madrid Cf-0 vs. BETIS BALOMPI\u00c9-1.<\/strong><\/p>\n<p style=\"text-align: justify\"><strong>02.-\u00abPATRONATO OBRERO\u00bb-\u00abEl Porvenir\u00bb,\u00a0 domingo 09-12-1934:\u00a0 BETIS BALOMPI\u00c9-2 vs. Cf Barcelona-1.<\/strong><\/p>\n<p style=\"text-align: left\"><strong>03.-\u00abIBAIONDO\u00bb-Bilbao,\u00a0 domingo 16-12-1934:\u00a0 Arenas Club Getxo-0 vs. BETIS BALOMPI\u00c9-3.<\/strong><\/p>\n<p style=\"text-align: justify\"><strong>04.-\u00abPATRONATO OBRERO\u00bb-\u00abEl Porvenir\u00bb,\u00a0 domingo 23-12-1934:\u00a0 BETIS BALOMPI\u00c9-3 vs. Valencia Cf-0.<\/strong><\/p>\n<p style=\"text-align: justify\"><strong>05.-\u00abPATRONATO OBRERO\u00bb-\u00abEl Porvenir\u00bb,\u00a0 domingo 30-12-1934:\u00a0 BETIS BALOMPI\u00c9-1 vs. Donostia Cf-0.<\/strong><\/p>\n<p style=\"text-align: justify\"><strong>06.-\u00abPATRONATO OBRERO\u00bb-\u00abEl Porvenir\u00bb,\u00a0 domingo 13-01-1935:\u00a0 BETIS BALOMPI\u00c9-2 vs. Oviedo Cf-1.<\/strong><\/p>\n<p style=\"text-align: justify\"><strong>07.-\u00abPATRONATO OBRERO\u00bb-\u00abEl Porvenir\u00bb,\u00a0 domingo 27-01-1935:\u00a0 BETIS BALOMPI\u00c9-3 vs. Athl\u00e9tic Club Bilbao-0.<\/strong><\/p>\n<p style=\"text-align: left\"><strong>08.-\u00abNERVI\u00d3N\u00bb-Domingo 03-Febrero-1935:\u00a0 SEVILLA Cf-0\u00a0 vs. BETIS BALOMPI\u00c9-3 Goles.<\/strong><\/p>\n<p style=\"text-align: justify\"><strong>09.-\u00abPATRONATO OBRERO\u00bb-\u00abEl Porvenir\u00bb,\u00a0 domingo 10-02-1935:\u00a0 BETIS BALOMPI\u00c9-3 vs. Racing Club Santander-1.<\/strong><\/p>\n<p style=\"text-align: justify\"><strong>10.-\u00abPATRONATO OBRERO\u00bb-Segunda Vuelta.-Domingo 17-02-1935:\u00a0 BETIS BALOMPI\u00c9-1 vs. Madrid Cf-0.<\/strong><\/p>\n<p style=\"text-align: center\"><strong>1-ENCUENTRO EMPATADO:<\/strong><\/p>\n<p style=\"text-align: justify\"><strong>Primero.-08\u00aa Jornada.-\u00abCAN RABIA\u00bb-Barcelona,\u00a0 domingo 20-Enero-1935:\u00a0 Club Deportivo Espa\u00f1ol-1 vs. BETIS BALOMPI\u00c9-1.<\/strong><\/p>\n<p style=\"text-align: center\"><strong>2 PARTIDOS PERDIDOS:<\/strong><\/p>\n<p style=\"text-align: justify\"><strong>Primero.-06\u00aa Jornada.-\u00abSTADIUM METROPOLITANO\u00bb-Madrid,\u00a0 domingo 06-Enero-1935:\u00a0 Atl\u00e9tico Club Madrid-4 vs. Betis Balompi\u00e9-2.<\/strong><\/p>\n<p style=\"text-align: justify\"><strong>Segundo.-13\u00aa Jornada.-\u00abLES CORTS\u00bb-Barcelona,\u00a0 domingo 24-Febrero-1935: CF Barcelona-4 vs. Betis Balompi\u00e9-0.<\/strong><\/p>\n<p style=\"text-align: center\"><strong>23 GOLES A FAVOR:<\/strong><\/p>\n<p style=\"text-align: left\"><strong>06-M\u00e1ximo Goleador desde la 11\u00aa Jornada:\u00a0 Sim\u00f3n LECUE Andrade.<\/strong><\/p>\n<p style=\"text-align: left\"><strong>05.-Victorio UNAMUNO Ibarzabal.<\/strong><\/p>\n<p style=\"text-align: left\"><strong>04.-Pedro Gonz\u00e1lez S\u00e1nchez (a) \u00abTIMIMI\u00bb.<\/strong><\/p>\n<p style=\"text-align: left\"><strong>04.-ADOLFO Mart\u00edn Gonz\u00e1lez (a) \u00abADOLFO II\u00bb.<\/strong><\/p>\n<p style=\"text-align: left\"><strong>02.-Jos\u00e9 Gonz\u00e1lez CABALLERO.<\/strong><\/p>\n<p style=\"text-align: left\"><strong>02.-Jos\u00e9 RANCEL Toledo.<\/strong><\/p>\n<p style=\"text-align: center\"><strong>12 TANTOS EN CONTRA:<\/strong><\/p>\n<p style=\"text-align: center\"><strong><a href=\"https:\/\/www.manquepierda.com\/historiarealbetis\/40921-1935-febrero-10-patronato-betis-balompie-3-racing-santander-1-80aniversario-datos-estadisticos\/03-25-el-betis-en-guipuzcoa-2-areso-urquiaga-y-aedo-2\/\" rel=\"attachment wp-att-40941\"><img data-recalc-dims=\"1\" loading=\"lazy\" decoding=\"async\" class=\"alignleft size-thumbnail wp-image-40941\" src=\"https:\/\/i0.wp.com\/www.manquepierda.com\/historiarealbetis\/files\/2015\/02\/03-25-el-betis-en-guipuzcoa-2-areso-urquiaga-y-aedo.jpg?resize=220%2C168&#038;ssl=1\" alt=\"03-25-el-betis-en-guipuzcoa-2-areso-urquiaga-y-aedo\" width=\"220\" height=\"168\" srcset=\"https:\/\/i0.wp.com\/www.manquepierda.com\/historiarealbetis\/files\/2015\/02\/03-25-el-betis-en-guipuzcoa-2-areso-urquiaga-y-aedo.jpg?resize=220%2C168&amp;ssl=1 220w, https:\/\/i0.wp.com\/www.manquepierda.com\/historiarealbetis\/files\/2015\/02\/03-25-el-betis-en-guipuzcoa-2-areso-urquiaga-y-aedo.jpg?w=584&amp;ssl=1 584w\" sizes=\"auto, (max-width: 220px) 100vw, 220px\" \/><\/a><\/strong><strong>Joaqu\u00edn URQUIAGA.-JORNADAS:<\/strong><\/p>\n<p style=\"text-align: justify\"><strong>02\u00aa-\u00abEl Porvenir\u00bb-Domingo 02-Diciembre-1934.-\u00abPatronato Obrero\u00bb:\u00a0 Betis Balompi\u00e9-2 vs. Cf Barcelona 1 TANTO (0-1.-38 minutos: Jos\u00e9 RAICH Garriga).<\/strong><\/p>\n<p style=\"text-align: justify\"><strong>06\u00aa-Domingo 06-Enero-1935.-Madrid-\u00abStadium Metropolitano\u00bb:\u00a0 Atl\u00e9tico Club Madrid-4 TANTOS (1-0.-01 minuto:\u00a0 Julio Antonio EL\u00cdCEGUI Cans+2-0.-09 minutos:\u00a0 Julio Antonio EL\u00cdCEGUI Cans+3-1.-63 minutos:\u00a0 \u00c1ngel SORNICHERO Hern\u00e1ndez+4-2.-85 minutos:\u00a0 Eduardo Gonz\u00e1lez Vali\u00f1o (a) \u00abCHACHO\u00bb) Vs. Betis Balompi\u00e9-2.<\/strong><\/p>\n<p style=\"text-align: justify\"><strong>07\u00aa.-\u00abEl Porvenir\u00bb-Domingo 13-Enero-1935.-\u00abPatronato Obrero\u00bb:\u00a0 Betis Balompi\u00e9-2 Vs. Oviedo Cf-1 TANTO (1-0.-60 minutos:\u00a0 Isidro L\u00c1NGARA Galarraga).<\/strong><\/p>\n<p style=\"text-align: justify\"><strong>08\u00aa.-Domingo 27-Enero-1935.-Barcelona-\u00abCan Rabia\u00bb:\u00a0 Club Deportivo Espa\u00f1ol-1 TANTO (1-0.-60 minutos:\u00a0 Francisco IRIONDO Orozco) vs. Betis Balompi\u00e9-1.<\/strong><\/p>\n<p style=\"text-align: justify\"><strong>11\u00aa.-\u00abEl Porvenir\u00bb-Domingo 10-Febrero-1935.-\u00abPatronato Obrero\u00bb:\u00a0 Betis Balompi\u00e9-3 vs. Racing Club Santander-1 TANTO (1-1.-49 minutos:\u00a0 Fernando GARC\u00cdA Lorenzo).<\/strong><\/p>\n<p style=\"text-align: justify\"><strong>13\u00aa.-Domingo 24-Febrero-1935.-Barcelona-\u00abLes Corts\u00bb:\u00a0 Cf Barcelona-4 TANTOS (1-0.-06 minutos:\u00a0 Mario CABANES Sabat+2-0.-47 minutos:\u00a0 Jos\u00e9 ESCOL\u00c1 Sagal\u00e9s+3-0.-81 minutos:\u00a0 Juan RAM\u00d3N i Pera+4-0.-89 minutos:\u00a0 Jos\u00e9 ESCOL\u00c1 Sagal\u00e9s) Vs. Betis Balompi\u00e9-0.<\/strong><\/p>\n<p style=\"text-align: center\">\u00abLA VOZ\u00bb-Madrid,\u00a0 lunes 25-Febrero-1935:<\/p>\n<p style=\"text-align: justify\"><a href=\"https:\/\/www.manquepierda.com\/historiarealbetis\/41194-1935-febrero-24-les-corts-cf-barcelona-4-betis-balompie-0-80aniversario-datos-estadisticos\/19350224-oselito\/\" rel=\"attachment wp-att-41207\"><img data-recalc-dims=\"1\" loading=\"lazy\" decoding=\"async\" class=\"aligncenter size-medium wp-image-41207\" src=\"https:\/\/i0.wp.com\/www.manquepierda.com\/historiarealbetis\/files\/2015\/02\/19350224-Oselito.jpg?resize=680%2C240&#038;ssl=1\" alt=\"19350224-Oselito\" width=\"680\" height=\"240\" srcset=\"https:\/\/i0.wp.com\/www.manquepierda.com\/historiarealbetis\/files\/2015\/02\/19350224-Oselito.jpg?resize=680%2C240&amp;ssl=1 680w, https:\/\/i0.wp.com\/www.manquepierda.com\/historiarealbetis\/files\/2015\/02\/19350224-Oselito.jpg?resize=220%2C78&amp;ssl=1 220w, https:\/\/i0.wp.com\/www.manquepierda.com\/historiarealbetis\/files\/2015\/02\/19350224-Oselito.jpg?resize=960%2C339&amp;ssl=1 960w, https:\/\/i0.wp.com\/www.manquepierda.com\/historiarealbetis\/files\/2015\/02\/19350224-Oselito.jpg?w=1713&amp;ssl=1 1713w\" sizes=\"auto, (max-width: 680px) 100vw, 680px\" \/><\/a><em><strong>LA LIGA.-JORNADA \u00a1TRECE\u00a1-\u00a1TRECE PALOS LE DEN&#8230;DONDE YO DIGA\u00a1-POR MAT\u00cdNEZ DE LE\u00d3N (a) \u00abOSELITO\u00bb.<\/strong><\/em><\/p>\n<p style=\"text-align: center\"><em><strong>\u00abEL DUELO\u00bb (San Mam\u00e9s-Las Corts):<\/strong><\/em><\/p>\n<p style=\"text-align: center\"><strong>&#8211;\u00a1\u00a1Hijo m\u00edo de mi alma\u00a1\u00a1\u00a0<\/strong><\/p>\n<p style=\"text-align: center\"><strong>&#8211;\u00a1\u00a1Papa\u00edto de mi coraz\u00f3n\u00a1\u00a1\u00a0 \u00bfPorqu\u00e9 no se quita usted el bigote?<\/strong><\/p>\n<p style=\"text-align: left\"><strong>\u00abLa Liga del f\u00fatbol\u00bb.-<em>\u00abOSELITO\u00bb,\u00a0 que no entiende el catal\u00e1n, se perdi\u00f3 ayer en las ramblas de Barcelona\u00bb.<\/em><\/strong><\/p>\n<p style=\"text-align: center\"><em>\u00abLas Corts se llen\u00f3 de p\u00fablico,\u00a0 que vi\u00f3 como el Betis Balompi\u00e9 perdi\u00f3 por segunda vez en este torneo.\u00a0\u00a0 <\/em><\/p>\n<p style=\"text-align: justify\"><em>Desde luego su derrota de ayer fue producida en circunstancias que,\u00a0 afortunadamente,\u00a0 no son frecuentes en el f\u00fatbol.\u00a0\u00a0 <\/em><\/p>\n<p style=\"text-align: justify\"><em>El equipo andaluz tuvo que jugar no s\u00f3lo con el team azulgrana,\u00a0 sino que los 25.000 espectadores que llenaban \u00abLes Corts\u00bb.\u00a0\u00a0 <\/em><em>Jam\u00e1s se hab\u00eda presenciado en Barcelona un espect\u00e1culo tan antideportivo como el de ayer.<\/em><\/p>\n<p style=\"text-align: justify\"><strong><em>Los espectadores acudieron al campo con un af\u00e1n de represalia,\u00a0 por el mal trato que dicen que se dio a los azulgranas en el \u00abPatronato\u00bb cuando el partido de la primera vuelta.\u00a0\u00a0 <\/em><\/strong><\/p>\n<p style=\"text-align: justify\"><strong><em>Y en cuanto el Betis salt\u00f3 al terreno de juego se inici\u00f3 el jaleo,\u00a0 que no remiti\u00f3 hasta un cuarto de hora antes de concluir el partido.\u00a0\u00a0 Entonces se desenvolvi\u00f3 lo menos deportivamente que puede darse.<\/em><\/strong><\/p>\n<figure id=\"attachment_40819\" aria-describedby=\"caption-attachment-40819\" style=\"width: 158px\" class=\"wp-caption alignright\"><a href=\"https:\/\/www.manquepierda.com\/historiarealbetis\/40806-1935-febrero-03-nervion-sevilla-fc-0-real-betis-balompie-3-80aniversario-datos-estadisticos\/antonio-moreno-sevillano-26opresidente-rbb-5\/\" rel=\"attachment wp-att-40819\"><img data-recalc-dims=\"1\" loading=\"lazy\" decoding=\"async\" class=\"size-thumbnail wp-image-40819\" src=\"https:\/\/i0.wp.com\/www.manquepierda.com\/historiarealbetis\/files\/2015\/02\/Antonio-Moreno-Sevillano-26%C2%BAPresidente-RBB.jpg?resize=158%2C220&#038;ssl=1\" alt=\"MMMMM\" width=\"158\" height=\"220\" srcset=\"https:\/\/i0.wp.com\/www.manquepierda.com\/historiarealbetis\/files\/2015\/02\/Antonio-Moreno-Sevillano-26%C2%BAPresidente-RBB.jpg?resize=158%2C220&amp;ssl=1 158w, https:\/\/i0.wp.com\/www.manquepierda.com\/historiarealbetis\/files\/2015\/02\/Antonio-Moreno-Sevillano-26%C2%BAPresidente-RBB.jpg?resize=432%2C600&amp;ssl=1 432w, https:\/\/i0.wp.com\/www.manquepierda.com\/historiarealbetis\/files\/2015\/02\/Antonio-Moreno-Sevillano-26%C2%BAPresidente-RBB.jpg?resize=504%2C700&amp;ssl=1 504w, https:\/\/i0.wp.com\/www.manquepierda.com\/historiarealbetis\/files\/2015\/02\/Antonio-Moreno-Sevillano-26%C2%BAPresidente-RBB.jpg?w=860&amp;ssl=1 860w\" sizes=\"auto, (max-width: 158px) 100vw, 158px\" \/><\/a><figcaption id=\"caption-attachment-40819\" class=\"wp-caption-text\"><strong>Presidente don ANTONIO MORENO SEVILLANO.<\/strong><\/figcaption><\/figure>\n<figure id=\"attachment_40820\" aria-describedby=\"caption-attachment-40820\" style=\"width: 132px\" class=\"wp-caption alignleft\"><a href=\"https:\/\/www.manquepierda.com\/historiarealbetis\/40806-1935-febrero-03-nervion-sevilla-fc-0-real-betis-balompie-3-80aniversario-datos-estadisticos\/patrickjosephoconnell-25\/\" rel=\"attachment wp-att-40820\"><img data-recalc-dims=\"1\" loading=\"lazy\" decoding=\"async\" class=\"size-thumbnail wp-image-40820\" src=\"https:\/\/i0.wp.com\/www.manquepierda.com\/historiarealbetis\/files\/2015\/02\/PatrickJosephOCONNELL.jpg?resize=132%2C220&#038;ssl=1\" alt=\"MMMMM\" width=\"132\" height=\"220\" srcset=\"https:\/\/i0.wp.com\/www.manquepierda.com\/historiarealbetis\/files\/2015\/02\/PatrickJosephOCONNELL.jpg?resize=132%2C220&amp;ssl=1 132w, https:\/\/i0.wp.com\/www.manquepierda.com\/historiarealbetis\/files\/2015\/02\/PatrickJosephOCONNELL.jpg?w=206&amp;ssl=1 206w\" sizes=\"auto, (max-width: 132px) 100vw, 132px\" \/><\/a><figcaption id=\"caption-attachment-40820\" class=\"wp-caption-text\"><strong>ENTRENADOR MR. PATRICK JOSEPH O&#8217;CONNELL.<\/strong><\/figcaption><\/figure>\n<p style=\"text-align: justify\"><em><strong>Influy\u00f3 de tal manera el ambiente en el Betis Balompi\u00e9,\u00a0 que desde el primer momento,\u00a0 acobardado,\u00a0 no acert\u00f3 a dar una a derechas,\u00a0 y trabaj\u00f3 como un equipo de tercera categor\u00eda.<\/strong><\/em><\/p>\n<p style=\"text-align: justify\"><em><strong>Su tr\u00edo defensivo estuvo deficiente en especial Areso,\u00a0 lo que prueba el influjo del p\u00fablico.<\/strong><\/em><\/p>\n<p style=\"text-align: justify\"><em><strong>Y otra prueba de ello:\u00a0 en el \u00faltimo cuarto de hora,\u00a0 cuando el p\u00fablico molest\u00f3 menos a los l\u00edderes,\u00a0 \u00e9stos jugaron bastante.<\/strong><\/em><\/p>\n<p style=\"text-align: justify\"><em><strong>Efecto contrario produjo el griter\u00edo en el Cf Barcelona,\u00a0 que,\u00a0 crecido por los gritos de los energ\u00famenos hinchas que por todo gritaban contra el Betis Balompi\u00e9,\u00a0 y por todo aplaud\u00edan a los azulgranas,\u00a0 aunque fuese un acto reprobable,\u00a0 jug\u00f3 bien,\u00a0 aunque sin sobresalir t\u00e9cnicamente mucho.<\/strong><\/em><\/p>\n<p style=\"text-align: justify\"><em><strong>De los 22 jugadores y de los muchos miles de espectadores,\u00a0 solo una persona destac\u00f3 por su serenidad y por saber cumplir con su deber:\u00a0 Vallana,\u00a0 el \u00e1rbitro.<\/strong><\/em><\/p>\n<p style=\"text-align: justify\"><em><strong>El encuentro carece de rese\u00f1a.\u00a0\u00a0 Patadones a diestros y a siniestros;\u00a0 golpazos,\u00a0 suciedades sin fin,\u00a0 a pesar de cu\u00e1nto para evitarla hac\u00eda el juez Pedro Vallana Jeanquenat.<\/strong><\/em><\/p>\n<p style=\"text-align: center\"><a href=\"https:\/\/www.manquepierda.com\/historiarealbetis\/41194-1935-febrero-24-les-corts-cf-barcelona-4-betis-balompie-0-80aniversario-datos-estadisticos\/attachment\/65\/\" rel=\"attachment wp-att-41196\"><img data-recalc-dims=\"1\" loading=\"lazy\" decoding=\"async\" class=\"aligncenter size-medium wp-image-41196\" src=\"https:\/\/i0.wp.com\/www.manquepierda.com\/historiarealbetis\/files\/2015\/02\/65.jpg?resize=586%2C600&#038;ssl=1\" alt=\"65\" width=\"586\" height=\"600\" srcset=\"https:\/\/i0.wp.com\/www.manquepierda.com\/historiarealbetis\/files\/2015\/02\/65.jpg?resize=586%2C600&amp;ssl=1 586w, https:\/\/i0.wp.com\/www.manquepierda.com\/historiarealbetis\/files\/2015\/02\/65.jpg?resize=215%2C220&amp;ssl=1 215w, https:\/\/i0.wp.com\/www.manquepierda.com\/historiarealbetis\/files\/2015\/02\/65.jpg?w=600&amp;ssl=1 600w\" sizes=\"auto, (max-width: 586px) 100vw, 586px\" \/><\/a><strong>GUARDAMETA:<\/strong><\/p>\n<p style=\"text-align: center\"><strong>1.-Joaqu\u00edn URQUIAGA Legarburu (1.170 minutos.-12 Tantos encajados)*<\/strong><\/p>\n<p style=\"text-align: center\"><strong><a href=\"https:\/\/www.manquepierda.com\/historiarealbetis\/41194-1935-febrero-24-les-corts-cf-barcelona-4-betis-balompie-0-80aniversario-datos-estadisticos\/attachment\/66\/\" rel=\"attachment wp-att-41197\"><img data-recalc-dims=\"1\" loading=\"lazy\" decoding=\"async\" class=\"aligncenter size-medium wp-image-41197\" src=\"https:\/\/i0.wp.com\/www.manquepierda.com\/historiarealbetis\/files\/2015\/02\/66.jpg?resize=680%2C475&#038;ssl=1\" alt=\"66\" width=\"680\" height=\"475\" srcset=\"https:\/\/i0.wp.com\/www.manquepierda.com\/historiarealbetis\/files\/2015\/02\/66.jpg?resize=680%2C475&amp;ssl=1 680w, https:\/\/i0.wp.com\/www.manquepierda.com\/historiarealbetis\/files\/2015\/02\/66.jpg?resize=220%2C154&amp;ssl=1 220w, https:\/\/i0.wp.com\/www.manquepierda.com\/historiarealbetis\/files\/2015\/02\/66.jpg?w=800&amp;ssl=1 800w\" sizes=\"auto, (max-width: 680px) 100vw, 680px\" \/><\/a>ZAGUEROS:<\/strong><\/p>\n<p style=\"text-align: justify\"><strong>2-Lateral Diestro.-Pedro Pablo ARESO Aramburu (990 minutos)*<\/strong><\/p>\n<p style=\"text-align: justify\"><strong>3-Lateral Zurdo.-Seraf\u00edn AEDO Renieblas (1.170 minutos)*<\/strong><\/p>\n<p style=\"text-align: center\"><strong>MEDIOS (-LARRINOA no jug\u00f3-):<\/strong><\/p>\n<p style=\"text-align: justify\"><strong>4-Diestro.-Jos\u00e9 Su\u00e1rez Gonz\u00e1lez (a) \u00abPERAL\u00bb (1.170 minutos)*<\/strong><\/p>\n<p style=\"text-align: justify\"><strong>5-Centro.-Francisco G\u00d3MEZ Vicente (990 minutos)*<\/strong><\/p>\n<p style=\"text-align: justify\"><a href=\"https:\/\/www.manquepierda.com\/historiarealbetis\/40921-1935-febrero-10-patronato-betis-balompie-3-racing-santander-1-80aniversario-datos-estadisticos\/caballero-10\/\" rel=\"attachment wp-att-40951\"><img data-recalc-dims=\"1\" loading=\"lazy\" decoding=\"async\" class=\"aligncenter size-thumbnail wp-image-40951\" src=\"https:\/\/i0.wp.com\/www.manquepierda.com\/historiarealbetis\/files\/2015\/02\/CABALLERO.png?resize=188%2C220&#038;ssl=1\" alt=\"CABALLERO\" width=\"188\" height=\"220\" srcset=\"https:\/\/i0.wp.com\/www.manquepierda.com\/historiarealbetis\/files\/2015\/02\/CABALLERO.png?resize=188%2C220&amp;ssl=1 188w, https:\/\/i0.wp.com\/www.manquepierda.com\/historiarealbetis\/files\/2015\/02\/CABALLERO.png?w=191&amp;ssl=1 191w\" sizes=\"auto, (max-width: 188px) 100vw, 188px\" \/><\/a><strong>6-Zurdo.-Jos\u00e9 Gonz\u00e1lez CABALLERO (720 minutos.-2 Goles marcados)*<\/strong><\/p>\n<p style=\"text-align: center\"><strong>DELANTEROS (-\u00abTIMIMI\u00bb no jug\u00f3-):<\/strong><\/p>\n<p style=\"text-align: justify\"><strong>7-Extremo Diestro.-\u00c1ngel Mart\u00edn Rodr\u00edguez (a) \u00abSARO\u00bb (1.170 minutos.)*<\/strong><\/p>\n<p style=\"text-align: justify\"><a href=\"https:\/\/www.manquepierda.com\/historiarealbetis\/40521-1935-enero-20-can-rabia-cd-espanol-1-betis-balompie-1-80aniversario-datos-estadisticos\/adolfo-martin-01-8\/\" rel=\"attachment wp-att-40560\"><img data-recalc-dims=\"1\" loading=\"lazy\" decoding=\"async\" class=\"aligncenter size-thumbnail wp-image-40560\" src=\"https:\/\/i0.wp.com\/www.manquepierda.com\/historiarealbetis\/files\/2015\/01\/Adolfo-Mart%C3%ADn-011.jpg?resize=118%2C220&#038;ssl=1\" alt=\"Adolfo Mart\u00edn-II\" width=\"118\" height=\"220\" srcset=\"https:\/\/i0.wp.com\/www.manquepierda.com\/historiarealbetis\/files\/2015\/01\/Adolfo-Mart%C3%ADn-011.jpg?resize=118%2C220&amp;ssl=1 118w, https:\/\/i0.wp.com\/www.manquepierda.com\/historiarealbetis\/files\/2015\/01\/Adolfo-Mart%C3%ADn-011.jpg?w=186&amp;ssl=1 186w\" sizes=\"auto, (max-width: 118px) 100vw, 118px\" \/><\/a><strong>8-Interior Diestro.-ADOLFO Mart\u00edn Gonz\u00e1lez (a) \u00abADOLFO II\u00bb (990 minutos.-4 Goles marcados)*<\/strong><\/p>\n<p style=\"text-align: justify\"><a href=\"https:\/\/www.manquepierda.com\/historiarealbetis\/40390-1935-enero-13-patronato-betis-balompie-2-oviedo-fc-1-80aniversario-datos-estadisticos\/victorio-unamuno-19330828-7\/\" rel=\"attachment wp-att-40398\"><img data-recalc-dims=\"1\" loading=\"lazy\" decoding=\"async\" class=\"aligncenter size-thumbnail wp-image-40398\" src=\"https:\/\/i0.wp.com\/www.manquepierda.com\/historiarealbetis\/files\/2015\/01\/Victorio-Unamuno-193308281.jpg?resize=129%2C220&#038;ssl=1\" alt=\"Victorio Unamuno\" width=\"129\" height=\"220\" srcset=\"https:\/\/i0.wp.com\/www.manquepierda.com\/historiarealbetis\/files\/2015\/01\/Victorio-Unamuno-193308281.jpg?resize=129%2C220&amp;ssl=1 129w, https:\/\/i0.wp.com\/www.manquepierda.com\/historiarealbetis\/files\/2015\/01\/Victorio-Unamuno-193308281.jpg?w=200&amp;ssl=1 200w\" sizes=\"auto, (max-width: 129px) 100vw, 129px\" \/><\/a><strong>9-Centro Delantero-ARIETE.-Victorio UNAMUNO Ibarzabal (1.080 minutos.-5 Goles marcados)*<\/strong><\/p>\n<p style=\"text-align: justify\"><a href=\"https:\/\/www.manquepierda.com\/historiarealbetis\/40268-1933-enero-08-patronato-obrero-betis-balompie-1-arenasclubgetxo-1-82aniversario\/simon-lecue-andrade-11\/\" rel=\"attachment wp-att-40272\"><img data-recalc-dims=\"1\" loading=\"lazy\" decoding=\"async\" class=\"aligncenter size-thumbnail wp-image-40272\" src=\"https:\/\/i0.wp.com\/www.manquepierda.com\/historiarealbetis\/files\/2015\/01\/Sim%C3%B3n-Lecue-Andrade.jpg?resize=150%2C220&#038;ssl=1\" alt=\"Sim\u00f3n-Lecue-Andrade\" width=\"150\" height=\"220\" srcset=\"https:\/\/i0.wp.com\/www.manquepierda.com\/historiarealbetis\/files\/2015\/01\/Sim%C3%B3n-Lecue-Andrade.jpg?resize=150%2C220&amp;ssl=1 150w, https:\/\/i0.wp.com\/www.manquepierda.com\/historiarealbetis\/files\/2015\/01\/Sim%C3%B3n-Lecue-Andrade.jpg?w=309&amp;ssl=1 309w\" sizes=\"auto, (max-width: 150px) 100vw, 150px\" \/><\/a><strong>10-Interior Zurdo.-Sim\u00f3n\u00a0 LECUE Andrade (990 minutos.-M\u00e1ximo goleador con 6 marcados desde 11\u00aa Jornada)*<\/strong><\/p>\n<p style=\"text-align: justify\"><a href=\"https:\/\/www.manquepierda.com\/historiarealbetis\/41194-1935-febrero-24-les-corts-cf-barcelona-4-betis-balompie-0-80aniversario-datos-estadisticos\/jose-valera-nocera2-7\/\" rel=\"attachment wp-att-41209\"><img data-recalc-dims=\"1\" loading=\"lazy\" decoding=\"async\" class=\"aligncenter size-thumbnail wp-image-41209\" src=\"https:\/\/i0.wp.com\/www.manquepierda.com\/historiarealbetis\/files\/2015\/02\/Jos%C3%A9-VALERA-Nocera2.jpg?resize=143%2C220&#038;ssl=1\" alt=\"Jos\u00e9-VALERA-Nocera2\" width=\"143\" height=\"220\" srcset=\"https:\/\/i0.wp.com\/www.manquepierda.com\/historiarealbetis\/files\/2015\/02\/Jos%C3%A9-VALERA-Nocera2.jpg?resize=143%2C220&amp;ssl=1 143w, https:\/\/i0.wp.com\/www.manquepierda.com\/historiarealbetis\/files\/2015\/02\/Jos%C3%A9-VALERA-Nocera2.jpg?w=253&amp;ssl=1 253w\" sizes=\"auto, (max-width: 143px) 100vw, 143px\" \/><\/a><strong>11.-Extremo Zurdo.-Jos\u00e9 VALERA Nocera.-18 a\u00f1os+9 meses menos 2 d\u00edas.-SEVILLA,\u00a0 viernes 26-Mayo-1916.-Debut\u00f3 (90 minutos)*<\/strong><\/p>\n<p style=\"text-align: center\"><em><strong>\u00abA las 8 de la noche llegaron a Sevilla,\u00a0 procedentes de Barcelona los jugadores del Betis Balompi\u00e9.<\/strong><\/em><\/p>\n<p style=\"text-align: justify\"><em><strong>Ante el Club se hab\u00edan congregado numeros\u00edsimos aficionados que hicieron a los jugadores un entusiasta recibimiento.\u00a0 <\/strong><\/em><\/p>\n<p style=\"text-align: center\"><em><strong>Algunos de ellos fueron llevados a hombros.\u00a0 <\/strong><\/em><\/p>\n<p style=\"text-align: justify\"><em><strong>Los jugadores han confirmado a los periodistas la mayor\u00eda de las manifestaciones ya telefoneadas.<\/strong><\/em><\/p>\n<p style=\"text-align: justify\"><em><strong>Han dicho que no se trat\u00f3 de una manifestaci\u00f3n espont\u00e1nea del p\u00fablico,\u00a0 sino del resultado de una campa\u00f1a preparada concienzudamente hace tiempo.<\/strong><\/em><\/p>\n<p style=\"text-align: justify\"><em><strong>Los jugadores y el propio entrenador han dicho que no hab\u00edan presenciado jam\u00e1s un espect\u00e1culo semejante\u00bb.<\/strong><\/em><\/p>\n<p style=\"text-align: center\">(Fuente.-\u00abEL SOL\u00bb-Madrid).<\/p>\n<p style=\"text-align: center\"><strong>\u00abEL BETIS BALOMPI\u00c9 PROTESTA ANTE LA FEDERACI\u00d3N ESPA\u00d1OLA\u00bb<\/strong><\/p>\n<p style=\"text-align: justify\"><a href=\"https:\/\/www.manquepierda.com\/historiarealbetis\/41194-1935-febrero-24-les-corts-cf-barcelona-4-betis-balompie-0-80aniversario-datos-estadisticos\/09-17-fernandez-del-pando-y-oconnell-637x600\/\" rel=\"attachment wp-att-41224\"><img data-recalc-dims=\"1\" loading=\"lazy\" decoding=\"async\" class=\"aligncenter size-thumbnail wp-image-41224\" src=\"https:\/\/i0.wp.com\/www.manquepierda.com\/historiarealbetis\/files\/2015\/02\/09-17-Fern%C3%A1ndez-del-Pando-y-O%C2%B4Connell-637x600.jpg?resize=220%2C207&#038;ssl=1\" alt=\"09-17-Fern\u00e1ndez-del-Pando-y-O\u00b4Connell-637x600\" width=\"220\" height=\"207\" srcset=\"https:\/\/i0.wp.com\/www.manquepierda.com\/historiarealbetis\/files\/2015\/02\/09-17-Fern%C3%A1ndez-del-Pando-y-O%C2%B4Connell-637x600.jpg?resize=220%2C207&amp;ssl=1 220w, https:\/\/i0.wp.com\/www.manquepierda.com\/historiarealbetis\/files\/2015\/02\/09-17-Fern%C3%A1ndez-del-Pando-y-O%C2%B4Connell-637x600.jpg?resize=637%2C600&amp;ssl=1 637w\" sizes=\"auto, (max-width: 220px) 100vw, 220px\" \/><\/a><strong>\u00abEl Secretario del Betis Balompi\u00e9,\u00a0 Carlos Fern\u00e1ndez De Pando,\u00a0 que presenci\u00f3 el partido celebrado el domingo \u00faltimo en Barcelona,\u00a0 ha hecho manifestaciones a un periodista, dici\u00e9ndole:<\/strong><\/p>\n<p style=\"text-align: justify\"><em><strong>&#8211;Lo que all\u00ed ocurri\u00f3 es que el Barcelona,\u00a0 a pretexto de una reivindicaci\u00f3n de agravios supuestos,\u00a0 lo que ha hecho ha sido vengar de un modo despiadado el hecho de que el Betis Balompi\u00e9 eliminara al Club F\u00fatbol Barcelona dos a\u00f1os seguido en el Campeonato de Espa\u00f1a.\u00a0 <\/strong><\/em><em><strong>Tal vez el Barcelona nos hubiera ganado de todos modos.\u00a0\u00a0 Pero no cabe duda que all\u00ed nos era imposible ganar.<\/strong><\/em><\/p>\n<p style=\"text-align: justify\"><strong>Atribuye \u00edntegro lo ocurrido al Consejo directivo del Barcelona,\u00a0 y muestra su actitud a la asistencia moral que les prestaron el \u00e1rbitro,\u00a0 Vallana;\u00a0 el presidente de la Federaci\u00f3n Catalana,\u00a0 el secretario del Club Deportivo Espa\u00f1ol y el seleccionador nacional.<\/strong><\/p>\n<p style=\"text-align: justify\"><strong>Finalmente dijo que la Directiva del Betis Balompi\u00e9 ha acordado romper toda relaci\u00f3n de amistad con el Cf Barcelona y dirigir una respetuosa y en\u00e9rgica protesta al Comit\u00e9 Ejecutivo de la Federaci\u00f3n Espa\u00f1ola por los hechos ocurridos,\u00a0 y que solo jugar\u00e1n con el Barcelona cuando las exigencias reglamentarias lo requieran.<\/strong><\/p>\n<p style=\"text-align: left\"><strong>Los jugadores del Betis Balompi\u00e9 fueron entusi\u00e1sticamente recibidos\u00bb.-<\/strong>(Fuentes.-\u00abEl Sol\u00bb-\u00abLa Libertad\u00bb-\u00abLa Naci\u00f3n\u00bb-Madrid-Jueves 28-02-1935).<\/p>\n<p style=\"text-align: center\"><img data-recalc-dims=\"1\" loading=\"lazy\" decoding=\"async\" class=\"aligncenter size-large wp-image-47680\" src=\"https:\/\/i0.wp.com\/www.manquepierda.com\/historiarealbetis\/files\/2015\/02\/ABC-M19350226.jpg?resize=630%2C700&#038;ssl=1\" alt=\"ABC-M19350226\" width=\"630\" height=\"700\" srcset=\"https:\/\/i0.wp.com\/www.manquepierda.com\/historiarealbetis\/files\/2015\/02\/ABC-M19350226.jpg?resize=630%2C700&amp;ssl=1 630w, https:\/\/i0.wp.com\/www.manquepierda.com\/historiarealbetis\/files\/2015\/02\/ABC-M19350226.jpg?resize=198%2C220&amp;ssl=1 198w, https:\/\/i0.wp.com\/www.manquepierda.com\/historiarealbetis\/files\/2015\/02\/ABC-M19350226.jpg?resize=540%2C600&amp;ssl=1 540w, https:\/\/i0.wp.com\/www.manquepierda.com\/historiarealbetis\/files\/2015\/02\/ABC-M19350226.jpg?resize=768%2C853&amp;ssl=1 768w\" sizes=\"auto, (max-width: 630px) 100vw, 630px\" \/><\/p>\n<p style=\"text-align: justify\">FOTOS BRANGULL.-ABC-MADRID-19350224-MARTES.-<em><strong>\u00abBARCELONA.-Campo de Las Corts: Barcelona-4 vs. Betis-0.-DE LA DUREZA CON QUE SE JUG\u00d3 ESTE PARTIDO, DAN IDEAS LAS PRESENTES FOTOGRAF\u00cdAS. EL P\u00daBLICO NO ESTUVO CON EL EQUIPO SEVILLANO TODO LO IMPARCIAL QUE FUERA DE DESEAR\u00bb.<\/strong><\/em><\/p>\n","protected":false},"excerpt":{"rendered":"<p>VII EDICI\u00d3N-CAMPEONATO NACIONAL LIGA PRIMERA DIVISI\u00d3N-TEMPORADA 1934-1935 DESDE DOMINGO 02 DE DICIEMBRE DE 1934 HASTA DOMINGO 28 DE ABRIL DE 1935 EN SANTANDER PRIMER T\u00cdTULO NACIONAL PARA ANDALUC\u00cdA Y PARA LA CIUDAD HISPALENSE; AMBAS FECHAS INCLUSIVE. 1935-FEBRERO 24-DOMINGO EN LA CIUDAD CONDAL 15&#8217;40 HORAS-ESTADIO \u00abLES CORTS\u00bb (C\u00e9sped 101X62 metros.-Capacidad 25.000 espectadores): 13\u00aa JORNADA.-\u00abGran entrada en&#8230;<\/p>\n","protected":false},"author":48,"featured_media":47676,"comment_status":"open","ping_status":"open","sticky":false,"template":"","format":"standard","meta":{"_kad_post_transparent":"","_kad_post_title":"","_kad_post_layout":"","_kad_post_sidebar_id":"","_kad_post_content_style":"","_kad_post_vertical_padding":"","_kad_post_feature":"","_kad_post_feature_position":"","_kad_post_header":false,"_kad_post_footer":false,"_kad_post_classname":"","_jetpack_memberships_contains_paid_content":false,"footnotes":"","jetpack_publicize_message":"","jetpack_publicize_feature_enabled":true,"jetpack_social_post_already_shared":true,"jetpack_social_options":{"image_generator_settings":{"template":"highway","default_image_id":0,"font":"","enabled":false},"version":2}},"categories":[899,906,1],"tags":[2267,45,1154,17928],"class_list":["post-41194","post","type-post","status-publish","format-standard","has-post-thumbnail","hentry","category-1930-1939","category-investigacion-temas","category-portada","tag-1934-35","tag-45","tag-fc-barcelona","tag-liga-primera-1934-35"],"jetpack_publicize_connections":[],"jetpack_featured_media_url":"https:\/\/i0.wp.com\/www.manquepierda.com\/historiarealbetis\/files\/2015\/02\/19350224cfb4bb0.jpg?fit=3303%2C1528&ssl=1","jetpack_sharing_enabled":true,"jetpack_shortlink":"https:\/\/wp.me\/p1ij08-aIq","jetpack-related-posts":[],"_links":{"self":[{"href":"https:\/\/www.manquepierda.com\/historiarealbetis\/wp-json\/wp\/v2\/posts\/41194","targetHints":{"allow":["GET"]}}],"collection":[{"href":"https:\/\/www.manquepierda.com\/historiarealbetis\/wp-json\/wp\/v2\/posts"}],"about":[{"href":"https:\/\/www.manquepierda.com\/historiarealbetis\/wp-json\/wp\/v2\/types\/post"}],"author":[{"embeddable":true,"href":"https:\/\/www.manquepierda.com\/historiarealbetis\/wp-json\/wp\/v2\/users\/48"}],"replies":[{"embeddable":true,"href":"https:\/\/www.manquepierda.com\/historiarealbetis\/wp-json\/wp\/v2\/comments?post=41194"}],"version-history":[{"count":1,"href":"https:\/\/www.manquepierda.com\/historiarealbetis\/wp-json\/wp\/v2\/posts\/41194\/revisions"}],"predecessor-version":[{"id":98116,"href":"https:\/\/www.manquepierda.com\/historiarealbetis\/wp-json\/wp\/v2\/posts\/41194\/revisions\/98116"}],"wp:featuredmedia":[{"embeddable":true,"href":"https:\/\/www.manquepierda.com\/historiarealbetis\/wp-json\/wp\/v2\/media\/47676"}],"wp:attachment":[{"href":"https:\/\/www.manquepierda.com\/historiarealbetis\/wp-json\/wp\/v2\/media?parent=41194"}],"wp:term":[{"taxonomy":"category","embeddable":true,"href":"https:\/\/www.manquepierda.com\/historiarealbetis\/wp-json\/wp\/v2\/categories?post=41194"},{"taxonomy":"post_tag","embeddable":true,"href":"https:\/\/www.manquepierda.com\/historiarealbetis\/wp-json\/wp\/v2\/tags?post=41194"}],"curies":[{"name":"wp","href":"https:\/\/api.w.org\/{rel}","templated":true}]}}