{"id":41215,"date":"2020-02-24T10:30:55","date_gmt":"2020-02-24T09:30:55","guid":{"rendered":"http:\/\/www.manquepierda.com\/historiarealbetis\/?p=41215"},"modified":"2024-08-21T14:13:42","modified_gmt":"2024-08-21T12:13:42","slug":"hoy-hace-85-anos-1934-35-la-liga-que-ganamos-fc-barcelona-betis-balompie","status":"publish","type":"post","link":"https:\/\/www.manquepierda.com\/historiarealbetis\/hoy-hace-85-anos-1934-35-la-liga-que-ganamos-fc-barcelona-betis-balompie\/","title":{"rendered":"Hoy hace 85 a\u00f1os. La Liga que ganamos. FC Barcelona 4 Betis Balompi\u00e9 0."},"content":{"rendered":"<p><a href=\"https:\/\/www.manquepierda.com\/historiarealbetis\/41215-hoy-hace-80-anos-1934-35-la-liga-que-ganamos-fc-barcelona-betis-balompie\/02-25-barcelona-betis-2-peral\/\" rel=\"attachment wp-att-41217\"><img data-recalc-dims=\"1\" loading=\"lazy\" decoding=\"async\" class=\"aligncenter wp-image-41217 size-medium\" src=\"https:\/\/i0.wp.com\/www.manquepierda.com\/historiarealbetis\/files\/2015\/02\/02-25-Barcelona-Betis-2-Peral.jpg?resize=680%2C307&#038;ssl=1\" alt=\"02-25 Barcelona-Betis-2 Peral\" width=\"680\" height=\"307\" srcset=\"https:\/\/i0.wp.com\/www.manquepierda.com\/historiarealbetis\/files\/2015\/02\/02-25-Barcelona-Betis-2-Peral.jpg?resize=680%2C307&amp;ssl=1 680w, https:\/\/i0.wp.com\/www.manquepierda.com\/historiarealbetis\/files\/2015\/02\/02-25-Barcelona-Betis-2-Peral.jpg?resize=220%2C99&amp;ssl=1 220w, https:\/\/i0.wp.com\/www.manquepierda.com\/historiarealbetis\/files\/2015\/02\/02-25-Barcelona-Betis-2-Peral.jpg?resize=960%2C434&amp;ssl=1 960w, https:\/\/i0.wp.com\/www.manquepierda.com\/historiarealbetis\/files\/2015\/02\/02-25-Barcelona-Betis-2-Peral.jpg?w=1031&amp;ssl=1 1031w\" sizes=\"auto, (max-width: 680px) 100vw, 680px\" \/><\/a><\/p>\n<p>&nbsp;<\/p>\n<p><span style=\"color: #008000\">La primera salida del Betis en la segunda vuelta es un campo dif\u00edcil: Las Corts, el terreno de juego del FC Barcelona. A la tradicional dificultad de jugar en campo adversario, se suma el clima de hostilidad que el Betis se va a encontrar en esta visita. Algo de lo que ya se habl\u00f3 en enero cuando el Betis visit\u00f3 al Espa\u00f1ol en Sarri\u00e1, y que tiene su antecedente directo en el partido de la primera vuelta en el Patronato, cuando un futbolista azulgrana tuvo un serio incidente con un espectador. Pero este clima de desencuentros con el conjunto barcelonista ya viene de antes, desde los encuentros de Copa de 1927 y se repetir\u00e1 en varios partidos en a\u00f1os sucesivos.<\/span><\/p>\n<p><span style=\"color: #008000\">El Betis marcha hacia Barcelona en autob\u00fas el jueves 21 de febrero, haciendo noche en Madrid ese d\u00eda y en L\u00e9rida el viernes 22, para alcanzar Barcelona el s\u00e1bado 23 a mediod\u00eda. Es un ejemplo de c\u00f3mo funcionaban por entonces los equipos de f\u00fatbol. Teniendo en cuenta que el lunes 18 el equipo descans\u00f3 tras el partido del domingo 17, s\u00f3lo hubo dos sesiones de entrenamiento esa semana: el martes 19 y el mi\u00e9rcoles 20.<\/span><\/p>\n<p><span style=\"color: #008000\">Por lo que cuenta Patrick O\u00b4Connell en la prensa barcelonesa del momento sabemos que la expedici\u00f3n b\u00e9tica par\u00f3, posiblemente a comer, en la localidad zaragozana de Alhama de Arag\u00f3n. All\u00ed coincidieron con el famoso tenor Miguel Fleta, con el que estuvieron departiendo largo y tendido de f\u00fatbol. En honor a los jugadores del Betis les cant\u00f3 el Racconto de la Boheme.<\/span><\/p>\n<p><span style=\"color: #008000\">La expectaci\u00f3n en Barcelona es grande, siendo declarado el partido jornada de medio d\u00eda del club, teniendo que pagar los socios barcelonistas 1.50 pesetas.<\/span><\/p>\n<figure id=\"attachment_41229\" aria-describedby=\"caption-attachment-41229\" style=\"width: 522px\" class=\"wp-caption aligncenter\"><a href=\"https:\/\/www.manquepierda.com\/historiarealbetis\/41215-hoy-hace-80-anos-1934-35-la-liga-que-ganamos-fc-barcelona-betis-balompie\/emd-24-02-1935-anuncio\/\" rel=\"attachment wp-att-41229\"><img data-recalc-dims=\"1\" loading=\"lazy\" decoding=\"async\" class=\"size-full wp-image-41229\" src=\"https:\/\/i0.wp.com\/www.manquepierda.com\/historiarealbetis\/files\/2015\/02\/EMD-24-02-1935-Anuncio.jpg?resize=522%2C302&#038;ssl=1\" alt=\"Fuente: El Mundo Deportivo 24 de febrero de 1935\" width=\"522\" height=\"302\" srcset=\"https:\/\/i0.wp.com\/www.manquepierda.com\/historiarealbetis\/files\/2015\/02\/EMD-24-02-1935-Anuncio.jpg?w=522&amp;ssl=1 522w, https:\/\/i0.wp.com\/www.manquepierda.com\/historiarealbetis\/files\/2015\/02\/EMD-24-02-1935-Anuncio.jpg?resize=220%2C127&amp;ssl=1 220w\" sizes=\"auto, (max-width: 522px) 100vw, 522px\" \/><\/a><figcaption id=\"caption-attachment-41229\" class=\"wp-caption-text\">Fuente: El Mundo Deportivo 24 de febrero de 1935<\/figcaption><\/figure>\n<p><span style=\"color: #008000\">El Betis marcha a Barcelona con la baja ya conocida de Larrinoa, que ya no puedo jugar contra el Madrid, y una nueva m\u00e1s: la de Timimi, que se resiente de golpes en sendos tobillos del partido contra el conjunto merengue. Patrick O\u00b4Connell le suple dando entrada en el once b\u00e9tico a Pepe Valera, el joven extremo de 18 a\u00f1os de la cantera. Acompa\u00f1an al equipo tambi\u00e9n dos j\u00f3venes canteranos: Paquirri y Cornejo.<\/span><\/p>\n<p><span style=\"color: #008000\">As\u00ed pues el Betis forma con Urquiaga; Areso, Aedo, Peral, G\u00f3mez, Lecue; Saro, Adolfo, Unamuno, Caballero y Valera.<\/span><\/p>\n<p><span style=\"color: #008000\">El Barcelona alinea a Nogu\u00e9s; Zabalo, Arana; Pedrol, Berkessy, Lecuona; Vantolr\u00e1, Trujillo, Escol\u00e1, Ram\u00f3n y Cabanas.<\/span><\/p>\n<p><span style=\"color: #008000\">Su entrenador es el h\u00fangaro Ferenc Plattko y el \u00e1rbitro del encuentro el vizca\u00edno Vallana.<\/span><\/p>\n<p><span style=\"color: #008000\">Ante 25.000 espectadores el Betis se encuentra un clima francamente hostil, del que se har\u00e1 eco la misma prensa local en sus cr\u00f3nica del d\u00eda despu\u00e9s: \u201c<em>Ayer observamos en el p\u00fablico un evidente retroceso y casi presumimos que sin la coacci\u00f3n moral con que tuvieron que actuar todos los jugadores, habr\u00edamos visto a\u00fan mejor f\u00fatbol en los que perdieron y en los que ganaron. Porque si bien todos los gritos, los silbidos y los denuestos iban contra los visitantes no creemos que aquella algarab\u00eda continua de silbatos que se confund\u00edan, cuando no las ahogaban, con el del \u00e1rbitro, aquellas burlas pueriles cuando los blanquiverdes fallaban un bal\u00f3n, aquellos \u00a1ooooohhhh\u00a1 a coro, cuando el portero b\u00e9tico despejaba y alg\u00fan que otro conato de ovaci\u00f3n cuando un adversario ca\u00eda en un encontronazo, pudieran facilitar la labor de los azulgrana ni mucho menos animarles\u201d.<\/em><\/span><\/p>\n<p><span style=\"color: #008000\">Con este clima de salida el Bar\u00e7a marca en el minuto 3. Una pelota disputada entre Escol\u00e1 y Areso queda suelta dentro del \u00e1rea b\u00e9tica, marcando Cabanas desde cerca. Durante toda la primera parte se suceden las ocasiones de peligro sobre la meta de Urquiaga, contando el Betis tambi\u00e9n con una ocasi\u00f3n a disparo de Unamuno que hace lucirse a Nogu\u00e9s.<\/span><\/p>\n<p><span style=\"color: #008000\">Al comenzar la segunda parte es el Betis quien sale dominando, pero en un r\u00e1pido contraataque azulgrana en el minuto 47 Escol\u00e1 se escapa y hace el 2-0.<\/span><\/p>\n<p><span style=\"color: #008000\">El partido queda as\u00ed pr\u00e1cticamente decidido. Faltando 5 minutos centra Cabanas y Ram\u00f3n de cabeza hace el 3-0. En el minuto 89 un nuevo remate de cabeza, ahora de Escol\u00e1 a centro de Pedrol, significa el 4-0 definitivo.<\/span><\/p>\n<p><span style=\"color: #008000\">El d\u00eda 27 la directiva b\u00e9tica acuerda romper todas sus relaciones amistosas con el FC Barcelona, manteniendo s\u00f3lo las estrictamente necesarias, as\u00ed como enviar una en\u00e9rgica y respetuosa protesta a la Federaci\u00f3n Espa\u00f1ola. El equipo llega ese mismo mi\u00e9rcoles a las 8 y media de la tarde a la secretar\u00eda b\u00e9tica establecida en la calle Bilbao, donde se hab\u00edan congregado numerosos aficionados. \u201c<em>El autocar b\u00e9tico fue acogido con una ovaci\u00f3n cerrada, que se prolong\u00f3 durante largo rato, d\u00e1ndose numerosos vivas a los muchachos del Betis. Algunos de \u00e9stos fueron sacados en hombros por grupos de aficionados\u201d.<\/em><\/span><\/p>\n<p><span style=\"color: #008000\">La expedici\u00f3n denunci\u00f3 el trato recibido y que no fue fruto \u201c<em>de una manifestaci\u00f3n espont\u00e1nea del p\u00fablico, sino resultado de una campa\u00f1a preparada concienzudamente con dos meses de antelaci\u00f3n\u201d<\/em>\u00a0 \u00a0\u00a0(El Liberal, 28 de febrero de 1935)<\/span><\/p>\n<p><span style=\"color: #008000\">Del resto de la jornada destacar que renacen las esperanzas del Madrid, que vence al Donostia en Chamart\u00edn. R\u00e1cing y Athletic de Madrid juegan un buen partido con reparto de puntos, mientras que el Athletic bilba\u00edno confirma su mal momento perdiendo por primera vez en San Mam\u00e9s ante un Espa\u00f1ol capaz de lo mejor y de lo peor.<\/span><\/p>\n<p>&nbsp;<\/p>\n<p><a href=\"https:\/\/www.manquepierda.com\/historiarealbetis\/41215-hoy-hace-80-anos-1934-35-la-liga-que-ganamos-fc-barcelona-betis-balompie\/resultados-j-13\/\" rel=\"attachment wp-att-41233\"><img data-recalc-dims=\"1\" loading=\"lazy\" decoding=\"async\" class=\"aligncenter size-full wp-image-41233\" src=\"https:\/\/i0.wp.com\/www.manquepierda.com\/historiarealbetis\/files\/2015\/02\/Resultados-j-13.jpg?resize=307%2C152&#038;ssl=1\" alt=\"Resultados j-13\" width=\"307\" height=\"152\" srcset=\"https:\/\/i0.wp.com\/www.manquepierda.com\/historiarealbetis\/files\/2015\/02\/Resultados-j-13.jpg?w=307&amp;ssl=1 307w, https:\/\/i0.wp.com\/www.manquepierda.com\/historiarealbetis\/files\/2015\/02\/Resultados-j-13.jpg?resize=220%2C109&amp;ssl=1 220w\" sizes=\"auto, (max-width: 307px) 100vw, 307px\" \/><\/a><\/p>\n<p>&nbsp;<\/p>\n<p>&nbsp;<\/p>\n<p><a href=\"https:\/\/www.manquepierda.com\/historiarealbetis\/41215-hoy-hace-80-anos-1934-35-la-liga-que-ganamos-fc-barcelona-betis-balompie\/clasificacion-j-13\/\" rel=\"attachment wp-att-41234\"><img data-recalc-dims=\"1\" loading=\"lazy\" decoding=\"async\" class=\"aligncenter size-full wp-image-41234\" src=\"https:\/\/i0.wp.com\/www.manquepierda.com\/historiarealbetis\/files\/2015\/02\/Clasificaci%C3%B3n-j-13.jpg?resize=375%2C261&#038;ssl=1\" alt=\"Clasificaci\u00f3n j-13\" width=\"375\" height=\"261\" srcset=\"https:\/\/i0.wp.com\/www.manquepierda.com\/historiarealbetis\/files\/2015\/02\/Clasificaci%C3%B3n-j-13.jpg?w=375&amp;ssl=1 375w, https:\/\/i0.wp.com\/www.manquepierda.com\/historiarealbetis\/files\/2015\/02\/Clasificaci%C3%B3n-j-13.jpg?resize=220%2C153&amp;ssl=1 220w\" sizes=\"auto, (max-width: 375px) 100vw, 375px\" \/><\/a><\/p>\n","protected":false},"excerpt":{"rendered":"<p>&nbsp; La primera salida del Betis en la segunda vuelta es un campo dif\u00edcil: Las Corts, el terreno de juego del FC Barcelona. A la tradicional dificultad de jugar en campo adversario, se suma el clima de hostilidad que el Betis se va a encontrar en esta visita. Algo de lo que ya se habl\u00f3&#8230;<\/p>\n","protected":false},"author":5,"featured_media":41217,"comment_status":"open","ping_status":"open","sticky":false,"template":"","format":"standard","meta":{"_kad_post_transparent":"","_kad_post_title":"","_kad_post_layout":"","_kad_post_sidebar_id":"","_kad_post_content_style":"","_kad_post_vertical_padding":"","_kad_post_feature":"","_kad_post_feature_position":"","_kad_post_header":false,"_kad_post_footer":false,"_kad_post_classname":"","_jetpack_memberships_contains_paid_content":false,"footnotes":"","jetpack_publicize_message":"","jetpack_publicize_feature_enabled":true,"jetpack_social_post_already_shared":true,"jetpack_social_options":{"image_generator_settings":{"template":"highway","default_image_id":0,"font":"","enabled":false},"version":2}},"categories":[899,906,1],"tags":[2267,45,1154,17928],"class_list":["post-41215","post","type-post","status-publish","format-standard","has-post-thumbnail","hentry","category-1930-1939","category-investigacion-temas","category-portada","tag-1934-35","tag-45","tag-fc-barcelona","tag-liga-primera-1934-35"],"jetpack_publicize_connections":[],"jetpack_featured_media_url":"https:\/\/i0.wp.com\/www.manquepierda.com\/historiarealbetis\/files\/2015\/02\/02-25-Barcelona-Betis-2-Peral.jpg?fit=1031%2C466&ssl=1","jetpack_sharing_enabled":true,"jetpack_shortlink":"https:\/\/wp.me\/p1ij08-aIL","jetpack-related-posts":[],"_links":{"self":[{"href":"https:\/\/www.manquepierda.com\/historiarealbetis\/wp-json\/wp\/v2\/posts\/41215","targetHints":{"allow":["GET"]}}],"collection":[{"href":"https:\/\/www.manquepierda.com\/historiarealbetis\/wp-json\/wp\/v2\/posts"}],"about":[{"href":"https:\/\/www.manquepierda.com\/historiarealbetis\/wp-json\/wp\/v2\/types\/post"}],"author":[{"embeddable":true,"href":"https:\/\/www.manquepierda.com\/historiarealbetis\/wp-json\/wp\/v2\/users\/5"}],"replies":[{"embeddable":true,"href":"https:\/\/www.manquepierda.com\/historiarealbetis\/wp-json\/wp\/v2\/comments?post=41215"}],"version-history":[{"count":1,"href":"https:\/\/www.manquepierda.com\/historiarealbetis\/wp-json\/wp\/v2\/posts\/41215\/revisions"}],"predecessor-version":[{"id":97442,"href":"https:\/\/www.manquepierda.com\/historiarealbetis\/wp-json\/wp\/v2\/posts\/41215\/revisions\/97442"}],"wp:featuredmedia":[{"embeddable":true,"href":"https:\/\/www.manquepierda.com\/historiarealbetis\/wp-json\/wp\/v2\/media\/41217"}],"wp:attachment":[{"href":"https:\/\/www.manquepierda.com\/historiarealbetis\/wp-json\/wp\/v2\/media?parent=41215"}],"wp:term":[{"taxonomy":"category","embeddable":true,"href":"https:\/\/www.manquepierda.com\/historiarealbetis\/wp-json\/wp\/v2\/categories?post=41215"},{"taxonomy":"post_tag","embeddable":true,"href":"https:\/\/www.manquepierda.com\/historiarealbetis\/wp-json\/wp\/v2\/tags?post=41215"}],"curies":[{"name":"wp","href":"https:\/\/api.w.org\/{rel}","templated":true}]}}