{"id":41236,"date":"2015-02-25T07:30:02","date_gmt":"2015-02-25T06:30:02","guid":{"rendered":"http:\/\/www.manquepierda.com\/historiarealbetis\/?p=41236"},"modified":"2015-12-23T23:31:09","modified_gmt":"2015-12-23T22:31:09","slug":"jose-luis-garcia-traid","status":"publish","type":"post","link":"https:\/\/www.manquepierda.com\/historiarealbetis\/jose-luis-garcia-traid\/","title":{"rendered":"Jos\u00e9 Luis Garc\u00eda Traid"},"content":{"rendered":"<p><strong><a href=\"https:\/\/www.manquepierda.com\/historiarealbetis\/41236-jose-luis-garcia-traid\/jose-luis-garcia-traid-1\/\" rel=\"attachment wp-att-41237\"><img data-recalc-dims=\"1\" loading=\"lazy\" decoding=\"async\" class=\"aligncenter size-full wp-image-41237\" src=\"https:\/\/i0.wp.com\/www.manquepierda.com\/historiarealbetis\/files\/2015\/02\/Jos%C3%A9-Luis-Garcia-Traid-1.jpg?resize=328%2C393&#038;ssl=1\" alt=\"Jos\u00e9 Luis Garcia Traid-1\" width=\"328\" height=\"393\" srcset=\"https:\/\/i0.wp.com\/www.manquepierda.com\/historiarealbetis\/files\/2015\/02\/Jos%C3%A9-Luis-Garcia-Traid-1.jpg?w=328&amp;ssl=1 328w, https:\/\/i0.wp.com\/www.manquepierda.com\/historiarealbetis\/files\/2015\/02\/Jos%C3%A9-Luis-Garcia-Traid-1.jpg?resize=184%2C220&amp;ssl=1 184w\" sizes=\"auto, (max-width: 328px) 100vw, 328px\" \/><\/a><\/strong><\/p>\n<p><strong>Jos\u00e9 Luis Garc\u00eda Traid,\u00a0<\/strong>nacido en Zaragoza el 6 de abril de 1936 y fallecido en Zaragoza el 11 de enero de 1990.<\/p>\n<p>Su trayectoria de jugador profesional la inici\u00f3 en 1955 en el Real Zaragoza, siendo cedido durante un a\u00f1o al Levante. En 1957 volvi\u00f3 al club ma\u00f1o, donde estuvo hasta 1963 en que una lesi\u00f3n lo retir\u00f3 de los terrenos de juego. Comenz\u00f3 entonces su carrera de entrenador, inici\u00e1ndose con equipo juveniles hasta que en 1968 se hizo cargo de la SD Huesca, pasando en la temporada siguiente al filial zaragocista, el Deportivo Arag\u00f3n. En la temporada 70-71 se hizo cargo de la primera plantilla, supliendo a Domingo Balmanya, aunque no pudo evitar el descenso a Segunda Divisi\u00f3n.<\/p>\n<p>Su gran oportunidad le llega en la temporada 1972-73, en la que entrena a la UD Salamanca en Tercera Divisi\u00f3n y a la que asciende a Segunda al primer intento. Y en la temporada siguiente, 1973-74, clasifica al equipo charro en tercera posici\u00f3n y asciende a Primera Divisi\u00f3n. En solo dos campa\u00f1as pone al equipo blanquinegro en Primera Divisi\u00f3n, donde nunca hab\u00eda estado.<\/p>\n<p>De 1974 a 1978 es el t\u00e9cnico unionista, consiguiendo mantener al equipo en Primera Divisi\u00f3n sin pasar apuros. Es un t\u00e9cnico joven y con futuro.<\/p>\n<p>Y es en \u00e9l en quien se fija el Betis en 1978 para intentar retornar a Primera tras el batacazo que supuso el descenso de la temporada 1977-78. Gustaban de \u00e9l su juventud ( 42 a\u00f1os) \u00a0y su car\u00e1cter en\u00e9rgico, que se entend\u00eda necesario para sacar el m\u00e1ximo rendimiento de la plantilla.<\/p>\n<p>Con la idea de que el ascenso ser\u00eda una f\u00e1cil tarea el Betis se situ\u00f3 r\u00e1pidamente en los puestos de ascenso, aunque los apuros que se tuvieron para eliminar al San Fernando de la Copa\u00a0hicieron surgir las primeras tensiones.<\/p>\n<p>Al acabar la primera vuelta, y pese a perder en Los C\u00e1rmenes 1-0, el Betis es l\u00edder de la clasificaci\u00f3n. Sin embargo comienza a caer con facilidad en los desplazamientos (derrotas ante el Baracaldo, Alav\u00e9s y M\u00e1laga) que hacen que los perseguidores se le echen encima, adem\u00e1s de un baj\u00f3n considerable en el juego del equipo. La derrota en casa ante el Ja\u00e9n en abril precipita su cese fulminante y su sustituci\u00f3n por Le\u00f3n Lasa, con quien el equipo conseguir\u00eda el ascenso en una jornada final ag\u00f3nica en el Villamar\u00edn frente al Granada.<\/p>\n<p>Jos\u00e9 Luis Garc\u00eda Traid dirigi\u00f3 al Betis en 28 partidos de Liga (12 victorias, 9 empates y 7 derrotas), 6 de Copa ( 2 victorias, 2 empates y 2 derrotas) y 8 amistosos ( 4 victorias, 3 empates y 1 derrota).<\/p>\n<p>Posteriormente entren\u00f3 al Burgos, Atl\u00e9tico de Madrid,\u00a0Valladolid, Salamanca, Celta, H\u00e9rcules y de nuevo Salamanca, siendo la temporada 1988-89 la \u00faltima en los banquillos.<\/p>\n<p>En 1990 falleci\u00f3 a consecuencia de un problema card\u00edaco durante una operaci\u00f3n de cirug\u00eda est\u00e9tica.<\/p>\n","protected":false},"excerpt":{"rendered":"<p>Jos\u00e9 Luis Garc\u00eda Traid,\u00a0nacido en Zaragoza el 6 de abril de 1936 y fallecido en Zaragoza el 11 de enero de 1990. Su trayectoria de jugador profesional la inici\u00f3 en 1955 en el Real Zaragoza, siendo cedido durante un a\u00f1o al Levante. En 1957 volvi\u00f3 al club ma\u00f1o, donde estuvo hasta 1963 en que una&#8230;<\/p>\n","protected":false},"author":5,"featured_media":41237,"comment_status":"open","ping_status":"open","sticky":false,"template":"","format":"standard","meta":{"_kad_post_transparent":"","_kad_post_title":"","_kad_post_layout":"","_kad_post_sidebar_id":"","_kad_post_content_style":"","_kad_post_vertical_padding":"","_kad_post_feature":"","_kad_post_feature_position":"","_kad_post_header":false,"_kad_post_footer":false,"_kad_post_classname":"","_jetpack_memberships_contains_paid_content":false,"footnotes":"","jetpack_publicize_message":"","jetpack_publicize_feature_enabled":true,"jetpack_social_post_already_shared":true,"jetpack_social_options":{"image_generator_settings":{"template":"highway","default_image_id":0,"font":"","enabled":false},"version":2}},"categories":[892,1],"tags":[1098],"class_list":["post-41236","post","type-post","status-publish","format-standard","has-post-thumbnail","hentry","category-entrenadores-temas","category-portada","tag-jose-luis-garcia-traid"],"jetpack_publicize_connections":[],"jetpack_featured_media_url":"https:\/\/i0.wp.com\/www.manquepierda.com\/historiarealbetis\/files\/2015\/02\/Jos%C3%A9-Luis-Garcia-Traid-1.jpg?fit=328%2C393&ssl=1","jetpack_sharing_enabled":true,"jetpack_shortlink":"https:\/\/wp.me\/p1ij08-aJ6","jetpack-related-posts":[],"_links":{"self":[{"href":"https:\/\/www.manquepierda.com\/historiarealbetis\/wp-json\/wp\/v2\/posts\/41236","targetHints":{"allow":["GET"]}}],"collection":[{"href":"https:\/\/www.manquepierda.com\/historiarealbetis\/wp-json\/wp\/v2\/posts"}],"about":[{"href":"https:\/\/www.manquepierda.com\/historiarealbetis\/wp-json\/wp\/v2\/types\/post"}],"author":[{"embeddable":true,"href":"https:\/\/www.manquepierda.com\/historiarealbetis\/wp-json\/wp\/v2\/users\/5"}],"replies":[{"embeddable":true,"href":"https:\/\/www.manquepierda.com\/historiarealbetis\/wp-json\/wp\/v2\/comments?post=41236"}],"version-history":[{"count":0,"href":"https:\/\/www.manquepierda.com\/historiarealbetis\/wp-json\/wp\/v2\/posts\/41236\/revisions"}],"wp:featuredmedia":[{"embeddable":true,"href":"https:\/\/www.manquepierda.com\/historiarealbetis\/wp-json\/wp\/v2\/media\/41237"}],"wp:attachment":[{"href":"https:\/\/www.manquepierda.com\/historiarealbetis\/wp-json\/wp\/v2\/media?parent=41236"}],"wp:term":[{"taxonomy":"category","embeddable":true,"href":"https:\/\/www.manquepierda.com\/historiarealbetis\/wp-json\/wp\/v2\/categories?post=41236"},{"taxonomy":"post_tag","embeddable":true,"href":"https:\/\/www.manquepierda.com\/historiarealbetis\/wp-json\/wp\/v2\/tags?post=41236"}],"curies":[{"name":"wp","href":"https:\/\/api.w.org\/{rel}","templated":true}]}}