{"id":41263,"date":"2015-02-27T07:33:34","date_gmt":"2015-02-27T06:33:34","guid":{"rendered":"http:\/\/www.manquepierda.com\/historiarealbetis\/?p=41263"},"modified":"2024-09-09T18:09:59","modified_gmt":"2024-09-09T16:09:59","slug":"mirandes-betis-copa-2005","status":"publish","type":"post","link":"https:\/\/www.manquepierda.com\/historiarealbetis\/mirandes-betis-copa-2005\/","title":{"rendered":"Mirand\u00e9s-Betis Copa 2005"},"content":{"rendered":"<figure id=\"attachment_41264\" aria-describedby=\"caption-attachment-41264\" style=\"width: 680px\" class=\"wp-caption aligncenter\"><a href=\"https:\/\/www.manquepierda.com\/historiarealbetis\/41263-mirandes-betis-copa-2005\/mirandes-betis-copa-2005-oliveira-abc-13-01-2005\/\" rel=\"attachment wp-att-41264\"><img data-recalc-dims=\"1\" loading=\"lazy\" decoding=\"async\" class=\"wp-image-41264 size-medium\" src=\"https:\/\/i0.wp.com\/www.manquepierda.com\/historiarealbetis\/files\/2015\/02\/Mirand%C3%A9s-Betis-Copa-2005-Oliveira-ABC-13-01-2005.jpg?resize=680%2C460&#038;ssl=1\" alt=\"Mirand\u00e9s-Betis Copa 2005 Oliveira ABC 13-01-2005\" width=\"680\" height=\"460\" srcset=\"https:\/\/i0.wp.com\/www.manquepierda.com\/historiarealbetis\/files\/2015\/02\/Mirand%C3%A9s-Betis-Copa-2005-Oliveira-ABC-13-01-2005.jpg?resize=680%2C460&amp;ssl=1 680w, https:\/\/i0.wp.com\/www.manquepierda.com\/historiarealbetis\/files\/2015\/02\/Mirand%C3%A9s-Betis-Copa-2005-Oliveira-ABC-13-01-2005.jpg?resize=220%2C149&amp;ssl=1 220w, https:\/\/i0.wp.com\/www.manquepierda.com\/historiarealbetis\/files\/2015\/02\/Mirand%C3%A9s-Betis-Copa-2005-Oliveira-ABC-13-01-2005.jpg?resize=75%2C52&amp;ssl=1 75w, https:\/\/i0.wp.com\/www.manquepierda.com\/historiarealbetis\/files\/2015\/02\/Mirand%C3%A9s-Betis-Copa-2005-Oliveira-ABC-13-01-2005.jpg?w=721&amp;ssl=1 721w\" sizes=\"auto, (max-width: 680px) 100vw, 680px\" \/><\/a><figcaption id=\"caption-attachment-41264\" class=\"wp-caption-text\">Fuente: ABC 13 de enero de 2005<\/figcaption><\/figure>\n<p>&nbsp;<\/p>\n<p>12 de enero de 2005 en Anduva \u00a0Mirand\u00e9s 1 Betis 3; \u00a0partido de ida de los octavos de final de la Copa.<\/p>\n<p>En la imagen Ricardo Oliveira celebra el tanto que marc\u00f3 en el minuto 75 y que puso al Betis por delante.<\/p>\n<p>En el minuto 46 Rodri marc\u00f3 el 1-0, pero en dos minutos el Betis le di\u00f3 la vuelta al marcador. As\u00ed Edu empat\u00f3 en el 74 y Oliveira en el 75, mientras que Israel en el 90 hizo el definitivo 1-3.<\/p>\n<p>C\u00e1ndido Arroyo entrenaba al Mirand\u00e9s y Lorenzo Serra al Betis.<\/p>\n","protected":false},"excerpt":{"rendered":"<p>&nbsp; 12 de enero de 2005 en Anduva \u00a0Mirand\u00e9s 1 Betis 3; \u00a0partido de ida de los octavos de final de la Copa. En la imagen Ricardo Oliveira celebra el tanto que marc\u00f3 en el minuto 75 y que puso al Betis por delante. En el minuto 46 Rodri marc\u00f3 el 1-0, pero en dos&#8230;<\/p>\n","protected":false},"author":5,"featured_media":41264,"comment_status":"open","ping_status":"open","sticky":false,"template":"","format":"standard","meta":{"_kad_post_transparent":"","_kad_post_title":"","_kad_post_layout":"","_kad_post_sidebar_id":"","_kad_post_content_style":"","_kad_post_vertical_padding":"","_kad_post_feature":"","_kad_post_feature_position":"","_kad_post_header":false,"_kad_post_footer":false,"_kad_post_classname":"","_jetpack_memberships_contains_paid_content":false,"footnotes":"","jetpack_publicize_message":"","jetpack_publicize_feature_enabled":true,"jetpack_social_post_already_shared":true,"jetpack_social_options":{"image_generator_settings":{"template":"highway","default_image_id":0,"font":"","enabled":false},"version":2}},"categories":[4823,1],"tags":[5910,1630,11165,17840,1046],"class_list":["post-41263","post","type-post","status-publish","format-standard","has-post-thumbnail","hentry","category-2000-2009","category-portada","tag-2004-05","tag-1630","tag-cd-mirandes","tag-copa-2004-05","tag-ricardo-oliveira"],"jetpack_publicize_connections":[],"jetpack_featured_media_url":"https:\/\/i0.wp.com\/www.manquepierda.com\/historiarealbetis\/files\/2015\/02\/Mirand%C3%A9s-Betis-Copa-2005-Oliveira-ABC-13-01-2005.jpg?fit=721%2C488&ssl=1","jetpack_sharing_enabled":true,"jetpack_shortlink":"https:\/\/wp.me\/p1ij08-aJx","jetpack-related-posts":[],"_links":{"self":[{"href":"https:\/\/www.manquepierda.com\/historiarealbetis\/wp-json\/wp\/v2\/posts\/41263","targetHints":{"allow":["GET"]}}],"collection":[{"href":"https:\/\/www.manquepierda.com\/historiarealbetis\/wp-json\/wp\/v2\/posts"}],"about":[{"href":"https:\/\/www.manquepierda.com\/historiarealbetis\/wp-json\/wp\/v2\/types\/post"}],"author":[{"embeddable":true,"href":"https:\/\/www.manquepierda.com\/historiarealbetis\/wp-json\/wp\/v2\/users\/5"}],"replies":[{"embeddable":true,"href":"https:\/\/www.manquepierda.com\/historiarealbetis\/wp-json\/wp\/v2\/comments?post=41263"}],"version-history":[{"count":1,"href":"https:\/\/www.manquepierda.com\/historiarealbetis\/wp-json\/wp\/v2\/posts\/41263\/revisions"}],"predecessor-version":[{"id":98945,"href":"https:\/\/www.manquepierda.com\/historiarealbetis\/wp-json\/wp\/v2\/posts\/41263\/revisions\/98945"}],"wp:featuredmedia":[{"embeddable":true,"href":"https:\/\/www.manquepierda.com\/historiarealbetis\/wp-json\/wp\/v2\/media\/41264"}],"wp:attachment":[{"href":"https:\/\/www.manquepierda.com\/historiarealbetis\/wp-json\/wp\/v2\/media?parent=41263"}],"wp:term":[{"taxonomy":"category","embeddable":true,"href":"https:\/\/www.manquepierda.com\/historiarealbetis\/wp-json\/wp\/v2\/categories?post=41263"},{"taxonomy":"post_tag","embeddable":true,"href":"https:\/\/www.manquepierda.com\/historiarealbetis\/wp-json\/wp\/v2\/tags?post=41263"}],"curies":[{"name":"wp","href":"https:\/\/api.w.org\/{rel}","templated":true}]}}