{"id":41279,"date":"2015-02-26T02:07:49","date_gmt":"2015-02-26T01:07:49","guid":{"rendered":"http:\/\/www.manquepierda.com\/historiarealbetis\/?p=41279"},"modified":"2024-10-18T06:55:29","modified_gmt":"2024-10-18T04:55:29","slug":"1912-1915-1965-futbol-federativo-en-andalucia-centenario-federacion-andaluza-futbol","status":"publish","type":"post","link":"https:\/\/www.manquepierda.com\/historiarealbetis\/1912-1915-1965-futbol-federativo-en-andalucia-centenario-federacion-andaluza-futbol\/","title":{"rendered":"1965-Mayo 07-F\u00fatbol Federativo Andaluc\u00eda.-101Aniversario Federaci\u00f3n Andaluza F\u00fatbol."},"content":{"rendered":"<p style=\"text-align: center\"><strong>1912-DICIEMBRE 12-JUEVES.-Diario \u00abEL LIBERAL\u00bb:<br \/>\n<\/strong><\/p>\n<p style=\"text-align: center\"><em><strong>\u00ab<\/strong><strong>Hace m\u00e1s de un a\u00f1o surgi\u00f3 la idea entre varios entusiastas foot-ballistas, de constituir en Sevilla la<\/strong><\/em><\/p>\n<p style=\"text-align: center\"><em><strong>\u00abFEDERACI\u00d3N DE CLUBS DE FOOT-BALL DE ANDALUC\u00cdA\u00bb<\/strong><\/em><\/p>\n<p style=\"text-align: center\"><em><strong>Pero la diversidad de criterios que por entonces predominaban,<\/strong><\/em><\/p>\n<p style=\"text-align: center\"><strong>[Sociedad SEVILLA BALOMPI\u00c9,&nbsp; Sevilla FbC,&nbsp; BETIS FbC y Club Recreativo Sevilla (a) \u00abRecreativo de la Calzada}<\/strong><\/p>\n<p style=\"text-align: justify\"><em><strong>hizo que los amantes por la federaci\u00f3n no consiguieran ver realizadas sus aspiraciones y a pesar de muchas dificultades que al paso se les presentaba,&nbsp; no por eso desmayaron un s\u00f3lo instante,&nbsp; confiando siempre en conseguir que la federaci\u00f3n llegar\u00eda a ser un hecho,&nbsp; por entender que con ella se conseguir\u00eda que todos los elementos valiosos que en Sevilla existen y que hasta hoy pasan desapercibidos ante tan democr\u00e1tico sport,&nbsp; prestasen su cooperaci\u00f3n a ese n\u00facleo de j\u00f3venes que con su voluntad de hierro trabajan lo indecible para que el foot-ball,&nbsp; su juego predilecto,&nbsp; arraigue de una manera firme,&nbsp; al igual que en todas las capitales de Espa\u00f1a\u00bb.<\/strong><\/em><\/p>\n<p style=\"text-align: center\"><strong>1915-FEBRERO.-Se elige Junta Directiva:<\/strong><\/p>\n<p style=\"text-align: center\"><strong>\u00abFEDERACI\u00d3N NOVENA DE CLUBES DE FOOT-BALL\u00bb<\/strong><\/p>\n<p style=\"text-align: center\"><strong>1915-MAYO 31-Lunes:<\/strong><\/p>\n<p style=\"text-align: justify\"><strong>La Federaci\u00f3n Novena de Clubes de Foot-Ball se da de alta en el Registro Civil de Sevilla-Libro de Asociaciones asiento n\u00ba 900 con competencia para organizar f\u00fatbol en la zona Sur (Andaluc\u00eda),&nbsp; Extremadura y Canarias.<\/strong><\/p>\n<p style=\"text-align: center\"><strong>1915-NOVIEMBRE 21-Domingo:&nbsp;&nbsp; <\/strong><\/p>\n<p style=\"text-align: center\"><strong><em>\u00abI CAMPEONATO DE ANDALUC\u00cdA Y CANARIAS\u00bb.<\/em><\/strong><\/p>\n<p style=\"text-align: center\"><strong>1917-ENERO 20-S\u00e1bado.<\/strong><\/p>\n<p style=\"text-align: justify\"><strong>N\u00ba 160-\u00abDEPORTES\u00bb-Revista decenal dedicada \u00e1 los aficionados a los deportes, teatro y toros\u00bb: \u00abFEDERACI\u00d3N REGIONAL SUR\u00bb.<\/strong><\/p>\n<hr>\n<p style=\"text-align: center\"><a href=\"https:\/\/www.manquepierda.com\/historiarealbetis\/41279-1912-1915-1965-futbol-federativo-en-andalucia-centenario-federacion-andaluza-futbol\/1965-bofaf\/\" rel=\"attachment wp-att-41285\"><img data-recalc-dims=\"1\" loading=\"lazy\" decoding=\"async\" class=\"aligncenter size-thumbnail wp-image-41285\" src=\"https:\/\/i0.wp.com\/www.manquepierda.com\/historiarealbetis\/files\/2015\/02\/1965-BOFAF.jpg?resize=169%2C220&#038;ssl=1\" alt=\"1965 BOFAF\" width=\"169\" height=\"220\" srcset=\"https:\/\/i0.wp.com\/www.manquepierda.com\/historiarealbetis\/files\/2015\/02\/1965-BOFAF.jpg?resize=169%2C220&amp;ssl=1 169w, https:\/\/i0.wp.com\/www.manquepierda.com\/historiarealbetis\/files\/2015\/02\/1965-BOFAF.jpg?w=400&amp;ssl=1 400w\" sizes=\"auto, (max-width: 169px) 100vw, 169px\" \/><\/a><strong>1965-MARZO 17-Mi\u00e9rcoles:<\/strong><\/p>\n<p style=\"text-align: justify\"><em><strong>\u00abEl presidente don Jos\u00e9 Mar\u00eda Pi\u00f1ar y Miura,&nbsp; se reuni\u00f3 con los delegados provinciales del organismo para llevar a efecto un amplio cambio de impresiones sobre las pr\u00f3ximas bodas de oro de la FEDERACI\u00d3N ANDALUZA DE F\u00daTBOL,&nbsp; que se celebrar\u00e1n los d\u00edas 7 (jueves) y 8 (viernes) de Mayo pr\u00f3ximo.<br \/>\n<\/strong><\/em><\/p>\n<p style=\"text-align: center\"><em><strong>Dar\u00e1n comienzos los actos con la celebraci\u00f3n de la santa misa ante la patrona de Sevilla, la Virgen de los Reyes.<\/strong><\/em><\/p>\n<p style=\"text-align: justify\"><em><strong>Seguidamente en un lugar no designado a\u00fan, se tendr\u00e1 la recepci\u00f3n oficial de personalidades deportivas que asistan a la conmemoraci\u00f3n,&nbsp; procedi\u00e9ndose en el transcurso del acto a la entrega de medallas conmemorativas de las Bodas de Oro.&nbsp; Se tratar\u00e1 de simples medallas conmemorativas.<\/strong><\/em><\/p>\n<p style=\"text-align: justify\"><em><strong>Por la noche se celebrar\u00e1 el partido internacional&nbsp; entre la selecci\u00f3n Andaluza y la selecci\u00f3n de Paraguay, en el estadio \u00abS\u00e1nchez-Pizju\u00e1n\u00bb.<\/strong><\/em><\/p>\n<p style=\"text-align: justify\"><em><strong>Siendo muy digno de ser subrayado que la selecci\u00f3n del Paraguay debutar\u00eda en Sevilla como primer lugar de una serie de encuentros que disputar\u00e1 en Europa con vistas a la preparaci\u00f3n de los Campeonatos del Mundo,&nbsp; en Londres,&nbsp; durante 1966.<\/strong><\/em><\/p>\n<p style=\"text-align: justify\"><em><strong>C\u00f3mo pr\u00f3logo del mencionado encuentro internacional,&nbsp; se celebrar\u00e1 un desfile de clubes y sociedades deportivas afectas al organismo regional.<\/strong><\/em><\/p>\n<p style=\"text-align: justify\"><em><strong>El s\u00e1bado 08,&nbsp; a primera hora de la tarde tendr\u00e1 lugar el banquete oficial,&nbsp; y,&nbsp; por la noche,&nbsp; a la misma hora del d\u00eda anterior,&nbsp; se jugar\u00e1 otro partido de f\u00fatbol entre la selecci\u00f3n Juvenil Andaluc\u00eda y una selecci\u00f3n o club no designado todav\u00eda,&nbsp; aunque es muy probable&#8211;ya que a tal efecto se est\u00e1n realizando las oportunas gestiones&#8211;que visite nuestra Ciudad la selecci\u00f3n de Lisboa,&nbsp; el Sport Lisboa Benfica o una selecci\u00f3n de Marruecos\u00bb.<\/strong><\/em><\/p>\n<p style=\"text-align: center\"><em><strong>63-MEDALLAS CONMEMORATIVAS:<\/strong><\/em><\/p>\n<p style=\"text-align: justify\"><strong>\u00abUn n\u00famero elevado de jugadores que singularizan los 25 primeros a\u00f1os del balompi\u00e9 andaluz,&nbsp; y que no estuvieron en activos despu\u00e9s de 1939,&nbsp; han sido convocados por la Regional para hacerles entrega de medallas conmemorativas\u00bb.<\/strong><\/p>\n<p style=\"text-align: center\"><strong>REAL BETIS BALOMPI\u00c9:<\/strong><\/p>\n<figure id=\"attachment_49352\" aria-describedby=\"caption-attachment-49352\" style=\"width: 486px\" class=\"wp-caption aligncenter\"><img data-recalc-dims=\"1\" loading=\"lazy\" decoding=\"async\" class=\"size-full wp-image-49352\" src=\"https:\/\/i0.wp.com\/www.manquepierda.com\/historiarealbetis\/files\/2015\/02\/19650507EAIA1.jpg?resize=486%2C532&#038;ssl=1\" alt=\"Medalla Plata Bodas Oro FAF-Anverso Enrique A\u00f1ino Ilzarbe de Andueza,\" width=\"486\" height=\"532\" srcset=\"https:\/\/i0.wp.com\/www.manquepierda.com\/historiarealbetis\/files\/2015\/02\/19650507EAIA1.jpg?w=486&amp;ssl=1 486w, https:\/\/i0.wp.com\/www.manquepierda.com\/historiarealbetis\/files\/2015\/02\/19650507EAIA1.jpg?resize=201%2C220&amp;ssl=1 201w\" sizes=\"auto, (max-width: 486px) 100vw, 486px\" \/><figcaption id=\"caption-attachment-49352\" class=\"wp-caption-text\">Medalla Plata Bodas Oro FAF-Anverso Enrique A\u00f1ino Ilzarbe de Andueza: 73 A\u00f1os menos 13 d\u00edas.-ANVERSO.<\/figcaption><\/figure>\n<figure id=\"attachment_49353\" aria-describedby=\"caption-attachment-49353\" style=\"width: 458px\" class=\"wp-caption aligncenter\"><img data-recalc-dims=\"1\" loading=\"lazy\" decoding=\"async\" class=\"size-full wp-image-49353\" src=\"https:\/\/i0.wp.com\/www.manquepierda.com\/historiarealbetis\/files\/2015\/02\/19650507EAIA2.jpg?resize=458%2C521&#038;ssl=1\" alt=\"Reverso Medalla Plata Bodas Oro Federaci\u00f3n Andaluza F\u00fatbol-Enrique A\u00f1ino Ilzarbe de Andueza.\" width=\"458\" height=\"521\" srcset=\"https:\/\/i0.wp.com\/www.manquepierda.com\/historiarealbetis\/files\/2015\/02\/19650507EAIA2.jpg?w=458&amp;ssl=1 458w, https:\/\/i0.wp.com\/www.manquepierda.com\/historiarealbetis\/files\/2015\/02\/19650507EAIA2.jpg?resize=193%2C220&amp;ssl=1 193w\" sizes=\"auto, (max-width: 458px) 100vw, 458px\" \/><figcaption id=\"caption-attachment-49353\" class=\"wp-caption-text\">Reverso Medalla Plata Bodas Oro Federaci\u00f3n Andaluza F\u00fatbol-Enrique A\u00f1ino Ilzarbe de Andueza.<\/figcaption><\/figure>\n<p style=\"text-align: center\"><strong>MEDALLA PLATA BODAS ORO FEDERACI\u00d3N ANDALUZA F\u00daTBOL ENTREGADA A:<\/strong><\/p>\n<p style=\"text-align: center\"><a href=\"https:\/\/www.manquepierda.com\/historiarealbetis\/41279-1912-1915-1965-futbol-federativo-en-andalucia-centenario-federacion-andaluza-futbol\/eaia-ssb1910\/\" rel=\"attachment wp-att-41292\"><img data-recalc-dims=\"1\" loading=\"lazy\" decoding=\"async\" class=\"aligncenter size-full wp-image-41292\" src=\"https:\/\/i0.wp.com\/www.manquepierda.com\/historiarealbetis\/files\/2015\/02\/EAIA-SSB1910.jpg?resize=290%2C342&#038;ssl=1\" alt=\"EAIA-SSB1910\" width=\"290\" height=\"342\" srcset=\"https:\/\/i0.wp.com\/www.manquepierda.com\/historiarealbetis\/files\/2015\/02\/EAIA-SSB1910.jpg?w=290&amp;ssl=1 290w, https:\/\/i0.wp.com\/www.manquepierda.com\/historiarealbetis\/files\/2015\/02\/EAIA-SSB1910.jpg?resize=187%2C220&amp;ssl=1 187w\" sizes=\"auto, (max-width: 290px) 100vw, 290px\" \/><\/a><em><strong>Enrique A\u00d1INO Ilzarbe de Andueza-PLATA-(En estuche de \u00abJoyer\u00eda Delm\u00e1s\u00bb-Campana N\u00ba 7-Sevilla).<\/strong><\/em><\/p>\n<p style=\"text-align: center\"><strong>ESPA\u00d1A BALOMPI\u00c9-SOCIEDAD SEVILLA BALOMPI\u00c9-REAL BETIS BALOMPI\u00c9.<\/strong><\/p>\n<p style=\"text-align: center\"><strong>Guardameta.-Medio.-Delantero-Extremo Ambidiestro.<\/strong><\/p>\n<figure id=\"attachment_49354\" aria-describedby=\"caption-attachment-49354\" style=\"width: 656px\" class=\"wp-caption aligncenter\"><img data-recalc-dims=\"1\" loading=\"lazy\" decoding=\"async\" class=\"size-medium wp-image-49354\" src=\"https:\/\/i0.wp.com\/www.manquepierda.com\/historiarealbetis\/files\/2015\/02\/1965EAIA-SEO-RBB.jpg?resize=656%2C600&#038;ssl=1\" alt=\"Catedral Sevilla-Capilla Virgen de los Reyes-Tedeum Real Betis Balompi\u00e9.\" width=\"656\" height=\"600\" srcset=\"https:\/\/i0.wp.com\/www.manquepierda.com\/historiarealbetis\/files\/2015\/02\/1965EAIA-SEO-RBB.jpg?resize=656%2C600&amp;ssl=1 656w, https:\/\/i0.wp.com\/www.manquepierda.com\/historiarealbetis\/files\/2015\/02\/1965EAIA-SEO-RBB.jpg?resize=220%2C201&amp;ssl=1 220w, https:\/\/i0.wp.com\/www.manquepierda.com\/historiarealbetis\/files\/2015\/02\/1965EAIA-SEO-RBB.jpg?w=750&amp;ssl=1 750w\" sizes=\"auto, (max-width: 656px) 100vw, 656px\" \/><figcaption id=\"caption-attachment-49354\" class=\"wp-caption-text\">Catedral Sevilla-Capilla Virgen de los Reyes-Tedeum Real Betis Balompi\u00e9.-<em><strong>Enrique A\u00f1ino Ilzarbe de Andueza: de izquierda a derecha foto Miguel. segunda fila, a su derecha Fernando Mu\u00f1oz Estudillo.<br \/><\/strong><\/em><\/figcaption><\/figure>\n<p style=\"text-align: justify\"><strong>73 A\u00f1os menos 13 d\u00edas.-SEVILLA,&nbsp; viernes 20-Mayo-1892.-SEVILLA,&nbsp; jueves 17-Septiembre-1981.-89 A\u00f1os+4 meses menos 3 d\u00edas.-D. E. P.<\/strong><\/p>\n<p style=\"text-align: justify\"><a href=\"https:\/\/www.manquepierda.com\/historiarealbetis\/41279-1912-1915-1965-futbol-federativo-en-andalucia-centenario-federacion-andaluza-futbol\/adolfito-adolfo-sancho-carrillo-de-albornoz-5\/\" rel=\"attachment wp-att-41293\"><img data-recalc-dims=\"1\" loading=\"lazy\" decoding=\"async\" class=\"aligncenter size-thumbnail wp-image-41293\" src=\"https:\/\/i0.wp.com\/www.manquepierda.com\/historiarealbetis\/files\/2015\/02\/ADOLFITO-Adolfo-Sancho-Carrillo-De-Albornoz.jpg?resize=145%2C220&#038;ssl=1\" alt=\"ADOLFITO-Adolfo Sancho Carrillo De Albornoz\" width=\"145\" height=\"220\" srcset=\"https:\/\/i0.wp.com\/www.manquepierda.com\/historiarealbetis\/files\/2015\/02\/ADOLFITO-Adolfo-Sancho-Carrillo-De-Albornoz.jpg?resize=145%2C220&amp;ssl=1 145w, https:\/\/i0.wp.com\/www.manquepierda.com\/historiarealbetis\/files\/2015\/02\/ADOLFITO-Adolfo-Sancho-Carrillo-De-Albornoz.jpg?w=236&amp;ssl=1 236w\" sizes=\"auto, (max-width: 145px) 100vw, 145px\" \/><\/a><strong>ADOLFO Sancho Carrillo De Albornoz (a) \u00abADOLFITO-ADOLFO I\u00bb.-Medio Zurdo.-Temporadas 1925-1926 \u00e1 1934-1935,&nbsp; ambas inclusive.<\/strong><\/p>\n<p style=\"text-align: justify\"><strong>59 A\u00f1os+11 meses menos 11 d\u00edas.-SEVILLA,&nbsp; domingo 18-Junio-1905.-SEVILLA,&nbsp; lunes 13-Enero-1975.-69 A\u00f1os+7 meses menos 5 d\u00edas.-D. E. P.<\/strong><\/p>\n<p style=\"text-align: justify\"><a href=\"https:\/\/www.manquepierda.com\/historiarealbetis\/41279-1912-1915-1965-futbol-federativo-en-andalucia-centenario-federacion-andaluza-futbol\/romerito-antonio-romero-rodriguez-5\/\" rel=\"attachment wp-att-41294\"><img data-recalc-dims=\"1\" loading=\"lazy\" decoding=\"async\" class=\"aligncenter size-thumbnail wp-image-41294\" src=\"https:\/\/i0.wp.com\/www.manquepierda.com\/historiarealbetis\/files\/2015\/02\/ROMERITO-Antonio-Romero-Rodr%C3%ADguez.jpg?resize=126%2C220&#038;ssl=1\" alt=\"ROMERITO-Antonio Romero Rodr\u00edguez\" width=\"126\" height=\"220\" srcset=\"https:\/\/i0.wp.com\/www.manquepierda.com\/historiarealbetis\/files\/2015\/02\/ROMERITO-Antonio-Romero-Rodr%C3%ADguez.jpg?resize=126%2C220&amp;ssl=1 126w, https:\/\/i0.wp.com\/www.manquepierda.com\/historiarealbetis\/files\/2015\/02\/ROMERITO-Antonio-Romero-Rodr%C3%ADguez.jpg?resize=345%2C600&amp;ssl=1 345w, https:\/\/i0.wp.com\/www.manquepierda.com\/historiarealbetis\/files\/2015\/02\/ROMERITO-Antonio-Romero-Rodr%C3%ADguez.jpg?w=370&amp;ssl=1 370w\" sizes=\"auto, (max-width: 126px) 100vw, 126px\" \/><\/a><strong>Antonio Romero Rodr\u00edguez (a) \u00abROMERITO\u00bb.-Medio volante-Delantero Interior y Extremo.-Temporadas 1924-1925 \u00e1 1929-1930,&nbsp; ambas inclusive.<br \/>\n<\/strong><\/p>\n<p style=\"text-align: center\"><a href=\"https:\/\/www.manquepierda.com\/historiarealbetis\/41279-1912-1915-1965-futbol-federativo-en-andalucia-centenario-federacion-andaluza-futbol\/tenorio-3\/\" rel=\"attachment wp-att-41295\"><img data-recalc-dims=\"1\" loading=\"lazy\" decoding=\"async\" class=\"aligncenter size-full wp-image-41295\" src=\"https:\/\/i0.wp.com\/www.manquepierda.com\/historiarealbetis\/files\/2015\/02\/TENORIO.jpg?resize=132%2C184&#038;ssl=1\" alt=\"TENORIO\" width=\"132\" height=\"184\"><\/a><strong>Antonio TENORIO Mart\u00ednez.-Zaguero y Delantero.-Temporadas 1923-1924 \u00e1 1931-1932, ambas inclusive.<\/strong><\/p>\n<p style=\"text-align: center\"><strong>62 A\u00f1os.-SEVILLA,&nbsp; 00-00-1903.-SEVILLA, mi\u00e9rcoles 21-Abril-1982.-79 A\u00f1os.-D. E. P.<\/strong><\/p>\n<p style=\"text-align: center\"><img data-recalc-dims=\"1\" loading=\"lazy\" decoding=\"async\" class=\"aligncenter size-thumbnail wp-image-49355\" src=\"https:\/\/i0.wp.com\/www.manquepierda.com\/historiarealbetis\/files\/2015\/02\/Jes%C3%BAs-JIM%C3%89NEZ-Santos.jpg?resize=144%2C220&#038;ssl=1\" alt=\"Jes\u00fas JIM\u00c9NEZ Santos\" width=\"144\" height=\"220\" srcset=\"https:\/\/i0.wp.com\/www.manquepierda.com\/historiarealbetis\/files\/2015\/02\/Jes%C3%BAs-JIM%C3%89NEZ-Santos.jpg?resize=144%2C220&amp;ssl=1 144w, https:\/\/i0.wp.com\/www.manquepierda.com\/historiarealbetis\/files\/2015\/02\/Jes%C3%BAs-JIM%C3%89NEZ-Santos.jpg?w=194&amp;ssl=1 194w\" sizes=\"auto, (max-width: 144px) 100vw, 144px\" \/><\/p>\n<p style=\"text-align: center\"><strong>Jes\u00fas JIM\u00c9NEZ Santos (a) \u00abEl Zurdo\u00bb.-Zaguero.-Temporadas 1925-1926 \u00e1 1932-1933,&nbsp; ambas inclusive.<\/strong><\/p>\n<p style=\"text-align: center\"><img data-recalc-dims=\"1\" loading=\"lazy\" decoding=\"async\" class=\"aligncenter size-thumbnail wp-image-49356\" src=\"https:\/\/i0.wp.com\/www.manquepierda.com\/historiarealbetis\/files\/2015\/02\/Jos%C3%A9-EST%C3%89VEZ-Al%C3%A9.png?resize=188%2C220&#038;ssl=1\" alt=\"Jos\u00e9 EST\u00c9VEZ Al\u00e9\" width=\"188\" height=\"220\" srcset=\"https:\/\/i0.wp.com\/www.manquepierda.com\/historiarealbetis\/files\/2015\/02\/Jos%C3%A9-EST%C3%89VEZ-Al%C3%A9.png?resize=188%2C220&amp;ssl=1 188w, https:\/\/i0.wp.com\/www.manquepierda.com\/historiarealbetis\/files\/2015\/02\/Jos%C3%A9-EST%C3%89VEZ-Al%C3%A9.png?w=191&amp;ssl=1 191w\" sizes=\"auto, (max-width: 188px) 100vw, 188px\" \/><\/p>\n<p style=\"text-align: center\"><strong>Jos\u00e9 EST\u00c9VEZ AL\u00c9.-Medio Centro.-Temporadas 1925-1926 \u00e1 1929-1930,&nbsp; ambas inclusive.<\/strong><\/p>\n<p style=\"text-align: justify\"><strong>61 A\u00f1os+5 meses menos 1 d\u00eda.-SEVILLA,&nbsp; martes 08-Diciembre-1903.-SEVILLA,&nbsp; s\u00e1bado 17-Abril-1993.-89 A\u00f1os+4 meses+9 d\u00edas.-D. E. P.<\/strong><\/p>\n<p style=\"text-align: center\"><a href=\"https:\/\/www.manquepierda.com\/historiarealbetis\/41279-1912-1915-1965-futbol-federativo-en-andalucia-centenario-federacion-andaluza-futbol\/fernandez-zuniga-3\/\" rel=\"attachment wp-att-41298\"><img data-recalc-dims=\"1\" loading=\"lazy\" decoding=\"async\" class=\"aligncenter size-thumbnail wp-image-41298\" src=\"https:\/\/i0.wp.com\/www.manquepierda.com\/historiarealbetis\/files\/2015\/02\/Fern%C3%A1ndez-Z%C3%BA%C3%B1iga.jpg?resize=96%2C220&#038;ssl=1\" alt=\"Fern\u00e1ndez Z\u00fa\u00f1iga\" width=\"96\" height=\"220\" srcset=\"https:\/\/i0.wp.com\/www.manquepierda.com\/historiarealbetis\/files\/2015\/02\/Fern%C3%A1ndez-Z%C3%BA%C3%B1iga.jpg?resize=96%2C220&amp;ssl=1 96w, https:\/\/i0.wp.com\/www.manquepierda.com\/historiarealbetis\/files\/2015\/02\/Fern%C3%A1ndez-Z%C3%BA%C3%B1iga.jpg?w=142&amp;ssl=1 142w\" sizes=\"auto, (max-width: 96px) 100vw, 96px\" \/><\/a><strong>Jos\u00e9 FERN\u00c1NDEZ-Z\u00da\u00d1IGA Guzm\u00e1n (a) \u00abAgon\u00eda\u00bb.<\/strong><\/p>\n<p style=\"text-align: justify\"><strong>Guardameta.-Sociedad Sevilla Balompi\u00e9+Real Betis Balompi\u00e9.-Temporadas 1914-1915 \u00e1 1916-1917,&nbsp; ambas inclusive.<\/strong><\/p>\n<p style=\"text-align: justify\"><strong>74 A\u00f1os+10 meses menos 4 d\u00edas.-EL PUERTO DE SANTA MAR\u00cdA (C\u00e1diz),&nbsp; viernes 11-Julio-1890.-SEVILLA,&nbsp; viernes 03-Mayo-1968.-77 A\u00f1os+10 meses menos 8 d\u00edas.-D. E. P.<\/strong><\/p>\n<p style=\"text-align: center\"><img data-recalc-dims=\"1\" loading=\"lazy\" decoding=\"async\" class=\"aligncenter size-thumbnail wp-image-49357\" src=\"https:\/\/i0.wp.com\/www.manquepierda.com\/historiarealbetis\/files\/2015\/02\/Manuel-SALDA%C3%91A-Guijo.jpg?resize=143%2C220&#038;ssl=1\" alt=\"Manuel SALDA\u00d1A Guijo\" width=\"143\" height=\"220\" srcset=\"https:\/\/i0.wp.com\/www.manquepierda.com\/historiarealbetis\/files\/2015\/02\/Manuel-SALDA%C3%91A-Guijo.jpg?resize=143%2C220&amp;ssl=1 143w, https:\/\/i0.wp.com\/www.manquepierda.com\/historiarealbetis\/files\/2015\/02\/Manuel-SALDA%C3%91A-Guijo.jpg?w=375&amp;ssl=1 375w\" sizes=\"auto, (max-width: 143px) 100vw, 143px\" \/><\/p>\n<p style=\"text-align: center\"><strong>Manuel SALDA\u00d1A Guijo.-Medio.-Temporadas 1925-1926 \u00e1 1928-1929,&nbsp; ambas inclusive.<\/strong><\/p>\n<p style=\"text-align: justify\"><strong>63 A\u00f1os+6 meses.-SEVILLA,&nbsp; jueves 07-Noviembre-1901.-SEVILLA,&nbsp; mi\u00e9rcoles 05-Enero-1983.-81 A\u00f1os+2 meses menos 2 d\u00edas.-D. E. P.<\/strong><\/p>\n<p style=\"text-align: center\"><a href=\"https:\/\/www.manquepierda.com\/historiarealbetis\/41279-1912-1915-1965-futbol-federativo-en-andalucia-centenario-federacion-andaluza-futbol\/rosendo-romero-garcia-7\/\" rel=\"attachment wp-att-41300\"><img data-recalc-dims=\"1\" loading=\"lazy\" decoding=\"async\" class=\"aligncenter size-thumbnail wp-image-41300\" src=\"https:\/\/i0.wp.com\/www.manquepierda.com\/historiarealbetis\/files\/2015\/02\/Rosendo-ROMERO-Garc%C3%ADa.png?resize=188%2C220&#038;ssl=1\" alt=\"Rosendo ROMERO Garc\u00eda\" width=\"188\" height=\"220\" srcset=\"https:\/\/i0.wp.com\/www.manquepierda.com\/historiarealbetis\/files\/2015\/02\/Rosendo-ROMERO-Garc%C3%ADa.png?resize=188%2C220&amp;ssl=1 188w, https:\/\/i0.wp.com\/www.manquepierda.com\/historiarealbetis\/files\/2015\/02\/Rosendo-ROMERO-Garc%C3%ADa.png?w=191&amp;ssl=1 191w\" sizes=\"auto, (max-width: 188px) 100vw, 188px\" \/><\/a><strong>Rosendo ROMERO Garc\u00eda (a) \u00abEl Chato\u00bb.-Centro Delantero-Ariete.-Temporadas 1930-1931 y 1931-1932.<\/strong><\/p>\n<p style=\"text-align: center\"><strong>55 A\u00f1os.-MARCHENA (Sevilla),&nbsp; 00-00-1910.-No localizada ciudad y fecha del obituario.<\/strong><\/p>\n<p style=\"text-align: justify\"><a href=\"https:\/\/www.manquepierda.com\/historiarealbetis\/41279-1912-1915-1965-futbol-federativo-en-andalucia-centenario-federacion-andaluza-futbol\/victoriano-carrasco-clavijo-1\/\" rel=\"attachment wp-att-41301\"><img data-recalc-dims=\"1\" loading=\"lazy\" decoding=\"async\" class=\"aligncenter size-thumbnail wp-image-41301\" src=\"https:\/\/i0.wp.com\/www.manquepierda.com\/historiarealbetis\/files\/2015\/02\/Victoriano-CARRASCO-Clavijo.1.jpg?resize=123%2C220&#038;ssl=1\" alt=\"Victoriano CARRASCO Clavijo.1\" width=\"123\" height=\"220\" srcset=\"https:\/\/i0.wp.com\/www.manquepierda.com\/historiarealbetis\/files\/2015\/02\/Victoriano-CARRASCO-Clavijo.1.jpg?resize=123%2C220&amp;ssl=1 123w, https:\/\/i0.wp.com\/www.manquepierda.com\/historiarealbetis\/files\/2015\/02\/Victoriano-CARRASCO-Clavijo.1.jpg?resize=336%2C600&amp;ssl=1 336w, https:\/\/i0.wp.com\/www.manquepierda.com\/historiarealbetis\/files\/2015\/02\/Victoriano-CARRASCO-Clavijo.1.jpg?w=347&amp;ssl=1 347w\" sizes=\"auto, (max-width: 123px) 100vw, 123px\" \/><\/a><strong>Victoriano Antonio CARRASCO Clavijo.-Medio-Centro delantero\/Ariete y Extremo Diestro.-Temporadas 1923-1934 \u00e1 1928-1929,&nbsp; ambas inclusive.<\/strong><\/p>\n<p style=\"text-align: center\"><strong>SEVILLA no localizada fecha nacimiento,&nbsp; fecha fallecimiento y ciudad.<\/strong><\/p>\n<p style=\"text-align: left\"><strong>En la lista de estos \u00abpioneros\u00bb futbolistas se incluyen \u00abestrellas\u00bb inolvidables famosos que han persistido sobre el tiempo.<\/strong><\/p>\n<p style=\"text-align: left\"><strong>ALMER\u00cdA.-Jos\u00e9 BLANES.<br \/>\n<\/strong><\/p>\n<p style=\"text-align: justify\"><strong>C\u00c1DIZ.-Cayetano CORRALES+F\u00e9lix BARRIOS+GONZ\u00c1LEZ De la Torre+Miguel CABALLERO+Rafael MAC\u00cdAS.<br \/>\n<\/strong><\/p>\n<p style=\"text-align: left\"><strong>C\u00d3RDOBA.-\u00abMORENITO\u00bb.<\/strong><\/p>\n<p style=\"text-align: justify\"><strong>GRANADA.-ALCANTUD+Andr\u00e9s y Antonio CUETO+BEN\u00cdTEZ+\u00bbBOMBILLAR\u00bb+ELOY+Jos\u00e9 CARMONA+Miguel HERRANZ+ORT\u00cdZ+\u00bbPELEGR\u00cdN\u00bb.<br \/>\n<\/strong><\/p>\n<p style=\"text-align: justify\"><strong>HUELVA.-\u00abFERNANDITO\u00bb+GARC\u00cdA MORA+Joaqu\u00edn MAJ\u00c1N+Francisco y Pedro P\u00c9REZ DE GUZM\u00c1N+Ram\u00f3n QUIL\u00d3N+\u00bbRESTI I\u00bb.<br \/>\n<\/strong><\/p>\n<p style=\"text-align: left\"><strong>JA\u00c9N.-Blas CUESTA+Casimiro BLANCO+Manuel GARC\u00cdA Garc\u00eda+Pedro MOLINA.<br \/>\n<\/strong><\/p>\n<p style=\"text-align: left\"><strong>M\u00c1LAGA.-Federico KUSTNER+Juan HUEL\u00cdN+Vicente CUBERTA.<br \/>\n<\/strong><\/p>\n<p style=\"text-align: justify\"><strong>Sevilla FbC: <\/strong>Antonio CABALLERO Mart\u00edn.-<strong>Antonio CARRE\u00d1O Malpartida.-Real Betis Balompi\u00e9-Temporada 1930-1931.-Mor\u00f3n de la Frontera (Sevilla),&nbsp; lunes 04-Abril-1904.-Sevilla,&nbsp; lunes 15-Marzo-1982.-D. E. P.-<\/strong>Antonio ESCOBAR G\u00f3mez.-<strong>Antonio REY Alem\u00e1n.-Real Betis Balompi\u00e9-Temporada 1919-1920.-Sevilla,&nbsp; s\u00e1bado 16-Diciembre-1899.-No localizada ciudad y fecha fallecimiento.-<\/strong>Benito Romero.-D\u00cdAZ Ferrera.-Diego OTERO S\u00e1nchez (a) \u00abNi\u00f1o Vega\u00bb.-Fernando ESCALD\u00d3N Olmedo.-Francisco D\u00cdAZ Garc\u00eda.-Francisco RAM\u00cdREZ Vaquero.-Francisco Rodr\u00edguez SEDE\u00d1O.-Gabriel RUIZ.-Guillermo EIZAGUIRRE Olmos.-Herminio MART\u00cdNEZ.-Jos\u00e9 Gonz\u00e1lez BRAND.-Jos\u00e9 MONGE Iglesias.-Jos\u00e9 PEIZOTO Fern\u00e1ndez.-L\u00d3PEZ Mall\u00e9n.-Manuel ROLD\u00c1N N\u00fa\u00f1ez.-Manuel GAMERO D\u00edaz.-<strong>Manuel OCA\u00d1A Nieto.-Real Betis Balompi\u00e9-Temporada 1919-1920.-Sevilla,&nbsp; jueves 31-Octubre-1901.-Sevilla,&nbsp; viernes 18-Febrero-1983.-D. E. P.<br \/>\n<\/strong><\/p>\n<hr>\n<p style=\"text-align: center\"><em><strong>PARTIDOS BODAS DE ORO FEDERACI\u00d3N ANDALUZA DE F\u00daTBOL.<\/strong><\/em><\/p>\n<p style=\"text-align: justify\"><em><strong>\u00abTodos han recibido una invitaci\u00f3n del presidente don Jos\u00e9 Mar\u00eda Pi\u00f1ar y Miura.&nbsp;&nbsp; Por si alguno de ellos no les hubiese llegado dicha convocatoria,&nbsp; la Federaci\u00f3n nos pide por medio de estas columnas de \u00abABC\u00bb,&nbsp; signifiquemos que a todos se les aguarda el jueves 06 de Mayo de 1965 en el domicilio federativo de calle O&#8217;Donnell n\u00ba 41 para hacerles entrega de la correspondiente entrada de acceso al Estadio \u00abS\u00e1nchez-Pizju\u00e1n\u00bb:<\/strong><\/em><\/p>\n<p style=\"text-align: justify\"><a href=\"https:\/\/www.manquepierda.com\/historiarealbetis\/41279-1912-1915-1965-futbol-federativo-en-andalucia-centenario-federacion-andaluza-futbol\/19650507-andalucia-paraguay\/\" rel=\"attachment wp-att-41286\"><img data-recalc-dims=\"1\" loading=\"lazy\" decoding=\"async\" class=\"aligncenter size-full wp-image-41286\" src=\"https:\/\/i0.wp.com\/www.manquepierda.com\/historiarealbetis\/files\/2015\/02\/19650507-Andalucia-Paraguay.jpg?resize=512%2C244&#038;ssl=1\" alt=\"19650507 Andalucia -Paraguay\" width=\"512\" height=\"244\" srcset=\"https:\/\/i0.wp.com\/www.manquepierda.com\/historiarealbetis\/files\/2015\/02\/19650507-Andalucia-Paraguay.jpg?w=512&amp;ssl=1 512w, https:\/\/i0.wp.com\/www.manquepierda.com\/historiarealbetis\/files\/2015\/02\/19650507-Andalucia-Paraguay.jpg?resize=220%2C105&amp;ssl=1 220w\" sizes=\"auto, (max-width: 512px) 100vw, 512px\" \/><\/a><a href=\"https:\/\/www.manquepierda.com\/historiarealbetis\/41279-1912-1915-1965-futbol-federativo-en-andalucia-centenario-federacion-andaluza-futbol\/faf2\/\" rel=\"attachment wp-att-41288\"><img data-recalc-dims=\"1\" loading=\"lazy\" decoding=\"async\" class=\"aligncenter size-full wp-image-41288\" src=\"https:\/\/i0.wp.com\/www.manquepierda.com\/historiarealbetis\/files\/2015\/02\/FAF2.jpg?resize=400%2C162&#038;ssl=1\" alt=\"\" width=\"400\" height=\"162\" srcset=\"https:\/\/i0.wp.com\/www.manquepierda.com\/historiarealbetis\/files\/2015\/02\/FAF2.jpg?w=400&amp;ssl=1 400w, https:\/\/i0.wp.com\/www.manquepierda.com\/historiarealbetis\/files\/2015\/02\/FAF2.jpg?resize=220%2C89&amp;ssl=1 220w\" sizes=\"auto, (max-width: 400px) 100vw, 400px\" \/><\/a><em><strong>\u00abEl que les escribe estas l\u00edneas presenci\u00f3 dicho encuentro conmemorativo,&nbsp; y a los efectos oportunos e informativos,&nbsp; que tras indic\u00e1rmelo mi padre Enrique A\u00f1ino Ilzarbe de Andueza desde su asiento en la Tribuna de Preferencia,&nbsp; en el descanso bajamos al terreno de juego,&nbsp; pisando el c\u00e9sped y nos dirigimos hacia el centro del terreno de juego,&nbsp; y momentos m\u00e1s tarde la mayor\u00eda de los 63 futbolistas andaluces y yo fuimos imagen a trav\u00e9s de los fot\u00f3grafos que se desplazaron para tal evento conmemorativo\u00bb.<\/strong><\/em><\/p>\n<p style=\"text-align: center\"><a href=\"https:\/\/www.manquepierda.com\/historiarealbetis\/41279-1912-1915-1965-futbol-federativo-en-andalucia-centenario-federacion-andaluza-futbol\/jose-ruiz-casasola-2\/\" rel=\"attachment wp-att-41310\"><img data-recalc-dims=\"1\" loading=\"lazy\" decoding=\"async\" class=\"aligncenter size-thumbnail wp-image-41310\" src=\"https:\/\/i0.wp.com\/www.manquepierda.com\/historiarealbetis\/files\/2015\/02\/Jos%C3%A9-Ruiz-Casasola.jpg?resize=146%2C220&#038;ssl=1\" alt=\"Jos\u00e9 Ruiz Casasola\" width=\"146\" height=\"220\" srcset=\"https:\/\/i0.wp.com\/www.manquepierda.com\/historiarealbetis\/files\/2015\/02\/Jos%C3%A9-Ruiz-Casasola.jpg?resize=146%2C220&amp;ssl=1 146w, https:\/\/i0.wp.com\/www.manquepierda.com\/historiarealbetis\/files\/2015\/02\/Jos%C3%A9-Ruiz-Casasola.jpg?w=165&amp;ssl=1 165w\" sizes=\"auto, (max-width: 146px) 100vw, 146px\" \/><\/a><strong>Arbitr\u00f3 el colegiado del&nbsp; Sur Jos\u00e9 RUIZ CASASOLA.<\/strong><\/p>\n<p style=\"text-align: center\">ALINEACIONES:<\/p>\n<p style=\"text-align: center\"><img data-recalc-dims=\"1\" loading=\"lazy\" decoding=\"async\" class=\"aligncenter size-full wp-image-49358\" src=\"https:\/\/i0.wp.com\/www.manquepierda.com\/historiarealbetis\/files\/2015\/02\/F.Daucik-1961.jpg?resize=129%2C196&#038;ssl=1\" alt=\"F.Daucik-1961\" width=\"129\" height=\"196\"><\/p>\n<p style=\"text-align: center\"><strong>Entrenador Ferdinand Daucik Ponfer.<\/strong><\/p>\n<p style=\"text-align: center\"><strong>Selecci\u00f3n ANDALUZA-2 Goles.<\/strong><\/p>\n<p style=\"text-align: center\"><strong>REINA.-Portero.<\/strong><\/p>\n<p style=\"text-align: center\"><strong>ELOY-MINGORANCE-\u00abCAMPANAL II\u00bb (LUQUE).-Defensas.<\/strong><\/p>\n<p style=\"text-align: center\"><strong>TEJADA (BANCALERO)-RIVERA.-Medios.<\/strong><\/p>\n<p style=\"text-align: justify\"><strong>OLIVEROS-MATEOS (\u00abJUANITO\u00bb)-\u00abPEPILLO\u00bb-DI\u00c9GUEZ-CABRERA (1-1 y 2-1.-Tras el descanso reglamentario).<\/strong><\/p>\n<p style=\"text-align: center\">VS.<\/p>\n<p style=\"text-align: center\"><img data-recalc-dims=\"1\" loading=\"lazy\" decoding=\"async\" class=\"aligncenter size-thumbnail wp-image-49359\" src=\"https:\/\/i0.wp.com\/www.manquepierda.com\/historiarealbetis\/files\/2015\/02\/Royal.png?resize=216%2C220&#038;ssl=1\" alt=\"Royal\" width=\"216\" height=\"220\" srcset=\"https:\/\/i0.wp.com\/www.manquepierda.com\/historiarealbetis\/files\/2015\/02\/Royal.png?resize=216%2C220&amp;ssl=1 216w, https:\/\/i0.wp.com\/www.manquepierda.com\/historiarealbetis\/files\/2015\/02\/Royal.png?w=280&amp;ssl=1 280w\" sizes=\"auto, (max-width: 216px) 100vw, 216px\" \/><\/p>\n<p style=\"text-align: center\"><strong>Entrenador Andr\u00e1s B\u00e9res.-<\/strong>ROYAL BEERSCHOT ATHLETIC CLUB (B\u00e9lgica)-2 Tantos.<\/p>\n<p style=\"text-align: justify\">SMOLDERS.-DEFERM-VAN HEMEBRYCK-RASKIN.-WILLENS-MICHIELS.-WEYN-BEYERS <strong>(0-1.-Primer Tiempo)<\/strong>-LIEVENS-ZAMAN-VAN HEES <strong>(2-2.-2\u00ba Tiempo).<\/strong><\/p>\n<p style=\"text-align: justify\"><em><strong>\u00abCuando los equipos recuperaban fuerzas despu\u00e9s de los 45 minutos primeros de la pugna,&nbsp; el Comit\u00e9 directivo hizo entrega-en el rect\u00e1ngulo de juego&#8211;de medallas conmemorativas a los jugadores que m\u00e1s brillo aportaron a aquella etapa pret\u00e9rita de los primeros 25 a\u00f1os de f\u00fatbol federado\u00bb.<\/strong><\/em><\/p>\n<p style=\"text-align: center\"><strong>Extracto cr\u00f3nica de Jos\u00e9 Antonio Bl\u00e1zquez-\u00abABC\u00bb-SE-19650508-S\u00e1bado.<\/strong><\/p>\n<p style=\"text-align: center\"><a href=\"https:\/\/www.manquepierda.com\/historiarealbetis\/41279-1912-1915-1965-futbol-federativo-en-andalucia-centenario-federacion-andaluza-futbol\/faf1\/\" rel=\"attachment wp-att-41287\"><img data-recalc-dims=\"1\" loading=\"lazy\" decoding=\"async\" class=\"aligncenter size-full wp-image-41287\" src=\"https:\/\/i0.wp.com\/www.manquepierda.com\/historiarealbetis\/files\/2015\/02\/FAF1.jpg?resize=400%2C161&#038;ssl=1\" alt=\"\" width=\"400\" height=\"161\" srcset=\"https:\/\/i0.wp.com\/www.manquepierda.com\/historiarealbetis\/files\/2015\/02\/FAF1.jpg?w=400&amp;ssl=1 400w, https:\/\/i0.wp.com\/www.manquepierda.com\/historiarealbetis\/files\/2015\/02\/FAF1.jpg?resize=220%2C89&amp;ssl=1 220w\" sizes=\"auto, (max-width: 400px) 100vw, 400px\" \/><\/a>SELECCI\u00d3N ANDALUZA JUVENIL VS. SPORT LISBOA BEMFICA JUVENIL.<\/p>\n<hr>\n<p style=\"text-align: justify\"><strong>\u00abEl programa conmemorativo del cincuentenario de la Federaci\u00f3n Andaluza,&nbsp; comenz\u00f3 en la ma\u00f1ana del viernes 07,&nbsp; en la S. E. O. con una misa solemne y \u00abTe Deum\u00bb ante la Virgen de los Reyes.<\/strong><\/p>\n<p style=\"text-align: justify\"><strong>Ocuparon lugares preferentes don Manuel Zafra Poyato,&nbsp; que ostentaba la representaci\u00f3n de la Nacional;&nbsp; don Jos\u00e9 Mar\u00eda Pi\u00f1ar y Miura,&nbsp; presidente del organismo federativo andaluz;&nbsp; el se\u00f1or S\u00e1inz De los Terreros, de la Delegaci\u00f3n Nacional de Deportes;&nbsp; don Juan L\u00f3pez S\u00e1nchez,&nbsp; presidente del Sevilla Club de F\u00fatbol;&nbsp; don Avelino Villamar\u00edn Prieto,&nbsp; vicepresidente del Real Betis Balompi\u00e9;&nbsp; y otras personalidades del mundillo balomp\u00e9dico regional\u00bb.<\/strong><\/p>\n<p style=\"text-align: justify\"><em><strong>1965-MAYO 07-VIERNES 13&#8217;30 HORAS.-REAL C\u00cdRCULO DE LABRADORES Y PROPIETARIOS.-Calle Pedro Caravaca N\u00ba 1.-BANQUETE OFICIAL:<\/strong><\/em><\/p>\n<p style=\"text-align: justify\"><strong>\u00abFue ofrecida una copa de vino espa\u00f1ol a todas las representaciones que concurren a los actos conmemorativos.&nbsp; <\/strong><\/p>\n<p style=\"text-align: center\"><strong>El se\u00f1or Pi\u00f1ar y Miura pronunci\u00f3 unas palabras de salutaci\u00f3n y bienvenida.<\/strong><\/p>\n<p style=\"text-align: center\"><strong>Despu\u00e9s se llev\u00f3 a cabo el intercambio de regalos\u00bb.<\/strong><\/p>\n<p style=\"text-align: center\"><a href=\"https:\/\/www.manquepierda.com\/historiarealbetis\/41279-1912-1915-1965-futbol-federativo-en-andalucia-centenario-federacion-andaluza-futbol\/1965-faf-1915-2\/\" rel=\"attachment wp-att-41302\"><img data-recalc-dims=\"1\" loading=\"lazy\" decoding=\"async\" class=\"aligncenter size-large wp-image-41302\" src=\"https:\/\/i0.wp.com\/www.manquepierda.com\/historiarealbetis\/files\/2015\/02\/1965-FAF-1915.jpg?resize=570%2C700&#038;ssl=1\" alt=\"1965-FAF-1915\" width=\"570\" height=\"700\" srcset=\"https:\/\/i0.wp.com\/www.manquepierda.com\/historiarealbetis\/files\/2015\/02\/1965-FAF-1915.jpg?resize=570%2C700&amp;ssl=1 570w, https:\/\/i0.wp.com\/www.manquepierda.com\/historiarealbetis\/files\/2015\/02\/1965-FAF-1915.jpg?resize=179%2C220&amp;ssl=1 179w, https:\/\/i0.wp.com\/www.manquepierda.com\/historiarealbetis\/files\/2015\/02\/1965-FAF-1915.jpg?resize=489%2C600&amp;ssl=1 489w, https:\/\/i0.wp.com\/www.manquepierda.com\/historiarealbetis\/files\/2015\/02\/1965-FAF-1915.jpg?w=606&amp;ssl=1 606w\" sizes=\"auto, (max-width: 570px) 100vw, 570px\" \/><\/a>Fuente ABC-SEVILLA.-S\u00e1bado 08-Mayo-1965.<\/p>\n<p style=\"text-align: center\">\n","protected":false},"excerpt":{"rendered":"<p>1912-DICIEMBRE 12-JUEVES.-Diario \u00abEL LIBERAL\u00bb: \u00abHace m\u00e1s de un a\u00f1o surgi\u00f3 la idea entre varios entusiastas foot-ballistas, de constituir en Sevilla la \u00abFEDERACI\u00d3N DE CLUBS DE FOOT-BALL DE ANDALUC\u00cdA\u00bb Pero la diversidad de criterios que por entonces predominaban, [Sociedad SEVILLA BALOMPI\u00c9,&nbsp; Sevilla FbC,&nbsp; BETIS FbC y Club Recreativo Sevilla (a) \u00abRecreativo de la Calzada} hizo que&#8230;<\/p>\n","protected":false},"author":48,"featured_media":49352,"comment_status":"open","ping_status":"open","sticky":false,"template":"","format":"standard","meta":{"_kad_post_transparent":"","_kad_post_title":"","_kad_post_layout":"","_kad_post_sidebar_id":"","_kad_post_content_style":"","_kad_post_vertical_padding":"","_kad_post_feature":"","_kad_post_feature_position":"","_kad_post_header":false,"_kad_post_footer":false,"_kad_post_classname":"","_jetpack_memberships_contains_paid_content":false,"footnotes":"","jetpack_publicize_message":"","jetpack_publicize_feature_enabled":true,"jetpack_social_post_already_shared":true,"jetpack_social_options":{"image_generator_settings":{"template":"highway","default_image_id":0,"font":"","enabled":false},"version":2}},"categories":[896,902,3,906,1],"tags":[7334,1219,12129,1971],"class_list":["post-41279","post","type-post","status-publish","format-standard","has-post-thumbnail","hentry","category-1908-1919","category-1960-1969","category-actualidad","category-investigacion-temas","category-portada","tag-7334","tag-antonio-tenorio","tag-enrique-anino-ilzarbe-de-andueza-medalla-conmemorativa-plata","tag-federacion-andaluza-de-futbol"],"jetpack_publicize_connections":[],"jetpack_featured_media_url":"https:\/\/i0.wp.com\/www.manquepierda.com\/historiarealbetis\/files\/2015\/02\/19650507EAIA1.jpg?fit=486%2C532&ssl=1","jetpack_sharing_enabled":true,"jetpack_shortlink":"https:\/\/wp.me\/p1ij08-aJN","jetpack-related-posts":[],"_links":{"self":[{"href":"https:\/\/www.manquepierda.com\/historiarealbetis\/wp-json\/wp\/v2\/posts\/41279","targetHints":{"allow":["GET"]}}],"collection":[{"href":"https:\/\/www.manquepierda.com\/historiarealbetis\/wp-json\/wp\/v2\/posts"}],"about":[{"href":"https:\/\/www.manquepierda.com\/historiarealbetis\/wp-json\/wp\/v2\/types\/post"}],"author":[{"embeddable":true,"href":"https:\/\/www.manquepierda.com\/historiarealbetis\/wp-json\/wp\/v2\/users\/48"}],"replies":[{"embeddable":true,"href":"https:\/\/www.manquepierda.com\/historiarealbetis\/wp-json\/wp\/v2\/comments?post=41279"}],"version-history":[{"count":1,"href":"https:\/\/www.manquepierda.com\/historiarealbetis\/wp-json\/wp\/v2\/posts\/41279\/revisions"}],"predecessor-version":[{"id":87929,"href":"https:\/\/www.manquepierda.com\/historiarealbetis\/wp-json\/wp\/v2\/posts\/41279\/revisions\/87929"}],"wp:featuredmedia":[{"embeddable":true,"href":"https:\/\/www.manquepierda.com\/historiarealbetis\/wp-json\/wp\/v2\/media\/49352"}],"wp:attachment":[{"href":"https:\/\/www.manquepierda.com\/historiarealbetis\/wp-json\/wp\/v2\/media?parent=41279"}],"wp:term":[{"taxonomy":"category","embeddable":true,"href":"https:\/\/www.manquepierda.com\/historiarealbetis\/wp-json\/wp\/v2\/categories?post=41279"},{"taxonomy":"post_tag","embeddable":true,"href":"https:\/\/www.manquepierda.com\/historiarealbetis\/wp-json\/wp\/v2\/tags?post=41279"}],"curies":[{"name":"wp","href":"https:\/\/api.w.org\/{rel}","templated":true}]}}