{"id":41344,"date":"2020-03-03T10:30:22","date_gmt":"2020-03-03T09:30:22","guid":{"rendered":"http:\/\/www.manquepierda.com\/historiarealbetis\/?p=41344"},"modified":"2024-08-17T10:28:59","modified_gmt":"2024-08-17T08:28:59","slug":"hoy-hace-85-anos-1934-35-la-liga-que-ganamos-betis-balompie-arenas-club","status":"publish","type":"post","link":"https:\/\/www.manquepierda.com\/historiarealbetis\/hoy-hace-85-anos-1934-35-la-liga-que-ganamos-betis-balompie-arenas-club\/","title":{"rendered":"Hoy hace 85 a\u00f1os. La Liga que ganamos. Betis Balompi\u00e9 0 Arenas Club 0."},"content":{"rendered":"<figure id=\"attachment_41345\" aria-describedby=\"caption-attachment-41345\" style=\"width: 666px\" class=\"wp-caption aligncenter\"><a href=\"https:\/\/www.manquepierda.com\/historiarealbetis\/41344-hoy-hace-80-anos-1934-35-la-liga-que-ganamos-betis-balompie-arenas-club\/betis-arenas-liga-1935-nmp-el-liberal-5-3-1935\/\" rel=\"attachment wp-att-41345\"><img data-recalc-dims=\"1\" loading=\"lazy\" decoding=\"async\" class=\"wp-image-41345 size-full\" src=\"https:\/\/i0.wp.com\/www.manquepierda.com\/historiarealbetis\/files\/2015\/03\/Betis-Arenas-Liga-1935-NMP-El-Liberal-5-3-1935.jpg?resize=666%2C440&#038;ssl=1\" alt=\"Betis-Arenas Liga 1935 (NMP) El Liberal 5-3-1935\" width=\"666\" height=\"440\" srcset=\"https:\/\/i0.wp.com\/www.manquepierda.com\/historiarealbetis\/files\/2015\/03\/Betis-Arenas-Liga-1935-NMP-El-Liberal-5-3-1935.jpg?w=666&amp;ssl=1 666w, https:\/\/i0.wp.com\/www.manquepierda.com\/historiarealbetis\/files\/2015\/03\/Betis-Arenas-Liga-1935-NMP-El-Liberal-5-3-1935.jpg?resize=220%2C145&amp;ssl=1 220w\" sizes=\"auto, (max-width: 666px) 100vw, 666px\" \/><\/a><figcaption id=\"caption-attachment-41345\" class=\"wp-caption-text\">Unamuno pelea un bal\u00f3n por alto con Angel. a su lado Lecue. Fuente: El Liberal 5 de marzo de 1935<\/figcaption><\/figure>\n<p>&nbsp;<\/p>\n<p><span style=\"color: #008000\">Tras la contundente derrota en Las Corts frente al FC Barcelona el Betis vuelve al Patronato para enfrentarse al Arenas de Guecho. Un partido, a priori, f\u00e1cil para los verdiblancos, pues se enfrentan el l\u00edder con el colista de la Primera Divisi\u00f3n.<\/span><\/p>\n<p><span style=\"color: #008000\">A lo largo de la semana se sigue comentando el ambiente que el Betis encontr\u00f3 en el terreno azulgrana, y s\u00f3lo cuando quedan pocos d\u00edas para el partido del domingo comienza a prestarse atenci\u00f3n a \u00e9ste.<\/span><\/p>\n<p><span style=\"color: #008000\">Se habla de la posible reaparici\u00f3n de Larrinoa en el centro del campo b\u00e9tico, ausente desde su lesi\u00f3n contra el Racing el 10 de febrero, y que ello permitir\u00e1 a Sim\u00f3n Lecue volver a su posici\u00f3n natural de interior izquierda.<\/span><\/p>\n<p><span style=\"color: #008000\">Como se dice en El Liberal el s\u00e1bado 2 de marzo respecto a la presencia de Lecue en el ataque: \u201c<em>Se sabe que el defecto, el \u00fanico defecto que hasta ahora se ha achacado al Betis, es el de tener un ataque poco profundo. Con la inclusi\u00f3n de Lecue en el interior el equipo hab\u00eda producido \u00faltimamente buena impresi\u00f3n en el aspecto ofensivo. Falta ahora comprobar si efectivamente puede confiarse en el filo de ese ataque para entrar por entre esas zarzas de partidos dif\u00edciles, deseadas cat\u00e1strofes y pron\u00f3sticos desagradables con que se viene correspondiendo a la labor del Betis, que si otro equipo hubiese llevado a cabos, la miel chorrear\u00eda ahora hasta empalagarnos\u2026\u201d<\/em><\/span><\/p>\n<p><span style=\"color: #008000\">Se alude con ello a las teor\u00edas que siguen circulando en la prensa de todo el pa\u00eds, que siguen viendo al Betis como un equipo revelaci\u00f3n pero sin opciones reales de alcanzar el t\u00edtulo, y que tras la derrota en Barcelona anticipan ya el relevo en el liderato.<\/span><\/p>\n<p><span style=\"color: #008000\">Ese mismo s\u00e1bado la prensa informa de la llegada a Sevilla del autob\u00fas del Arenas Club, comandado por su entrenador Jos\u00e9 Planas. Y el mismo domingo se nos cuenta que en la prueba f\u00edsica que Patrick O\u00b4Connell someti\u00f3 a Rufino Larrinoa el resultado fue desfavorable, por lo que definitivamente no se puede contar con \u00e9l para el centro del campo verdiblanco.<\/span><\/p>\n<p><span style=\"color: #008000\">Ante ello Don Patricio opta por bajar a Caballero a la l\u00ednea de medios y devolver a Lecue al puesto de interior.<\/span><\/p>\n<p><span style=\"color: #008000\">As\u00ed el Betis forma con Urquiaga; Aredo, Aedo; Peral, G\u00f3mez, Caballero; Saro, Adolfo, Unamuno, Lecue y Valera.<\/span><\/p>\n<p><span style=\"color: #008000\">El Arenas con J\u00e1uregui; Aguirre, Arrieta; Angel, Petre\u00f1as, P\u00e9rez; Larrondo, Silvosa, Santos, Lel\u00e9 y Alb\u00e9niz.<\/span><\/p>\n<p><span style=\"color: #008000\">El arbitraje corre a cargo del asturiano Cangas Arg\u00fcelles.<\/span><\/p>\n<p><span style=\"color: #008000\">Como narra La Uni\u00f3n el equipo fue apoyado con entusiasmo por la afici\u00f3n, consciente de lo que el equipo se jugaba tras la derrota anterior: \u201c<em>Para mayor est\u00edmulo, su salida al terreno de juego se salud\u00f3 por los espectadores con una acogedora ovaci\u00f3n, insistente, reproducida m\u00e1s tarde en diferentes fases de la pugna y acompa\u00f1ada de los gritos de \u00e1nimo caracter\u00edsticos de sus partidarios\u201d<\/em> .<\/span><\/p>\n<p><span style=\"color: #008000\">El partido transcurre\u00a0 con\u00a0 un dominio insistente del Betis, acentuada en la segunda parte. El Arenas, replegado sobre su porter\u00eda, se limita a defenderse y a despejar todo cuanto llega sobre su \u00e1rea.<\/span><\/p>\n<p><span style=\"color: #008000\">A medida que va transcurriendo el tiempo el nerviosismo se acent\u00faa entre los jugadores b\u00e9ticos, a pesar del apoyo de la afici\u00f3n. El juego se limita a bombear balones sobre el \u00e1rea guechotarra, lo que facilita la defensa cerrada de \u00e9stos. Unamuno no est\u00e1 acertado durante el partido y no puede aprovechar los numerosos centros que el extremo Valera le sirve. S\u00f3lo Lecue destaca en el ataque, con numerosos remates, pero ninguno de ellos alcanza la puerta rojinegra. Y as\u00ed, entre numerosas p\u00e9rdidas de tiempo de los visitantes y desaciertos locales, fue agot\u00e1ndose el tiempo de juego.<\/span><\/p>\n<p><span style=\"color: #008000\">El empate del Arenas en terreno b\u00e9tico fue la gran sorpresa de la jornada. Pero el Madrid no puedo reducir las distancias, dado que no pas\u00f3 del empate en el Metropolitano ante el Athletic madrile\u00f1o. Chacho y Emil\u00edn marcaron en la primera parte e Hilario y El\u00edcegui en la segunda.<\/span><\/p>\n<p><span style=\"color: #008000\">L\u00e1ngara se escapaba hacia su segundo t\u00edtulo de m\u00e1ximo goleador consecutivo con otros dos nuevos tantos ante el R\u00e1cing, y el Espa\u00f1ol ced\u00eda los dos puntos conseguidos el domingo anterior en Bilbao ante el Sevilla.<\/span><\/p>\n<p>&nbsp;<\/p>\n<p>&nbsp;<\/p>\n<p>&nbsp;<\/p>\n<p><a href=\"https:\/\/www.manquepierda.com\/historiarealbetis\/41344-hoy-hace-80-anos-1934-35-la-liga-que-ganamos-betis-balompie-arenas-club\/resultados-j-14\/\" rel=\"attachment wp-att-41346\"><img data-recalc-dims=\"1\" loading=\"lazy\" decoding=\"async\" class=\"aligncenter size-full wp-image-41346\" src=\"https:\/\/i0.wp.com\/www.manquepierda.com\/historiarealbetis\/files\/2015\/03\/Resultados-j-14.jpg?resize=498%2C173&#038;ssl=1\" alt=\"Resultados j 14\" width=\"498\" height=\"173\" srcset=\"https:\/\/i0.wp.com\/www.manquepierda.com\/historiarealbetis\/files\/2015\/03\/Resultados-j-14.jpg?w=498&amp;ssl=1 498w, https:\/\/i0.wp.com\/www.manquepierda.com\/historiarealbetis\/files\/2015\/03\/Resultados-j-14.jpg?resize=220%2C76&amp;ssl=1 220w\" sizes=\"auto, (max-width: 498px) 100vw, 498px\" \/><\/a><\/p>\n<p>&nbsp;<\/p>\n<p>&nbsp;<\/p>\n<p><a href=\"https:\/\/www.manquepierda.com\/historiarealbetis\/41344-hoy-hace-80-anos-1934-35-la-liga-que-ganamos-betis-balompie-arenas-club\/clasificacion-j14\/\" rel=\"attachment wp-att-41347\"><img data-recalc-dims=\"1\" loading=\"lazy\" decoding=\"async\" class=\"aligncenter size-full wp-image-41347\" src=\"https:\/\/i0.wp.com\/www.manquepierda.com\/historiarealbetis\/files\/2015\/03\/Clasificaci%C3%B3n-j14.jpg?resize=538%2C352&#038;ssl=1\" alt=\"Clasificaci\u00f3n j14\" width=\"538\" height=\"352\" srcset=\"https:\/\/i0.wp.com\/www.manquepierda.com\/historiarealbetis\/files\/2015\/03\/Clasificaci%C3%B3n-j14.jpg?w=538&amp;ssl=1 538w, https:\/\/i0.wp.com\/www.manquepierda.com\/historiarealbetis\/files\/2015\/03\/Clasificaci%C3%B3n-j14.jpg?resize=220%2C144&amp;ssl=1 220w\" sizes=\"auto, (max-width: 538px) 100vw, 538px\" \/><\/a><\/p>\n","protected":false},"excerpt":{"rendered":"<p>&nbsp; Tras la contundente derrota en Las Corts frente al FC Barcelona el Betis vuelve al Patronato para enfrentarse al Arenas de Guecho. Un partido, a priori, f\u00e1cil para los verdiblancos, pues se enfrentan el l\u00edder con el colista de la Primera Divisi\u00f3n. A lo largo de la semana se sigue comentando el ambiente que&#8230;<\/p>\n","protected":false},"author":5,"featured_media":41345,"comment_status":"open","ping_status":"open","sticky":false,"template":"","format":"standard","meta":{"_kad_post_transparent":"","_kad_post_title":"","_kad_post_layout":"","_kad_post_sidebar_id":"","_kad_post_content_style":"","_kad_post_vertical_padding":"","_kad_post_feature":"","_kad_post_feature_position":"","_kad_post_header":false,"_kad_post_footer":false,"_kad_post_classname":"","_jetpack_memberships_contains_paid_content":false,"footnotes":"","jetpack_publicize_message":"","jetpack_publicize_feature_enabled":true,"jetpack_social_post_already_shared":true,"jetpack_social_options":{"image_generator_settings":{"template":"highway","default_image_id":0,"font":"","enabled":false},"version":2}},"categories":[899,906,1],"tags":[2267,45,11765,17928],"class_list":["post-41344","post","type-post","status-publish","format-standard","has-post-thumbnail","hentry","category-1930-1939","category-investigacion-temas","category-portada","tag-1934-35","tag-45","tag-arenas-club-de-getxo","tag-liga-primera-1934-35"],"jetpack_publicize_connections":[],"jetpack_featured_media_url":"https:\/\/i0.wp.com\/www.manquepierda.com\/historiarealbetis\/files\/2015\/03\/Betis-Arenas-Liga-1935-NMP-El-Liberal-5-3-1935.jpg?fit=666%2C440&ssl=1","jetpack_sharing_enabled":true,"jetpack_shortlink":"https:\/\/wp.me\/p1ij08-aKQ","jetpack-related-posts":[],"_links":{"self":[{"href":"https:\/\/www.manquepierda.com\/historiarealbetis\/wp-json\/wp\/v2\/posts\/41344","targetHints":{"allow":["GET"]}}],"collection":[{"href":"https:\/\/www.manquepierda.com\/historiarealbetis\/wp-json\/wp\/v2\/posts"}],"about":[{"href":"https:\/\/www.manquepierda.com\/historiarealbetis\/wp-json\/wp\/v2\/types\/post"}],"author":[{"embeddable":true,"href":"https:\/\/www.manquepierda.com\/historiarealbetis\/wp-json\/wp\/v2\/users\/5"}],"replies":[{"embeddable":true,"href":"https:\/\/www.manquepierda.com\/historiarealbetis\/wp-json\/wp\/v2\/comments?post=41344"}],"version-history":[{"count":1,"href":"https:\/\/www.manquepierda.com\/historiarealbetis\/wp-json\/wp\/v2\/posts\/41344\/revisions"}],"predecessor-version":[{"id":96956,"href":"https:\/\/www.manquepierda.com\/historiarealbetis\/wp-json\/wp\/v2\/posts\/41344\/revisions\/96956"}],"wp:featuredmedia":[{"embeddable":true,"href":"https:\/\/www.manquepierda.com\/historiarealbetis\/wp-json\/wp\/v2\/media\/41345"}],"wp:attachment":[{"href":"https:\/\/www.manquepierda.com\/historiarealbetis\/wp-json\/wp\/v2\/media?parent=41344"}],"wp:term":[{"taxonomy":"category","embeddable":true,"href":"https:\/\/www.manquepierda.com\/historiarealbetis\/wp-json\/wp\/v2\/categories?post=41344"},{"taxonomy":"post_tag","embeddable":true,"href":"https:\/\/www.manquepierda.com\/historiarealbetis\/wp-json\/wp\/v2\/tags?post=41344"}],"curies":[{"name":"wp","href":"https:\/\/api.w.org\/{rel}","templated":true}]}}