{"id":41366,"date":"2015-03-06T07:35:00","date_gmt":"2015-03-06T06:35:00","guid":{"rendered":"http:\/\/www.manquepierda.com\/historiarealbetis\/?p=41366"},"modified":"2024-08-09T15:59:15","modified_gmt":"2024-08-09T13:59:15","slug":"betis-valladolid-liga-2008","status":"publish","type":"post","link":"https:\/\/www.manquepierda.com\/historiarealbetis\/betis-valladolid-liga-2008\/","title":{"rendered":"Betis-Valladolid Liga 2008"},"content":{"rendered":"<figure id=\"attachment_41367\" aria-describedby=\"caption-attachment-41367\" style=\"width: 401px\" class=\"wp-caption aligncenter\"><a href=\"https:\/\/www.manquepierda.com\/historiarealbetis\/41366-betis-valladolid-liga-2008\/betis-valladolid-liga-2008-nmp-marca-8-05-2008\/\" rel=\"attachment wp-att-41367\"><img data-recalc-dims=\"1\" loading=\"lazy\" decoding=\"async\" class=\"size-medium wp-image-41367\" src=\"https:\/\/i0.wp.com\/www.manquepierda.com\/historiarealbetis\/files\/2015\/03\/Betis-Valladolid-Liga-2008-NMP-Marca-8-05-2008.jpg?resize=401%2C600&#038;ssl=1\" alt=\"Fuente: Marca 8 de mayo de 2008\" width=\"401\" height=\"600\" srcset=\"https:\/\/i0.wp.com\/www.manquepierda.com\/historiarealbetis\/files\/2015\/03\/Betis-Valladolid-Liga-2008-NMP-Marca-8-05-2008.jpg?resize=401%2C600&amp;ssl=1 401w, https:\/\/i0.wp.com\/www.manquepierda.com\/historiarealbetis\/files\/2015\/03\/Betis-Valladolid-Liga-2008-NMP-Marca-8-05-2008.jpg?resize=147%2C220&amp;ssl=1 147w, https:\/\/i0.wp.com\/www.manquepierda.com\/historiarealbetis\/files\/2015\/03\/Betis-Valladolid-Liga-2008-NMP-Marca-8-05-2008.jpg?w=418&amp;ssl=1 418w\" sizes=\"auto, (max-width: 401px) 100vw, 401px\" \/><\/a><figcaption id=\"caption-attachment-41367\" class=\"wp-caption-text\">Fuente: Marca 8 de mayo de 2008<\/figcaption><\/figure>\n<p>&nbsp;<\/p>\n<p>7 de mayo de 2008 en el Estadio Ol\u00edmpico de La Cartuja Betis 1 Valladolid 1; jornada 36 del Campeonato de Liga de Primera Divisi\u00f3n.<\/p>\n<p>En la imagen Rafael Sobis pugna por el bal\u00f3n con el defensa vallisoletano Garc\u00eda Calvo.<\/p>\n<p>Mark Gonz\u00e1lez adelant\u00f3 al Betis de penalti en el minuto 50, empatando V\u00edctor en el 63.<\/p>\n<p>El Betis juega este partido en La Cartuja como consecuencia del botellazo que sufri\u00f3 el portero del Athletic Armando en el partido jugado en marzo en terreno b\u00e9tico, y que acarre\u00f3 el cierre del recinto durante un partido.<\/p>\n<p>Francisco Chaparro entrenaba al Betis y Jos\u00e9 Luis Mendil\u00edbar al Valladolid.<\/p>\n<p>&nbsp;<\/p>\n","protected":false},"excerpt":{"rendered":"<p>&nbsp; 7 de mayo de 2008 en el Estadio Ol\u00edmpico de La Cartuja Betis 1 Valladolid 1; jornada 36 del Campeonato de Liga de Primera Divisi\u00f3n. En la imagen Rafael Sobis pugna por el bal\u00f3n con el defensa vallisoletano Garc\u00eda Calvo. Mark Gonz\u00e1lez adelant\u00f3 al Betis de penalti en el minuto 50, empatando V\u00edctor en&#8230;<\/p>\n","protected":false},"author":5,"featured_media":41367,"comment_status":"open","ping_status":"open","sticky":false,"template":"","format":"standard","meta":{"_kad_post_transparent":"","_kad_post_title":"","_kad_post_layout":"","_kad_post_sidebar_id":"","_kad_post_content_style":"","_kad_post_vertical_padding":"","_kad_post_feature":"","_kad_post_feature_position":"","_kad_post_header":false,"_kad_post_footer":false,"_kad_post_classname":"","_jetpack_memberships_contains_paid_content":false,"footnotes":"","jetpack_publicize_message":"","jetpack_publicize_feature_enabled":true,"jetpack_social_post_already_shared":true,"jetpack_social_options":{"image_generator_settings":{"template":"highway","default_image_id":0,"font":"","enabled":false},"version":2}},"categories":[4823,1],"tags":[6620,6619,4706,17817,11701,1359],"class_list":["post-41366","post","type-post","status-publish","format-standard","has-post-thumbnail","hentry","category-2000-2009","category-portada","tag-2007-08","tag-6619","tag-la-cartuja","tag-liga-primera-2007-08","tag-rafael-sobis","tag-real-valladolid"],"jetpack_publicize_connections":[],"jetpack_featured_media_url":"https:\/\/i0.wp.com\/www.manquepierda.com\/historiarealbetis\/files\/2015\/03\/Betis-Valladolid-Liga-2008-NMP-Marca-8-05-2008.jpg?fit=418%2C625&ssl=1","jetpack_sharing_enabled":true,"jetpack_shortlink":"https:\/\/wp.me\/p1ij08-aLc","jetpack-related-posts":[],"_links":{"self":[{"href":"https:\/\/www.manquepierda.com\/historiarealbetis\/wp-json\/wp\/v2\/posts\/41366","targetHints":{"allow":["GET"]}}],"collection":[{"href":"https:\/\/www.manquepierda.com\/historiarealbetis\/wp-json\/wp\/v2\/posts"}],"about":[{"href":"https:\/\/www.manquepierda.com\/historiarealbetis\/wp-json\/wp\/v2\/types\/post"}],"author":[{"embeddable":true,"href":"https:\/\/www.manquepierda.com\/historiarealbetis\/wp-json\/wp\/v2\/users\/5"}],"replies":[{"embeddable":true,"href":"https:\/\/www.manquepierda.com\/historiarealbetis\/wp-json\/wp\/v2\/comments?post=41366"}],"version-history":[{"count":1,"href":"https:\/\/www.manquepierda.com\/historiarealbetis\/wp-json\/wp\/v2\/posts\/41366\/revisions"}],"predecessor-version":[{"id":95754,"href":"https:\/\/www.manquepierda.com\/historiarealbetis\/wp-json\/wp\/v2\/posts\/41366\/revisions\/95754"}],"wp:featuredmedia":[{"embeddable":true,"href":"https:\/\/www.manquepierda.com\/historiarealbetis\/wp-json\/wp\/v2\/media\/41367"}],"wp:attachment":[{"href":"https:\/\/www.manquepierda.com\/historiarealbetis\/wp-json\/wp\/v2\/media?parent=41366"}],"wp:term":[{"taxonomy":"category","embeddable":true,"href":"https:\/\/www.manquepierda.com\/historiarealbetis\/wp-json\/wp\/v2\/categories?post=41366"},{"taxonomy":"post_tag","embeddable":true,"href":"https:\/\/www.manquepierda.com\/historiarealbetis\/wp-json\/wp\/v2\/tags?post=41366"}],"curies":[{"name":"wp","href":"https:\/\/api.w.org\/{rel}","templated":true}]}}