{"id":41378,"date":"2015-03-03T22:10:25","date_gmt":"2015-03-03T21:10:25","guid":{"rendered":"http:\/\/www.manquepierda.com\/historiarealbetis\/?p=41378"},"modified":"2024-08-12T13:01:22","modified_gmt":"2024-08-12T11:01:22","slug":"1945-marzo-04-copa-federacion-sur-real-betis-balompie-4-sevilla-cf-1-70aniversario","status":"publish","type":"post","link":"https:\/\/www.manquepierda.com\/historiarealbetis\/1945-marzo-04-copa-federacion-sur-real-betis-balompie-4-sevilla-cf-1-70aniversario\/","title":{"rendered":"1945-Marzo 04-Copa FRS-Campe\u00f3n.-Real Betis Balompi\u00e9-4 Sevilla Cf-1.-Recortes Prensa."},"content":{"rendered":"<p style=\"text-align: center\"><strong>\u00abANTE EL PR\u00d3XIMO SEVILLA-BETIS\u00bb:<br \/>\n<\/strong><\/p>\n<p style=\"text-align: left\">&#8211;Qu\u00e9,\u00a0 \u00bfpor fin me dice usted el equipo del Betis?<\/p>\n<p style=\"text-align: left\"><strong>&#8211;Se lo voy a decir.\u00a0 Si no exacto, lo m\u00e1s aproximado posible.\u00a0 Tal vez exacto.<\/strong><\/p>\n<p style=\"text-align: left\">&#8211;Pues d\u00edgame, que ardo en deseos de conocer la alineaci\u00f3n.<\/p>\n<p style=\"text-align: left\"><strong>&#8211;De portero ir\u00e1 Greus.<\/strong><\/p>\n<p style=\"text-align: left\">&#8211;Me parece bien.<\/p>\n<p style=\"text-align: left\"><strong>&#8211;En la defensa jugar\u00e1n Isidro y Ant\u00fanez.<\/strong><\/p>\n<p style=\"text-align: left\">&#8211;Hab\u00eda o\u00eddo decir que actuar\u00eda Castillo.<\/p>\n<p style=\"text-align: left\"><strong>&#8211;Y actuar\u00e1.<\/strong><\/p>\n<p style=\"text-align: left\">&#8211;\u00bfTres defensas van a poner?<\/p>\n<p style=\"text-align: justify\"><strong>&#8211;Hombre, no.\u00a0 Isidro jugar\u00e1 el primer tiempo.\u00a0 Y en el segundo Castillo.\u00a0 Porque en la segunda parte Isidro pasar\u00e1 a medio derecho.<\/strong><\/p>\n<p style=\"text-align: left\">&#8211;\u00bfY los medios?<\/p>\n<p style=\"text-align: left\"><strong>&#8211;Jugar\u00e1n \u00abTomas\u00edn\u00bb, Ruiz y Coll.\u00a0 Y como ya le he dicho.\u00a0 Isidro sustituir\u00e1 a Tom\u00e1s en la continuaci\u00f3n.<\/strong><\/p>\n<p style=\"text-align: left\">&#8211;Bien, todo eso es interesante.\u00a0 \u00bfY el ataque?\u00a0 Venga, venga ese ataque, que siento gran curiosidad.<\/p>\n<p style=\"text-align: left\"><strong>&#8211;Pues ah\u00ed habr\u00e1 un poquito de revoluci\u00f3n.<\/strong><\/p>\n<p style=\"text-align: left\">&#8211;\u00a1\u00a1Atiza\u00a1\u00a1<\/p>\n<p style=\"text-align: justify\"><strong>&#8211;No se preocupe.\u00a0 En el exterior derecho ir\u00e1 \u00abSaro\u00bb.\u00a0 Sepa usted que \u00abSaro\u00bb hizo un soberbio partido en Jerez.\u00a0 En el centro&#8230;<\/strong><\/p>\n<p style=\"text-align: left\">&#8211;\u00bfBotella por fin?<\/p>\n<p style=\"text-align: justify\"><strong>&#8211;S\u00ed, se\u00f1or, \u00abBotella\u00bb por fin.\u00a0 El valenciano va a jugar este partido de centro delantero.\u00a0 El muchacho anda nerviosillo, deseoso de que llegue la hora de saltar al terreno de juego.\u00a0 \u00a1\u00a1Tiene unas ilusiones\u00a1\u00a1<\/strong><\/p>\n<p style=\"text-align: left\">&#8211;Contento.\u00a0 Y d\u00edgame ahora los interiores.\u00a0 Porque considero que este es uno de los problemas del Betis.<\/p>\n<p style=\"text-align: justify\"><strong>&#8211;Quiz\u00e1s tenga usted raz\u00f3n.\u00a0 Y ah\u00ed va.\u00a0 Los interiores ser\u00e1n \u00abRold\u00e1n\u00bb y Pe\u00f1a.\u00a0 Tambi\u00e9n hay deseos de ver a Pe\u00f1a.<\/strong><\/p>\n<p style=\"text-align: left\">&#8211;Efectivamente.\u00a0 Son muchos los aficionados que quieren ver a Pe\u00f1a en el ataque verdiblanco.<\/p>\n<p style=\"text-align: justify\"><strong>&#8211;Y finalmente nos queda el puesto de extremo izquierdo.\u00a0 Jugar\u00e1 probablemente Boh\u00f3rquez.\u00a0 Y tal vez se pruebe tambi\u00e9n a \u00abMorita\u00bb.\u00a0 Y ya el d\u00eda 11, en \u00abNervi\u00f3n\u00bb, se reincorporar\u00e1 al equipo Valent\u00edn, que ha estado enfermo bastantes d\u00edas, pero que ya ha empezado a entrenar.<\/strong><\/p>\n<p style=\"text-align: left\">&#8211;Pues nada muchas gracias.\u00a0 Creo que este equipo en l\u00edneas generales producir\u00e1 grata impresi\u00f3n.<\/p>\n<p style=\"text-align: left\"><strong>&#8211;As\u00ed sea.\u00a0 Y ahora solo falta una cosa, un peque\u00f1o detalle,\u00a0 \u00a1\u00a1que jueguen todos como se espera de ellos\u00a1\u00a1.<\/strong><\/p>\n<p style=\"text-align: center\"><a href=\"https:\/\/www.manquepierda.com\/historiarealbetis\/41378-1945-marzo-04-copa-federacion-sur-real-betis-balompie-4-sevilla-cf-1-70aniversario\/19450306vf\/\" rel=\"attachment wp-att-41381\"><img data-recalc-dims=\"1\" loading=\"lazy\" decoding=\"async\" class=\"aligncenter size-medium wp-image-41381\" src=\"https:\/\/i0.wp.com\/www.manquepierda.com\/historiarealbetis\/files\/2015\/03\/19450306vf.jpg?resize=434%2C600&#038;ssl=1\" alt=\"19450306vf\" width=\"434\" height=\"600\" srcset=\"https:\/\/i0.wp.com\/www.manquepierda.com\/historiarealbetis\/files\/2015\/03\/19450306vf.jpg?resize=434%2C600&amp;ssl=1 434w, https:\/\/i0.wp.com\/www.manquepierda.com\/historiarealbetis\/files\/2015\/03\/19450306vf.jpg?resize=159%2C220&amp;ssl=1 159w, https:\/\/i0.wp.com\/www.manquepierda.com\/historiarealbetis\/files\/2015\/03\/19450306vf.jpg?resize=506%2C700&amp;ssl=1 506w, https:\/\/i0.wp.com\/www.manquepierda.com\/historiarealbetis\/files\/2015\/03\/19450306vf.jpg?w=688&amp;ssl=1 688w\" sizes=\"auto, (max-width: 434px) 100vw, 434px\" \/><\/a><\/p>\n<p style=\"text-align: justify\"><em><strong>\u00abHOY \u00a1SEVILLA-BETIS\u00a1.-Esta tarde en \u00abHeli\u00f3polis\u00bb, se juega el primero de los emocionantes encuentros concertados entre el Sevilla Cf y el Real Betis Balompi\u00e9, en los que se disputan una valiosa copa.<\/strong><\/em><\/p>\n<p style=\"text-align: justify\"><em><strong>La animaci\u00f3n crece a medida que se acerca el momento de \u00abverse las caras\u00bb. Hoy \u00abHeli\u00f3polis\u00bb registrar\u00e1 uno de los cl\u00e1sicos llenos de los partidos de la m\u00e1xima rivalidad. Porque, entre otros alicientes, hay el de que los dos equipos presentan magn\u00edficas alineaciones.<\/strong><\/em><\/p>\n<p style=\"text-align: center\"><em><strong>El Real Betis, ya lo dijimos ayer. <\/strong><\/em><\/p>\n<p style=\"text-align: justify\"><em><strong>En cuanto al Sevilla, el equipo definitivo es el siguiente: Cruzado; Villalonga-Soler; Fuentes-F\u00e9lix-Bilbao; Escalera-Clemente-Campanal I-Raimundo-Campos. <\/strong><\/em><\/p>\n<p style=\"text-align: justify\"><em><strong>La nota interesante de este equipo es la alineaci\u00f3n del medio derecho Fuentes, de quien Mr. O&#8217;Connell hace grandes elogios y espera verlo figura en el porvenir.<\/strong><\/em><\/p>\n<p style=\"text-align: justify\"><em><strong>Para arbitrar este partido ha sido designado el se\u00f1or Guerra\u00bb.-<\/strong><\/em>Recortes de Prensa: \u00abABC-Edici\u00f3n Andaluc\u00eda-Sevilla, 2-viernes+3-s\u00e1bado+4-domingo+6-martes-Marzo 1945.<\/p>\n<p style=\"text-align: justify\"><strong>1945-MARZO 04-DOMINGO-TARDE.-ESTADIO MUNICIPAL DE HELI\u00d3POLIS \u00abCIUDAD DE SOL\u00bb.<\/strong><\/p>\n<p style=\"text-align: center\"><a href=\"https:\/\/www.manquepierda.com\/historiarealbetis\/41378-1945-marzo-04-copa-federacion-sur-real-betis-balompie-4-sevilla-cf-1-70aniversario\/heliopolis19401958-13\/\" rel=\"attachment wp-att-41384\"><img data-recalc-dims=\"1\" loading=\"lazy\" decoding=\"async\" class=\"aligncenter size-medium wp-image-41384\" src=\"https:\/\/i0.wp.com\/www.manquepierda.com\/historiarealbetis\/files\/2015\/03\/Heli%C3%B3polis19401958.jpg?resize=680%2C435&#038;ssl=1\" alt=\"Heli\u00f3polis19401958\" width=\"680\" height=\"435\" srcset=\"https:\/\/i0.wp.com\/www.manquepierda.com\/historiarealbetis\/files\/2015\/03\/Heli%C3%B3polis19401958.jpg?resize=680%2C435&amp;ssl=1 680w, https:\/\/i0.wp.com\/www.manquepierda.com\/historiarealbetis\/files\/2015\/03\/Heli%C3%B3polis19401958.jpg?resize=220%2C141&amp;ssl=1 220w, https:\/\/i0.wp.com\/www.manquepierda.com\/historiarealbetis\/files\/2015\/03\/Heli%C3%B3polis19401958.jpg?resize=960%2C614&amp;ssl=1 960w\" sizes=\"auto, (max-width: 680px) 100vw, 680px\" \/><\/a><strong>ENCUENTRO DE IDA-TORNEO AMISTOSO \u00abCOPA FEDERACI\u00d3N REGIONAL SUR\u00bb.<\/strong><\/p>\n<p style=\"text-align: center\"><strong>Arbitr\u00f3 el colegiado andaluz Jos\u00e9 GUERRA Prieto (Sevilla).<br \/>\n<\/strong><\/p>\n<p style=\"text-align: center\"><a href=\"https:\/\/www.manquepierda.com\/historiarealbetis\/41378-1945-marzo-04-copa-federacion-sur-real-betis-balompie-4-sevilla-cf-1-70aniversario\/guerra-prieto\/\" rel=\"attachment wp-att-41400\"><img data-recalc-dims=\"1\" loading=\"lazy\" decoding=\"async\" class=\"aligncenter size-thumbnail wp-image-41400\" src=\"https:\/\/i0.wp.com\/www.manquepierda.com\/historiarealbetis\/files\/2015\/03\/Guerra-Prieto.jpg?resize=156%2C220&#038;ssl=1\" alt=\"Guerra Prieto\" width=\"156\" height=\"220\" srcset=\"https:\/\/i0.wp.com\/www.manquepierda.com\/historiarealbetis\/files\/2015\/03\/Guerra-Prieto.jpg?resize=156%2C220&amp;ssl=1 156w, https:\/\/i0.wp.com\/www.manquepierda.com\/historiarealbetis\/files\/2015\/03\/Guerra-Prieto.jpg?w=169&amp;ssl=1 169w\" sizes=\"auto, (max-width: 156px) 100vw, 156px\" \/><\/a><strong>Alineando a ambas escuadras de la forma siguiente:<\/strong><\/p>\n<figure id=\"attachment_41010\" aria-describedby=\"caption-attachment-41010\" style=\"width: 220px\" class=\"wp-caption aligncenter\"><a href=\"https:\/\/www.manquepierda.com\/historiarealbetis\/41005-1956-febrero-12-segunda-ii-cf-extremadura-0-real-betis-balompie-0-59aniversario\/1931-rbb-coronado-3\/\" rel=\"attachment wp-att-41010\"><img data-recalc-dims=\"1\" loading=\"lazy\" decoding=\"async\" class=\"size-thumbnail wp-image-41010\" src=\"https:\/\/i0.wp.com\/www.manquepierda.com\/historiarealbetis\/files\/2015\/02\/1931-RBB-coronado1.jpg?resize=220%2C193&#038;ssl=1\" alt=\"MMMM\" width=\"220\" height=\"193\" srcset=\"https:\/\/i0.wp.com\/www.manquepierda.com\/historiarealbetis\/files\/2015\/02\/1931-RBB-coronado1.jpg?resize=220%2C193&amp;ssl=1 220w, https:\/\/i0.wp.com\/www.manquepierda.com\/historiarealbetis\/files\/2015\/02\/1931-RBB-coronado1.jpg?w=360&amp;ssl=1 360w\" sizes=\"auto, (max-width: 220px) 100vw, 220px\" \/><\/a><figcaption id=\"caption-attachment-41010\" class=\"wp-caption-text\"><strong>14\u00aa EDICI\u00d3N CAMPEONATO NACIONAL LIGA SEGUNDA DIVISI\u00d3N-TEMPORADA 1944-1945.-REAL BETIS BALOMPI\u00c9-4 GOLES.<\/strong><\/figcaption><\/figure>\n<figure id=\"attachment_41162\" aria-describedby=\"caption-attachment-41162\" style=\"width: 220px\" class=\"wp-caption alignright\"><a href=\"https:\/\/www.manquepierda.com\/historiarealbetis\/41154-1945-febrero-18-segunda-real-betis-balompie-1-zaragoza-cf-0-70aniversario\/eduardobenjumeavazquezarmero1944-1945-9\/\" rel=\"attachment wp-att-41162\"><img data-recalc-dims=\"1\" loading=\"lazy\" decoding=\"async\" class=\"size-thumbnail wp-image-41162\" src=\"https:\/\/i0.wp.com\/www.manquepierda.com\/historiarealbetis\/files\/2015\/02\/EduardoBENJUMEAV%C3%A1zquezArmero1944-1945.jpg?resize=220%2C217&#038;ssl=1\" alt=\"MMMMM\" width=\"220\" height=\"217\" srcset=\"https:\/\/i0.wp.com\/www.manquepierda.com\/historiarealbetis\/files\/2015\/02\/EduardoBENJUMEAV%C3%A1zquezArmero1944-1945.jpg?resize=220%2C217&amp;ssl=1 220w, https:\/\/i0.wp.com\/www.manquepierda.com\/historiarealbetis\/files\/2015\/02\/EduardoBENJUMEAV%C3%A1zquezArmero1944-1945.jpg?resize=609%2C600&amp;ssl=1 609w, https:\/\/i0.wp.com\/www.manquepierda.com\/historiarealbetis\/files\/2015\/02\/EduardoBENJUMEAV%C3%A1zquezArmero1944-1945.jpg?resize=710%2C700&amp;ssl=1 710w, https:\/\/i0.wp.com\/www.manquepierda.com\/historiarealbetis\/files\/2015\/02\/EduardoBENJUMEAV%C3%A1zquezArmero1944-1945.jpg?w=1328&amp;ssl=1 1328w\" sizes=\"auto, (max-width: 220px) 100vw, 220px\" \/><\/a><figcaption id=\"caption-attachment-41162\" class=\"wp-caption-text\"><strong>Don Eduardo BENJUMEA V\u00c1ZQUEZ-ARMERO.-Abogado: 43 a\u00f1os+4 meses menos 23 d\u00edas.-SEVILLA, mi\u00e9rcoles 27-Noviembre-1901.-PRESIDENTE REAL BETIS BALOMPI\u00c9<\/strong><\/figcaption><\/figure>\n<figure id=\"attachment_41382\" aria-describedby=\"caption-attachment-41382\" style=\"width: 145px\" class=\"wp-caption alignleft\"><a href=\"https:\/\/www.manquepierda.com\/historiarealbetis\/41378-1945-marzo-04-copa-federacion-sur-real-betis-balompie-4-sevilla-cf-1-70aniversario\/peral-jose-suarez-gonzalez-8\/\" rel=\"attachment wp-att-41382\"><img data-recalc-dims=\"1\" loading=\"lazy\" decoding=\"async\" class=\"size-thumbnail wp-image-41382\" src=\"https:\/\/i0.wp.com\/www.manquepierda.com\/historiarealbetis\/files\/2015\/03\/PERAL-Jos%C3%A9-Su%C3%A1rez-Gonz%C3%A1lez.jpg?resize=145%2C220&#038;ssl=1\" alt=\"mmmm\" width=\"145\" height=\"220\" srcset=\"https:\/\/i0.wp.com\/www.manquepierda.com\/historiarealbetis\/files\/2015\/03\/PERAL-Jos%C3%A9-Su%C3%A1rez-Gonz%C3%A1lez.jpg?resize=145%2C220&amp;ssl=1 145w, https:\/\/i0.wp.com\/www.manquepierda.com\/historiarealbetis\/files\/2015\/03\/PERAL-Jos%C3%A9-Su%C3%A1rez-Gonz%C3%A1lez.jpg?w=187&amp;ssl=1 187w\" sizes=\"auto, (max-width: 145px) 100vw, 145px\" \/><\/a><figcaption id=\"caption-attachment-41382\" class=\"wp-caption-text\"><strong>Jos\u00e9 Su\u00e1rez Gonz\u00e1lez (a) \u00abPERAL\u00bb 33 a\u00f1os+11 meses menos 6 d\u00edas.-ENTRENADOR REAL BETIS BALOMPI\u00c9.<\/strong><\/figcaption><\/figure>\n<p style=\"text-align: justify\">\u00abEl primero de los encuentros concertados entre el Real Betis Balompi\u00e9 y el Sevilla Club de F\u00fatbol para disputarse la \u00abCopa Federaci\u00f3n Regional Sur\u00bb, transcurri\u00f3 el \u00abderbi\u00bb en un ambiente de extremada cordialidad.<\/p>\n<p style=\"text-align: justify\">Los antiguos \u00abrivales\u00bb del equipo verdiblanco saltaron al terreno de juego de \u00abHeli\u00f3polis\u00bb en tono francamente amistoso, como era natural, y aunque el \u00abonce\u00bb que jugaba en casa acus\u00f3 recibo de tal \u00abgentileza\u00bb, al final la savia joven se hab\u00eda impuesto hasta lograr un 4-1 que le lleva a \u00abNervi\u00f3n\u00bb en brazos de la victoria.<\/p>\n<p style=\"text-align: justify\">Nos referimos escuetamente a la actuaci\u00f3n de \u00abBotella\u00bb en la delantera b\u00e9tica.<\/p>\n<p style=\"text-align: justify\">Sin el afortunado debut del delantero centro valenciano, la contienda habr\u00eda llegado al final en medio del tedio de los espectadores, que a\u00fan as\u00ed salieron del campo un tanto aburridos y decepcionados, porque en realidad el Betis Balompi\u00e9 no encontr\u00f3 al adversario en los noventa minutos que dur\u00f3 el encuentro\u00bb.<\/p>\n<p style=\"text-align: center\"><em><strong>CAMPEONES-COPA FEDERACI\u00d3N REGIONAL SUR:<\/strong><\/em><\/p>\n<p style=\"text-align: center\"><strong>GUARDAMETA:<\/strong><\/p>\n<figure id=\"attachment_41402\" aria-describedby=\"caption-attachment-41402\" style=\"width: 128px\" class=\"wp-caption aligncenter\"><a href=\"https:\/\/www.manquepierda.com\/historiarealbetis\/41378-1945-marzo-04-copa-federacion-sur-real-betis-balompie-4-sevilla-cf-1-70aniversario\/alfredo-greus-lozano-3\/\" rel=\"attachment wp-att-41402\"><img data-recalc-dims=\"1\" loading=\"lazy\" decoding=\"async\" class=\"size-thumbnail wp-image-41402\" src=\"https:\/\/i0.wp.com\/www.manquepierda.com\/historiarealbetis\/files\/2015\/03\/Alfredo-GREUS-Lozano.jpg?resize=128%2C220&#038;ssl=1\" alt=\"mmmm\" width=\"128\" height=\"220\" srcset=\"https:\/\/i0.wp.com\/www.manquepierda.com\/historiarealbetis\/files\/2015\/03\/Alfredo-GREUS-Lozano.jpg?resize=128%2C220&amp;ssl=1 128w, https:\/\/i0.wp.com\/www.manquepierda.com\/historiarealbetis\/files\/2015\/03\/Alfredo-GREUS-Lozano.jpg?w=347&amp;ssl=1 347w\" sizes=\"auto, (max-width: 128px) 100vw, 128px\" \/><\/a><figcaption id=\"caption-attachment-41402\" class=\"wp-caption-text\"><strong>ENCAJ\u00d3 EL 3-1 final primer tiempo.<\/strong><\/figcaption><\/figure>\n<p style=\"text-align: justify\"><strong>1.-Alfredo GREUS Lozano.-20 a\u00f1os+4 meses menos 25 d\u00edas.-ALGINET (Valencia),\u00a0 s\u00e1bado 29-Noviembre-1924.<\/strong><\/p>\n<p style=\"text-align: center\"><strong>ZAGUEROS:<\/strong><\/p>\n<p style=\"text-align: center\"><a href=\"https:\/\/www.manquepierda.com\/historiarealbetis\/41378-1945-marzo-04-copa-federacion-sur-real-betis-balompie-4-sevilla-cf-1-70aniversario\/isidro-reguera-sivianes-5\/\" rel=\"attachment wp-att-41403\"><img data-recalc-dims=\"1\" loading=\"lazy\" decoding=\"async\" class=\"aligncenter size-thumbnail wp-image-41403\" src=\"https:\/\/i0.wp.com\/www.manquepierda.com\/historiarealbetis\/files\/2015\/03\/ISIDRO-Reguera-Sivianes.png?resize=188%2C220&#038;ssl=1\" alt=\"ISIDRO Reguera Sivianes\" width=\"188\" height=\"220\" srcset=\"https:\/\/i0.wp.com\/www.manquepierda.com\/historiarealbetis\/files\/2015\/03\/ISIDRO-Reguera-Sivianes.png?resize=188%2C220&amp;ssl=1 188w, https:\/\/i0.wp.com\/www.manquepierda.com\/historiarealbetis\/files\/2015\/03\/ISIDRO-Reguera-Sivianes.png?w=191&amp;ssl=1 191w\" sizes=\"auto, (max-width: 188px) 100vw, 188px\" \/><\/a><strong>2-Lateral Diestro.-ISIDRO Reguera Sivianes.<\/strong><\/p>\n<p style=\"text-align: center\"><img data-recalc-dims=\"1\" loading=\"lazy\" decoding=\"async\" class=\"aligncenter size-thumbnail wp-image-47648\" src=\"https:\/\/i0.wp.com\/www.manquepierda.com\/historiarealbetis\/files\/2013\/02\/FranciscoANT%C3%9ANEZEspada.png?resize=188%2C220&#038;ssl=1\" alt=\"FranciscoANT\u00daNEZEspada\" width=\"188\" height=\"220\" srcset=\"https:\/\/i0.wp.com\/www.manquepierda.com\/historiarealbetis\/files\/2013\/02\/FranciscoANT%C3%9ANEZEspada.png?resize=188%2C220&amp;ssl=1 188w, https:\/\/i0.wp.com\/www.manquepierda.com\/historiarealbetis\/files\/2013\/02\/FranciscoANT%C3%9ANEZEspada.png?w=191&amp;ssl=1 191w\" sizes=\"auto, (max-width: 188px) 100vw, 188px\" \/><\/p>\n<p style=\"text-align: center\"><strong>3-Lateral Zurdo.-Francisco ANT\u00daNEZ Espada.<\/strong><\/p>\n<p style=\"text-align: center\"><strong>MEDIOS:<\/strong><\/p>\n<p style=\"text-align: center\"><img data-recalc-dims=\"1\" loading=\"lazy\" decoding=\"async\" class=\"aligncenter size-thumbnail wp-image-47970\" src=\"https:\/\/i0.wp.com\/www.manquepierda.com\/historiarealbetis\/files\/2015\/03\/MORITA-AntonioMora%C3%81lvarez.jpg?resize=143%2C220&#038;ssl=1\" alt=\"MORITA-AntonioMora\u00c1lvarez\" width=\"143\" height=\"220\" srcset=\"https:\/\/i0.wp.com\/www.manquepierda.com\/historiarealbetis\/files\/2015\/03\/MORITA-AntonioMora%C3%81lvarez.jpg?resize=143%2C220&amp;ssl=1 143w, https:\/\/i0.wp.com\/www.manquepierda.com\/historiarealbetis\/files\/2015\/03\/MORITA-AntonioMora%C3%81lvarez.jpg?resize=391%2C600&amp;ssl=1 391w, https:\/\/i0.wp.com\/www.manquepierda.com\/historiarealbetis\/files\/2015\/03\/MORITA-AntonioMora%C3%81lvarez.jpg?resize=456%2C700&amp;ssl=1 456w, https:\/\/i0.wp.com\/www.manquepierda.com\/historiarealbetis\/files\/2015\/03\/MORITA-AntonioMora%C3%81lvarez.jpg?w=464&amp;ssl=1 464w\" sizes=\"auto, (max-width: 143px) 100vw, 143px\" \/><\/p>\n<p style=\"text-align: center\"><strong>4-Diestro.-Antonio Mora \u00c1lvarez (a) \u00abMORITA\u00bb.<\/strong><\/p>\n<p style=\"text-align: center\"><img data-recalc-dims=\"1\" loading=\"lazy\" decoding=\"async\" class=\"aligncenter size-thumbnail wp-image-47971\" src=\"https:\/\/i0.wp.com\/www.manquepierda.com\/historiarealbetis\/files\/2015\/03\/Jos%C3%A9-RUIZ-L%C3%93PEZ.jpg?resize=136%2C220&#038;ssl=1\" alt=\"Jos\u00e9 RUIZ L\u00d3PEZ\" width=\"136\" height=\"220\" srcset=\"https:\/\/i0.wp.com\/www.manquepierda.com\/historiarealbetis\/files\/2015\/03\/Jos%C3%A9-RUIZ-L%C3%93PEZ.jpg?resize=136%2C220&amp;ssl=1 136w, https:\/\/i0.wp.com\/www.manquepierda.com\/historiarealbetis\/files\/2015\/03\/Jos%C3%A9-RUIZ-L%C3%93PEZ.jpg?resize=370%2C600&amp;ssl=1 370w, https:\/\/i0.wp.com\/www.manquepierda.com\/historiarealbetis\/files\/2015\/03\/Jos%C3%A9-RUIZ-L%C3%93PEZ.jpg?resize=432%2C700&amp;ssl=1 432w, https:\/\/i0.wp.com\/www.manquepierda.com\/historiarealbetis\/files\/2015\/03\/Jos%C3%A9-RUIZ-L%C3%93PEZ.jpg?w=439&amp;ssl=1 439w\" sizes=\"auto, (max-width: 136px) 100vw, 136px\" \/><\/p>\n<p style=\"text-align: center\"><strong>5-Centro.-Jos\u00e9 RUIZ L\u00d3PEZ.<\/strong><\/p>\n<p style=\"text-align: center\"><a href=\"https:\/\/www.manquepierda.com\/historiarealbetis\/41378-1945-marzo-04-copa-federacion-sur-real-betis-balompie-4-sevilla-cf-1-70aniversario\/guillermo-coll-munar-9\/\" rel=\"attachment wp-att-41407\"><img data-recalc-dims=\"1\" loading=\"lazy\" decoding=\"async\" class=\"aligncenter size-thumbnail wp-image-41407\" src=\"https:\/\/i0.wp.com\/www.manquepierda.com\/historiarealbetis\/files\/2015\/03\/Guillermo-COLL-Munar.png?resize=188%2C220&#038;ssl=1\" alt=\"Guillermo COLL Munar\" width=\"188\" height=\"220\" srcset=\"https:\/\/i0.wp.com\/www.manquepierda.com\/historiarealbetis\/files\/2015\/03\/Guillermo-COLL-Munar.png?resize=188%2C220&amp;ssl=1 188w, https:\/\/i0.wp.com\/www.manquepierda.com\/historiarealbetis\/files\/2015\/03\/Guillermo-COLL-Munar.png?w=191&amp;ssl=1 191w\" sizes=\"auto, (max-width: 188px) 100vw, 188px\" \/><\/a><strong>6-Zurdo.-Guillermo COLL Munar.<\/strong><\/p>\n<p style=\"text-align: center\"><strong>DELANTEROS:<\/strong><\/p>\n<p style=\"text-align: center\"><a href=\"https:\/\/www.manquepierda.com\/historiarealbetis\/41378-1945-marzo-04-copa-federacion-sur-real-betis-balompie-4-sevilla-cf-1-70aniversario\/saro-13\/\" rel=\"attachment wp-att-41408\"><img data-recalc-dims=\"1\" loading=\"lazy\" decoding=\"async\" class=\"aligncenter size-thumbnail wp-image-41408\" src=\"https:\/\/i0.wp.com\/www.manquepierda.com\/historiarealbetis\/files\/2015\/03\/SARO.png?resize=188%2C220&#038;ssl=1\" alt=\"SARO\" width=\"188\" height=\"220\" srcset=\"https:\/\/i0.wp.com\/www.manquepierda.com\/historiarealbetis\/files\/2015\/03\/SARO.png?resize=188%2C220&amp;ssl=1 188w, https:\/\/i0.wp.com\/www.manquepierda.com\/historiarealbetis\/files\/2015\/03\/SARO.png?w=191&amp;ssl=1 191w\" sizes=\"auto, (max-width: 188px) 100vw, 188px\" \/><\/a><strong>7-Extremo Diestro.-\u00c1ngel Mart\u00edn Rodr\u00edguez (a) \u00abSARO\u00bb.<\/strong><\/p>\n<p style=\"text-align: center\"><img data-recalc-dims=\"1\" loading=\"lazy\" decoding=\"async\" class=\"aligncenter size-thumbnail wp-image-47972\" src=\"https:\/\/i0.wp.com\/www.manquepierda.com\/historiarealbetis\/files\/2015\/03\/Ram%C3%B3n-Blanco-Jim%C3%A9nez-ROLD%C3%81N.png?resize=188%2C220&#038;ssl=1\" alt=\"Ram\u00f3n Blanco Jim\u00e9nez &quot;ROLD\u00c1N&quot;\" width=\"188\" height=\"220\" srcset=\"https:\/\/i0.wp.com\/www.manquepierda.com\/historiarealbetis\/files\/2015\/03\/Ram%C3%B3n-Blanco-Jim%C3%A9nez-ROLD%C3%81N.png?resize=188%2C220&amp;ssl=1 188w, https:\/\/i0.wp.com\/www.manquepierda.com\/historiarealbetis\/files\/2015\/03\/Ram%C3%B3n-Blanco-Jim%C3%A9nez-ROLD%C3%81N.png?w=191&amp;ssl=1 191w\" sizes=\"auto, (max-width: 188px) 100vw, 188px\" \/><\/p>\n<p style=\"text-align: center\"><strong>*4-1.-Segundo Tiempo*<\/strong><\/p>\n<p style=\"text-align: justify\"><strong>8-Interior Diestro.-Ram\u00f3n Blanco Jim\u00e9nez (a) \u00abEl Pollito ROLD\u00c1N\u00bb (23 a\u00f1os+3 meses menos 19 d\u00edas)-Natura de PUERTO REAL (C\u00e1diz),\u00a0 viernes 23-Diciembre-1921.-Obituario en C\u00e1diz, martes 27 de Julio de 2004 (82 A\u00f1os+7 meses+4 d\u00edas) D. E. P.<br \/>\n<\/strong><\/p>\n<figure id=\"attachment_41397\" aria-describedby=\"caption-attachment-41397\" style=\"width: 220px\" class=\"wp-caption aligncenter\"><a href=\"https:\/\/www.manquepierda.com\/historiarealbetis\/41378-1945-marzo-04-copa-federacion-sur-real-betis-balompie-4-sevilla-cf-1-70aniversario\/josebotellaramon-8\/\" rel=\"attachment wp-att-41397\"><img data-recalc-dims=\"1\" loading=\"lazy\" decoding=\"async\" class=\"size-thumbnail wp-image-41397\" src=\"https:\/\/i0.wp.com\/www.manquepierda.com\/historiarealbetis\/files\/2015\/03\/Jos%C3%A9BOTELLAram%C3%B3n.jpg?resize=220%2C177&#038;ssl=1\" alt=\"mmmm\" width=\"220\" height=\"177\" srcset=\"https:\/\/i0.wp.com\/www.manquepierda.com\/historiarealbetis\/files\/2015\/03\/Jos%C3%A9BOTELLAram%C3%B3n.jpg?resize=220%2C177&amp;ssl=1 220w, https:\/\/i0.wp.com\/www.manquepierda.com\/historiarealbetis\/files\/2015\/03\/Jos%C3%A9BOTELLAram%C3%B3n.jpg?w=512&amp;ssl=1 512w\" sizes=\"auto, (max-width: 220px) 100vw, 220px\" \/><\/a><figcaption id=\"caption-attachment-41397\" class=\"wp-caption-text\"><strong>*1-0.-PRIMER TIEMPO*<\/strong><\/figcaption><\/figure>\n<p style=\"text-align: justify\"><strong>9-Centro Delantero-Ariete.-Jos\u00e9 BOTELLA Ram\u00f3n (19 a\u00f1os+11 meses menos 26 d\u00edas)-Natural de ALGINET (Valencia),\u00a0 jueves 30-Abril-1925.-\u00cddem, viernes 19 de Septiembre de 1986 (61 A\u00f1os+5 meses menos 11 d\u00eda) D. E. P.<br \/>\n<\/strong><\/p>\n<p style=\"text-align: center\"><img data-recalc-dims=\"1\" loading=\"lazy\" decoding=\"async\" class=\"aligncenter size-thumbnail wp-image-47973\" src=\"https:\/\/i0.wp.com\/www.manquepierda.com\/historiarealbetis\/files\/2015\/03\/Antonio-PE%C3%91A-Romero.jpg?resize=171%2C220&#038;ssl=1\" alt=\"Antonio PE\u00d1A Romero\" width=\"171\" height=\"220\" srcset=\"https:\/\/i0.wp.com\/www.manquepierda.com\/historiarealbetis\/files\/2015\/03\/Antonio-PE%C3%91A-Romero.jpg?resize=171%2C220&amp;ssl=1 171w, https:\/\/i0.wp.com\/www.manquepierda.com\/historiarealbetis\/files\/2015\/03\/Antonio-PE%C3%91A-Romero.jpg?resize=466%2C600&amp;ssl=1 466w, https:\/\/i0.wp.com\/www.manquepierda.com\/historiarealbetis\/files\/2015\/03\/Antonio-PE%C3%91A-Romero.jpg?w=516&amp;ssl=1 516w\" sizes=\"auto, (max-width: 171px) 100vw, 171px\" \/><\/p>\n<p style=\"text-align: center\"><strong>*2-0.-Primer Tiempo*<\/strong><\/p>\n<p style=\"text-align: justify\"><strong>10-Interior Zurdo (Se lesion\u00f3 en 1erTiempo).-Antonio PE\u00d1A Romero (22 a\u00f1os+2 meses+3 d\u00edas)-Natural de SEVILLA,\u00a0 lunes 1\u00ba-Enero-1923.-\u00cddem, jueves 12 de Diciembre de 1991 (67 A\u00f1os+11 meses+11 d\u00edas) D. E. P.<br \/>\n<\/strong><\/p>\n<p style=\"text-align: justify\"><strong>Tras el descanso reglamentario le sustituy\u00f3 NAVARRETE (no localizado).<br \/>\n<\/strong><\/p>\n<p style=\"text-align: center\"><img data-recalc-dims=\"1\" loading=\"lazy\" decoding=\"async\" class=\"aligncenter size-thumbnail wp-image-47974\" src=\"https:\/\/i0.wp.com\/www.manquepierda.com\/historiarealbetis\/files\/2015\/03\/Jos%C3%A9-BOH%C3%93RQUEZ-Salado.png?resize=188%2C220&#038;ssl=1\" alt=\"Jos\u00e9 BOH\u00d3RQUEZ Salado\" width=\"188\" height=\"220\" srcset=\"https:\/\/i0.wp.com\/www.manquepierda.com\/historiarealbetis\/files\/2015\/03\/Jos%C3%A9-BOH%C3%93RQUEZ-Salado.png?resize=188%2C220&amp;ssl=1 188w, https:\/\/i0.wp.com\/www.manquepierda.com\/historiarealbetis\/files\/2015\/03\/Jos%C3%A9-BOH%C3%93RQUEZ-Salado.png?w=191&amp;ssl=1 191w\" sizes=\"auto, (max-width: 188px) 100vw, 188px\" \/><\/p>\n<p style=\"text-align: center\"><strong>*3-0.-Primer Tiempo*<\/strong><\/p>\n<p style=\"text-align: justify\"><strong>11.-Extremo Zurdo.-Jos\u00e9 BOH\u00d3RQUEZ Salado (22 a\u00f1os+8 meses menos 21 d\u00edas)-Natural de SEVILLA,\u00a0 martes 25-Julio-1922.-\u00cddem, viernes 16 de Noviembre de 1990 (68 A\u00f1os+4 meses menos 9 d\u00edas) D. E. P.<br \/>\n<\/strong><\/p>\n<p style=\"text-align: center\">Vs.<\/p>\n<figure id=\"attachment_39809\" aria-describedby=\"caption-attachment-39809\" style=\"width: 204px\" class=\"wp-caption aligncenter\"><a href=\"https:\/\/www.manquepierda.com\/historiarealbetis\/39762-1931-diciembre-20-cuarta-liga-segunda-division-sevilla-fbc-2-betis-balompie-3-83aniversario\/escudo-sfbc1921-2\/\" rel=\"attachment wp-att-39809\"><img data-recalc-dims=\"1\" loading=\"lazy\" decoding=\"async\" class=\"size-full wp-image-39809\" src=\"https:\/\/i0.wp.com\/www.manquepierda.com\/historiarealbetis\/files\/2014\/12\/Escudo-SFbC1921.jpeg?resize=204%2C247&#038;ssl=1\" alt=\"MMMM\" width=\"204\" height=\"247\" srcset=\"https:\/\/i0.wp.com\/www.manquepierda.com\/historiarealbetis\/files\/2014\/12\/Escudo-SFbC1921.jpeg?w=204&amp;ssl=1 204w, https:\/\/i0.wp.com\/www.manquepierda.com\/historiarealbetis\/files\/2014\/12\/Escudo-SFbC1921.jpeg?resize=181%2C220&amp;ssl=1 181w\" sizes=\"auto, (max-width: 204px) 100vw, 204px\" \/><\/a><figcaption id=\"caption-attachment-39809\" class=\"wp-caption-text\">1944-1945-PRIMERA DIVISI\u00d3N (Octavo Clasificado).-SEVILLA CLUB DE F\u00daTBOL-1 TANTO.<\/figcaption><\/figure>\n<figure id=\"attachment_41385\" aria-describedby=\"caption-attachment-41385\" style=\"width: 149px\" class=\"wp-caption alignright\"><a href=\"https:\/\/www.manquepierda.com\/historiarealbetis\/41378-1945-marzo-04-copa-federacion-sur-real-betis-balompie-4-sevilla-cf-1-70aniversario\/contadero\/\" rel=\"attachment wp-att-41385\"><img data-recalc-dims=\"1\" loading=\"lazy\" decoding=\"async\" class=\"size-thumbnail wp-image-41385\" src=\"https:\/\/i0.wp.com\/www.manquepierda.com\/historiarealbetis\/files\/2015\/03\/Contadero.jpg?resize=149%2C220&#038;ssl=1\" alt=\"mmmm\" width=\"149\" height=\"220\" srcset=\"https:\/\/i0.wp.com\/www.manquepierda.com\/historiarealbetis\/files\/2015\/03\/Contadero.jpg?resize=149%2C220&amp;ssl=1 149w, https:\/\/i0.wp.com\/www.manquepierda.com\/historiarealbetis\/files\/2015\/03\/Contadero.jpg?resize=405%2C600&amp;ssl=1 405w, https:\/\/i0.wp.com\/www.manquepierda.com\/historiarealbetis\/files\/2015\/03\/Contadero.jpg?resize=473%2C700&amp;ssl=1 473w, https:\/\/i0.wp.com\/www.manquepierda.com\/historiarealbetis\/files\/2015\/03\/Contadero.jpg?w=638&amp;ssl=1 638w\" sizes=\"auto, (max-width: 149px) 100vw, 149px\" \/><\/a><figcaption id=\"caption-attachment-41385\" class=\"wp-caption-text\">Presidente don Jer\u00f3nimo DOM\u00cdNGUEZ y P\u00c9REZ DE VARGAS.-Marqu\u00e9s de Contadero.<\/figcaption><\/figure>\n<figure id=\"attachment_41386\" aria-describedby=\"caption-attachment-41386\" style=\"width: 166px\" class=\"wp-caption alignleft\"><a href=\"https:\/\/www.manquepierda.com\/historiarealbetis\/41378-1945-marzo-04-copa-federacion-sur-real-betis-balompie-4-sevilla-cf-1-70aniversario\/patrickjosephoconnell-1-5\/\" rel=\"attachment wp-att-41386\"><img data-recalc-dims=\"1\" loading=\"lazy\" decoding=\"async\" class=\"size-thumbnail wp-image-41386\" src=\"https:\/\/i0.wp.com\/www.manquepierda.com\/historiarealbetis\/files\/2015\/03\/PatrickJosephOCONNELL.1.jpg?resize=166%2C220&#038;ssl=1\" alt=\"mmm\" width=\"166\" height=\"220\" srcset=\"https:\/\/i0.wp.com\/www.manquepierda.com\/historiarealbetis\/files\/2015\/03\/PatrickJosephOCONNELL.1.jpg?resize=166%2C220&amp;ssl=1 166w, https:\/\/i0.wp.com\/www.manquepierda.com\/historiarealbetis\/files\/2015\/03\/PatrickJosephOCONNELL.1.jpg?w=186&amp;ssl=1 186w\" sizes=\"auto, (max-width: 166px) 100vw, 166px\" \/><\/a><figcaption id=\"caption-attachment-41386\" class=\"wp-caption-text\">Mr. Patrick Joseph O&#8217;CONNELL.-Entrenador.<\/figcaption><\/figure>\n<p style=\"text-align: justify\">Con los minutos que fueron alineados por Mr. Patrick Joseph O&#8217;Connell en partidos 1\u00aa Divisi\u00f3n-Temporada 1944-1945:<\/p>\n<p style=\"text-align: center\">SUBCAMPEONES-COPA FEDERACI\u00d3N REGIONAL SUR:<\/p>\n<p style=\"text-align: center\">PORTERO:<\/p>\n<p style=\"text-align: center\"><img data-recalc-dims=\"1\" loading=\"lazy\" decoding=\"async\" class=\"aligncenter size-thumbnail wp-image-47975\" src=\"https:\/\/i0.wp.com\/www.manquepierda.com\/historiarealbetis\/files\/2015\/03\/SCP.jpg?resize=152%2C220&#038;ssl=1\" alt=\"SCP\" width=\"152\" height=\"220\" srcset=\"https:\/\/i0.wp.com\/www.manquepierda.com\/historiarealbetis\/files\/2015\/03\/SCP.jpg?resize=152%2C220&amp;ssl=1 152w, https:\/\/i0.wp.com\/www.manquepierda.com\/historiarealbetis\/files\/2015\/03\/SCP.jpg?w=180&amp;ssl=1 180w\" sizes=\"auto, (max-width: 152px) 100vw, 152px\" \/><\/p>\n<p style=\"text-align: center\">1.-Salvador CRUZADO P\u00e9rez (4 goles encajados).<\/p>\n<p style=\"text-align: center\"><a href=\"https:\/\/www.manquepierda.com\/historiarealbetis\/41378-1945-marzo-04-copa-federacion-sur-real-betis-balompie-4-sevilla-cf-1-70aniversario\/villalonga-3\/\" rel=\"attachment wp-att-41387\"><img data-recalc-dims=\"1\" loading=\"lazy\" decoding=\"async\" class=\"aligncenter size-thumbnail wp-image-41387\" src=\"https:\/\/i0.wp.com\/www.manquepierda.com\/historiarealbetis\/files\/2015\/03\/Villalonga.jpg?resize=158%2C220&#038;ssl=1\" alt=\"Villalonga\" width=\"158\" height=\"220\" srcset=\"https:\/\/i0.wp.com\/www.manquepierda.com\/historiarealbetis\/files\/2015\/03\/Villalonga.jpg?resize=158%2C220&amp;ssl=1 158w, https:\/\/i0.wp.com\/www.manquepierda.com\/historiarealbetis\/files\/2015\/03\/Villalonga.jpg?w=175&amp;ssl=1 175w\" sizes=\"auto, (max-width: 158px) 100vw, 158px\" \/><\/a>2.-Diego VILLALONGA Montoya.-Lateral Diestro (720 minutos).<\/p>\n<p style=\"text-align: center\"><a href=\"https:\/\/www.manquepierda.com\/historiarealbetis\/41378-1945-marzo-04-copa-federacion-sur-real-betis-balompie-4-sevilla-cf-1-70aniversario\/soler\/\" rel=\"attachment wp-att-41395\"><img data-recalc-dims=\"1\" loading=\"lazy\" decoding=\"async\" class=\"aligncenter size-thumbnail wp-image-41395\" src=\"https:\/\/i0.wp.com\/www.manquepierda.com\/historiarealbetis\/files\/2015\/03\/Soler.jpg?resize=141%2C220&#038;ssl=1\" alt=\"Soler\" width=\"141\" height=\"220\" srcset=\"https:\/\/i0.wp.com\/www.manquepierda.com\/historiarealbetis\/files\/2015\/03\/Soler.jpg?resize=141%2C220&amp;ssl=1 141w, https:\/\/i0.wp.com\/www.manquepierda.com\/historiarealbetis\/files\/2015\/03\/Soler.jpg?w=145&amp;ssl=1 145w\" sizes=\"auto, (max-width: 141px) 100vw, 141px\" \/><\/a>3-Manuel SOLER Ant\u00f3n.-Lateral Zurdo (180 minutos.-1942\/1943).<\/p>\n<p style=\"text-align: center\">MEDIOS:<\/p>\n<p style=\"text-align: center\">4.-FUENTES.-Derecho (Juvenil).<\/p>\n<p style=\"text-align: center\"><a href=\"https:\/\/www.manquepierda.com\/historiarealbetis\/41378-1945-marzo-04-copa-federacion-sur-real-betis-balompie-4-sevilla-cf-1-70aniversario\/felix\/\" rel=\"attachment wp-att-41388\"><img data-recalc-dims=\"1\" loading=\"lazy\" decoding=\"async\" class=\"aligncenter size-thumbnail wp-image-41388\" src=\"https:\/\/i0.wp.com\/www.manquepierda.com\/historiarealbetis\/files\/2015\/03\/F%C3%A9lix.jpg?resize=145%2C220&#038;ssl=1\" alt=\"F\u00e9lix\" width=\"145\" height=\"220\" srcset=\"https:\/\/i0.wp.com\/www.manquepierda.com\/historiarealbetis\/files\/2015\/03\/F%C3%A9lix.jpg?resize=145%2C220&amp;ssl=1 145w, https:\/\/i0.wp.com\/www.manquepierda.com\/historiarealbetis\/files\/2015\/03\/F%C3%A9lix.jpg?w=180&amp;ssl=1 180w\" sizes=\"auto, (max-width: 145px) 100vw, 145px\" \/><\/a>5-Centro.-F\u00c9LIX Garc\u00eda Asencio (1530 minutos).<\/p>\n<p style=\"text-align: center\"><a href=\"https:\/\/www.manquepierda.com\/historiarealbetis\/41378-1945-marzo-04-copa-federacion-sur-real-betis-balompie-4-sevilla-cf-1-70aniversario\/bilbao\/\" rel=\"attachment wp-att-41389\"><img data-recalc-dims=\"1\" loading=\"lazy\" decoding=\"async\" class=\"aligncenter size-thumbnail wp-image-41389\" src=\"https:\/\/i0.wp.com\/www.manquepierda.com\/historiarealbetis\/files\/2015\/03\/Bilbao.jpg?resize=142%2C220&#038;ssl=1\" alt=\"Bilbao\" width=\"142\" height=\"220\" srcset=\"https:\/\/i0.wp.com\/www.manquepierda.com\/historiarealbetis\/files\/2015\/03\/Bilbao.jpg?resize=142%2C220&amp;ssl=1 142w, https:\/\/i0.wp.com\/www.manquepierda.com\/historiarealbetis\/files\/2015\/03\/Bilbao.jpg?w=163&amp;ssl=1 163w\" sizes=\"auto, (max-width: 142px) 100vw, 142px\" \/><\/a>6-Izquierdo.-Jos\u00e9 BILBAO Echevarry (90 minutos).-Juvenil.<\/p>\n<p style=\"text-align: center\">DELANTEROS:<\/p>\n<p style=\"text-align: center\"><a href=\"https:\/\/www.manquepierda.com\/historiarealbetis\/41378-1945-marzo-04-copa-federacion-sur-real-betis-balompie-4-sevilla-cf-1-70aniversario\/escalera\/\" rel=\"attachment wp-att-41390\"><img data-recalc-dims=\"1\" loading=\"lazy\" decoding=\"async\" class=\"aligncenter size-full wp-image-41390\" src=\"https:\/\/i0.wp.com\/www.manquepierda.com\/historiarealbetis\/files\/2015\/03\/Escalera.jpeg?resize=113%2C177&#038;ssl=1\" alt=\"Escalera\" width=\"113\" height=\"177\" \/><\/a>7-Extremo Derecho.-Rafael ESCALERA Martin (180 minutos).-Juvenil.<\/p>\n<p style=\"text-align: center\"><a href=\"https:\/\/www.manquepierda.com\/historiarealbetis\/41378-1945-marzo-04-copa-federacion-sur-real-betis-balompie-4-sevilla-cf-1-70aniversario\/clemente\/\" rel=\"attachment wp-att-41391\"><img data-recalc-dims=\"1\" loading=\"lazy\" decoding=\"async\" class=\"aligncenter size-full wp-image-41391\" src=\"https:\/\/i0.wp.com\/www.manquepierda.com\/historiarealbetis\/files\/2015\/03\/Clemente.jpg?resize=125%2C177&#038;ssl=1\" alt=\"Clemente\" width=\"125\" height=\"177\" \/><\/a>8-Interior Derecho.-CLEMENTE Guerrero P\u00e9rez (180 minutos).-Juvenil.<\/p>\n<p style=\"text-align: center\"><a href=\"https:\/\/www.manquepierda.com\/historiarealbetis\/41378-1945-marzo-04-copa-federacion-sur-real-betis-balompie-4-sevilla-cf-1-70aniversario\/campanal-i-2\/\" rel=\"attachment wp-att-41392\"><img data-recalc-dims=\"1\" loading=\"lazy\" decoding=\"async\" class=\"aligncenter size-full wp-image-41392\" src=\"https:\/\/i0.wp.com\/www.manquepierda.com\/historiarealbetis\/files\/2015\/03\/Campanal-I.jpg?resize=136%2C201&#038;ssl=1\" alt=\"Campanal I\" width=\"136\" height=\"201\" \/><\/a>9-Centro Delantero.-Guillermo Gonz\u00e1lez Del R\u00edo Garc\u00eda (a) \u00abCAMPANAL I\u00bb (1260 minutos).<\/p>\n<p style=\"text-align: center\"><a href=\"https:\/\/www.manquepierda.com\/historiarealbetis\/41378-1945-marzo-04-copa-federacion-sur-real-betis-balompie-4-sevilla-cf-1-70aniversario\/raimundo\/\" rel=\"attachment wp-att-41393\"><img data-recalc-dims=\"1\" loading=\"lazy\" decoding=\"async\" class=\"aligncenter size-thumbnail wp-image-41393\" src=\"https:\/\/i0.wp.com\/www.manquepierda.com\/historiarealbetis\/files\/2015\/03\/Raimundo.jpg?resize=142%2C220&#038;ssl=1\" alt=\"Raimundo\" width=\"142\" height=\"220\" srcset=\"https:\/\/i0.wp.com\/www.manquepierda.com\/historiarealbetis\/files\/2015\/03\/Raimundo.jpg?resize=142%2C220&amp;ssl=1 142w, https:\/\/i0.wp.com\/www.manquepierda.com\/historiarealbetis\/files\/2015\/03\/Raimundo.jpg?w=153&amp;ssl=1 153w\" sizes=\"auto, (max-width: 142px) 100vw, 142px\" \/><\/a>10-Interior Izquierdo.-RAIMUNDO Blanco Toranzo (360 minutos).<\/p>\n<p style=\"text-align: justify\"><a href=\"https:\/\/www.manquepierda.com\/historiarealbetis\/41378-1945-marzo-04-copa-federacion-sur-real-betis-balompie-4-sevilla-cf-1-70aniversario\/campos\/\" rel=\"attachment wp-att-41394\"><img data-recalc-dims=\"1\" loading=\"lazy\" decoding=\"async\" class=\"aligncenter size-full wp-image-41394\" src=\"https:\/\/i0.wp.com\/www.manquepierda.com\/historiarealbetis\/files\/2015\/03\/Campos.jpg?resize=127%2C186&#038;ssl=1\" alt=\"Campos\" width=\"127\" height=\"186\" \/><\/a>11-Extremo Izquierdo.-Jos\u00e9 CAMPOS Rodr\u00edguez (1710 minutos).-22 a\u00f1os+1 mes menos 6 d\u00edas.-LA L\u00cdNEA DE LA CONCEPCI\u00d3N (C\u00e1diz),\u00a0 s\u00e1bado 10-Febrero-1923.<\/p>\n<p style=\"text-align: center\"><strong>*3-1.-Marcador final primer tiempo*<\/strong><\/p>\n<p style=\"text-align: center\"><strong>\u00a0<\/strong><\/p>\n","protected":false},"excerpt":{"rendered":"<p>\u00abANTE EL PR\u00d3XIMO SEVILLA-BETIS\u00bb: &#8211;Qu\u00e9,\u00a0 \u00bfpor fin me dice usted el equipo del Betis? &#8211;Se lo voy a decir.\u00a0 Si no exacto, lo m\u00e1s aproximado posible.\u00a0 Tal vez exacto. &#8211;Pues d\u00edgame, que ardo en deseos de conocer la alineaci\u00f3n. &#8211;De portero ir\u00e1 Greus. &#8211;Me parece bien. &#8211;En la defensa jugar\u00e1n Isidro y Ant\u00fanez. &#8211;Hab\u00eda o\u00eddo&#8230;<\/p>\n","protected":false},"author":48,"featured_media":41381,"comment_status":"open","ping_status":"open","sticky":false,"template":"","format":"standard","meta":{"_kad_post_transparent":"","_kad_post_title":"","_kad_post_layout":"","_kad_post_sidebar_id":"","_kad_post_content_style":"","_kad_post_vertical_padding":"","_kad_post_feature":"","_kad_post_feature_position":"","_kad_post_header":false,"_kad_post_footer":false,"_kad_post_classname":"","_jetpack_memberships_contains_paid_content":false,"footnotes":"","jetpack_publicize_message":"","jetpack_publicize_feature_enabled":true,"jetpack_social_post_already_shared":true,"jetpack_social_options":{"image_generator_settings":{"template":"highway","default_image_id":0,"font":"","enabled":false},"version":2}},"categories":[900,1,2064],"tags":[2626,1222,18005,916],"class_list":["post-41378","post","type-post","status-publish","format-standard","has-post-thumbnail","hentry","category-1940-1949","category-portada","category-trofeos-de-verano","tag-1944-45","tag-1222","tag-copa-presidente-1944-45","tag-sevilla-fc"],"jetpack_publicize_connections":[],"jetpack_featured_media_url":"https:\/\/i0.wp.com\/www.manquepierda.com\/historiarealbetis\/files\/2015\/03\/19450306vf.jpg?fit=688%2C952&ssl=1","jetpack_sharing_enabled":true,"jetpack_shortlink":"https:\/\/wp.me\/p1ij08-aLo","jetpack-related-posts":[],"_links":{"self":[{"href":"https:\/\/www.manquepierda.com\/historiarealbetis\/wp-json\/wp\/v2\/posts\/41378","targetHints":{"allow":["GET"]}}],"collection":[{"href":"https:\/\/www.manquepierda.com\/historiarealbetis\/wp-json\/wp\/v2\/posts"}],"about":[{"href":"https:\/\/www.manquepierda.com\/historiarealbetis\/wp-json\/wp\/v2\/types\/post"}],"author":[{"embeddable":true,"href":"https:\/\/www.manquepierda.com\/historiarealbetis\/wp-json\/wp\/v2\/users\/48"}],"replies":[{"embeddable":true,"href":"https:\/\/www.manquepierda.com\/historiarealbetis\/wp-json\/wp\/v2\/comments?post=41378"}],"version-history":[{"count":1,"href":"https:\/\/www.manquepierda.com\/historiarealbetis\/wp-json\/wp\/v2\/posts\/41378\/revisions"}],"predecessor-version":[{"id":96286,"href":"https:\/\/www.manquepierda.com\/historiarealbetis\/wp-json\/wp\/v2\/posts\/41378\/revisions\/96286"}],"wp:featuredmedia":[{"embeddable":true,"href":"https:\/\/www.manquepierda.com\/historiarealbetis\/wp-json\/wp\/v2\/media\/41381"}],"wp:attachment":[{"href":"https:\/\/www.manquepierda.com\/historiarealbetis\/wp-json\/wp\/v2\/media?parent=41378"}],"wp:term":[{"taxonomy":"category","embeddable":true,"href":"https:\/\/www.manquepierda.com\/historiarealbetis\/wp-json\/wp\/v2\/categories?post=41378"},{"taxonomy":"post_tag","embeddable":true,"href":"https:\/\/www.manquepierda.com\/historiarealbetis\/wp-json\/wp\/v2\/tags?post=41378"}],"curies":[{"name":"wp","href":"https:\/\/api.w.org\/{rel}","templated":true}]}}