{"id":41475,"date":"2015-03-12T07:25:01","date_gmt":"2015-03-12T06:25:01","guid":{"rendered":"http:\/\/www.manquepierda.com\/historiarealbetis\/?p=41475"},"modified":"2024-09-03T19:09:42","modified_gmt":"2024-09-03T17:09:42","slug":"alegria-en-vallecas-1970","status":"publish","type":"post","link":"https:\/\/www.manquepierda.com\/historiarealbetis\/alegria-en-vallecas-1970\/","title":{"rendered":"Alegr\u00eda en Vallecas 1970"},"content":{"rendered":"<figure id=\"attachment_41476\" aria-describedby=\"caption-attachment-41476\" style=\"width: 449px\" class=\"wp-caption aligncenter\"><a href=\"https:\/\/www.manquepierda.com\/historiarealbetis\/41475-alegria-en-vallecas-1970\/1970-12-14-rayo-betis-imagen-4\/\" rel=\"attachment wp-att-41476\"><img data-recalc-dims=\"1\" loading=\"lazy\" decoding=\"async\" class=\"size-medium wp-image-41476\" src=\"https:\/\/i0.wp.com\/www.manquepierda.com\/historiarealbetis\/files\/2015\/03\/1970-12-14-Rayo-Betis-imagen-4.jpg?resize=449%2C600&#038;ssl=1\" alt=\"Fuente: Marca 14 de diciembre de 1970\" width=\"449\" height=\"600\" srcset=\"https:\/\/i0.wp.com\/www.manquepierda.com\/historiarealbetis\/files\/2015\/03\/1970-12-14-Rayo-Betis-imagen-4.jpg?resize=449%2C600&amp;ssl=1 449w, https:\/\/i0.wp.com\/www.manquepierda.com\/historiarealbetis\/files\/2015\/03\/1970-12-14-Rayo-Betis-imagen-4.jpg?resize=165%2C220&amp;ssl=1 165w, https:\/\/i0.wp.com\/www.manquepierda.com\/historiarealbetis\/files\/2015\/03\/1970-12-14-Rayo-Betis-imagen-4.jpg?resize=524%2C700&amp;ssl=1 524w, https:\/\/i0.wp.com\/www.manquepierda.com\/historiarealbetis\/files\/2015\/03\/1970-12-14-Rayo-Betis-imagen-4.jpg?w=532&amp;ssl=1 532w\" sizes=\"auto, (max-width: 449px) 100vw, 449px\" \/><\/a><figcaption id=\"caption-attachment-41476\" class=\"wp-caption-text\">Fuente: Marca 14 de diciembre de 1970<\/figcaption><\/figure>\n<p>13 de diciembre de 1970 en Vallecas Rayo Vallecano 0 \u00a0 Betis 1; jornada 15 del Campeonato de Liga de Segunda Divisi\u00f3n.<\/p>\n<p>Gonz\u00e1lez, Frigols y D\u00edaz se abrazan camino de los vestuarios tras finalizar el partido, en el que el Betis ha vencido merced a un gol de Pepe Gonz\u00e1lez a falta de 20 minutos.<\/p>\n<p>Un partido complicado jugado con una espesa niebla y en el que el equipo verdiblanco alcanza la primera posici\u00f3n de la tabla. No la abandonar\u00e1 hasta final de temporada.<\/p>\n","protected":false},"excerpt":{"rendered":"<p>13 de diciembre de 1970 en Vallecas Rayo Vallecano 0 \u00a0 Betis 1; jornada 15 del Campeonato de Liga de Segunda Divisi\u00f3n. Gonz\u00e1lez, Frigols y D\u00edaz se abrazan camino de los vestuarios tras finalizar el partido, en el que el Betis ha vencido merced a un gol de Pepe Gonz\u00e1lez a falta de 20 minutos&#8230;.<\/p>\n","protected":false},"author":5,"featured_media":41476,"comment_status":"open","ping_status":"open","sticky":false,"template":"","format":"standard","meta":{"_kad_post_transparent":"","_kad_post_title":"","_kad_post_layout":"","_kad_post_sidebar_id":"","_kad_post_content_style":"","_kad_post_vertical_padding":"","_kad_post_feature":"","_kad_post_feature_position":"","_kad_post_header":false,"_kad_post_footer":false,"_kad_post_classname":"","_jetpack_memberships_contains_paid_content":false,"footnotes":"","jetpack_publicize_message":"","jetpack_publicize_feature_enabled":true,"jetpack_social_post_already_shared":true,"jetpack_social_options":{"image_generator_settings":{"template":"highway","default_image_id":0,"font":"","enabled":false},"version":2}},"categories":[903,1],"tags":[4639,2225,16911,2457,17851,5211,1040],"class_list":["post-41475","post","type-post","status-publish","format-standard","has-post-thumbnail","hentry","category-1970-1979","category-portada","tag-4639","tag-1970-71","tag-ad-rayo-vallecano","tag-francisco-frigols","tag-liga-segunda-1970-71","tag-manuel-diaz","tag-pepe-gonzalez"],"jetpack_publicize_connections":[],"jetpack_featured_media_url":"https:\/\/i0.wp.com\/www.manquepierda.com\/historiarealbetis\/files\/2015\/03\/1970-12-14-Rayo-Betis-imagen-4.jpg?fit=532%2C711&ssl=1","jetpack_sharing_enabled":true,"jetpack_shortlink":"https:\/\/wp.me\/p1ij08-aMX","jetpack-related-posts":[],"_links":{"self":[{"href":"https:\/\/www.manquepierda.com\/historiarealbetis\/wp-json\/wp\/v2\/posts\/41475","targetHints":{"allow":["GET"]}}],"collection":[{"href":"https:\/\/www.manquepierda.com\/historiarealbetis\/wp-json\/wp\/v2\/posts"}],"about":[{"href":"https:\/\/www.manquepierda.com\/historiarealbetis\/wp-json\/wp\/v2\/types\/post"}],"author":[{"embeddable":true,"href":"https:\/\/www.manquepierda.com\/historiarealbetis\/wp-json\/wp\/v2\/users\/5"}],"replies":[{"embeddable":true,"href":"https:\/\/www.manquepierda.com\/historiarealbetis\/wp-json\/wp\/v2\/comments?post=41475"}],"version-history":[{"count":1,"href":"https:\/\/www.manquepierda.com\/historiarealbetis\/wp-json\/wp\/v2\/posts\/41475\/revisions"}],"predecessor-version":[{"id":95770,"href":"https:\/\/www.manquepierda.com\/historiarealbetis\/wp-json\/wp\/v2\/posts\/41475\/revisions\/95770"}],"wp:featuredmedia":[{"embeddable":true,"href":"https:\/\/www.manquepierda.com\/historiarealbetis\/wp-json\/wp\/v2\/media\/41476"}],"wp:attachment":[{"href":"https:\/\/www.manquepierda.com\/historiarealbetis\/wp-json\/wp\/v2\/media?parent=41475"}],"wp:term":[{"taxonomy":"category","embeddable":true,"href":"https:\/\/www.manquepierda.com\/historiarealbetis\/wp-json\/wp\/v2\/categories?post=41475"},{"taxonomy":"post_tag","embeddable":true,"href":"https:\/\/www.manquepierda.com\/historiarealbetis\/wp-json\/wp\/v2\/tags?post=41475"}],"curies":[{"name":"wp","href":"https:\/\/api.w.org\/{rel}","templated":true}]}}