{"id":41489,"date":"2015-03-07T17:54:00","date_gmt":"2015-03-07T16:54:00","guid":{"rendered":"http:\/\/www.manquepierda.com\/historiarealbetis\/?p=41489"},"modified":"2024-09-07T12:11:45","modified_gmt":"2024-09-07T10:11:45","slug":"1916-marzo-05-velodromo-club-huelva-recreativo-4-real-betis-balompie-2-99aniversario","status":"publish","type":"post","link":"https:\/\/www.manquepierda.com\/historiarealbetis\/1916-marzo-05-velodromo-club-huelva-recreativo-4-real-betis-balompie-2-99aniversario\/","title":{"rendered":"1916-Marzo 05-Vel\u00f3dromo: Real Club Recreativo Huelva-4 Real Betis Balompi\u00e9-2.-102Aniversario."},"content":{"rendered":"<p style=\"text-align: center\"><a href=\"https:\/\/www.manquepierda.com\/historiarealbetis\/41489-1916-marzo-05-velodromo-club-huelva-recreativo-4-real-betis-balompie-2-99aniversario\/19160305velodromo\/\" rel=\"attachment wp-att-41492\"><img data-recalc-dims=\"1\" loading=\"lazy\" decoding=\"async\" class=\"aligncenter size-medium wp-image-41492\" src=\"https:\/\/i0.wp.com\/www.manquepierda.com\/historiarealbetis\/files\/2015\/03\/19160305Vel%C3%B3dromo.jpg?resize=680%2C371&#038;ssl=1\" alt=\"19160305Vel\u00f3dromo\" width=\"680\" height=\"371\" srcset=\"https:\/\/i0.wp.com\/www.manquepierda.com\/historiarealbetis\/files\/2015\/03\/19160305Vel%C3%B3dromo.jpg?resize=680%2C371&amp;ssl=1 680w, https:\/\/i0.wp.com\/www.manquepierda.com\/historiarealbetis\/files\/2015\/03\/19160305Vel%C3%B3dromo.jpg?resize=220%2C120&amp;ssl=1 220w, https:\/\/i0.wp.com\/www.manquepierda.com\/historiarealbetis\/files\/2015\/03\/19160305Vel%C3%B3dromo.jpg?resize=960%2C524&amp;ssl=1 960w, https:\/\/i0.wp.com\/www.manquepierda.com\/historiarealbetis\/files\/2015\/03\/19160305Vel%C3%B3dromo.jpg?w=1989&amp;ssl=1 1989w\" sizes=\"auto, (max-width: 680px) 100vw, 680px\" \/><\/a><\/p>\n<p style=\"text-align: center\"><strong>1916-MARZO 05-DOMINGO EN HUELVA.<\/strong><\/p>\n<p style=\"text-align: center\"><strong>102\u00ba ANIVERSARIO: JUEVES 05 DE MARZO DE 2018.<br \/>\n<\/strong><\/p>\n<p style=\"text-align: center\"><a href=\"https:\/\/www.manquepierda.com\/historiarealbetis\/41489-1916-marzo-05-velodromo-club-huelva-recreativo-4-real-betis-balompie-2-99aniversario\/20-veldromo-azulado-5\/\" rel=\"attachment wp-att-41501\"><img data-recalc-dims=\"1\" loading=\"lazy\" decoding=\"async\" class=\"aligncenter size-full wp-image-41501\" src=\"https:\/\/i0.wp.com\/www.manquepierda.com\/historiarealbetis\/files\/2015\/03\/20-Veldromo-azulado.jpg?resize=400%2C265&#038;ssl=1\" alt=\"20-Veldromo-azulado\" width=\"400\" height=\"265\" srcset=\"https:\/\/i0.wp.com\/www.manquepierda.com\/historiarealbetis\/files\/2015\/03\/20-Veldromo-azulado.jpg?w=400&amp;ssl=1 400w, https:\/\/i0.wp.com\/www.manquepierda.com\/historiarealbetis\/files\/2015\/03\/20-Veldromo-azulado.jpg?resize=220%2C146&amp;ssl=1 220w\" sizes=\"auto, (max-width: 400px) 100vw, 400px\" \/><\/a><strong>CAMPEONATO REGIONAL ANDALUC\u00cdA.-CAMPO VEL\u00d3DROMO DE HUELVA.<\/strong><\/p>\n<p style=\"text-align: justify\"><em><strong>Fuente.-Imagen gentilmente cedida por Alejandro L\u00f3pez P\u00e9rez (Historiador del Real Club Recreativo de Huelva).<\/strong><\/em><\/p>\n<p style=\"text-align: justify\"><em><strong>Observamos\u00a0 de pi\u00e9 a los se\u00f1ores equipieres del Real Club Recreativo Huelva-camisetas a\u00a0 franjas estrechas verticales azules y blancas con pantalones blancos.<\/strong><\/em><\/p>\n<p><em><strong> Y sentados la alineaci\u00f3n del Real Betis Balompi\u00e9 (camisolines verde botella y calzonas blancas).<\/strong><\/em><\/p>\n<p style=\"text-align: center\"><strong>Presidente Real Betis Balompi\u00e9-Temporadas 1915-1916 y 1916-1917:<\/strong><\/p>\n<figure id=\"attachment_41493\" aria-describedby=\"caption-attachment-41493\" style=\"width: 203px\" class=\"wp-caption aligncenter\"><a href=\"https:\/\/www.manquepierda.com\/historiarealbetis\/41489-1916-marzo-05-velodromo-club-huelva-recreativo-4-real-betis-balompie-2-99aniversario\/pedro-rodriguez-de-la-borbolla-3\/\" rel=\"attachment wp-att-41493\"><img data-recalc-dims=\"1\" loading=\"lazy\" decoding=\"async\" class=\"size-thumbnail wp-image-41493\" src=\"https:\/\/i0.wp.com\/www.manquepierda.com\/historiarealbetis\/files\/2015\/03\/Pedro-Rodr%C3%ADguez-de-la-Borbolla.jpg?resize=203%2C220&#038;ssl=1\" alt=\"MMMM\" width=\"203\" height=\"220\" srcset=\"https:\/\/i0.wp.com\/www.manquepierda.com\/historiarealbetis\/files\/2015\/03\/Pedro-Rodr%C3%ADguez-de-la-Borbolla.jpg?resize=203%2C220&amp;ssl=1 203w, https:\/\/i0.wp.com\/www.manquepierda.com\/historiarealbetis\/files\/2015\/03\/Pedro-Rodr%C3%ADguez-de-la-Borbolla.jpg?resize=552%2C600&amp;ssl=1 552w, https:\/\/i0.wp.com\/www.manquepierda.com\/historiarealbetis\/files\/2015\/03\/Pedro-Rodr%C3%ADguez-de-la-Borbolla.jpg?w=558&amp;ssl=1 558w\" sizes=\"auto, (max-width: 203px) 100vw, 203px\" \/><\/a><figcaption id=\"caption-attachment-41493\" class=\"wp-caption-text\"><strong>Don Pedro RODR\u00cdGUEZ DE LA BORBOLLA Y SERRANO.<\/strong><\/figcaption><\/figure>\n<figure id=\"attachment_40983\" aria-describedby=\"caption-attachment-40983\" style=\"width: 161px\" class=\"wp-caption aligncenter\"><a href=\"https:\/\/www.manquepierda.com\/historiarealbetis\/40978-1930-febrero-11-patronato-obrero-real-betis-balompie-1-vs-iberia-sc-1-85aniversario\/1920-escudo-rbb-4\/\" rel=\"attachment wp-att-40983\"><img data-recalc-dims=\"1\" loading=\"lazy\" decoding=\"async\" class=\"size-thumbnail wp-image-40983\" src=\"https:\/\/i0.wp.com\/www.manquepierda.com\/historiarealbetis\/files\/2015\/02\/1920-Escudo-RBB.jpg?resize=161%2C220&#038;ssl=1\" alt=\"mMMMMM\" width=\"161\" height=\"220\" srcset=\"https:\/\/i0.wp.com\/www.manquepierda.com\/historiarealbetis\/files\/2015\/02\/1920-Escudo-RBB.jpg?resize=161%2C220&amp;ssl=1 161w, https:\/\/i0.wp.com\/www.manquepierda.com\/historiarealbetis\/files\/2015\/02\/1920-Escudo-RBB.jpg?w=266&amp;ssl=1 266w\" sizes=\"auto, (max-width: 161px) 100vw, 161px\" \/><\/a><figcaption id=\"caption-attachment-40983\" class=\"wp-caption-text\"><strong>REAL BETIS BALOMPI\u00c9-2 GOLES.<\/strong><\/figcaption><\/figure>\n<p style=\"text-align: center\"><strong>Secretar\u00eda sita en calle Hita del Castillo N\u00ba 5.-Secretario.-Manuel Ramos Asensio.<\/strong><\/p>\n<figure id=\"attachment_41494\" aria-describedby=\"caption-attachment-41494\" style=\"width: 176px\" class=\"wp-caption aligncenter\"><a href=\"https:\/\/www.manquepierda.com\/historiarealbetis\/41489-1916-marzo-05-velodromo-club-huelva-recreativo-4-real-betis-balompie-2-99aniversario\/herbert-richard-jones-2\/\" rel=\"attachment wp-att-41494\"><img data-recalc-dims=\"1\" loading=\"lazy\" decoding=\"async\" class=\"size-thumbnail wp-image-41494\" src=\"https:\/\/i0.wp.com\/www.manquepierda.com\/historiarealbetis\/files\/2015\/03\/Herbert-Richard-Jones.jpg?resize=176%2C220&#038;ssl=1\" alt=\"MMMM\" width=\"176\" height=\"220\" srcset=\"https:\/\/i0.wp.com\/www.manquepierda.com\/historiarealbetis\/files\/2015\/03\/Herbert-Richard-Jones.jpg?resize=176%2C220&amp;ssl=1 176w, https:\/\/i0.wp.com\/www.manquepierda.com\/historiarealbetis\/files\/2015\/03\/Herbert-Richard-Jones.jpg?w=288&amp;ssl=1 288w\" sizes=\"auto, (max-width: 176px) 100vw, 176px\" \/><\/a><figcaption id=\"caption-attachment-41494\" class=\"wp-caption-text\"><strong>Mr. Herbert Richard JONES VENGOUZEL.-Entrenador.<\/strong><\/figcaption><\/figure>\n<p style=\"text-align: center\"><strong>La plantilla estaba conformada por los siguientes Balompedistas entre otros por:<br \/>\n<\/strong><\/p>\n<p style=\"text-align: center\"><strong>GUARDAMETA:<\/strong><\/p>\n<p style=\"text-align: center\"><strong><em>1.-MORALES.<\/em><\/strong><\/p>\n<p style=\"text-align: center\"><strong><em> *Encaj\u00f3 4 Tantos.-<\/em>Manolo Mata+Francisco P\u00e9rez De Guzm\u00e1n+\u00bf?+\u00bf?*<br \/>\n<\/strong><\/p>\n<p style=\"text-align: center\"><strong>ZAGUEROS<em>:<\/em><\/strong><\/p>\n<p style=\"text-align: center\"><em><strong>2-James P. BRYCE.-3-Antonio PUIG Valero.<\/strong><\/em><\/p>\n<p style=\"text-align: center\"><strong>MEDIOS:<\/strong><\/p>\n<p style=\"text-align: center\"><em><strong>4-Herbert Richard JONES Vengouzel.-5-Salvador LLIN\u00c1S Aliseda.-6-HILARIO Navarro Hurtado.<\/strong><\/em><\/p>\n<p style=\"text-align: center\"><strong>DELANTEROS:<\/strong><\/p>\n<p style=\"text-align: center\"><em><strong>7-Alfredo Antonio CABEZA De la Torre.<\/strong><\/em><\/p>\n<p style=\"text-align: center\"><em><strong>*2 goles:\u00a0 2-1.-43 minutos; 2-2.-Final 2\u00ba Tiempo*<br \/>\n<\/strong><\/em><\/p>\n<p style=\"text-align: justify\"><em><strong>8-MADRILES.-9-CARMELO Navarro Hurtado.-10-Antonio RAMOS Ruiz (a) \u00abEl Cerillero\u00bb.-11-CARRI\u00d3N.<\/strong><\/em><\/p>\n<hr \/>\n<figure id=\"attachment_41498\" aria-describedby=\"caption-attachment-41498\" style=\"width: 476px\" class=\"wp-caption aligncenter\"><a href=\"https:\/\/www.manquepierda.com\/historiarealbetis\/41489-1916-marzo-05-velodromo-club-huelva-recreativo-4-real-betis-balompie-2-99aniversario\/1916-campeonato-andalucia-fc\/\" rel=\"attachment wp-att-41498\"><img data-recalc-dims=\"1\" loading=\"lazy\" decoding=\"async\" class=\"size-large wp-image-41498\" src=\"https:\/\/i0.wp.com\/www.manquepierda.com\/historiarealbetis\/files\/2015\/03\/1916-CAMPEONATO-ANDALUCIA-FC.jpg?resize=476%2C700&#038;ssl=1\" alt=\"MMMM\" width=\"476\" height=\"700\" srcset=\"https:\/\/i0.wp.com\/www.manquepierda.com\/historiarealbetis\/files\/2015\/03\/1916-CAMPEONATO-ANDALUCIA-FC.jpg?resize=476%2C700&amp;ssl=1 476w, https:\/\/i0.wp.com\/www.manquepierda.com\/historiarealbetis\/files\/2015\/03\/1916-CAMPEONATO-ANDALUCIA-FC.jpg?resize=149%2C220&amp;ssl=1 149w, https:\/\/i0.wp.com\/www.manquepierda.com\/historiarealbetis\/files\/2015\/03\/1916-CAMPEONATO-ANDALUCIA-FC.jpg?resize=408%2C600&amp;ssl=1 408w, https:\/\/i0.wp.com\/www.manquepierda.com\/historiarealbetis\/files\/2015\/03\/1916-CAMPEONATO-ANDALUCIA-FC.jpg?w=1847&amp;ssl=1 1847w\" sizes=\"auto, (max-width: 476px) 100vw, 476px\" \/><\/a><figcaption id=\"caption-attachment-41498\" class=\"wp-caption-text\"><strong>N\u00ba 49-50 \u00abB\u00c9TICA\u00bb-Revista Ilustrada de Sevilla.-15-30 de Enero-1916.<\/strong><\/figcaption><\/figure>\n<figure id=\"attachment_41499\" aria-describedby=\"caption-attachment-41499\" style=\"width: 164px\" class=\"wp-caption aligncenter\"><a href=\"https:\/\/www.manquepierda.com\/historiarealbetis\/41489-1916-marzo-05-velodromo-club-huelva-recreativo-4-real-betis-balompie-2-99aniversario\/chr\/\" rel=\"attachment wp-att-41499\"><img data-recalc-dims=\"1\" loading=\"lazy\" decoding=\"async\" class=\"size-thumbnail wp-image-41499\" src=\"https:\/\/i0.wp.com\/www.manquepierda.com\/historiarealbetis\/files\/2015\/03\/CHR.jpg?resize=164%2C220&#038;ssl=1\" alt=\"mmm\" width=\"164\" height=\"220\" srcset=\"https:\/\/i0.wp.com\/www.manquepierda.com\/historiarealbetis\/files\/2015\/03\/CHR.jpg?resize=164%2C220&amp;ssl=1 164w, https:\/\/i0.wp.com\/www.manquepierda.com\/historiarealbetis\/files\/2015\/03\/CHR.jpg?resize=448%2C600&amp;ssl=1 448w, https:\/\/i0.wp.com\/www.manquepierda.com\/historiarealbetis\/files\/2015\/03\/CHR.jpg?resize=522%2C700&amp;ssl=1 522w\" sizes=\"auto, (max-width: 164px) 100vw, 164px\" \/><\/a><figcaption id=\"caption-attachment-41499\" class=\"wp-caption-text\"><strong>REAL CLUB RECREATIVO HUELVA-4 TANTOS.<\/strong><\/figcaption><\/figure>\n<p style=\"text-align: center\"><strong>Presidente 1904-1924:<br \/>\n<\/strong><\/p>\n<p style=\"text-align: center\"><a href=\"https:\/\/www.manquepierda.com\/historiarealbetis\/41489-1916-marzo-05-velodromo-club-huelva-recreativo-4-real-betis-balompie-2-99aniversario\/mackay-jpg-209x300-153x220\/\" rel=\"attachment wp-att-41500\"><img data-recalc-dims=\"1\" loading=\"lazy\" decoding=\"async\" class=\"aligncenter size-thumbnail wp-image-41500\" src=\"https:\/\/i0.wp.com\/www.manquepierda.com\/historiarealbetis\/files\/2015\/03\/Mackay.jpg-209x300-153x220-153x220.jpg?resize=153%2C220&#038;ssl=1\" alt=\"Mackay.jpg-209x300-153x220\" width=\"153\" height=\"220\" \/><\/a><strong>Mr. John MACKAY Sutherland.<\/strong><\/p>\n<p style=\"text-align: center\"><strong>Real Club Recreativo de Huelva-4 Tantos.<\/strong><\/p>\n<p style=\"text-align: center\"><strong>D\u00edaz Moya (Encaj\u00f3 2 goles: 2-1.-CABEZAS)*<br \/>\n<\/strong><\/p>\n<p style=\"text-align: center\"><strong>Francisco Montenegro-Estrada.<\/strong><\/p>\n<p style=\"text-align: center\"><strong>Garc\u00eda-Alfonso Mata-Manolo Mata (1-0.-01minuto).<br \/>\n<\/strong><\/p>\n<p style=\"text-align: center\"><img data-recalc-dims=\"1\" loading=\"lazy\" decoding=\"async\" class=\"aligncenter size-thumbnail wp-image-64408\" src=\"https:\/\/i0.wp.com\/www.manquepierda.com\/historiarealbetis\/files\/2015\/03\/fpg.jpg?resize=142%2C220&#038;ssl=1\" alt=\"\" width=\"142\" height=\"220\" srcset=\"https:\/\/i0.wp.com\/www.manquepierda.com\/historiarealbetis\/files\/2015\/03\/fpg.jpg?resize=142%2C220&amp;ssl=1 142w, https:\/\/i0.wp.com\/www.manquepierda.com\/historiarealbetis\/files\/2015\/03\/fpg.jpg?resize=388%2C600&amp;ssl=1 388w, https:\/\/i0.wp.com\/www.manquepierda.com\/historiarealbetis\/files\/2015\/03\/fpg.jpg?resize=452%2C700&amp;ssl=1 452w, https:\/\/i0.wp.com\/www.manquepierda.com\/historiarealbetis\/files\/2015\/03\/fpg.jpg?w=496&amp;ssl=1 496w\" sizes=\"auto, (max-width: 142px) 100vw, 142px\" \/><\/p>\n<p style=\"text-align: center\"><strong>Francisco P\u00e9rez De Guzm\u00e1n(2-0.-30&#8242;)<\/strong><\/p>\n<p style=\"text-align: center\"><strong>Gregorio Navarro-Roediger-Fuentes-Marchena.<\/strong><\/p>\n<p style=\"text-align: center\"><strong>3-2 y 4-2.-Segundo tiempo.-Se desconocen sus autores.<\/strong><\/p>\n<p style=\"text-align: left\">\n","protected":false},"excerpt":{"rendered":"<p>1916-MARZO 05-DOMINGO EN HUELVA. 102\u00ba ANIVERSARIO: JUEVES 05 DE MARZO DE 2018. CAMPEONATO REGIONAL ANDALUC\u00cdA.-CAMPO VEL\u00d3DROMO DE HUELVA. Fuente.-Imagen gentilmente cedida por Alejandro L\u00f3pez P\u00e9rez (Historiador del Real Club Recreativo de Huelva). Observamos\u00a0 de pi\u00e9 a los se\u00f1ores equipieres del Real Club Recreativo Huelva-camisetas a\u00a0 franjas estrechas verticales azules y blancas con pantalones blancos. Y&#8230;<\/p>\n","protected":false},"author":48,"featured_media":41492,"comment_status":"open","ping_status":"open","sticky":false,"template":"","format":"standard","meta":{"_kad_post_transparent":"","_kad_post_title":"","_kad_post_layout":"","_kad_post_sidebar_id":"","_kad_post_content_style":"","_kad_post_vertical_padding":"","_kad_post_feature":"","_kad_post_feature_position":"","_kad_post_header":false,"_kad_post_footer":false,"_kad_post_classname":"","_jetpack_memberships_contains_paid_content":false,"footnotes":"","jetpack_publicize_message":"","jetpack_publicize_feature_enabled":true,"jetpack_social_post_already_shared":true,"jetpack_social_options":{"image_generator_settings":{"template":"highway","default_image_id":0,"font":"","enabled":false},"version":2}},"categories":[896,1],"tags":[17761,1549,2038],"class_list":["post-41489","post","type-post","status-publish","format-standard","has-post-thumbnail","hentry","category-1908-1919","category-portada","tag-1915-16","tag-1549","tag-real-club-recreativo-de-huelva"],"jetpack_publicize_connections":[],"jetpack_featured_media_url":"https:\/\/i0.wp.com\/www.manquepierda.com\/historiarealbetis\/files\/2015\/03\/19160305Vel%C3%B3dromo.jpg?fit=1989%2C1085&ssl=1","jetpack_sharing_enabled":true,"jetpack_shortlink":"https:\/\/wp.me\/p1ij08-aNb","jetpack-related-posts":[],"_links":{"self":[{"href":"https:\/\/www.manquepierda.com\/historiarealbetis\/wp-json\/wp\/v2\/posts\/41489","targetHints":{"allow":["GET"]}}],"collection":[{"href":"https:\/\/www.manquepierda.com\/historiarealbetis\/wp-json\/wp\/v2\/posts"}],"about":[{"href":"https:\/\/www.manquepierda.com\/historiarealbetis\/wp-json\/wp\/v2\/types\/post"}],"author":[{"embeddable":true,"href":"https:\/\/www.manquepierda.com\/historiarealbetis\/wp-json\/wp\/v2\/users\/48"}],"replies":[{"embeddable":true,"href":"https:\/\/www.manquepierda.com\/historiarealbetis\/wp-json\/wp\/v2\/comments?post=41489"}],"version-history":[{"count":1,"href":"https:\/\/www.manquepierda.com\/historiarealbetis\/wp-json\/wp\/v2\/posts\/41489\/revisions"}],"predecessor-version":[{"id":95990,"href":"https:\/\/www.manquepierda.com\/historiarealbetis\/wp-json\/wp\/v2\/posts\/41489\/revisions\/95990"}],"wp:featuredmedia":[{"embeddable":true,"href":"https:\/\/www.manquepierda.com\/historiarealbetis\/wp-json\/wp\/v2\/media\/41492"}],"wp:attachment":[{"href":"https:\/\/www.manquepierda.com\/historiarealbetis\/wp-json\/wp\/v2\/media?parent=41489"}],"wp:term":[{"taxonomy":"category","embeddable":true,"href":"https:\/\/www.manquepierda.com\/historiarealbetis\/wp-json\/wp\/v2\/categories?post=41489"},{"taxonomy":"post_tag","embeddable":true,"href":"https:\/\/www.manquepierda.com\/historiarealbetis\/wp-json\/wp\/v2\/tags?post=41489"}],"curies":[{"name":"wp","href":"https:\/\/api.w.org\/{rel}","templated":true}]}}