{"id":41576,"date":"2015-03-19T07:32:24","date_gmt":"2015-03-19T06:32:24","guid":{"rendered":"http:\/\/www.manquepierda.com\/historiarealbetis\/?p=41576"},"modified":"2015-03-11T08:01:36","modified_gmt":"2015-03-11T07:01:36","slug":"dibujo-de-la-defensa-betica-1935","status":"publish","type":"post","link":"https:\/\/www.manquepierda.com\/historiarealbetis\/dibujo-de-la-defensa-betica-1935\/","title":{"rendered":"Dibujo de la defensa b\u00e9tica 1935"},"content":{"rendered":"<figure id=\"attachment_41577\" aria-describedby=\"caption-attachment-41577\" style=\"width: 680px\" class=\"wp-caption aligncenter\"><a href=\"https:\/\/www.manquepierda.com\/historiarealbetis\/41576-dibujo-de-la-defensa-betica-1935\/caricatura-defensa-del-betis-emd-21-01-1935\/\" rel=\"attachment wp-att-41577\"><img data-recalc-dims=\"1\" loading=\"lazy\" decoding=\"async\" class=\"size-medium wp-image-41577\" src=\"https:\/\/i0.wp.com\/www.manquepierda.com\/historiarealbetis\/files\/2015\/03\/Caricatura-Defensa-del-Betis-EMD-21-01-1935.jpg?resize=680%2C471&#038;ssl=1\" alt=\"Fuente: El Mundo Deportivo Enero de 1935\" width=\"680\" height=\"471\" srcset=\"https:\/\/i0.wp.com\/www.manquepierda.com\/historiarealbetis\/files\/2015\/03\/Caricatura-Defensa-del-Betis-EMD-21-01-1935.jpg?resize=680%2C471&amp;ssl=1 680w, https:\/\/i0.wp.com\/www.manquepierda.com\/historiarealbetis\/files\/2015\/03\/Caricatura-Defensa-del-Betis-EMD-21-01-1935.jpg?resize=220%2C152&amp;ssl=1 220w, https:\/\/i0.wp.com\/www.manquepierda.com\/historiarealbetis\/files\/2015\/03\/Caricatura-Defensa-del-Betis-EMD-21-01-1935.jpg?resize=75%2C52&amp;ssl=1 75w, https:\/\/i0.wp.com\/www.manquepierda.com\/historiarealbetis\/files\/2015\/03\/Caricatura-Defensa-del-Betis-EMD-21-01-1935.jpg?w=788&amp;ssl=1 788w\" sizes=\"auto, (max-width: 680px) 100vw, 680px\" \/><\/a><figcaption id=\"caption-attachment-41577\" class=\"wp-caption-text\">Fuente: El Mundo Deportivo Enero de 1935<\/figcaption><\/figure>\n<p>La gran clave para la magn\u00edfica actuaci\u00f3n y la conquista del t\u00edtulo de Liga en 1935 fue, sin lugar a dudas, la defensa del equipo b\u00e9tico.<\/p>\n<p>En los 22 partidos disputados en el Campeonato \u00a0s\u00f3lo recibieron 19 goles, y ello en una \u00e9poca en la que el promedio goleador era muy superior al actual.<\/p>\n<p>El portero Joaqu\u00edn Urquiaga y los defensas Pedro Areso y Seraf\u00edn Aedo eran los 3 integrantes de esta defensa, aline\u00e1ndose el famoso tr\u00edo en 19 de los 22 partidos.<\/p>\n<p>Cuando el Betis visita en enero de 1935 Barcelona para enfrentarse al Espa\u00f1ol la fama de su tripleta defensiva se refleja en este dibujo que aparece en las p\u00e1ginas de El Mundo Deportivo.<\/p>\n","protected":false},"excerpt":{"rendered":"<p>La gran clave para la magn\u00edfica actuaci\u00f3n y la conquista del t\u00edtulo de Liga en 1935 fue, sin lugar a dudas, la defensa del equipo b\u00e9tico. En los 22 partidos disputados en el Campeonato \u00a0s\u00f3lo recibieron 19 goles, y ello en una \u00e9poca en la que el promedio goleador era muy superior al actual. El&#8230;<\/p>\n","protected":false},"author":5,"featured_media":41577,"comment_status":"open","ping_status":"open","sticky":false,"template":"","format":"standard","meta":{"_kad_post_transparent":"","_kad_post_title":"","_kad_post_layout":"","_kad_post_sidebar_id":"","_kad_post_content_style":"","_kad_post_vertical_padding":"","_kad_post_feature":"","_kad_post_feature_position":"","_kad_post_header":false,"_kad_post_footer":false,"_kad_post_classname":"","_jetpack_memberships_contains_paid_content":false,"footnotes":"","jetpack_publicize_message":"","jetpack_publicize_feature_enabled":true,"jetpack_social_post_already_shared":true,"jetpack_social_options":{"image_generator_settings":{"template":"highway","default_image_id":0,"font":"","enabled":false},"version":2}},"categories":[899,1],"tags":[2267,45,1454,1016,1017],"class_list":["post-41576","post","type-post","status-publish","format-standard","has-post-thumbnail","hentry","category-1930-1939","category-portada","tag-1934-35","tag-45","tag-joaquin-urquiaga","tag-pedro-areso","tag-serafin-aedo"],"jetpack_publicize_connections":[],"jetpack_featured_media_url":"https:\/\/i0.wp.com\/www.manquepierda.com\/historiarealbetis\/files\/2015\/03\/Caricatura-Defensa-del-Betis-EMD-21-01-1935.jpg?fit=788%2C546&ssl=1","jetpack_sharing_enabled":true,"jetpack_shortlink":"https:\/\/wp.me\/p1ij08-aOA","jetpack-related-posts":[],"_links":{"self":[{"href":"https:\/\/www.manquepierda.com\/historiarealbetis\/wp-json\/wp\/v2\/posts\/41576","targetHints":{"allow":["GET"]}}],"collection":[{"href":"https:\/\/www.manquepierda.com\/historiarealbetis\/wp-json\/wp\/v2\/posts"}],"about":[{"href":"https:\/\/www.manquepierda.com\/historiarealbetis\/wp-json\/wp\/v2\/types\/post"}],"author":[{"embeddable":true,"href":"https:\/\/www.manquepierda.com\/historiarealbetis\/wp-json\/wp\/v2\/users\/5"}],"replies":[{"embeddable":true,"href":"https:\/\/www.manquepierda.com\/historiarealbetis\/wp-json\/wp\/v2\/comments?post=41576"}],"version-history":[{"count":0,"href":"https:\/\/www.manquepierda.com\/historiarealbetis\/wp-json\/wp\/v2\/posts\/41576\/revisions"}],"wp:featuredmedia":[{"embeddable":true,"href":"https:\/\/www.manquepierda.com\/historiarealbetis\/wp-json\/wp\/v2\/media\/41577"}],"wp:attachment":[{"href":"https:\/\/www.manquepierda.com\/historiarealbetis\/wp-json\/wp\/v2\/media?parent=41576"}],"wp:term":[{"taxonomy":"category","embeddable":true,"href":"https:\/\/www.manquepierda.com\/historiarealbetis\/wp-json\/wp\/v2\/categories?post=41576"},{"taxonomy":"post_tag","embeddable":true,"href":"https:\/\/www.manquepierda.com\/historiarealbetis\/wp-json\/wp\/v2\/tags?post=41576"}],"curies":[{"name":"wp","href":"https:\/\/api.w.org\/{rel}","templated":true}]}}