{"id":41733,"date":"2015-03-26T07:29:39","date_gmt":"2015-03-26T06:29:39","guid":{"rendered":"http:\/\/www.manquepierda.com\/historiarealbetis\/?p=41733"},"modified":"2024-09-03T19:09:09","modified_gmt":"2024-09-03T17:09:09","slug":"alineacion-betis-randers-freja-amistoso-1970","status":"publish","type":"post","link":"https:\/\/www.manquepierda.com\/historiarealbetis\/alineacion-betis-randers-freja-amistoso-1970\/","title":{"rendered":"Alineaci\u00f3n Betis-Randers Freja Amistoso 1970"},"content":{"rendered":"<p><a href=\"https:\/\/www.manquepierda.com\/historiarealbetis\/41733-alineacion-betis-randers-freja-amistoso-1970\/alineacion-betis-randers-frija-amistoso-1970\/\" rel=\"attachment wp-att-41734\"><img data-recalc-dims=\"1\" loading=\"lazy\" decoding=\"async\" class=\"aligncenter size-medium wp-image-41734\" src=\"https:\/\/i0.wp.com\/www.manquepierda.com\/historiarealbetis\/files\/2015\/03\/Alineaci%C3%B3n-Betis-Randers-Frija-amistoso-1970.jpg?resize=680%2C406&#038;ssl=1\" alt=\"Alineaci\u00f3n Betis-Randers Frija amistoso 1970\" width=\"680\" height=\"406\" srcset=\"https:\/\/i0.wp.com\/www.manquepierda.com\/historiarealbetis\/files\/2015\/03\/Alineaci%C3%B3n-Betis-Randers-Frija-amistoso-1970.jpg?resize=680%2C406&amp;ssl=1 680w, https:\/\/i0.wp.com\/www.manquepierda.com\/historiarealbetis\/files\/2015\/03\/Alineaci%C3%B3n-Betis-Randers-Frija-amistoso-1970.jpg?resize=220%2C131&amp;ssl=1 220w, https:\/\/i0.wp.com\/www.manquepierda.com\/historiarealbetis\/files\/2015\/03\/Alineaci%C3%B3n-Betis-Randers-Frija-amistoso-1970.jpg?w=960&amp;ssl=1 960w\" sizes=\"auto, (max-width: 680px) 100vw, 680px\" \/><\/a><\/p>\n<p>19 de febrero de 1970 en el Benito Villamar\u00edn Betis 2 Randers Freja 1, partido amistoso.<\/p>\n<p>En la imagen arriba: Campos, Telech\u00eda, Torrens, Mellado, Llano, Schlosser; abajo: Santi, Medina, Baena, Mib y Malia.<\/p>\n<p>El Betis se impuso por 2 a 1 con goles de Baena y Mib al equipo dan\u00e9s del Randers Freja, quien se encontraba concentrado en Torremolinos durante el periodo invernal. Se mont\u00f3 este partido amistoso y en \u00e9l se prob\u00f3 a dos jugadores alemanes ( Schlosser y Mib).<\/p>\n","protected":false},"excerpt":{"rendered":"<p>19 de febrero de 1970 en el Benito Villamar\u00edn Betis 2 Randers Freja 1, partido amistoso. En la imagen arriba: Campos, Telech\u00eda, Torrens, Mellado, Llano, Schlosser; abajo: Santi, Medina, Baena, Mib y Malia. El Betis se impuso por 2 a 1 con goles de Baena y Mib al equipo dan\u00e9s del Randers Freja, quien se&#8230;<\/p>\n","protected":false},"author":5,"featured_media":41734,"comment_status":"open","ping_status":"open","sticky":false,"template":"","format":"standard","meta":{"_kad_post_transparent":"","_kad_post_title":"","_kad_post_layout":"","_kad_post_sidebar_id":"","_kad_post_content_style":"","_kad_post_vertical_padding":"","_kad_post_feature":"","_kad_post_feature_position":"","_kad_post_header":false,"_kad_post_footer":false,"_kad_post_classname":"","_jetpack_memberships_contains_paid_content":false,"footnotes":"","jetpack_publicize_message":"","jetpack_publicize_feature_enabled":true,"jetpack_social_post_already_shared":true,"jetpack_social_options":{"image_generator_settings":{"template":"highway","default_image_id":0,"font":"","enabled":false},"version":2}},"categories":[903,1],"tags":[4844,4639,16992,4346,2086,11373,1353,5940,1303,12292,12289,1434,12291,11372],"class_list":["post-41733","post","type-post","status-publish","format-standard","has-post-thumbnail","hentry","category-1970-1979","category-portada","tag-1969-70","tag-4639","tag-epifanio-medina","tag-francisco-javier-torrens","tag-francisco-telechia","tag-jose-malia","tag-jose-maria-mellado","tag-juan-baena","tag-manuel-campos","tag-mib","tag-randers-freja","tag-santiago-guerrero-santi","tag-schlosser","tag-vicente-llano"],"jetpack_publicize_connections":[],"jetpack_featured_media_url":"https:\/\/i0.wp.com\/www.manquepierda.com\/historiarealbetis\/files\/2015\/03\/Alineaci%C3%B3n-Betis-Randers-Frija-amistoso-1970.jpg?fit=960%2C573&ssl=1","jetpack_sharing_enabled":true,"jetpack_shortlink":"https:\/\/wp.me\/p1ij08-aR7","jetpack-related-posts":[],"_links":{"self":[{"href":"https:\/\/www.manquepierda.com\/historiarealbetis\/wp-json\/wp\/v2\/posts\/41733","targetHints":{"allow":["GET"]}}],"collection":[{"href":"https:\/\/www.manquepierda.com\/historiarealbetis\/wp-json\/wp\/v2\/posts"}],"about":[{"href":"https:\/\/www.manquepierda.com\/historiarealbetis\/wp-json\/wp\/v2\/types\/post"}],"author":[{"embeddable":true,"href":"https:\/\/www.manquepierda.com\/historiarealbetis\/wp-json\/wp\/v2\/users\/5"}],"replies":[{"embeddable":true,"href":"https:\/\/www.manquepierda.com\/historiarealbetis\/wp-json\/wp\/v2\/comments?post=41733"}],"version-history":[{"count":2,"href":"https:\/\/www.manquepierda.com\/historiarealbetis\/wp-json\/wp\/v2\/posts\/41733\/revisions"}],"predecessor-version":[{"id":98544,"href":"https:\/\/www.manquepierda.com\/historiarealbetis\/wp-json\/wp\/v2\/posts\/41733\/revisions\/98544"}],"wp:featuredmedia":[{"embeddable":true,"href":"https:\/\/www.manquepierda.com\/historiarealbetis\/wp-json\/wp\/v2\/media\/41734"}],"wp:attachment":[{"href":"https:\/\/www.manquepierda.com\/historiarealbetis\/wp-json\/wp\/v2\/media?parent=41733"}],"wp:term":[{"taxonomy":"category","embeddable":true,"href":"https:\/\/www.manquepierda.com\/historiarealbetis\/wp-json\/wp\/v2\/categories?post=41733"},{"taxonomy":"post_tag","embeddable":true,"href":"https:\/\/www.manquepierda.com\/historiarealbetis\/wp-json\/wp\/v2\/tags?post=41733"}],"curies":[{"name":"wp","href":"https:\/\/api.w.org\/{rel}","templated":true}]}}