{"id":41858,"date":"2015-04-08T07:04:58","date_gmt":"2015-04-08T05:04:58","guid":{"rendered":"http:\/\/www.manquepierda.com\/historiarealbetis\/?p=41858"},"modified":"2024-09-07T17:01:48","modified_gmt":"2024-09-07T15:01:48","slug":"alineacion-castilla-betis-liga-1990","status":"publish","type":"post","link":"https:\/\/www.manquepierda.com\/historiarealbetis\/alineacion-castilla-betis-liga-1990\/","title":{"rendered":"Alineaci\u00f3n Castilla-Betis Liga 1990"},"content":{"rendered":"<figure id=\"attachment_41859\" aria-describedby=\"caption-attachment-41859\" style=\"width: 680px\" class=\"wp-caption aligncenter\"><a href=\"https:\/\/www.manquepierda.com\/historiarealbetis\/41858-alineacion-castilla-betis-liga-1990\/alineacion-castilla-betis-liga-1990-nmp-as-15-04-1990\/\" rel=\"attachment wp-att-41859\"><img data-recalc-dims=\"1\" loading=\"lazy\" decoding=\"async\" class=\"size-medium wp-image-41859\" src=\"https:\/\/i0.wp.com\/www.manquepierda.com\/historiarealbetis\/files\/2015\/04\/Alineaci%C3%B3n-Castilla-Betis-Liga-1990-NMP-AS-15-04-1990.jpg?resize=680%2C440&#038;ssl=1\" alt=\"Fuente: AS 15 de abril de 1990\" width=\"680\" height=\"440\" srcset=\"https:\/\/i0.wp.com\/www.manquepierda.com\/historiarealbetis\/files\/2015\/04\/Alineaci%C3%B3n-Castilla-Betis-Liga-1990-NMP-AS-15-04-1990.jpg?resize=680%2C440&amp;ssl=1 680w, https:\/\/i0.wp.com\/www.manquepierda.com\/historiarealbetis\/files\/2015\/04\/Alineaci%C3%B3n-Castilla-Betis-Liga-1990-NMP-AS-15-04-1990.jpg?resize=220%2C142&amp;ssl=1 220w, https:\/\/i0.wp.com\/www.manquepierda.com\/historiarealbetis\/files\/2015\/04\/Alineaci%C3%B3n-Castilla-Betis-Liga-1990-NMP-AS-15-04-1990.jpg?resize=960%2C621&amp;ssl=1 960w, https:\/\/i0.wp.com\/www.manquepierda.com\/historiarealbetis\/files\/2015\/04\/Alineaci%C3%B3n-Castilla-Betis-Liga-1990-NMP-AS-15-04-1990.jpg?w=1030&amp;ssl=1 1030w\" sizes=\"auto, (max-width: 680px) 100vw, 680px\" \/><\/a><figcaption id=\"caption-attachment-41859\" class=\"wp-caption-text\">Fuente: AS 15 de abril de 1990<\/figcaption><\/figure>\n<p>14 de abril de 1990 en el Santiago Bernab\u00e9u Castilla 3 Betis 1, jornada 32 del Campeonato de Liga de Segunda Divisi\u00f3n.<\/p>\n<p>En la imagen arriba: Julio, Pumpido, Job, Miguel Angel II, Chano y Gail; abajo: Mel, Monsalvete, Recha, Ure\u00f1a y Melenas.<\/p>\n<p>Con tantos de Urz\u00e1iz, Ohen y Herrero el filial madridista se impuso al Betis, que marc\u00f3 gracias a un tanto de L\u00f3pez Mart\u00edn en propia puerta.<\/p>\n<p>Esta derrota supuso la destituci\u00f3n del entrenador verdiblanco Juan Corbacho.<\/p>\n<p>Vicente Del Bosque entrenaba al Castilla y Juan Corbacho al Betis.<\/p>\n","protected":false},"excerpt":{"rendered":"<p>14 de abril de 1990 en el Santiago Bernab\u00e9u Castilla 3 Betis 1, jornada 32 del Campeonato de Liga de Segunda Divisi\u00f3n. En la imagen arriba: Julio, Pumpido, Job, Miguel Angel II, Chano y Gail; abajo: Mel, Monsalvete, Recha, Ure\u00f1a y Melenas. Con tantos de Urz\u00e1iz, Ohen y Herrero el filial madridista se impuso al&#8230;<\/p>\n","protected":false},"author":5,"featured_media":41859,"comment_status":"open","ping_status":"open","sticky":false,"template":"","format":"standard","meta":{"_kad_post_transparent":"","_kad_post_title":"","_kad_post_layout":"","_kad_post_sidebar_id":"","_kad_post_content_style":"","_kad_post_vertical_padding":"","_kad_post_feature":"","_kad_post_feature_position":"","_kad_post_header":false,"_kad_post_footer":false,"_kad_post_classname":"","_jetpack_memberships_contains_paid_content":false,"footnotes":"","jetpack_publicize_message":"","jetpack_publicize_feature_enabled":true,"jetpack_social_post_already_shared":true,"jetpack_social_options":{"image_generator_settings":{"template":"highway","default_image_id":0,"font":"","enabled":false},"version":2}},"categories":[905,1],"tags":[2228,2421,10371,1137,2688,1145,3849,15494,1417,17870,1366,2686,4128,655,1475],"class_list":["post-41858","post","type-post","status-publish","format-standard","has-post-thumbnail","hentry","category-1990-1999","category-portada","tag-1989-90","tag-2421","tag-castilla-cf","tag-jose-antonio-rodriguez-melenas","tag-jose-manuel-monsalvete","tag-jose-maria-alvarez-recha","tag-jose-maria-sanchez-job","tag-juan-antonio-urena","tag-julio-garcia","tag-liga-segunda-1989-90","tag-luis-miguel-gail","tag-miguel-angel-ii-martinez","tag-nery-alberto-pumpido","tag-pepe-mel","tag-sebastian-cruzado-chano"],"jetpack_publicize_connections":[],"jetpack_featured_media_url":"https:\/\/i0.wp.com\/www.manquepierda.com\/historiarealbetis\/files\/2015\/04\/Alineaci%C3%B3n-Castilla-Betis-Liga-1990-NMP-AS-15-04-1990.jpg?fit=1030%2C666&ssl=1","jetpack_sharing_enabled":true,"jetpack_shortlink":"https:\/\/wp.me\/p1ij08-aT8","jetpack-related-posts":[],"_links":{"self":[{"href":"https:\/\/www.manquepierda.com\/historiarealbetis\/wp-json\/wp\/v2\/posts\/41858","targetHints":{"allow":["GET"]}}],"collection":[{"href":"https:\/\/www.manquepierda.com\/historiarealbetis\/wp-json\/wp\/v2\/posts"}],"about":[{"href":"https:\/\/www.manquepierda.com\/historiarealbetis\/wp-json\/wp\/v2\/types\/post"}],"author":[{"embeddable":true,"href":"https:\/\/www.manquepierda.com\/historiarealbetis\/wp-json\/wp\/v2\/users\/5"}],"replies":[{"embeddable":true,"href":"https:\/\/www.manquepierda.com\/historiarealbetis\/wp-json\/wp\/v2\/comments?post=41858"}],"version-history":[{"count":1,"href":"https:\/\/www.manquepierda.com\/historiarealbetis\/wp-json\/wp\/v2\/posts\/41858\/revisions"}],"predecessor-version":[{"id":96280,"href":"https:\/\/www.manquepierda.com\/historiarealbetis\/wp-json\/wp\/v2\/posts\/41858\/revisions\/96280"}],"wp:featuredmedia":[{"embeddable":true,"href":"https:\/\/www.manquepierda.com\/historiarealbetis\/wp-json\/wp\/v2\/media\/41859"}],"wp:attachment":[{"href":"https:\/\/www.manquepierda.com\/historiarealbetis\/wp-json\/wp\/v2\/media?parent=41858"}],"wp:term":[{"taxonomy":"category","embeddable":true,"href":"https:\/\/www.manquepierda.com\/historiarealbetis\/wp-json\/wp\/v2\/categories?post=41858"},{"taxonomy":"post_tag","embeddable":true,"href":"https:\/\/www.manquepierda.com\/historiarealbetis\/wp-json\/wp\/v2\/tags?post=41858"}],"curies":[{"name":"wp","href":"https:\/\/api.w.org\/{rel}","templated":true}]}}