{"id":41944,"date":"2015-04-17T07:27:21","date_gmt":"2015-04-17T05:27:21","guid":{"rendered":"http:\/\/www.manquepierda.com\/historiarealbetis\/?p=41944"},"modified":"2024-08-21T11:03:37","modified_gmt":"2024-08-21T09:03:37","slug":"alineacion-betis-zaragoza-liga-1976","status":"publish","type":"post","link":"https:\/\/www.manquepierda.com\/historiarealbetis\/alineacion-betis-zaragoza-liga-1976\/","title":{"rendered":"Alineaci\u00f3n Betis-Zaragoza Liga 1976"},"content":{"rendered":"<p>&nbsp;<\/p>\n<p><a href=\"https:\/\/www.manquepierda.com\/historiarealbetis\/41944-alineacion-betis-zaragoza-liga-1976\/alineacion-betis-zaragoza-liga-1976-2\/\" rel=\"attachment wp-att-41948\"><img data-recalc-dims=\"1\" loading=\"lazy\" decoding=\"async\" class=\"aligncenter size-medium wp-image-41948\" src=\"https:\/\/i0.wp.com\/www.manquepierda.com\/historiarealbetis\/files\/2015\/04\/Alineaci%C3%B3n-Betis-Zaragoza-Liga-19761.jpg?resize=680%2C461&#038;ssl=1\" alt=\"Alineaci\u00f3n Betis-Zaragoza Liga 1976\" width=\"680\" height=\"461\" srcset=\"https:\/\/i0.wp.com\/www.manquepierda.com\/historiarealbetis\/files\/2015\/04\/Alineaci%C3%B3n-Betis-Zaragoza-Liga-19761.jpg?resize=680%2C461&amp;ssl=1 680w, https:\/\/i0.wp.com\/www.manquepierda.com\/historiarealbetis\/files\/2015\/04\/Alineaci%C3%B3n-Betis-Zaragoza-Liga-19761.jpg?resize=220%2C149&amp;ssl=1 220w, https:\/\/i0.wp.com\/www.manquepierda.com\/historiarealbetis\/files\/2015\/04\/Alineaci%C3%B3n-Betis-Zaragoza-Liga-19761.jpg?w=960&amp;ssl=1 960w\" sizes=\"auto, (max-width: 680px) 100vw, 680px\" \/><\/a><\/p>\n<p>26 de septiembre de 1976 en el Benito Villamar\u00edn \u00a0Betis \u00a02 \u00a0 Zaragoza 1; jornada 4 del campeonato de Liga de Primera Divisi\u00f3n.<\/p>\n<p>En la imagen arriba: Campos, Bizcocho, Sabat\u00e9, Biosca, L\u00f3pez y Cobo; abajo: Garc\u00eda Soriano, Muhren, Ladinski, Carde\u00f1osa y Anzarda.<\/p>\n<p>Con tantos de Anzarda y Garc\u00eda Soriano el Betis se impuso al Real Zaragoza, que marc\u00f3 por medio de Arr\u00faa.<\/p>\n<p>Ferenc Szusza entrenaba al Betis y Lucien Muller al Zaragoza.<\/p>\n","protected":false},"excerpt":{"rendered":"<p>&nbsp; 26 de septiembre de 1976 en el Benito Villamar\u00edn \u00a0Betis \u00a02 \u00a0 Zaragoza 1; jornada 4 del campeonato de Liga de Primera Divisi\u00f3n. En la imagen arriba: Campos, Bizcocho, Sabat\u00e9, Biosca, L\u00f3pez y Cobo; abajo: Garc\u00eda Soriano, Muhren, Ladinski, Carde\u00f1osa y Anzarda. Con tantos de Anzarda y Garc\u00eda Soriano el Betis se impuso al&#8230;<\/p>\n","protected":false},"author":5,"featured_media":41945,"comment_status":"open","ping_status":"open","sticky":false,"template":"","format":"standard","meta":{"_kad_post_transparent":"","_kad_post_title":"","_kad_post_layout":"","_kad_post_sidebar_id":"","_kad_post_content_style":"","_kad_post_vertical_padding":"","_kad_post_feature":"","_kad_post_feature_position":"","_kad_post_header":false,"_kad_post_footer":false,"_kad_post_classname":"","_jetpack_memberships_contains_paid_content":false,"footnotes":"","jetpack_publicize_message":"","jetpack_publicize_feature_enabled":true,"jetpack_social_post_already_shared":true,"jetpack_social_options":{"image_generator_settings":{"template":"highway","default_image_id":0,"font":"","enabled":false},"version":2}},"categories":[903,1],"tags":[1556,2238,1157,18132,1179,1245,10130,1304,1178,1505,1181,1155,17864,1303,719],"class_list":["post-41944","post","type-post","status-publish","format-standard","has-post-thumbnail","hentry","category-1970-1979","category-portada","tag-1556","tag-1976-77","tag-antonio-biosca","tag-attila-ladinszky","tag-eduardo-anzarda","tag-francisco-bizcocho","tag-gerrie-muhren","tag-jaume-sabate","tag-javier-lopez","tag-juan-antonio-garcia-soriano","tag-juan-manuel-cobo","tag-julio-cardenosa","tag-liga-primera-1976-77","tag-manuel-campos","tag-real-zaragoza"],"jetpack_publicize_connections":[],"jetpack_featured_media_url":"https:\/\/i0.wp.com\/www.manquepierda.com\/historiarealbetis\/files\/2015\/04\/Alineaci%C3%B3n-Betis-Zaragoza-Liga-1976.jpg?fit=960%2C651&ssl=1","jetpack_sharing_enabled":true,"jetpack_shortlink":"https:\/\/wp.me\/p1ij08-aUw","jetpack-related-posts":[],"_links":{"self":[{"href":"https:\/\/www.manquepierda.com\/historiarealbetis\/wp-json\/wp\/v2\/posts\/41944","targetHints":{"allow":["GET"]}}],"collection":[{"href":"https:\/\/www.manquepierda.com\/historiarealbetis\/wp-json\/wp\/v2\/posts"}],"about":[{"href":"https:\/\/www.manquepierda.com\/historiarealbetis\/wp-json\/wp\/v2\/types\/post"}],"author":[{"embeddable":true,"href":"https:\/\/www.manquepierda.com\/historiarealbetis\/wp-json\/wp\/v2\/users\/5"}],"replies":[{"embeddable":true,"href":"https:\/\/www.manquepierda.com\/historiarealbetis\/wp-json\/wp\/v2\/comments?post=41944"}],"version-history":[{"count":1,"href":"https:\/\/www.manquepierda.com\/historiarealbetis\/wp-json\/wp\/v2\/posts\/41944\/revisions"}],"predecessor-version":[{"id":97115,"href":"https:\/\/www.manquepierda.com\/historiarealbetis\/wp-json\/wp\/v2\/posts\/41944\/revisions\/97115"}],"wp:featuredmedia":[{"embeddable":true,"href":"https:\/\/www.manquepierda.com\/historiarealbetis\/wp-json\/wp\/v2\/media\/41945"}],"wp:attachment":[{"href":"https:\/\/www.manquepierda.com\/historiarealbetis\/wp-json\/wp\/v2\/media?parent=41944"}],"wp:term":[{"taxonomy":"category","embeddable":true,"href":"https:\/\/www.manquepierda.com\/historiarealbetis\/wp-json\/wp\/v2\/categories?post=41944"},{"taxonomy":"post_tag","embeddable":true,"href":"https:\/\/www.manquepierda.com\/historiarealbetis\/wp-json\/wp\/v2\/tags?post=41944"}],"curies":[{"name":"wp","href":"https:\/\/api.w.org\/{rel}","templated":true}]}}