{"id":41968,"date":"2015-04-21T08:50:41","date_gmt":"2015-04-21T06:50:41","guid":{"rendered":"http:\/\/www.manquepierda.com\/historiarealbetis\/?p=41968"},"modified":"2024-10-18T07:09:25","modified_gmt":"2024-10-18T05:09:25","slug":"1935-abril-21-patronato-betis-balompie-2-sevilla-fbc-2-80aniversario-datos-estadisticos","status":"publish","type":"post","link":"https:\/\/www.manquepierda.com\/historiarealbetis\/1935-abril-21-patronato-betis-balompie-2-sevilla-fbc-2-80aniversario-datos-estadisticos\/","title":{"rendered":"1935-Abril 21-1Divisi\u00f3n.-Betis Balompi\u00e9-2 Sevilla FbC-2.-81Aniversario-Datos Estad\u00edsticos."},"content":{"rendered":"<p style=\"text-align: justify\"><strong>VII EDICI\u00d3N-CAMPEONATO NACIONAL LIGA PRIMERA DIVISI\u00d3N-TEMPORADA 1934-1935 DESDE DOMINGO 02 DE DICIEMBRE DE 1934 HASTA DOMINGO 28 DE ABRIL DE 1935 EN SANTANDER.-PRIMER T\u00cdTULO NACIONAL PARA ANDALUC\u00cdA Y NUESTRA CIUDAD.<\/strong><\/p>\n<figure id=\"attachment_49072\" aria-describedby=\"caption-attachment-49072\" style=\"width: 960px\" class=\"wp-caption alignnone\"><img data-recalc-dims=\"1\" loading=\"lazy\" decoding=\"async\" class=\"size-large wp-image-49072\" src=\"https:\/\/i0.wp.com\/www.manquepierda.com\/historiarealbetis\/files\/2015\/04\/19350421BB2SFbC2.jpg?resize=960%2C563&#038;ssl=1\" alt=\"mmmmmmmmmmm\" width=\"960\" height=\"563\" srcset=\"https:\/\/i0.wp.com\/www.manquepierda.com\/historiarealbetis\/files\/2015\/04\/19350421BB2SFbC2.jpg?resize=960%2C563&amp;ssl=1 960w, https:\/\/i0.wp.com\/www.manquepierda.com\/historiarealbetis\/files\/2015\/04\/19350421BB2SFbC2.jpg?resize=220%2C129&amp;ssl=1 220w, https:\/\/i0.wp.com\/www.manquepierda.com\/historiarealbetis\/files\/2015\/04\/19350421BB2SFbC2.jpg?resize=680%2C399&amp;ssl=1 680w, https:\/\/i0.wp.com\/www.manquepierda.com\/historiarealbetis\/files\/2015\/04\/19350421BB2SFbC2.jpg?resize=768%2C450&amp;ssl=1 768w, https:\/\/i0.wp.com\/www.manquepierda.com\/historiarealbetis\/files\/2015\/04\/19350421BB2SFbC2.jpg?w=2580&amp;ssl=1 2580w\" sizes=\"auto, (max-width: 960px) 100vw, 960px\" \/><figcaption id=\"caption-attachment-49072\" class=\"wp-caption-text\"><em><strong>1935-ABRIL 21-DOMINGO EN BARRIO \u00abEL PORVENIR\u00bb-CAMPO DEPORTES MUNICIPAL \u00abPATRONATO OBRERO\u00bb-VISERA TRIBUNA DE PREFERENCIA-LLENAZO ABSOLUTO.-21\u00aa JORNADA-PEN\u00daLTIMA.-DESDE DOMINGO 16-12-1934 L\u00cdDERES: 1-0.-04 MINUTOS LOGRADO POR UNAMUNO GANANDO LA ACCI\u00d3N A LA DEFENSA SEVILLISTA Y BATIENDO DE CABEZA AL META EIZAGUIRRE.<\/strong><\/em><em><strong><br \/><\/strong><\/em><\/figcaption><\/figure>\n<p style=\"text-align: justify\"><em><strong> \u00abEl campo de los l\u00edderes de la Primera Divisi\u00f3n 1934-1935, registr\u00f3 una formidable entrada.-No pudieron salir defraudados los millares de aficionados que presenciaron el segundo derbi,\u00a0 porque \u00e9ste fue por dem\u00e1s emocionante e interesant\u00edsimo\u00bb.<\/strong><\/em><\/p>\n<figure id=\"attachment_39460\" aria-describedby=\"caption-attachment-39460\" style=\"width: 144px\" class=\"wp-caption aligncenter\"><a href=\"https:\/\/www.manquepierda.com\/historiarealbetis\/39458-1932-diciembre-04-quinta-liga-primera-betis-balompie-3-valencia-cf-2-82aniversario\/avb-2\/\" rel=\"attachment wp-att-39460\"><img data-recalc-dims=\"1\" loading=\"lazy\" decoding=\"async\" class=\"size-thumbnail wp-image-39460\" src=\"https:\/\/i0.wp.com\/www.manquepierda.com\/historiarealbetis\/files\/2014\/12\/AVB.jpg?resize=144%2C220&#038;ssl=1\" alt=\"mmmm\" width=\"144\" height=\"220\" srcset=\"https:\/\/i0.wp.com\/www.manquepierda.com\/historiarealbetis\/files\/2014\/12\/AVB.jpg?resize=144%2C220&amp;ssl=1 144w, https:\/\/i0.wp.com\/www.manquepierda.com\/historiarealbetis\/files\/2014\/12\/AVB.jpg?w=202&amp;ssl=1 202w\" sizes=\"auto, (max-width: 144px) 100vw, 144px\" \/><\/a><figcaption id=\"caption-attachment-39460\" class=\"wp-caption-text\">Arbitr\u00f3 el colegiado catal\u00e1n Agust\u00edn VILALTA BARS.<strong>-Buena Labor. <\/strong><\/figcaption><\/figure>\n<p style=\"text-align: center\"><strong>Aline\u00f3 a ambas escuadras de la manera siguiente:<\/strong><\/p>\n<figure id=\"attachment_41974\" aria-describedby=\"caption-attachment-41974\" style=\"width: 154px\" class=\"wp-caption aligncenter\"><a href=\"https:\/\/www.manquepierda.com\/historiarealbetis\/41968-1935-abril-21-patronato-betis-balompie-2-sevilla-fbc-2-80aniversario-datos-estadisticos\/1932-rbb-47\/\" rel=\"attachment wp-att-41974\"><img data-recalc-dims=\"1\" loading=\"lazy\" decoding=\"async\" class=\"size-full wp-image-41974\" src=\"https:\/\/i0.wp.com\/www.manquepierda.com\/historiarealbetis\/files\/2015\/04\/1932-RBB.jpg?resize=154%2C154&#038;ssl=1\" alt=\"MMMM\" width=\"154\" height=\"154\" \/><\/a><figcaption id=\"caption-attachment-41974\" class=\"wp-caption-text\"><strong>BETIS BALOMPI\u00c9-2 GOLES.<\/strong><\/figcaption><\/figure>\n<p style=\"text-align: center\"><em><strong>1\u00ba CON <\/strong><strong>32 PUNTOS (1&#8217;524 por jornadas)*<br \/>\n<\/strong><\/em><\/p>\n<hr \/>\n<p style=\"text-align: center\"><strong>*14 PARTIDOS GANADOS*<\/strong><\/p>\n<p style=\"text-align: left\"><em><strong>*PRIMERA VUELTA*<\/strong><\/em><\/p>\n<p style=\"text-align: left\"><strong>01\u00ba-\u00abCHAMART\u00cdN\u00bb-Madrid-D-02 Diciembre 1934.-Madrid Cf-0 tantos vs. BETIS BALOMPI\u00c9-1 gol.<\/strong><\/p>\n<p style=\"text-align: left\"><strong>02\u00ba-\u00abPATRONATO OBRERO\u00bb-D-09 Diciembre 1934.-BETIS BALOMPI\u00c9-2 goles vs. Cf Barcelona-1 tanto.<\/strong><\/p>\n<p style=\"text-align: justify\"><strong>03\u00ba-\u00abIBAIONDO\u00bb-Bilbao-D-16 Diciembre 1934.-Arenas Club Getxo-0 tantos vs. BETIS BALOMPI\u00c9-3 goles.<\/strong><\/p>\n<p style=\"text-align: left\"><strong>04\u00ba-\u00abPATRONATO OBRERO\u00bb-D-23 Diciembre 1934.-BETIS BALOMPI\u00c9-3 goles vs. Valencia Cf-0 tantos.<\/strong><\/p>\n<p style=\"text-align: left\"><strong>05\u00ba-\u00abPATRONATO OBRERO\u00bb-D-30 Diciembre 1934.-BETIS BALOMPI\u00c9-1 gol vs. Donostia Cf-0 tantos.<\/strong><\/p>\n<p style=\"text-align: left\"><strong>06\u00ba-\u00abPATRONATO OBRERO\u00bb-D-13 Enero 1935.-BETIS BALOMPI\u00c9-2 goles vs. Oviedo Cf-1 tanto.<\/strong><\/p>\n<p style=\"text-align: justify\"><strong>07\u00ba-\u00abPATRONATO OBRERO\u00bb-D-27 Enero 1935.-BETIS BALOMPI\u00c9-3 goles vs. Athl\u00e9tic Club Bilbao-0 tantos.<\/strong><\/p>\n<p style=\"text-align: justify\"><em><strong>08\u00ba-NERVI\u00d3N\u00bb-Domingo 03 FEBRERO 1935.-Sevilla Club de F\u00fatbol-0 Tantos vs. BETIS BALOMPI\u00c9-3 Goles.<\/strong><\/em><\/p>\n<p style=\"text-align: justify\"><strong>09\u00ba-\u00abPATRONATO OBRERO\u00bb-D-10 Febrero 1935.-BETIS BALOMPI\u00c9-3 goles vs. Racing Club Santander-1 tanto.<\/strong><\/p>\n<p style=\"text-align: left\"><em><strong>*SEGUNDA VUELTA*<\/strong><\/em><\/p>\n<p style=\"text-align: left\"><strong>10\u00ba-\u00abPATRONATO OBRERO\u00bb-D-17 Febrero 1935.-BETIS BALOMPI\u00c9-1 Gol vs. Madrid Cf-0 Tantos.<\/strong><\/p>\n<p style=\"text-align: left\"><strong>11\u00ba-\u00abATOCHA\u00bb-San Sebasti\u00e1n-D-17 Marzo 1935.-Donostia Cf-2 Tantos vs. BETIS BALOMPI\u00c9-4 Goles.<\/strong><\/p>\n<p style=\"text-align: justify\"><strong>12\u00ba-\u00abPATRONATO OBRERO\u00bb-D-24 Marzo 1935.-BETIS BALOMPI\u00c9-2 Goles vs. Atl\u00e9tico Club Madrid-0 Tantos.<\/strong><\/p>\n<p style=\"text-align: left\"><strong>13\u00ba-\u00abBUENAVISTA\u00bb-Oviedo-D-31 Marzo 1935.-Oviedo Cf-0 Tantos vs. BETIS BALOMPI\u00c9-1 Gol.<\/strong><\/p>\n<p style=\"text-align: justify\"><strong>14\u00ba-\u00abPATRONATO OBRERO\u00bb-D-07 Abril 1935.-BETIS BALOMPI\u00c9-5 Goles vs. Club Deportivo Espa\u00f1ol-0 Tantos.<\/strong><\/p>\n<hr \/>\n<p style=\"text-align: center\"><strong>*4-ENCUENTROS EMPATADOS*<\/strong><\/p>\n<p style=\"text-align: justify\"><strong><em>1\u00aa VUELTA:<\/em><\/strong><\/p>\n<p style=\"text-align: justify\"><strong>Primero.-08\u00aaJornada.-\u00abCAN RABIA\u00bb-Barcelona-D-20 Enero 1935.-Club Deportivo Espa\u00f1ol-1 vs. BETIS BALOMPI\u00c9-1 gol.<\/strong><\/p>\n<p style=\"text-align: justify\"><em><strong>2\u00aa VUELTA:<\/strong><\/em><\/p>\n<p style=\"text-align: justify\"><strong>Segundo.-14\u00aaJornada.-\u00abPATRONATO OBRERO\u00bb-Domingo de \u00abCarnaval\u00bb en Sevilla-03 Marzo-1935.-BETIS BALOMPI\u00c9-0 vs. Arenas Club Getxo-0.<\/strong><\/p>\n<p style=\"text-align: left\"><strong>Tercero.-20\u00aaJornada.-\u00abSAN MAM\u00c9S\u00bb-Bilbao-D-Athletic Club Bilbao-0 vs. BETIS BALOMPI\u00c9-0.<\/strong><\/p>\n<p style=\"text-align: justify\"><em><strong>CUARTO.-21\u00aaJORNADA.-\u00abPATRONATO OBRERO\u00bb-Domingo 21 Abril 1935.-BETIS BALOMPI\u00c9-2 Goles vs. Sevilla Club F\u00fatbol-2 Tantos.<\/strong><\/em><\/p>\n<hr \/>\n<p style=\"text-align: center\"><strong>*3-PARTIDOS PERDIDOS*<\/strong><\/p>\n<p style=\"text-align: justify\"><em><strong>PRIMERA VUELTA:<\/strong><\/em><\/p>\n<p style=\"text-align: justify\"><strong>Primero.-06\u00aaJornada.-\u00abStadium Metropolitano\u00bb-Madrid-D-06 Enero 1935.-Atl\u00e9tico Club Madrid-4 Tantos vs. BETIS BALOMPI\u00c9-2 Goles.<\/strong><\/p>\n<p style=\"text-align: justify\"><em><strong>SEGUNDA VUELTA:<\/strong><\/em><\/p>\n<p style=\"text-align: justify\"><strong>Segundo.-13\u00aaJornada.-\u00abLes Corts\u00bb-Barcelona-D-24 Febrero 1935.-Cf Barcelona-4 Tantos vs. BETIS BALOMPI\u00c9-0 Goles.<\/strong><\/p>\n<p style=\"text-align: justify\"><strong>Tercero.-15\u00aaJornada.-\u00abMestalla\u00bb-Valencia-D-10 Marzo 1935.-Valencia Cf-3 Tantos vs. BETIS BALOMPI\u00c9-1 Gol.<\/strong><\/p>\n<hr \/>\n<p style=\"text-align: center\"><strong>Don Antonio MORENO SEVILLANO.-Presidente 1934-1935.<\/strong><\/p>\n<p style=\"text-align: center\"><a href=\"https:\/\/www.manquepierda.com\/historiarealbetis\/41968-1935-abril-21-patronato-betis-balompie-2-sevilla-fbc-2-80aniversario-datos-estadisticos\/antoniomorenosevillano-18\/\" rel=\"attachment wp-att-41994\"><img data-recalc-dims=\"1\" loading=\"lazy\" decoding=\"async\" class=\"aligncenter size-thumbnail wp-image-41994\" src=\"https:\/\/i0.wp.com\/www.manquepierda.com\/historiarealbetis\/files\/2015\/04\/AntonioMORENOsevillano.jpg?resize=220%2C215&#038;ssl=1\" alt=\"AntonioMORENOsevillano\" width=\"220\" height=\"215\" srcset=\"https:\/\/i0.wp.com\/www.manquepierda.com\/historiarealbetis\/files\/2015\/04\/AntonioMORENOsevillano.jpg?resize=220%2C215&amp;ssl=1 220w, https:\/\/i0.wp.com\/www.manquepierda.com\/historiarealbetis\/files\/2015\/04\/AntonioMORENOsevillano.jpg?resize=614%2C600&amp;ssl=1 614w, https:\/\/i0.wp.com\/www.manquepierda.com\/historiarealbetis\/files\/2015\/04\/AntonioMORENOsevillano.jpg?w=682&amp;ssl=1 682w\" sizes=\"auto, (max-width: 220px) 100vw, 220px\" \/><\/a><strong>Mr. Patrick Joseph O&#8217;CONNELL.-Entrenador 1934-1935.<\/strong><\/p>\n<p style=\"text-align: center\"><a href=\"https:\/\/www.manquepierda.com\/historiarealbetis\/41968-1935-abril-21-patronato-betis-balompie-2-sevilla-fbc-2-80aniversario-datos-estadisticos\/patrick-joseph-oconnell-12\/\" rel=\"attachment wp-att-41995\"><img data-recalc-dims=\"1\" loading=\"lazy\" decoding=\"async\" class=\"aligncenter size-thumbnail wp-image-41995\" src=\"https:\/\/i0.wp.com\/www.manquepierda.com\/historiarealbetis\/files\/2015\/04\/Patrick-Joseph-OConnell.jpg?resize=128%2C220&#038;ssl=1\" alt=\"Patrick Joseph O'Connell\" width=\"128\" height=\"220\" srcset=\"https:\/\/i0.wp.com\/www.manquepierda.com\/historiarealbetis\/files\/2015\/04\/Patrick-Joseph-OConnell.jpg?resize=128%2C220&amp;ssl=1 128w, https:\/\/i0.wp.com\/www.manquepierda.com\/historiarealbetis\/files\/2015\/04\/Patrick-Joseph-OConnell.jpg?resize=350%2C600&amp;ssl=1 350w, https:\/\/i0.wp.com\/www.manquepierda.com\/historiarealbetis\/files\/2015\/04\/Patrick-Joseph-OConnell.jpg?resize=408%2C700&amp;ssl=1 408w, https:\/\/i0.wp.com\/www.manquepierda.com\/historiarealbetis\/files\/2015\/04\/Patrick-Joseph-OConnell.jpg?w=560&amp;ssl=1 560w\" sizes=\"auto, (max-width: 128px) 100vw, 128px\" \/><\/a><\/p>\n<p style=\"text-align: center\"><em><strong>*RESUMEN HIST\u00d3RICO (Idas y Vueltas)*<\/strong><\/em><\/p>\n<p style=\"text-align: center\"><em><strong>BETIS BALOMPI\u00c9-2 GOLES VS. Madrid Club F\u00fatbol-0 Tantos,<br \/>\n<\/strong><\/em><\/p>\n<p style=\"text-align: center\"><strong>Club F\u00fatbol Barcelona-5 Tantos (21\u00aaJda.-4\u00ba) vs. BETIS BALOMPI\u00c9-2 Goles.<br \/>\n<\/strong><\/p>\n<p style=\"text-align: center\"><em><strong>BETIS BALOMPI\u00c9-3 GOLES VS. Arenas Club Getxo-0 Tantos.<br \/>\n<\/strong><\/em><\/p>\n<p style=\"text-align: center\"><em><strong>BETIS BALOMPI\u00c9-4 GOLES VS. Valencia Club F\u00fatbol-3 Tantos.<br \/>\n<\/strong><\/em><\/p>\n<p style=\"text-align: center\"><em><strong>BETIS BALOMPI\u00c9-5 GOLES VS. Donostia Club F\u00fatbol-2 Tantos.<br \/>\n<\/strong><\/em><\/p>\n<p style=\"text-align: center\"><strong>BETIS BALOMPI\u00c9-4 Goles vs. Atl\u00e9tico Club Madrid-4 Tantos.<br \/>\n<\/strong><\/p>\n<p style=\"text-align: center\"><em><strong>BETIS BALOMPI\u00c9-3 GOLES VS. Oviedo Club F\u00fatbol-1 Tanto.<br \/>\n<\/strong><\/em><\/p>\n<p style=\"text-align: center\"><em><strong>BETIS BALOMPI\u00c9-6 GOLES VS. Club Deportivo Espa\u00f1ol-1 Tanto.<br \/>\n<\/strong><\/em><\/p>\n<p style=\"text-align: center\"><em><strong>BETIS BALOMPI\u00c9-3 GOLES VS. Athl\u00e9tic Club Bilbao-0 Tantos (21\u00aaJda.-5\u00ba).<br \/>\n<\/strong><\/em><\/p>\n<p style=\"text-align: center\"><em><strong>BETIS BALOMPI\u00c9-5 GOLES VS. SEVILLA CLUB F\u00daTBOL-2 Tantos.<br \/>\n<\/strong><\/em><\/p>\n<hr \/>\n<p style=\"text-align: center\"><em><strong>*<\/strong><strong>38 GOLES A FAVOR BETIS BALOMPIE: (1&#8217;810-de media-21 Jornadas Disputadas=1.890 minutos)*<br \/>\n<\/strong><\/em><\/p>\n<p style=\"text-align: center\"><a href=\"https:\/\/www.manquepierda.com\/historiarealbetis\/41968-1935-abril-21-patronato-betis-balompie-2-sevilla-fbc-2-80aniversario-datos-estadisticos\/unamuno-5\/\" rel=\"attachment wp-att-41988\"><img data-recalc-dims=\"1\" loading=\"lazy\" decoding=\"async\" class=\"aligncenter size-thumbnail wp-image-41988\" src=\"https:\/\/i0.wp.com\/www.manquepierda.com\/historiarealbetis\/files\/2015\/04\/UNAMUNO.png?resize=180%2C220&#038;ssl=1\" alt=\"UNAMUNO\" width=\"180\" height=\"220\" srcset=\"https:\/\/i0.wp.com\/www.manquepierda.com\/historiarealbetis\/files\/2015\/04\/UNAMUNO.png?resize=180%2C220&amp;ssl=1 180w, https:\/\/i0.wp.com\/www.manquepierda.com\/historiarealbetis\/files\/2015\/04\/UNAMUNO.png?w=396&amp;ssl=1 396w\" sizes=\"auto, (max-width: 180px) 100vw, 180px\" \/><\/a><strong>10.-Victorio UNAMUNO Ibarzabal (2 goles-media-20 partidos jugados=1.800 minutos)*<br \/>\n<\/strong><\/p>\n<p style=\"text-align: center\"><a href=\"https:\/\/www.manquepierda.com\/historiarealbetis\/41968-1935-abril-21-patronato-betis-balompie-2-sevilla-fbc-2-80aniversario-datos-estadisticos\/simonlecueandrade1935-7\/\" rel=\"attachment wp-att-41989\"><img data-recalc-dims=\"1\" loading=\"lazy\" decoding=\"async\" class=\"aligncenter size-thumbnail wp-image-41989\" src=\"https:\/\/i0.wp.com\/www.manquepierda.com\/historiarealbetis\/files\/2015\/04\/Sim%C3%B3nLECUEandrade1935.jpg?resize=220%2C196&#038;ssl=1\" alt=\"Sim\u00f3nLECUEandrade1935\" width=\"220\" height=\"196\" srcset=\"https:\/\/i0.wp.com\/www.manquepierda.com\/historiarealbetis\/files\/2015\/04\/Sim%C3%B3nLECUEandrade1935.jpg?resize=220%2C196&amp;ssl=1 220w, https:\/\/i0.wp.com\/www.manquepierda.com\/historiarealbetis\/files\/2015\/04\/Sim%C3%B3nLECUEandrade1935.jpg?resize=674%2C600&amp;ssl=1 674w, https:\/\/i0.wp.com\/www.manquepierda.com\/historiarealbetis\/files\/2015\/04\/Sim%C3%B3nLECUEandrade1935.jpg?w=734&amp;ssl=1 734w\" sizes=\"auto, (max-width: 220px) 100vw, 220px\" \/><\/a><strong>09.-Sim\u00f3n LECUE Andrade (2&#8217;111 goles-media-19 encuentros alineado=1.710 minutos)*<\/strong><\/p>\n<p style=\"text-align: center\"><a href=\"https:\/\/www.manquepierda.com\/historiarealbetis\/41716-1935-marzo-24-patronato-betis-balompie-2-athletico-madrid-0-80aniversario-datos-estadisticos\/pedro_gonz_lez_timimi-3\/\" rel=\"attachment wp-att-41723\"><img data-recalc-dims=\"1\" loading=\"lazy\" decoding=\"async\" class=\"aligncenter size-thumbnail wp-image-41723\" src=\"https:\/\/i0.wp.com\/www.manquepierda.com\/historiarealbetis\/files\/2015\/03\/Pedro_Gonz_lez_Timimi.jpg?resize=176%2C220&#038;ssl=1\" alt=\"Pedro_Gonz_lez_Timimi\" width=\"176\" height=\"220\" srcset=\"https:\/\/i0.wp.com\/www.manquepierda.com\/historiarealbetis\/files\/2015\/03\/Pedro_Gonz_lez_Timimi.jpg?resize=176%2C220&amp;ssl=1 176w, https:\/\/i0.wp.com\/www.manquepierda.com\/historiarealbetis\/files\/2015\/03\/Pedro_Gonz_lez_Timimi.jpg?w=229&amp;ssl=1 229w\" sizes=\"auto, (max-width: 176px) 100vw, 176px\" \/><\/a><strong>08.-Pedro Gonz\u00e1lez S\u00e1nchez (a) \u00abTIMIMI\u00bb (2&#8217;125 goles-media-17 partidos jugados=1.530 minutos)*<br \/>\n<\/strong><\/p>\n<p style=\"text-align: center\"><a href=\"https:\/\/www.manquepierda.com\/historiarealbetis\/41602-1935-marzo-17-atocha-donostia-fc-2-betis-balompie-4-80aniversario-datos-estadisticos\/adolfomartingonzalez-1-2\/\" rel=\"attachment wp-att-41625\"><img data-recalc-dims=\"1\" loading=\"lazy\" decoding=\"async\" class=\"aligncenter size-full wp-image-41625\" src=\"https:\/\/i0.wp.com\/www.manquepierda.com\/historiarealbetis\/files\/2015\/03\/AdolfoMart%C3%ADnGonz%C3%A1lez.1.jpg?resize=135%2C212&#038;ssl=1\" alt=\"AdolfoMart\u00ednGonz\u00e1lez.1\" width=\"135\" height=\"212\" \/><\/a><strong>05.-Adolfo Mart\u00edn Gonz\u00e1lez (a) \u00abADOLFO II\u00bb (3&#8217;80 goles-media-19 encuentros alineado=1.710 minutos)*<\/strong><\/p>\n<p style=\"text-align: center\"><a href=\"https:\/\/www.manquepierda.com\/historiarealbetis\/41602-1935-marzo-17-atocha-donostia-fc-2-betis-balompie-4-80aniversario-datos-estadisticos\/joseranceltoledo-10\/\" rel=\"attachment wp-att-41628\"><img data-recalc-dims=\"1\" loading=\"lazy\" decoding=\"async\" class=\"aligncenter size-thumbnail wp-image-41628\" src=\"https:\/\/i0.wp.com\/www.manquepierda.com\/historiarealbetis\/files\/2015\/03\/Jos%C3%A9RANCELtoledo1.jpg?resize=67%2C220&#038;ssl=1\" alt=\"Jos\u00e9RANCELtoledo\" width=\"67\" height=\"220\" srcset=\"https:\/\/i0.wp.com\/www.manquepierda.com\/historiarealbetis\/files\/2015\/03\/Jos%C3%A9RANCELtoledo1.jpg?resize=67%2C220&amp;ssl=1 67w, https:\/\/i0.wp.com\/www.manquepierda.com\/historiarealbetis\/files\/2015\/03\/Jos%C3%A9RANCELtoledo1.jpg?resize=182%2C600&amp;ssl=1 182w, https:\/\/i0.wp.com\/www.manquepierda.com\/historiarealbetis\/files\/2015\/03\/Jos%C3%A9RANCELtoledo1.jpg?resize=213%2C700&amp;ssl=1 213w, https:\/\/i0.wp.com\/www.manquepierda.com\/historiarealbetis\/files\/2015\/03\/Jos%C3%A9RANCELtoledo1.jpg?w=444&amp;ssl=1 444w\" sizes=\"auto, (max-width: 67px) 100vw, 67px\" \/><\/a><strong>04.-Jos\u00e9 RANCEL Toledo (2&#8217;250 goles-media-9 partidos jugados=810 minutos)*<\/strong><\/p>\n<p style=\"text-align: center\"><a href=\"https:\/\/www.manquepierda.com\/historiarealbetis\/41968-1935-abril-21-patronato-betis-balompie-2-sevilla-fbc-2-80aniversario-datos-estadisticos\/josegonzalezcaballero-198x220\/\" rel=\"attachment wp-att-42022\"><img data-recalc-dims=\"1\" loading=\"lazy\" decoding=\"async\" class=\"aligncenter size-thumbnail wp-image-42022\" src=\"https:\/\/i0.wp.com\/www.manquepierda.com\/historiarealbetis\/files\/2015\/04\/Jos%C3%A9Gonz%C3%A1lezCABALLERO-198x220-198x220.jpg?resize=198%2C220&#038;ssl=1\" alt=\"Jos\u00e9Gonz\u00e1lezCABALLERO-198x220\" width=\"198\" height=\"220\" \/><\/a><strong>02.-Jos\u00e9 Gonz\u00e1lez CABALLERO (6&#8217;00 goles-media-12 encuentros alineado=1.080 minutos)*<\/strong><\/p>\n<hr \/>\n<p style=\"text-align: justify\"><em><strong>*19 TANTOS EN CONTRA BETIS BALOMPI\u00c9 (0&#8217;905 encajados de media en 21 Jornadas Disputadas=1.890 minutos)*<br \/>\n<\/strong><\/em><\/p>\n<p style=\"text-align: center\"><strong>*GUARDAMETA TITULAR (0&#8217;95 tanto-de media-20 partidos=1.800 minutos)*<br \/>\n<\/strong><\/p>\n<figure id=\"attachment_41396\" aria-describedby=\"caption-attachment-41396\" style=\"width: 220px\" class=\"wp-caption aligncenter\"><a href=\"https:\/\/www.manquepierda.com\/historiarealbetis\/41378-1945-marzo-04-copa-federacion-sur-real-betis-balompie-4-sevilla-cf-1-70aniversario\/03-25-el-betis-en-guipuzcoa-2-areso-urquiaga-y-aedo-3\/\" rel=\"attachment wp-att-41396\"><img data-recalc-dims=\"1\" loading=\"lazy\" decoding=\"async\" class=\"size-thumbnail wp-image-41396\" src=\"https:\/\/i0.wp.com\/www.manquepierda.com\/historiarealbetis\/files\/2015\/03\/03-25-el-betis-en-guipuzcoa-2-areso-urquiaga-y-aedo.jpg?resize=220%2C168&#038;ssl=1\" alt=\"MMMM\" width=\"220\" height=\"168\" srcset=\"https:\/\/i0.wp.com\/www.manquepierda.com\/historiarealbetis\/files\/2015\/03\/03-25-el-betis-en-guipuzcoa-2-areso-urquiaga-y-aedo.jpg?resize=220%2C168&amp;ssl=1 220w, https:\/\/i0.wp.com\/www.manquepierda.com\/historiarealbetis\/files\/2015\/03\/03-25-el-betis-en-guipuzcoa-2-areso-urquiaga-y-aedo.jpg?w=584&amp;ssl=1 584w\" sizes=\"auto, (max-width: 220px) 100vw, 220px\" \/><\/a><figcaption id=\"caption-attachment-41396\" class=\"wp-caption-text\"><strong>19 ENCAJADOS.-<\/strong><strong>Joaqu\u00edn URQUIAGA Legarburu (1800 minutos)*<br \/><\/strong><\/figcaption><\/figure>\n<p style=\"text-align: justify\"><strong>01\u00ba.-02\u00aaJornada-D-09 Diciembre 1934.-Betis Balompi\u00e9-2 goles vs. Cf Barcelona-1 tanto (0-1.-38&#8242;.-Jos\u00e9 RAICH Garriga).<\/strong><\/p>\n<p><strong>02\u00ba.-(1-0.-06&#8242; y 03\u00ba (2-0.-10&#8242;).-Julio Antonio EL\u00cdCEGUI Cans.<\/strong><\/p>\n<p><strong>04\u00ba.-(3-1.-53&#8242;).-\u00c1ngel SORNICHERO Hern\u00e1ndez.<\/strong><\/p>\n<p style=\"text-align: justify\"><strong>05\u00ba.-(4-2.-86&#8242;).-Eduardo Gonz\u00e1lez Vali\u00f1o.-06\u00aaJornada-D-06 Enero 1935.-Atl\u00e9tico Club Madrid-4 tantos vs. Betis Balompi\u00e9-2 goles.<\/strong><\/p>\n<p style=\"text-align: justify\"><strong>06\u00ba.-(1-1.-60&#8242;).-Isidro L\u00c1NGARA Galarraga.-07\u00aaJornada-D-13 Enero 1935.-Betis Balompi\u00e9-2 goles vs. Oviedo Cf-1 tanto.<\/strong><\/p>\n<p style=\"text-align: justify\"><strong>07\u00ba.-(1-0.-66&#8242;).-Francisco IRIONDO Orozco.-08\u00aaJornada-D-20 Enero 1935.-Club Deportivo Espa\u00f1ol-1 tanto vs. Betis Balompi\u00e9-1 gol.<\/strong><\/p>\n<p style=\"text-align: justify\"><strong>08\u00ba.-(1-1.-49&#8242;).-Fernando GARC\u00cdA Lorenzo.-11\u00aaJornada-D-10 Febrero 1935.-Betis Balompi\u00e9-3 goles vs. Racing Club Santander-1 tanto.<\/strong><\/p>\n<p><strong>09\u00ba.-(2-0.-47&#8242;) y 10\u00ba.-(4-0.-87&#8242;).-Jos\u00e9 ESCOL\u00c1 Sagal\u00e9s.<\/strong><\/p>\n<p><strong>11\u00ba.-(1-0.-03&#8242;).-Mario CABANES Sabat.<\/strong><\/p>\n<p style=\"text-align: justify\"><strong>12\u00ba.-(3-0.-81&#8242;).-Juan RAM\u00d3N i Pera.-13\u00aaJornada-D-24 Febrero 1935.-Cf Barcelona-4 tantos vs, Betis Balompi\u00e9-0 goles.<\/strong><\/p>\n<p><strong>13\u00ba.-(1-1.-13&#8242;).-Jos\u00e9 RICHART.<\/strong><\/p>\n<p style=\"text-align: justify\"><strong>14\u00ba.-(2-1.-23&#8242;) y 15\u00ba (3-1.-31&#8242;).-Jos\u00e9 VILANOVA Rubio.-15\u00aaJornada-D-10 Marzo 1935.-Valencia Cf-3 tantos vs. Betis Balompi\u00e9-1 gol.<\/strong><\/p>\n<p><strong>16\u00ba.-(1-0.-50&#8242;).-Ram\u00f3n INSAUSTI Zubeld\u00eda.<\/strong><\/p>\n<p style=\"text-align: justify\"><strong>17\u00ba.-(2-4.-89&#8242;).-Ignacio Mar\u00eda Alcorta Hermoso de Ordorica (a) \u00abCHOL\u00cdN\u00bb.-16\u00aaJornada-D-17 Marzo 1935.-Donostia Cf-2 tantos vs. Betis Balompi\u00e9-4 goles.<\/strong><\/p>\n<p style=\"text-align: justify\"><a href=\"https:\/\/www.manquepierda.com\/historiarealbetis\/40641-1935-enero-27-patronato-betis-balompie-1-athletic-club-0-80aniversario-datos-estadisticos\/urquiaga-5\/\" rel=\"attachment wp-att-40648\"><img data-recalc-dims=\"1\" loading=\"lazy\" decoding=\"async\" class=\"aligncenter size-thumbnail wp-image-40648\" src=\"https:\/\/i0.wp.com\/www.manquepierda.com\/historiarealbetis\/files\/2015\/01\/Urquiaga.png?resize=188%2C220&#038;ssl=1\" alt=\"Urquiaga\" width=\"188\" height=\"220\" srcset=\"https:\/\/i0.wp.com\/www.manquepierda.com\/historiarealbetis\/files\/2015\/01\/Urquiaga.png?resize=188%2C220&amp;ssl=1 188w, https:\/\/i0.wp.com\/www.manquepierda.com\/historiarealbetis\/files\/2015\/01\/Urquiaga.png?w=191&amp;ssl=1 191w\" sizes=\"auto, (max-width: 188px) 100vw, 188px\" \/><\/a><strong>18\u00ba.-(0-1.-03&#8242;).-Miguel L\u00f3pez TORRONT\u00c9GUI, al rematar un centro de L\u00f3pez.<\/strong><\/p>\n<p style=\"text-align: justify\"><strong>19\u00ba.-(1-2.-32&#8242;).-Jos\u00e9 L\u00d3PEZ Mart\u00ednez (tras falta lanzada por Segura).-21\u00aaJornada-D-21 Abril 1935.-Betis Balompi\u00e9-2 goles vs. Sevilla Fc-2 tantos.<\/strong><\/p>\n<p style=\"text-align: center\"><strong>*META SUPLENTE (0 tantos encajados en 90 minutos alineado)*<br \/>\n<\/strong><\/p>\n<figure id=\"attachment_41924\" aria-describedby=\"caption-attachment-41924\" style=\"width: 186px\" class=\"wp-caption aligncenter\"><a href=\"https:\/\/www.manquepierda.com\/historiarealbetis\/41917-1935-abril-14-san-mames-athletic-club-0-betis-balompie-0-80aniversario-datos-estadisticos\/jose-luis-espinosa-pachon-186x220\/\" rel=\"attachment wp-att-41924\"><img data-recalc-dims=\"1\" loading=\"lazy\" decoding=\"async\" class=\"size-thumbnail wp-image-41924\" src=\"https:\/\/i0.wp.com\/www.manquepierda.com\/historiarealbetis\/files\/2015\/04\/Jos%C3%A9-Lu%C3%ADs-ESPINOSA-Pach%C3%B3n-186x2201-186x220.jpg?resize=186%2C220&#038;ssl=1\" alt=\"mmmmm\" width=\"186\" height=\"220\" \/><\/a><figcaption id=\"caption-attachment-41924\" class=\"wp-caption-text\"><strong>Jos\u00e9 Luis ESPINOSA Pach\u00f3n.<br \/><\/strong><\/figcaption><\/figure>\n<p style=\"text-align: center\"><strong>Debut\u00f3-Domingo 07 Abril 1935.-19\u00aa Jornada.-Betis Balompi\u00e9-5 goles vs. Club Deportivo Espa\u00f1ol-0 tantos.<\/strong><\/p>\n<p style=\"text-align: center\"><strong>ZAGUEROS:<\/strong><\/p>\n<figure id=\"attachment_41972\" aria-describedby=\"caption-attachment-41972\" style=\"width: 680px\" class=\"wp-caption aligncenter\"><a href=\"https:\/\/www.manquepierda.com\/historiarealbetis\/41968-1935-abril-21-patronato-betis-balompie-2-sevilla-fbc-2-80aniversario-datos-estadisticos\/attachment\/85\/\" rel=\"attachment wp-att-41972\"><img data-recalc-dims=\"1\" loading=\"lazy\" decoding=\"async\" class=\"size-medium wp-image-41972\" src=\"https:\/\/i0.wp.com\/www.manquepierda.com\/historiarealbetis\/files\/2015\/04\/85.jpg?resize=680%2C433&#038;ssl=1\" alt=\"MMMM\" width=\"680\" height=\"433\" srcset=\"https:\/\/i0.wp.com\/www.manquepierda.com\/historiarealbetis\/files\/2015\/04\/85.jpg?resize=680%2C433&amp;ssl=1 680w, https:\/\/i0.wp.com\/www.manquepierda.com\/historiarealbetis\/files\/2015\/04\/85.jpg?resize=220%2C140&amp;ssl=1 220w, https:\/\/i0.wp.com\/www.manquepierda.com\/historiarealbetis\/files\/2015\/04\/85.jpg?w=800&amp;ssl=1 800w\" sizes=\"auto, (max-width: 680px) 100vw, 680px\" \/><\/a><figcaption id=\"caption-attachment-41972\" class=\"wp-caption-text\"><em><strong>\u00abEl centro delantero sevillista \u00abCampanal I\u00bb (a la izquierda de AEDO) saltan infructuosamente por el bal\u00f3n\u00bb.<\/strong><\/em><\/figcaption><\/figure>\n<p style=\"text-align: justify\"><a href=\"https:\/\/www.manquepierda.com\/historiarealbetis\/40919-1935-febrero-17-patronato-betis-balompie-1-madrid-cf-0-80aniversario-datos-estadisticos\/pedro-pablo-areso-aramburu-7\/\" rel=\"attachment wp-att-41107\"><img data-recalc-dims=\"1\" loading=\"lazy\" decoding=\"async\" class=\"aligncenter size-thumbnail wp-image-41107\" src=\"https:\/\/i0.wp.com\/www.manquepierda.com\/historiarealbetis\/files\/2015\/02\/Pedro-Pablo-Areso-Aramburu.png?resize=188%2C220&#038;ssl=1\" alt=\"Pedro Pablo Areso Aramburu\" width=\"188\" height=\"220\" srcset=\"https:\/\/i0.wp.com\/www.manquepierda.com\/historiarealbetis\/files\/2015\/02\/Pedro-Pablo-Areso-Aramburu.png?resize=188%2C220&amp;ssl=1 188w, https:\/\/i0.wp.com\/www.manquepierda.com\/historiarealbetis\/files\/2015\/02\/Pedro-Pablo-Areso-Aramburu.png?w=191&amp;ssl=1 191w\" sizes=\"auto, (max-width: 188px) 100vw, 188px\" \/><\/a><strong>2-Lateral Diestro.-Pedro Pablo ARESO Aramburu (1.710 minutos)*<\/strong><\/p>\n<p style=\"text-align: justify\"><a href=\"https:\/\/www.manquepierda.com\/historiarealbetis\/40919-1935-febrero-17-patronato-betis-balompie-1-madrid-cf-0-80aniversario-datos-estadisticos\/serafin-aedo-renieblas-7\/\" rel=\"attachment wp-att-41108\"><img data-recalc-dims=\"1\" loading=\"lazy\" decoding=\"async\" class=\"aligncenter size-thumbnail wp-image-41108\" src=\"https:\/\/i0.wp.com\/www.manquepierda.com\/historiarealbetis\/files\/2015\/02\/Seraf%C3%ADn-AEDO-Renieblas.png?resize=188%2C220&#038;ssl=1\" alt=\"Seraf\u00edn AEDO Renieblas\" width=\"188\" height=\"220\" srcset=\"https:\/\/i0.wp.com\/www.manquepierda.com\/historiarealbetis\/files\/2015\/02\/Seraf%C3%ADn-AEDO-Renieblas.png?resize=188%2C220&amp;ssl=1 188w, https:\/\/i0.wp.com\/www.manquepierda.com\/historiarealbetis\/files\/2015\/02\/Seraf%C3%ADn-AEDO-Renieblas.png?w=191&amp;ssl=1 191w\" sizes=\"auto, (max-width: 188px) 100vw, 188px\" \/><\/a><strong>3-Lateral Zurdo.-Seraf\u00edn AEDO Renieblas (1.890 minutos)*<\/strong><\/p>\n<p style=\"text-align: center\"><strong>MEDIOS:<\/strong><\/p>\n<p style=\"text-align: justify\"><a href=\"https:\/\/www.manquepierda.com\/historiarealbetis\/40919-1935-febrero-17-patronato-betis-balompie-1-madrid-cf-0-80aniversario-datos-estadisticos\/peral-9\/\" rel=\"attachment wp-att-41109\"><img data-recalc-dims=\"1\" loading=\"lazy\" decoding=\"async\" class=\"aligncenter size-thumbnail wp-image-41109\" src=\"https:\/\/i0.wp.com\/www.manquepierda.com\/historiarealbetis\/files\/2015\/02\/Peral.jpg?resize=212%2C220&#038;ssl=1\" alt=\"Peral\" width=\"212\" height=\"220\" srcset=\"https:\/\/i0.wp.com\/www.manquepierda.com\/historiarealbetis\/files\/2015\/02\/Peral.jpg?resize=212%2C220&amp;ssl=1 212w, https:\/\/i0.wp.com\/www.manquepierda.com\/historiarealbetis\/files\/2015\/02\/Peral.jpg?resize=578%2C600&amp;ssl=1 578w, https:\/\/i0.wp.com\/www.manquepierda.com\/historiarealbetis\/files\/2015\/02\/Peral.jpg?resize=674%2C700&amp;ssl=1 674w, https:\/\/i0.wp.com\/www.manquepierda.com\/historiarealbetis\/files\/2015\/02\/Peral.jpg?w=714&amp;ssl=1 714w\" sizes=\"auto, (max-width: 212px) 100vw, 212px\" \/><\/a><strong>4-Diestro.-Jos\u00e9 Su\u00e1rez Gonz\u00e1lez (a) \u00abPERAL\u00bb (1.890 minutos)*<\/strong><\/p>\n<p style=\"text-align: left\"><a href=\"https:\/\/www.manquepierda.com\/historiarealbetis\/40919-1935-febrero-17-patronato-betis-balompie-1-madrid-cf-0-80aniversario-datos-estadisticos\/francisco-gomez-vicente-11\/\" rel=\"attachment wp-att-41110\"><img data-recalc-dims=\"1\" loading=\"lazy\" decoding=\"async\" class=\"aligncenter size-thumbnail wp-image-41110\" src=\"https:\/\/i0.wp.com\/www.manquepierda.com\/historiarealbetis\/files\/2015\/02\/Francisco-G%C3%B3mez-Vicente.jpg?resize=170%2C220&#038;ssl=1\" alt=\"Francisco G\u00f3mez Vicente\" width=\"170\" height=\"220\" srcset=\"https:\/\/i0.wp.com\/www.manquepierda.com\/historiarealbetis\/files\/2015\/02\/Francisco-G%C3%B3mez-Vicente.jpg?resize=170%2C220&amp;ssl=1 170w, https:\/\/i0.wp.com\/www.manquepierda.com\/historiarealbetis\/files\/2015\/02\/Francisco-G%C3%B3mez-Vicente.jpg?w=440&amp;ssl=1 440w\" sizes=\"auto, (max-width: 170px) 100vw, 170px\" \/><\/a><strong>5-Centro.-Francisco G\u00d3MEZ Vicente (1.710 minutos)*<\/strong><\/p>\n<p style=\"text-align: justify\"><a href=\"https:\/\/www.manquepierda.com\/historiarealbetis\/41716-1935-marzo-24-patronato-betis-balompie-2-athletico-madrid-0-80aniversario-datos-estadisticos\/rufino-fernande-dlarrinoa-magunaurrekoetxea\/\" rel=\"attachment wp-att-41720\"><img data-recalc-dims=\"1\" loading=\"lazy\" decoding=\"async\" class=\"aligncenter size-thumbnail wp-image-41720\" src=\"https:\/\/i0.wp.com\/www.manquepierda.com\/historiarealbetis\/files\/2015\/03\/Rufino-Fern%C3%A1nde-DLarrinoa-Magunaurrekoetxea.jpg?resize=129%2C220&#038;ssl=1\" alt=\"Rufino Fern\u00e1nde DLarrinoa Magunaurrekoetxea\" width=\"129\" height=\"220\" srcset=\"https:\/\/i0.wp.com\/www.manquepierda.com\/historiarealbetis\/files\/2015\/03\/Rufino-Fern%C3%A1nde-DLarrinoa-Magunaurrekoetxea.jpg?resize=129%2C220&amp;ssl=1 129w, https:\/\/i0.wp.com\/www.manquepierda.com\/historiarealbetis\/files\/2015\/03\/Rufino-Fern%C3%A1nde-DLarrinoa-Magunaurrekoetxea.jpg?resize=353%2C600&amp;ssl=1 353w, https:\/\/i0.wp.com\/www.manquepierda.com\/historiarealbetis\/files\/2015\/03\/Rufino-Fern%C3%A1nde-DLarrinoa-Magunaurrekoetxea.jpg?resize=411%2C700&amp;ssl=1 411w, https:\/\/i0.wp.com\/www.manquepierda.com\/historiarealbetis\/files\/2015\/03\/Rufino-Fern%C3%A1nde-DLarrinoa-Magunaurrekoetxea.jpg?w=636&amp;ssl=1 636w\" sizes=\"auto, (max-width: 129px) 100vw, 129px\" \/><\/a><strong>6-Zurdo.-Rufino Fern\u00e1ndez De LARRINOA Magunaurrekoetxea (1.080 minutos)*<\/strong><\/p>\n<p style=\"text-align: center\"><strong>DELANTEROS:<\/strong><\/p>\n<p style=\"text-align: justify\"><a href=\"https:\/\/www.manquepierda.com\/historiarealbetis\/40919-1935-febrero-17-patronato-betis-balompie-1-madrid-cf-0-80aniversario-datos-estadisticos\/19350217-timimi-11\/\" rel=\"attachment wp-att-41103\"><img data-recalc-dims=\"1\" loading=\"lazy\" decoding=\"async\" class=\"aligncenter size-thumbnail wp-image-41103\" src=\"https:\/\/i0.wp.com\/www.manquepierda.com\/historiarealbetis\/files\/2015\/02\/19350217-TIMIMI.jpg?resize=120%2C220&#038;ssl=1\" alt=\"19350217-TIMIMI\" width=\"120\" height=\"220\" srcset=\"https:\/\/i0.wp.com\/www.manquepierda.com\/historiarealbetis\/files\/2015\/02\/19350217-TIMIMI.jpg?resize=120%2C220&amp;ssl=1 120w, https:\/\/i0.wp.com\/www.manquepierda.com\/historiarealbetis\/files\/2015\/02\/19350217-TIMIMI.jpg?resize=328%2C600&amp;ssl=1 328w, https:\/\/i0.wp.com\/www.manquepierda.com\/historiarealbetis\/files\/2015\/02\/19350217-TIMIMI.jpg?resize=382%2C700&amp;ssl=1 382w, https:\/\/i0.wp.com\/www.manquepierda.com\/historiarealbetis\/files\/2015\/02\/19350217-TIMIMI.jpg?w=1136&amp;ssl=1 1136w\" sizes=\"auto, (max-width: 120px) 100vw, 120px\" \/><\/a><strong>7-Extremo Diestro.-Pedro Gonz\u00e1lez S\u00e1nchez (a) \u00abTIMIMI\u00bb(1.530 minutos.-8 goles marcados)*<br \/>\n<\/strong><\/p>\n<p style=\"text-align: justify\"><a href=\"https:\/\/www.manquepierda.com\/historiarealbetis\/40521-1935-enero-20-can-rabia-cd-espanol-1-betis-balompie-1-80aniversario-datos-estadisticos\/adolfo-martin-01-8\/\" rel=\"attachment wp-att-40560\"><img data-recalc-dims=\"1\" loading=\"lazy\" decoding=\"async\" class=\"aligncenter size-thumbnail wp-image-40560\" src=\"https:\/\/i0.wp.com\/www.manquepierda.com\/historiarealbetis\/files\/2015\/01\/Adolfo-Mart%C3%ADn-011.jpg?resize=118%2C220&#038;ssl=1\" alt=\"Adolfo Mart\u00edn-II\" width=\"118\" height=\"220\" srcset=\"https:\/\/i0.wp.com\/www.manquepierda.com\/historiarealbetis\/files\/2015\/01\/Adolfo-Mart%C3%ADn-011.jpg?resize=118%2C220&amp;ssl=1 118w, https:\/\/i0.wp.com\/www.manquepierda.com\/historiarealbetis\/files\/2015\/01\/Adolfo-Mart%C3%ADn-011.jpg?w=186&amp;ssl=1 186w\" sizes=\"auto, (max-width: 118px) 100vw, 118px\" \/><\/a><strong>8-Interior Diestro.-Adolfo Mart\u00edn Gonz\u00e1lez (a) \u00abADOLFO II\u00bb(1.710 minutos.-5 goles logrados)*<br \/>\n<\/strong><\/p>\n<p style=\"text-align: left\"><a href=\"https:\/\/www.manquepierda.com\/historiarealbetis\/41968-1935-abril-21-patronato-betis-balompie-2-sevilla-fbc-2-80aniversario-datos-estadisticos\/victorio-unamuno-ibarzabal-8\/\" rel=\"attachment wp-att-42021\"><img data-recalc-dims=\"1\" loading=\"lazy\" decoding=\"async\" class=\"aligncenter size-thumbnail wp-image-42021\" src=\"https:\/\/i0.wp.com\/www.manquepierda.com\/historiarealbetis\/files\/2015\/04\/Victorio-UNAMUNO-Ibarzabal.jpg?resize=145%2C220&#038;ssl=1\" alt=\"Victorio UNAMUNO Ibarzabal\" width=\"145\" height=\"220\" srcset=\"https:\/\/i0.wp.com\/www.manquepierda.com\/historiarealbetis\/files\/2015\/04\/Victorio-UNAMUNO-Ibarzabal.jpg?resize=145%2C220&amp;ssl=1 145w, https:\/\/i0.wp.com\/www.manquepierda.com\/historiarealbetis\/files\/2015\/04\/Victorio-UNAMUNO-Ibarzabal.jpg?resize=395%2C600&amp;ssl=1 395w, https:\/\/i0.wp.com\/www.manquepierda.com\/historiarealbetis\/files\/2015\/04\/Victorio-UNAMUNO-Ibarzabal.jpg?resize=461%2C700&amp;ssl=1 461w, https:\/\/i0.wp.com\/www.manquepierda.com\/historiarealbetis\/files\/2015\/04\/Victorio-UNAMUNO-Ibarzabal.jpg?w=627&amp;ssl=1 627w\" sizes=\"auto, (max-width: 145px) 100vw, 145px\" \/><\/a><strong>9-Ariete-Centro Delantero.-Victorio UNAMUNO Ibarzabal: 1-0.-04&#8242; (1.800 minutos.-10 Goles marcados)*<br \/>\n<\/strong><\/p>\n<figure id=\"attachment_49073\" aria-describedby=\"caption-attachment-49073\" style=\"width: 506px\" class=\"wp-caption aligncenter\"><img data-recalc-dims=\"1\" loading=\"lazy\" decoding=\"async\" class=\"size-large wp-image-49073\" src=\"https:\/\/i0.wp.com\/www.manquepierda.com\/historiarealbetis\/files\/2015\/04\/1-0.-UNAMUNO.jpg?resize=506%2C700&#038;ssl=1\" alt=\"mmmmm\" width=\"506\" height=\"700\" srcset=\"https:\/\/i0.wp.com\/www.manquepierda.com\/historiarealbetis\/files\/2015\/04\/1-0.-UNAMUNO.jpg?resize=506%2C700&amp;ssl=1 506w, https:\/\/i0.wp.com\/www.manquepierda.com\/historiarealbetis\/files\/2015\/04\/1-0.-UNAMUNO.jpg?resize=159%2C220&amp;ssl=1 159w, https:\/\/i0.wp.com\/www.manquepierda.com\/historiarealbetis\/files\/2015\/04\/1-0.-UNAMUNO.jpg?resize=433%2C600&amp;ssl=1 433w, https:\/\/i0.wp.com\/www.manquepierda.com\/historiarealbetis\/files\/2015\/04\/1-0.-UNAMUNO.jpg?w=637&amp;ssl=1 637w\" sizes=\"auto, (max-width: 506px) 100vw, 506px\" \/><figcaption id=\"caption-attachment-49073\" class=\"wp-caption-text\"><em><strong>\u00ab1-0.-04 Minutos.-\u00abEl remate de UNAMUNO deja boquiabiertos a la defensa sevillista\u00bb.-\u00abAS\u00bb-Madrid 22-04-1935-Martes.<\/strong><\/em><\/figcaption><\/figure>\n<p style=\"text-align: center\"><img data-recalc-dims=\"1\" loading=\"lazy\" decoding=\"async\" class=\"aligncenter size-thumbnail wp-image-48186\" src=\"https:\/\/i0.wp.com\/www.manquepierda.com\/historiarealbetis\/files\/2014\/05\/Sim%C3%B3n-Lecue-Andrade.jpg?resize=150%2C220&#038;ssl=1\" alt=\"Sim\u00f3n-Lecue-Andrade\" width=\"150\" height=\"220\" srcset=\"https:\/\/i0.wp.com\/www.manquepierda.com\/historiarealbetis\/files\/2014\/05\/Sim%C3%B3n-Lecue-Andrade.jpg?resize=150%2C220&amp;ssl=1 150w, https:\/\/i0.wp.com\/www.manquepierda.com\/historiarealbetis\/files\/2014\/05\/Sim%C3%B3n-Lecue-Andrade.jpg?w=309&amp;ssl=1 309w\" sizes=\"auto, (max-width: 150px) 100vw, 150px\" \/><\/p>\n<p style=\"text-align: center\"><em><strong>*Marc\u00f3 2-2.-89 Minutos*<\/strong><\/em><\/p>\n<p style=\"text-align: left\"><strong>10-Interior Zurdo.-Sim\u00f3n LECUE Andrade (1.710 minutos.-9 Goles logrados)*<br \/>\n<\/strong><\/p>\n<p style=\"text-align: center\"><a href=\"https:\/\/www.manquepierda.com\/historiarealbetis\/40521-1935-enero-20-can-rabia-cd-espanol-1-betis-balompie-1-80aniversario-datos-estadisticos\/caballero-9\/\" rel=\"attachment wp-att-40561\"><img data-recalc-dims=\"1\" loading=\"lazy\" decoding=\"async\" class=\"aligncenter size-thumbnail wp-image-40561\" src=\"https:\/\/i0.wp.com\/www.manquepierda.com\/historiarealbetis\/files\/2015\/01\/CABALLERO.png?resize=188%2C220&#038;ssl=1\" alt=\"CABALLERO\" width=\"188\" height=\"220\" srcset=\"https:\/\/i0.wp.com\/www.manquepierda.com\/historiarealbetis\/files\/2015\/01\/CABALLERO.png?resize=188%2C220&amp;ssl=1 188w, https:\/\/i0.wp.com\/www.manquepierda.com\/historiarealbetis\/files\/2015\/01\/CABALLERO.png?w=191&amp;ssl=1 191w\" sizes=\"auto, (max-width: 188px) 100vw, 188px\" \/><\/a><strong>11-Extremo Zurdo.-Jos\u00e9 Gonz\u00e1lez CABALLERO (1.080 minutos.-2 Goles marcados)*<br \/>\n<\/strong><\/p>\n<figure id=\"attachment_41984\" aria-describedby=\"caption-attachment-41984\" style=\"width: 680px\" class=\"wp-caption aligncenter\"><a href=\"https:\/\/www.manquepierda.com\/historiarealbetis\/41968-1935-abril-21-patronato-betis-balompie-2-sevilla-fbc-2-80aniversario-datos-estadisticos\/lavozm19350423\/\" rel=\"attachment wp-att-41984\"><img data-recalc-dims=\"1\" loading=\"lazy\" decoding=\"async\" class=\"size-medium wp-image-41984\" src=\"https:\/\/i0.wp.com\/www.manquepierda.com\/historiarealbetis\/files\/2015\/04\/LAVOZM19350423.jpg?resize=680%2C253&#038;ssl=1\" alt=\"MMMM\" width=\"680\" height=\"253\" srcset=\"https:\/\/i0.wp.com\/www.manquepierda.com\/historiarealbetis\/files\/2015\/04\/LAVOZM19350423.jpg?resize=680%2C253&amp;ssl=1 680w, https:\/\/i0.wp.com\/www.manquepierda.com\/historiarealbetis\/files\/2015\/04\/LAVOZM19350423.jpg?resize=220%2C82&amp;ssl=1 220w, https:\/\/i0.wp.com\/www.manquepierda.com\/historiarealbetis\/files\/2015\/04\/LAVOZM19350423.jpg?resize=960%2C357&amp;ssl=1 960w, https:\/\/i0.wp.com\/www.manquepierda.com\/historiarealbetis\/files\/2015\/04\/LAVOZM19350423.jpg?w=1691&amp;ssl=1 1691w\" sizes=\"auto, (max-width: 680px) 100vw, 680px\" \/><\/a><figcaption id=\"caption-attachment-41984\" class=\"wp-caption-text\"><strong>Fuente \u00abLA VOZ\u00bb-Madrid, martes 23-Abril-1935.-<em>PEN\u00daLTIMO PARTIDO DE LIGA Y&#8230; \u00a1\u00a1\u00bbER BETI\u00bb EN CABEZA\u00a1\u00a1 POR MART\u00cdNEZ DE LE\u00d3N (\u00abOSELITO\u00bb).<\/em><\/strong><\/figcaption><\/figure>\n<p style=\"text-align: center\">De izquierda a derecha-VI\u00d1ETAS:<\/p>\n<p style=\"text-align: justify\">1\u00aa) El Madrid.-\u00a1Pronto\u00a1-\u00a1Retira la chistera a brillante, el bast\u00f3n, los guantes y&#8230; los cinco goals\u00a1-\u00a1Que te ayuden unos cuantos\u00a1-\u00a1Ah\u00a1 Retira tambi\u00e9n lo de campe\u00f3n moral.-\u00a1Yo soy el campe\u00f3n \u00abmorao\u00a1<\/p>\n<p style=\"text-align: justify\"><strong>2\u00ba) Este tanto,\u00a0 claro como el sol,\u00a0 hizo campe\u00f3n \u00abar BETI\u00bb;\u00a0 pero Vilalta lo anul\u00f3 para prolongar la emoci\u00f3n de la Liga siete d\u00edas m\u00e1s.-\u00a1Mira qu\u00e9 mono,\u00a0 hombre;\u00a0 mira qu\u00e9 bono\u00a1<\/strong><\/p>\n<p style=\"text-align: justify\"><em><strong>3\u00aa) Los caballeros.-\u00a1Qu\u00e9 esc\u00e1ndalo\u00a1-\u00a1Como grita esta se\u00f1ora \u00abVIVA ER BETI\u00bb\u00a1-\u00a1Le dice \u00a1\u00a1hip,\u00a0 hurra\u00a1\u00a1-\u00a1\u00a1hip,\u00a0 hurra\u00a1\u00a1<\/strong><\/em><\/p>\n<p style=\"text-align: left\"><strong>4\u00aa) OSELITO.-Perdona,\u00a0 noy.\u00a0 Te ten\u00eda por un esabor\u00edo;\u00a0 pero ere de lo m\u00e1 simp\u00e1tico que mis ojo han visto.<\/strong><\/p>\n<p style=\"text-align: justify\"><a href=\"https:\/\/www.manquepierda.com\/historiarealbetis\/41968-1935-abril-21-patronato-betis-balompie-2-sevilla-fbc-2-80aniversario-datos-estadisticos\/attachment\/67\/\" rel=\"attachment wp-att-41993\"><img data-recalc-dims=\"1\" loading=\"lazy\" decoding=\"async\" class=\"aligncenter size-medium wp-image-41993\" src=\"https:\/\/i0.wp.com\/www.manquepierda.com\/historiarealbetis\/files\/2015\/04\/67.jpg?resize=591%2C600&#038;ssl=1\" alt=\"67\" width=\"591\" height=\"600\" srcset=\"https:\/\/i0.wp.com\/www.manquepierda.com\/historiarealbetis\/files\/2015\/04\/67.jpg?resize=591%2C600&amp;ssl=1 591w, https:\/\/i0.wp.com\/www.manquepierda.com\/historiarealbetis\/files\/2015\/04\/67.jpg?resize=217%2C220&amp;ssl=1 217w, https:\/\/i0.wp.com\/www.manquepierda.com\/historiarealbetis\/files\/2015\/04\/67.jpg?resize=690%2C700&amp;ssl=1 690w, https:\/\/i0.wp.com\/www.manquepierda.com\/historiarealbetis\/files\/2015\/04\/67.jpg?w=800&amp;ssl=1 800w\" sizes=\"auto, (max-width: 591px) 100vw, 591px\" \/><\/a><strong>\u00abRodeado de amigos y adversarios, Eizaguirre, por encima de todos, bloca un bal\u00f3n\u00bb.-\u00abAs\u00bb-Madrid-Martes-19350422.<br \/>\n<\/strong><\/p>\n<hr \/>\n<p style=\"text-align: center\">Vs.<\/p>\n<figure id=\"attachment_39809\" aria-describedby=\"caption-attachment-39809\" style=\"width: 181px\" class=\"wp-caption aligncenter\"><a href=\"https:\/\/www.manquepierda.com\/historiarealbetis\/39762-1931-diciembre-20-cuarta-liga-segunda-division-sevilla-fbc-2-betis-balompie-3-83aniversario\/escudo-sfbc1921-2\/\" rel=\"attachment wp-att-39809\"><img data-recalc-dims=\"1\" loading=\"lazy\" decoding=\"async\" class=\"size-thumbnail wp-image-39809\" src=\"https:\/\/i0.wp.com\/www.manquepierda.com\/historiarealbetis\/files\/2014\/12\/Escudo-SFbC1921.jpeg?resize=181%2C220&#038;ssl=1\" alt=\"MMMM\" width=\"181\" height=\"220\" srcset=\"https:\/\/i0.wp.com\/www.manquepierda.com\/historiarealbetis\/files\/2014\/12\/Escudo-SFbC1921.jpeg?resize=181%2C220&amp;ssl=1 181w, https:\/\/i0.wp.com\/www.manquepierda.com\/historiarealbetis\/files\/2014\/12\/Escudo-SFbC1921.jpeg?w=204&amp;ssl=1 204w\" sizes=\"auto, (max-width: 181px) 100vw, 181px\" \/><\/a><figcaption id=\"caption-attachment-39809\" class=\"wp-caption-text\">SEVILLA CLUB F\u00daTBOL-2 TANTOS.<\/figcaption><\/figure>\n<p style=\"text-align: center\"><strong>6\u00ba Clasificado con 22 Puntos (10g+2e+9p).-48-36 Tantos Favor-Contra.<\/strong><\/p>\n<figure id=\"attachment_38373\" aria-describedby=\"caption-attachment-38373\" style=\"width: 131px\" class=\"wp-caption alignright\"><a href=\"https:\/\/www.manquepierda.com\/historiarealbetis\/38369-1935-octubre-20-superregional-sevilla-fbc-1-vs-betis-balompie-2-79-aniversario\/ramonsanchezpizjuanymunoz-2\/\" rel=\"attachment wp-att-38373\"><img data-recalc-dims=\"1\" loading=\"lazy\" decoding=\"async\" class=\"size-full wp-image-38373\" src=\"https:\/\/i0.wp.com\/www.manquepierda.com\/historiarealbetis\/files\/2014\/10\/RamonSanchezPizjuanyMunoz.jpg?resize=131%2C175&#038;ssl=1\" alt=\"mmmmm\" width=\"131\" height=\"175\" \/><\/a><figcaption id=\"caption-attachment-38373\" class=\"wp-caption-text\">Presidente don Ram\u00f3n S\u00e1nchez-Pizju\u00e1n Mu\u00f1oz.<\/figcaption><\/figure>\n<figure id=\"attachment_38374\" aria-describedby=\"caption-attachment-38374\" style=\"width: 167px\" class=\"wp-caption alignleft\"><a href=\"https:\/\/www.manquepierda.com\/historiarealbetis\/38369-1935-octubre-20-superregional-sevilla-fbc-1-vs-betis-balompie-2-79-aniversario\/encinas\/\" rel=\"attachment wp-att-38374\"><img data-recalc-dims=\"1\" loading=\"lazy\" decoding=\"async\" class=\"size-thumbnail wp-image-38374\" src=\"https:\/\/i0.wp.com\/www.manquepierda.com\/historiarealbetis\/files\/2014\/10\/ENCINAS.jpg?resize=167%2C220&#038;ssl=1\" alt=\"mmmm\" width=\"167\" height=\"220\" srcset=\"https:\/\/i0.wp.com\/www.manquepierda.com\/historiarealbetis\/files\/2014\/10\/ENCINAS.jpg?resize=167%2C220&amp;ssl=1 167w, https:\/\/i0.wp.com\/www.manquepierda.com\/historiarealbetis\/files\/2014\/10\/ENCINAS.jpg?w=309&amp;ssl=1 309w\" sizes=\"auto, (max-width: 167px) 100vw, 167px\" \/><\/a><figcaption id=\"caption-attachment-38374\" class=\"wp-caption-text\">Entrenador Ram\u00f3n Encinas Dios.<\/figcaption><\/figure>\n<p style=\"text-align: justify\"><strong>\u00abRealmente parec\u00eda que el Sevilla se jugaba en el partido una carta decisiva;\u00a0 tal fue el ardor que en todo momento puso en la lucha\u00bb.<\/strong><\/p>\n<p style=\"text-align: center\">PORTERO:<\/p>\n<figure id=\"attachment_41985\" aria-describedby=\"caption-attachment-41985\" style=\"width: 165px\" class=\"wp-caption aligncenter\"><a href=\"https:\/\/www.manquepierda.com\/historiarealbetis\/41968-1935-abril-21-patronato-betis-balompie-2-sevilla-fbc-2-80aniversario-datos-estadisticos\/guillermo-eizaguirre-olmos\/\" rel=\"attachment wp-att-41985\"><img data-recalc-dims=\"1\" loading=\"lazy\" decoding=\"async\" class=\"size-thumbnail wp-image-41985\" src=\"https:\/\/i0.wp.com\/www.manquepierda.com\/historiarealbetis\/files\/2015\/04\/Guillermo-Eizaguirre-Olmos.jpg?resize=165%2C220&#038;ssl=1\" alt=\"mmmm\" width=\"165\" height=\"220\" srcset=\"https:\/\/i0.wp.com\/www.manquepierda.com\/historiarealbetis\/files\/2015\/04\/Guillermo-Eizaguirre-Olmos.jpg?resize=165%2C220&amp;ssl=1 165w, https:\/\/i0.wp.com\/www.manquepierda.com\/historiarealbetis\/files\/2015\/04\/Guillermo-Eizaguirre-Olmos.jpg?w=249&amp;ssl=1 249w\" sizes=\"auto, (max-width: 165px) 100vw, 165px\" \/><\/a><figcaption id=\"caption-attachment-41985\" class=\"wp-caption-text\">1.-Guillermo EIZAGUIRRE Olmos 25 a\u00f1os+11 meses menos 6 d\u00edas.-SEVILLA, jueves 27-Mayo-1909<\/figcaption><\/figure>\n<p style=\"text-align: center\"><strong>**Dos goles encajados (1-1.-UNAMUNO y 2-2.-LECUE)**<br \/>\n<\/strong><\/p>\n<p style=\"text-align: center\">DEFENSAS:<\/p>\n<p style=\"text-align: center\">2-Pedro Aurrekoetxea Echeand\u00eda (a) \u00abEUSKALDUNA\u00bb.-3-Esteban Arrizabalo Echevarr\u00eda (a) \u00abDEVA\u00bb.<\/p>\n<p style=\"text-align: center\">MEDIOS:<\/p>\n<p style=\"text-align: center\">4-Manuel ALC\u00c1ZAR Rodr\u00edguez.-5-Antonio Garc\u00eda SEGURA.-6-FEDErico S\u00e1iz Villegas.<\/p>\n<p style=\"text-align: center\">DELANTEROS:<\/p>\n<p style=\"text-align: justify\"><a href=\"https:\/\/www.manquepierda.com\/historiarealbetis\/41968-1935-abril-21-patronato-betis-balompie-2-sevilla-fbc-2-80aniversario-datos-estadisticos\/lopez-martinez\/\" rel=\"attachment wp-att-41990\"><img data-recalc-dims=\"1\" loading=\"lazy\" decoding=\"async\" class=\"aligncenter size-thumbnail wp-image-41990\" src=\"https:\/\/i0.wp.com\/www.manquepierda.com\/historiarealbetis\/files\/2015\/04\/L%C3%B3pez-Mart%C3%ADnez.jpg?resize=139%2C220&#038;ssl=1\" alt=\"L\u00f3pez Mart\u00ednez\" width=\"139\" height=\"220\" srcset=\"https:\/\/i0.wp.com\/www.manquepierda.com\/historiarealbetis\/files\/2015\/04\/L%C3%B3pez-Mart%C3%ADnez.jpg?resize=139%2C220&amp;ssl=1 139w, https:\/\/i0.wp.com\/www.manquepierda.com\/historiarealbetis\/files\/2015\/04\/L%C3%B3pez-Mart%C3%ADnez.jpg?w=172&amp;ssl=1 172w\" sizes=\"auto, (max-width: 139px) 100vw, 139px\" \/><\/a>7-Jos\u00e9 L\u00d3PEZ Mart\u00ednez.-20 a\u00f1os+10 meses+12 d\u00edas.-SEVILLA, martes 09-Junio-1914 <strong>(1-2.-32 minutos tras falta lanzada por Segura).<\/strong><\/p>\n<p style=\"text-align: justify\"><a href=\"https:\/\/www.manquepierda.com\/historiarealbetis\/41968-1935-abril-21-patronato-betis-balompie-2-sevilla-fbc-2-80aniversario-datos-estadisticos\/torrontegui\/\" rel=\"attachment wp-att-41991\"><img data-recalc-dims=\"1\" loading=\"lazy\" decoding=\"async\" class=\"aligncenter size-thumbnail wp-image-41991\" src=\"https:\/\/i0.wp.com\/www.manquepierda.com\/historiarealbetis\/files\/2015\/04\/torrontegui.jpg?resize=149%2C220&#038;ssl=1\" alt=\"torrontegui\" width=\"149\" height=\"220\" srcset=\"https:\/\/i0.wp.com\/www.manquepierda.com\/historiarealbetis\/files\/2015\/04\/torrontegui.jpg?resize=149%2C220&amp;ssl=1 149w, https:\/\/i0.wp.com\/www.manquepierda.com\/historiarealbetis\/files\/2015\/04\/torrontegui.jpg?w=150&amp;ssl=1 150w\" sizes=\"auto, (max-width: 149px) 100vw, 149px\" \/><\/a>8-Miguel L\u00f3pez TORRONT\u00c9GUI.-21 a\u00f1os+9 meses+7 d\u00edas.-MELILLA, lunes 14-Julio-1913 <strong>(0-1.-03 minutos.-Al rematar un centro de L\u00f3pez).<\/strong><\/p>\n<p style=\"text-align: justify\">9-Guillermo Gonz\u00e1lez Del R\u00edo Garc\u00eda (a) \u00abCAMPANAL I\u00bb.-10-F\u00e9lix De los Heros Azcueta (a) \u00abTACHE\u00bb.-11-Rafael CORT\u00d3N Castro.<\/p>\n<p style=\"text-align: justify\"><strong>\u00abEl resultado final es completamente justo,\u00a0 fiel reflejo de una empe\u00f1ada lucha entre dos fuerzas similares.<\/strong><\/p>\n<p style=\"text-align: center\"><strong>El mejor juego se desarroll\u00f3 en la primera parte,\u00a0 en el curso de cual se marcaron todos los goles.<\/strong><\/p>\n<p style=\"text-align: justify\"><strong>Tras el descanso reglamentario,\u00a0 el Sevilla Cf continu\u00f3 por pocos minutos el asedio a la meta verdiblanca;\u00a0 pronto se conform\u00f3 con el 2-2 y se repleg\u00f3 a una defensiva cerrada y en\u00e9rgica, ante la que nada pudo hacer la delantera del Betis Balompi\u00e9,\u00a0 que buscaba una y otra vez el resquicio por donde conseguir el anhelado tanto del triunfo\u00bb.<\/strong><\/p>\n","protected":false},"excerpt":{"rendered":"<p>VII EDICI\u00d3N-CAMPEONATO NACIONAL LIGA PRIMERA DIVISI\u00d3N-TEMPORADA 1934-1935 DESDE DOMINGO 02 DE DICIEMBRE DE 1934 HASTA DOMINGO 28 DE ABRIL DE 1935 EN SANTANDER.-PRIMER T\u00cdTULO NACIONAL PARA ANDALUC\u00cdA Y NUESTRA CIUDAD. \u00abEl campo de los l\u00edderes de la Primera Divisi\u00f3n 1934-1935, registr\u00f3 una formidable entrada.-No pudieron salir defraudados los millares de aficionados que presenciaron el segundo&#8230;<\/p>\n","protected":false},"author":48,"featured_media":49072,"comment_status":"open","ping_status":"open","sticky":false,"template":"","format":"standard","meta":{"_kad_post_transparent":"","_kad_post_title":"","_kad_post_layout":"","_kad_post_sidebar_id":"","_kad_post_content_style":"","_kad_post_vertical_padding":"","_kad_post_feature":"","_kad_post_feature_position":"","_kad_post_header":false,"_kad_post_footer":false,"_kad_post_classname":"","_jetpack_memberships_contains_paid_content":false,"footnotes":"","jetpack_publicize_message":"","jetpack_publicize_feature_enabled":true,"jetpack_social_post_already_shared":true,"jetpack_social_options":{"image_generator_settings":{"template":"highway","default_image_id":0,"font":"","enabled":false},"version":2}},"categories":[899,906,1],"tags":[2267,45,17928,916],"class_list":["post-41968","post","type-post","status-publish","format-standard","has-post-thumbnail","hentry","category-1930-1939","category-investigacion-temas","category-portada","tag-1934-35","tag-45","tag-liga-primera-1934-35","tag-sevilla-fc"],"jetpack_publicize_connections":[],"jetpack_featured_media_url":"https:\/\/i0.wp.com\/www.manquepierda.com\/historiarealbetis\/files\/2015\/04\/19350421BB2SFbC2.jpg?fit=3322%2C1948&ssl=1","jetpack_sharing_enabled":true,"jetpack_shortlink":"https:\/\/wp.me\/p1ij08-aUU","jetpack-related-posts":[],"_links":{"self":[{"href":"https:\/\/www.manquepierda.com\/historiarealbetis\/wp-json\/wp\/v2\/posts\/41968","targetHints":{"allow":["GET"]}}],"collection":[{"href":"https:\/\/www.manquepierda.com\/historiarealbetis\/wp-json\/wp\/v2\/posts"}],"about":[{"href":"https:\/\/www.manquepierda.com\/historiarealbetis\/wp-json\/wp\/v2\/types\/post"}],"author":[{"embeddable":true,"href":"https:\/\/www.manquepierda.com\/historiarealbetis\/wp-json\/wp\/v2\/users\/48"}],"replies":[{"embeddable":true,"href":"https:\/\/www.manquepierda.com\/historiarealbetis\/wp-json\/wp\/v2\/comments?post=41968"}],"version-history":[{"count":1,"href":"https:\/\/www.manquepierda.com\/historiarealbetis\/wp-json\/wp\/v2\/posts\/41968\/revisions"}],"predecessor-version":[{"id":100346,"href":"https:\/\/www.manquepierda.com\/historiarealbetis\/wp-json\/wp\/v2\/posts\/41968\/revisions\/100346"}],"wp:featuredmedia":[{"embeddable":true,"href":"https:\/\/www.manquepierda.com\/historiarealbetis\/wp-json\/wp\/v2\/media\/49072"}],"wp:attachment":[{"href":"https:\/\/www.manquepierda.com\/historiarealbetis\/wp-json\/wp\/v2\/media?parent=41968"}],"wp:term":[{"taxonomy":"category","embeddable":true,"href":"https:\/\/www.manquepierda.com\/historiarealbetis\/wp-json\/wp\/v2\/categories?post=41968"},{"taxonomy":"post_tag","embeddable":true,"href":"https:\/\/www.manquepierda.com\/historiarealbetis\/wp-json\/wp\/v2\/tags?post=41968"}],"curies":[{"name":"wp","href":"https:\/\/api.w.org\/{rel}","templated":true}]}}