{"id":42170,"date":"2015-04-29T07:49:28","date_gmt":"2015-04-29T05:49:28","guid":{"rendered":"http:\/\/www.manquepierda.com\/historiarealbetis\/?p=42170"},"modified":"2024-10-18T07:10:54","modified_gmt":"2024-10-18T05:10:54","slug":"el-betis-recoge-la-copa-en-bilbao-1935","status":"publish","type":"post","link":"https:\/\/www.manquepierda.com\/historiarealbetis\/el-betis-recoge-la-copa-en-bilbao-1935\/","title":{"rendered":"El Betis recoge la Copa en Bilbao 1935"},"content":{"rendered":"<p><a href=\"https:\/\/www.manquepierda.com\/historiarealbetis\/42170-el-betis-recoge-la-copa-en-bilbao-1935\/la-entrega-de-la-copa-en-bilbao-1935-nmp\/\" rel=\"attachment wp-att-42171\"><img data-recalc-dims=\"1\" loading=\"lazy\" decoding=\"async\" class=\"aligncenter size-medium wp-image-42171\" src=\"https:\/\/i0.wp.com\/www.manquepierda.com\/historiarealbetis\/files\/2015\/04\/La-entrega-de-la-Copa-en-Bilbao-1935-NMP.jpg?resize=680%2C454&#038;ssl=1\" alt=\"La entrega de la Copa en Bilbao 1935 (NMP)\" width=\"680\" height=\"454\" srcset=\"https:\/\/i0.wp.com\/www.manquepierda.com\/historiarealbetis\/files\/2015\/04\/La-entrega-de-la-Copa-en-Bilbao-1935-NMP.jpg?resize=680%2C454&amp;ssl=1 680w, https:\/\/i0.wp.com\/www.manquepierda.com\/historiarealbetis\/files\/2015\/04\/La-entrega-de-la-Copa-en-Bilbao-1935-NMP.jpg?resize=220%2C147&amp;ssl=1 220w, https:\/\/i0.wp.com\/www.manquepierda.com\/historiarealbetis\/files\/2015\/04\/La-entrega-de-la-Copa-en-Bilbao-1935-NMP.jpg?resize=960%2C640&amp;ssl=1 960w, https:\/\/i0.wp.com\/www.manquepierda.com\/historiarealbetis\/files\/2015\/04\/La-entrega-de-la-Copa-en-Bilbao-1935-NMP.jpg?w=1168&amp;ssl=1 1168w\" sizes=\"auto, (max-width: 680px) 100vw, 680px\" \/><\/a><\/p>\n<p>El lunes 29 de abril, al d\u00eda siguiente de ganar el t\u00edtulo en los Campos de Sport de El Sardinero el Betis marcha a Bilbao, adonde llega a las 12 y media a la sede del Athletic Club en la calle Hurtado de Am\u00e9zaga.<\/p>\n<p>El objetivo de esta visita es recoger la copa de Campe\u00f3n de Liga que est\u00e1 en poder de los rojiblancos, que hab\u00edan vencido en la temporada anterior.<\/p>\n<p>En la imagen podemos ver a la expedici\u00f3n b\u00e9tica en el interior de la sede bilba\u00edna posando con el trofeo. En el extremo izquierdo de la imagen , en segundo plano, se adivina la figura del entrenador Patrick\u00a0 O\u00b4Connell, detr\u00e1s de Adolfo, quien porta un letrero con las palabras Betis 5. A su izquierda Peral sostiene otro letrero con las palabras Racing 0. A su lado Saro, el presidente Moreno Sevillano, Urquiaga, Unamuno, G\u00f3mez, el secretario Fern\u00e1ndez de Pando y Caballero. Por encima de ellos el utillero Palacios, Areso, Aedo y Rancel.<\/p>\n<p>Acto seguido la expedici\u00f3n b\u00e9tica fue obsequiada con un lunch en la sede del Athletic, almorz\u00f3 en el Hotel La Eibarresa y parti\u00f3 con direcci\u00f3n a Madrid a las 3 de la tarde.<\/p>\n","protected":false},"excerpt":{"rendered":"<p>El lunes 29 de abril, al d\u00eda siguiente de ganar el t\u00edtulo en los Campos de Sport de El Sardinero el Betis marcha a Bilbao, adonde llega a las 12 y media a la sede del Athletic Club en la calle Hurtado de Am\u00e9zaga. El objetivo de esta visita es recoger la copa de Campe\u00f3n&#8230;<\/p>\n","protected":false},"author":5,"featured_media":42171,"comment_status":"open","ping_status":"open","sticky":false,"template":"","format":"standard","meta":{"_kad_post_transparent":"","_kad_post_title":"","_kad_post_layout":"","_kad_post_sidebar_id":"","_kad_post_content_style":"","_kad_post_vertical_padding":"","_kad_post_feature":"","_kad_post_feature_position":"","_kad_post_header":false,"_kad_post_footer":false,"_kad_post_classname":"","_jetpack_memberships_contains_paid_content":false,"footnotes":"","jetpack_publicize_message":"","jetpack_publicize_feature_enabled":true,"jetpack_social_post_already_shared":true,"jetpack_social_options":{"image_generator_settings":{"template":"highway","default_image_id":0,"font":"","enabled":false},"version":2}},"categories":[899,1],"tags":[2267,45,7758,1057,1732,12359,1663,12360,1170,1454,1182,1482,17913,17928,642,1016,1017,983],"class_list":["post-42170","post","type-post","status-publish","format-standard","has-post-thumbnail","hentry","category-1930-1939","category-portada","tag-1934-35","tag-45","tag-adolfo-martin","tag-angel-martin-saro","tag-antonio-moreno-sevillano","tag-bilbao","tag-carlos-fernandez-de-pando","tag-felipe-palacios","tag-francisco-gomez","tag-joaquin-urquiaga","tag-jose-caballero","tag-jose-rancel","tag-jose-suarez-peral","tag-liga-primera-1934-35","tag-patrick-oconnell","tag-pedro-areso","tag-serafin-aedo","tag-victorio-unamuno"],"jetpack_publicize_connections":[],"jetpack_featured_media_url":"https:\/\/i0.wp.com\/www.manquepierda.com\/historiarealbetis\/files\/2015\/04\/La-entrega-de-la-Copa-en-Bilbao-1935-NMP.jpg?fit=1168%2C779&ssl=1","jetpack_sharing_enabled":true,"jetpack_shortlink":"https:\/\/wp.me\/p1ij08-aYa","jetpack-related-posts":[],"_links":{"self":[{"href":"https:\/\/www.manquepierda.com\/historiarealbetis\/wp-json\/wp\/v2\/posts\/42170","targetHints":{"allow":["GET"]}}],"collection":[{"href":"https:\/\/www.manquepierda.com\/historiarealbetis\/wp-json\/wp\/v2\/posts"}],"about":[{"href":"https:\/\/www.manquepierda.com\/historiarealbetis\/wp-json\/wp\/v2\/types\/post"}],"author":[{"embeddable":true,"href":"https:\/\/www.manquepierda.com\/historiarealbetis\/wp-json\/wp\/v2\/users\/5"}],"replies":[{"embeddable":true,"href":"https:\/\/www.manquepierda.com\/historiarealbetis\/wp-json\/wp\/v2\/comments?post=42170"}],"version-history":[{"count":1,"href":"https:\/\/www.manquepierda.com\/historiarealbetis\/wp-json\/wp\/v2\/posts\/42170\/revisions"}],"predecessor-version":[{"id":99754,"href":"https:\/\/www.manquepierda.com\/historiarealbetis\/wp-json\/wp\/v2\/posts\/42170\/revisions\/99754"}],"wp:featuredmedia":[{"embeddable":true,"href":"https:\/\/www.manquepierda.com\/historiarealbetis\/wp-json\/wp\/v2\/media\/42171"}],"wp:attachment":[{"href":"https:\/\/www.manquepierda.com\/historiarealbetis\/wp-json\/wp\/v2\/media?parent=42170"}],"wp:term":[{"taxonomy":"category","embeddable":true,"href":"https:\/\/www.manquepierda.com\/historiarealbetis\/wp-json\/wp\/v2\/categories?post=42170"},{"taxonomy":"post_tag","embeddable":true,"href":"https:\/\/www.manquepierda.com\/historiarealbetis\/wp-json\/wp\/v2\/tags?post=42170"}],"curies":[{"name":"wp","href":"https:\/\/api.w.org\/{rel}","templated":true}]}}