{"id":42175,"date":"2015-04-30T07:27:03","date_gmt":"2015-04-30T05:27:03","guid":{"rendered":"http:\/\/www.manquepierda.com\/historiarealbetis\/?p=42175"},"modified":"2024-08-21T10:28:38","modified_gmt":"2024-08-21T08:28:38","slug":"la-flecha-verde-en-bilbao-1935","status":"publish","type":"post","link":"https:\/\/www.manquepierda.com\/historiarealbetis\/la-flecha-verde-en-bilbao-1935\/","title":{"rendered":"La Flecha Verde en Bilbao 1935"},"content":{"rendered":"<p><a href=\"https:\/\/www.manquepierda.com\/historiarealbetis\/42175-la-flecha-verde-en-bilbao-1935\/la-flecha-verde-en-bilbao-1935-nmp\/\" rel=\"attachment wp-att-42176\"><img data-recalc-dims=\"1\" loading=\"lazy\" decoding=\"async\" class=\"aligncenter size-medium wp-image-42176\" src=\"https:\/\/i0.wp.com\/www.manquepierda.com\/historiarealbetis\/files\/2015\/04\/La-Flecha-Verde-en-Bilbao-1935-NMP.jpg?resize=680%2C395&#038;ssl=1\" alt=\"La Flecha Verde en Bilbao 1935 (NMP)\" width=\"680\" height=\"395\" srcset=\"https:\/\/i0.wp.com\/www.manquepierda.com\/historiarealbetis\/files\/2015\/04\/La-Flecha-Verde-en-Bilbao-1935-NMP.jpg?resize=680%2C395&amp;ssl=1 680w, https:\/\/i0.wp.com\/www.manquepierda.com\/historiarealbetis\/files\/2015\/04\/La-Flecha-Verde-en-Bilbao-1935-NMP.jpg?resize=220%2C128&amp;ssl=1 220w, https:\/\/i0.wp.com\/www.manquepierda.com\/historiarealbetis\/files\/2015\/04\/La-Flecha-Verde-en-Bilbao-1935-NMP.jpg?resize=960%2C558&amp;ssl=1 960w, https:\/\/i0.wp.com\/www.manquepierda.com\/historiarealbetis\/files\/2015\/04\/La-Flecha-Verde-en-Bilbao-1935-NMP.jpg?w=1178&amp;ssl=1 1178w\" sizes=\"auto, (max-width: 680px) 100vw, 680px\" \/><\/a><\/p>\n<p>Como ayer cont\u00e1bamos <a href=\"https:\/\/www.manquepierda.com\/historiarealbetis\/el-betis-recoge-la-copa-en-bilbao-1935\/\">AQU\u00cd<\/a> el Betis se desplaz\u00f3 a Bilbao a recoger la Copa de Campe\u00f3n de Liga tras conseguir el t\u00edtulo en Santander.<\/p>\n<p>En esta imagen in\u00e9dita podemos ver al m\u00edtico autob\u00fas con el que el Betis se desplazaba por la geograf\u00eda peninsular: la Flecha Verde,<\/p>\n<p>Ya se ha recogido la Copa y el Betis parte hacia Madrid, donde har\u00edan noche para proseguir el martes 30 hacia Sevilla. Por una de las ventanas el exjugador y utillero del equipo Felipe Palacios muestra la Copa al p\u00fablico que se agolp\u00f3 expectante ante la sede del Athletic. En la ventana inmediata es Jos\u00e9 Rancel quien se asoma y en la inmediatamente anterior se vislumbra la figura de Patrick O\u00b4Connell.<\/p>\n<p>Como curiosidad se puede ver que La Flecha Verde adem\u00e1s de ir pintada con los colores verdiblancos llevaba tambi\u00e9n grabado en el lateral el escudo del Betis Balompi\u00e9.<\/p>\n","protected":false},"excerpt":{"rendered":"<p>Como ayer cont\u00e1bamos AQU\u00cd el Betis se desplaz\u00f3 a Bilbao a recoger la Copa de Campe\u00f3n de Liga tras conseguir el t\u00edtulo en Santander. En esta imagen in\u00e9dita podemos ver al m\u00edtico autob\u00fas con el que el Betis se desplazaba por la geograf\u00eda peninsular: la Flecha Verde, Ya se ha recogido la Copa y el&#8230;<\/p>\n","protected":false},"author":5,"featured_media":42176,"comment_status":"open","ping_status":"open","sticky":false,"template":"","format":"standard","meta":{"_kad_post_transparent":"","_kad_post_title":"","_kad_post_layout":"","_kad_post_sidebar_id":"","_kad_post_content_style":"","_kad_post_vertical_padding":"","_kad_post_feature":"","_kad_post_feature_position":"","_kad_post_header":false,"_kad_post_footer":false,"_kad_post_classname":"","_jetpack_memberships_contains_paid_content":false,"footnotes":"","jetpack_publicize_message":"","jetpack_publicize_feature_enabled":true,"jetpack_social_post_already_shared":true,"jetpack_social_options":{"image_generator_settings":{"template":"highway","default_image_id":0,"font":"","enabled":false},"version":2}},"categories":[899,1],"tags":[2267,45,12359,12360,1482,12361,17928,642],"class_list":["post-42175","post","type-post","status-publish","format-standard","has-post-thumbnail","hentry","category-1930-1939","category-portada","tag-1934-35","tag-45","tag-bilbao","tag-felipe-palacios","tag-jose-rancel","tag-la-flecha-verde","tag-liga-primera-1934-35","tag-patrick-oconnell"],"jetpack_publicize_connections":[],"jetpack_featured_media_url":"https:\/\/i0.wp.com\/www.manquepierda.com\/historiarealbetis\/files\/2015\/04\/La-Flecha-Verde-en-Bilbao-1935-NMP.jpg?fit=1178%2C685&ssl=1","jetpack_sharing_enabled":true,"jetpack_shortlink":"https:\/\/wp.me\/p1ij08-aYf","jetpack-related-posts":[],"_links":{"self":[{"href":"https:\/\/www.manquepierda.com\/historiarealbetis\/wp-json\/wp\/v2\/posts\/42175","targetHints":{"allow":["GET"]}}],"collection":[{"href":"https:\/\/www.manquepierda.com\/historiarealbetis\/wp-json\/wp\/v2\/posts"}],"about":[{"href":"https:\/\/www.manquepierda.com\/historiarealbetis\/wp-json\/wp\/v2\/types\/post"}],"author":[{"embeddable":true,"href":"https:\/\/www.manquepierda.com\/historiarealbetis\/wp-json\/wp\/v2\/users\/5"}],"replies":[{"embeddable":true,"href":"https:\/\/www.manquepierda.com\/historiarealbetis\/wp-json\/wp\/v2\/comments?post=42175"}],"version-history":[{"count":1,"href":"https:\/\/www.manquepierda.com\/historiarealbetis\/wp-json\/wp\/v2\/posts\/42175\/revisions"}],"predecessor-version":[{"id":97364,"href":"https:\/\/www.manquepierda.com\/historiarealbetis\/wp-json\/wp\/v2\/posts\/42175\/revisions\/97364"}],"wp:featuredmedia":[{"embeddable":true,"href":"https:\/\/www.manquepierda.com\/historiarealbetis\/wp-json\/wp\/v2\/media\/42176"}],"wp:attachment":[{"href":"https:\/\/www.manquepierda.com\/historiarealbetis\/wp-json\/wp\/v2\/media?parent=42175"}],"wp:term":[{"taxonomy":"category","embeddable":true,"href":"https:\/\/www.manquepierda.com\/historiarealbetis\/wp-json\/wp\/v2\/categories?post=42175"},{"taxonomy":"post_tag","embeddable":true,"href":"https:\/\/www.manquepierda.com\/historiarealbetis\/wp-json\/wp\/v2\/tags?post=42175"}],"curies":[{"name":"wp","href":"https:\/\/api.w.org\/{rel}","templated":true}]}}