{"id":42298,"date":"2015-05-07T07:24:34","date_gmt":"2015-05-07T05:24:34","guid":{"rendered":"http:\/\/www.manquepierda.com\/historiarealbetis\/?p=42298"},"modified":"2015-05-05T06:33:42","modified_gmt":"2015-05-05T04:33:42","slug":"infantiles-del-betis-1928","status":"publish","type":"post","link":"https:\/\/www.manquepierda.com\/historiarealbetis\/infantiles-del-betis-1928\/","title":{"rendered":"Infantiles del Betis 1928"},"content":{"rendered":"<figure id=\"attachment_42299\" aria-describedby=\"caption-attachment-42299\" style=\"width: 680px\" class=\"wp-caption aligncenter\"><a href=\"https:\/\/www.manquepierda.com\/historiarealbetis\/?attachment_id=42299\" rel=\"attachment wp-att-42299\"><img data-recalc-dims=\"1\" loading=\"lazy\" decoding=\"async\" class=\"size-medium wp-image-42299\" src=\"https:\/\/i0.wp.com\/www.manquepierda.com\/historiarealbetis\/files\/2015\/05\/Infantiles-del-Betis-1928-NMP-La-Uni%C3%B3n-4-06-1928.jpg?resize=680%2C308&#038;ssl=1\" alt=\"Fuente: La Uni\u00f3n 4 de junio de 1928\" width=\"680\" height=\"308\" srcset=\"https:\/\/i0.wp.com\/www.manquepierda.com\/historiarealbetis\/files\/2015\/05\/Infantiles-del-Betis-1928-NMP-La-Uni%C3%B3n-4-06-1928.jpg?resize=680%2C308&amp;ssl=1 680w, https:\/\/i0.wp.com\/www.manquepierda.com\/historiarealbetis\/files\/2015\/05\/Infantiles-del-Betis-1928-NMP-La-Uni%C3%B3n-4-06-1928.jpg?resize=220%2C100&amp;ssl=1 220w, https:\/\/i0.wp.com\/www.manquepierda.com\/historiarealbetis\/files\/2015\/05\/Infantiles-del-Betis-1928-NMP-La-Uni%C3%B3n-4-06-1928.jpg?resize=960%2C434&amp;ssl=1 960w, https:\/\/i0.wp.com\/www.manquepierda.com\/historiarealbetis\/files\/2015\/05\/Infantiles-del-Betis-1928-NMP-La-Uni%C3%B3n-4-06-1928.jpg?w=1074&amp;ssl=1 1074w\" sizes=\"auto, (max-width: 680px) 100vw, 680px\" \/><\/a><figcaption id=\"caption-attachment-42299\" class=\"wp-caption-text\">Fuente: La Uni\u00f3n 4 de junio de 1928<\/figcaption><\/figure>\n<p>El 3 de junio de 1928, como ya vimos <a href=\"https:\/\/www.manquepierda.com\/historiarealbetis\/15895-betis-europa-amistoso-1928\/\">AQUI<\/a>, el Betis se enfrenta en partido amistoso al CD Europa, prestigioso club catal\u00e1n de la \u00e9poca.<\/p>\n<p>Antes de ese partido se juega otro en el que se enfrentan los infantiles del Betis a los del Minas de la Reuni\u00f3n, equipo de la localidad sevillana de Villanueva del R\u00edo y Minas, y que en esos a\u00f1os manten\u00eda una importante actividad futbol\u00edstica.<\/p>\n<p>Los infantiles b\u00e9ticos se impusieron por 2 a 0 y recibieron por su victoria una copa de manos del presidente b\u00e9tico Ignacio S\u00e1nchez Mej\u00edas, a quien vemos en el centro de la imagen en segundo plano, ataviado con sombrero. Entre los miembros del equipo infantil b\u00e9tico est\u00e1 su hijo, quien ser\u00eda directivo sevillista en los a\u00f1os 50.<\/p>\n","protected":false},"excerpt":{"rendered":"<p>El 3 de junio de 1928, como ya vimos AQUI, el Betis se enfrenta en partido amistoso al CD Europa, prestigioso club catal\u00e1n de la \u00e9poca. Antes de ese partido se juega otro en el que se enfrentan los infantiles del Betis a los del Minas de la Reuni\u00f3n, equipo de la localidad sevillana de&#8230;<\/p>\n","protected":false},"author":5,"featured_media":42299,"comment_status":"open","ping_status":"open","sticky":false,"template":"","format":"standard","meta":{"_kad_post_transparent":"","_kad_post_title":"","_kad_post_layout":"","_kad_post_sidebar_id":"","_kad_post_content_style":"","_kad_post_vertical_padding":"","_kad_post_feature":"","_kad_post_feature_position":"","_kad_post_header":false,"_kad_post_footer":false,"_kad_post_classname":"","_jetpack_memberships_contains_paid_content":false,"footnotes":"","jetpack_publicize_message":"","jetpack_publicize_feature_enabled":true,"jetpack_social_post_already_shared":true,"jetpack_social_options":{"image_generator_settings":{"template":"highway","default_image_id":0,"font":"","enabled":false},"version":2}},"categories":[898,1],"tags":[2576,2499,12383,1701,12382],"class_list":["post-42298","post","type-post","status-publish","format-standard","has-post-thumbnail","hentry","category-1920-1929","category-portada","tag-1927-28","tag-2499","tag-betis-infantil","tag-ignacio-sanchez-mejias","tag-minas-de-la-reunion"],"jetpack_publicize_connections":[],"jetpack_featured_media_url":"https:\/\/i0.wp.com\/www.manquepierda.com\/historiarealbetis\/files\/2015\/05\/Infantiles-del-Betis-1928-NMP-La-Uni%C3%B3n-4-06-1928.jpg?fit=1074%2C486&ssl=1","jetpack_sharing_enabled":true,"jetpack_shortlink":"https:\/\/wp.me\/p1ij08-b0e","jetpack-related-posts":[],"_links":{"self":[{"href":"https:\/\/www.manquepierda.com\/historiarealbetis\/wp-json\/wp\/v2\/posts\/42298","targetHints":{"allow":["GET"]}}],"collection":[{"href":"https:\/\/www.manquepierda.com\/historiarealbetis\/wp-json\/wp\/v2\/posts"}],"about":[{"href":"https:\/\/www.manquepierda.com\/historiarealbetis\/wp-json\/wp\/v2\/types\/post"}],"author":[{"embeddable":true,"href":"https:\/\/www.manquepierda.com\/historiarealbetis\/wp-json\/wp\/v2\/users\/5"}],"replies":[{"embeddable":true,"href":"https:\/\/www.manquepierda.com\/historiarealbetis\/wp-json\/wp\/v2\/comments?post=42298"}],"version-history":[{"count":0,"href":"https:\/\/www.manquepierda.com\/historiarealbetis\/wp-json\/wp\/v2\/posts\/42298\/revisions"}],"wp:featuredmedia":[{"embeddable":true,"href":"https:\/\/www.manquepierda.com\/historiarealbetis\/wp-json\/wp\/v2\/media\/42299"}],"wp:attachment":[{"href":"https:\/\/www.manquepierda.com\/historiarealbetis\/wp-json\/wp\/v2\/media?parent=42298"}],"wp:term":[{"taxonomy":"category","embeddable":true,"href":"https:\/\/www.manquepierda.com\/historiarealbetis\/wp-json\/wp\/v2\/categories?post=42298"},{"taxonomy":"post_tag","embeddable":true,"href":"https:\/\/www.manquepierda.com\/historiarealbetis\/wp-json\/wp\/v2\/tags?post=42298"}],"curies":[{"name":"wp","href":"https:\/\/api.w.org\/{rel}","templated":true}]}}