{"id":42354,"date":"2015-05-08T16:22:18","date_gmt":"2015-05-08T14:22:18","guid":{"rendered":"http:\/\/www.manquepierda.com\/historiarealbetis\/?p=42354"},"modified":"2024-08-18T17:34:46","modified_gmt":"2024-08-18T15:34:46","slug":"1966-mayo-08-benito-villamarinreal-betis-balompie-3-real-madrid-2-49aniversario","status":"publish","type":"post","link":"https:\/\/www.manquepierda.com\/historiarealbetis\/1966-mayo-08-benito-villamarinreal-betis-balompie-3-real-madrid-2-49aniversario\/","title":{"rendered":"1966-Mayo 08.-\u00abBenito Villamar\u00edn\u00bb:Real Betis Balompi\u00e9-3 RMadrid-2.-49Aniversario."},"content":{"rendered":"<p style=\"text-align: center\"><strong>1966-MAYO 08-DOMINGO EN \u00abHELI\u00d3POLIS\u00bb-\u00abCiudad del Sol\u00bb.<\/strong><\/p>\n<p style=\"text-align: center\"><strong>LXII EDICI\u00d3N DEL CAMPEONATO DE ESPA\u00d1A.<\/strong><\/p>\n<p style=\"text-align: center\"><strong>COPA DEL GENERAL\u00cdSIMO DE F\u00daTBOL-TEMPORADA 1965-1966. <\/strong><\/p>\n<p style=\"text-align: center\"><strong>Desde domingo 24-10-1965 hasta domingo 29-05-1966.-Ambos inclusive.<\/strong><\/p>\n<p style=\"text-align: center\"><a href=\"https:\/\/www.manquepierda.com\/historiarealbetis\/42354-1966-mayo-08-benito-villamarinreal-betis-balompie-3-real-madrid-2-49aniversario\/19660508-680x317\/\" rel=\"attachment wp-att-42357\"><img data-recalc-dims=\"1\" loading=\"lazy\" decoding=\"async\" class=\"aligncenter size-medium wp-image-42357\" src=\"https:\/\/i0.wp.com\/www.manquepierda.com\/historiarealbetis\/files\/2015\/05\/19660508-680x317-680x317.jpg?resize=680%2C317&#038;ssl=1\" alt=\"19660508-680x317\" width=\"680\" height=\"317\" srcset=\"https:\/\/i0.wp.com\/www.manquepierda.com\/historiarealbetis\/files\/2015\/05\/19660508-680x317.jpg?resize=680%2C317&amp;ssl=1 680w, https:\/\/i0.wp.com\/www.manquepierda.com\/historiarealbetis\/files\/2015\/05\/19660508-680x317.jpg?resize=220%2C103&amp;ssl=1 220w\" sizes=\"auto, (max-width: 680px) 100vw, 680px\" \/><\/a><strong>ESTADIO \u00abBENITO VILLAMAR\u00cdN\u00bb:<\/strong><\/p>\n<p style=\"text-align: center\"><strong>CUARTOS DE FINAL-ENCUENTRO DE IDA.-(ABC-Serrano).<br \/>\n<\/strong><\/p>\n<p style=\"text-align: center\"><em><strong>\u00abLa mejor ocasi\u00f3n\u00bb.<\/strong><\/em><\/p>\n<p style=\"text-align: left\"><em><strong>Estaba ganando el Real Betis Balompi\u00e9 por 3-2,\u00a0 cuando \u00abQuino\u00bb fue ilegalmente derribado en el \u00e1rea del Madrid,\u00a0 Ort\u00edz de Mendibil se\u00f1al\u00f3 pena m\u00e1xima.-Rogelio lo lanz\u00f3 flojo y Betancort lo detuvo f\u00e1cilmente\u00bb.<\/strong><\/em><\/p>\n<p style=\"text-align: center\"><a href=\"https:\/\/www.manquepierda.com\/historiarealbetis\/42354-1966-mayo-08-benito-villamarinreal-betis-balompie-3-real-madrid-2-49aniversario\/ortiz-de-mendibil-2\/\" rel=\"attachment wp-att-42356\"><img data-recalc-dims=\"1\" loading=\"lazy\" decoding=\"async\" class=\"aligncenter size-thumbnail wp-image-42356\" src=\"https:\/\/i0.wp.com\/www.manquepierda.com\/historiarealbetis\/files\/2015\/05\/ortiz-de-mendibil.jpg?resize=197%2C220&#038;ssl=1\" alt=\"ortiz-de-mendibil\" width=\"197\" height=\"220\" srcset=\"https:\/\/i0.wp.com\/www.manquepierda.com\/historiarealbetis\/files\/2015\/05\/ortiz-de-mendibil.jpg?resize=197%2C220&amp;ssl=1 197w, https:\/\/i0.wp.com\/www.manquepierda.com\/historiarealbetis\/files\/2015\/05\/ortiz-de-mendibil.jpg?w=291&amp;ssl=1 291w\" sizes=\"auto, (max-width: 197px) 100vw, 197px\" \/><\/a>Arbitr\u00f3 el Colegiado Vizca\u00edno Jos\u00e9 Mar\u00eda Ortiz de Mendibil Monasterio.<\/p>\n<p style=\"text-align: center\">39 a\u00f1os+9 meses menos 3 d\u00edas.-PORTUGALETE (Vizcaya),\u00a0 mi\u00e9rcoles 11-Agosto 1926.<\/p>\n<p style=\"text-align: left\"><em><strong>\u00abSi bien es cierto que el se\u00f1or Ort\u00edz de Mendibil tuvo errores como el segundo tanto madridista,\u00a0 con un fuera de juego inicial,\u00a0 en conjunto mantuvo el principio de autoridad.\u00a0\u00a0 Algunas veces le equivocaron los linieres\u00bb.<\/strong><\/em><\/p>\n<p style=\"text-align: center\"><em><strong>\u00abEl Real Betis Balompi\u00e9 fue acogido con una reiterada ovaci\u00f3n,\u00a0 y con pitos y bronca el Madrid\u00bb.<\/strong><\/em><\/p>\n<p style=\"text-align: left\"><strong>Los dos equipos lucieron brazaletes negros por el fallecimiento de un peque\u00f1o,\u00a0 hijo de Marcelino Vaquero Gonz\u00e1lez del R\u00edo (a) \u00abCampanal II\u00bb.<\/strong><\/p>\n<figure id=\"attachment_42282\" aria-describedby=\"caption-attachment-42282\" style=\"width: 225px\" class=\"wp-caption aligncenter\"><a href=\"https:\/\/www.manquepierda.com\/historiarealbetis\/42276-1963-mayo-05-benito-villamarin-real-betis-balompie-4-5-ud-las-palmas-11-52aniversario\/escudorealbetisbalompie1957\/\" rel=\"attachment wp-att-42282\"><img data-recalc-dims=\"1\" loading=\"lazy\" decoding=\"async\" class=\"size-full wp-image-42282\" src=\"https:\/\/i0.wp.com\/www.manquepierda.com\/historiarealbetis\/files\/2015\/05\/EscudoRealBetisBalompi%C3%A91957.jpeg?resize=225%2C225&#038;ssl=1\" alt=\"MMMMM\" width=\"225\" height=\"225\" srcset=\"https:\/\/i0.wp.com\/www.manquepierda.com\/historiarealbetis\/files\/2015\/05\/EscudoRealBetisBalompi%C3%A91957.jpeg?w=225&amp;ssl=1 225w, https:\/\/i0.wp.com\/www.manquepierda.com\/historiarealbetis\/files\/2015\/05\/EscudoRealBetisBalompi%C3%A91957.jpeg?resize=220%2C220&amp;ssl=1 220w\" sizes=\"auto, (max-width: 225px) 100vw, 225px\" \/><\/a><figcaption id=\"caption-attachment-42282\" class=\"wp-caption-text\"><strong>REAL BETIS BALOMPI\u00c9-3 GOLES.<\/strong><\/figcaption><\/figure>\n<figure id=\"attachment_42358\" aria-describedby=\"caption-attachment-42358\" style=\"width: 174px\" class=\"wp-caption alignright\"><a href=\"https:\/\/www.manquepierda.com\/historiarealbetis\/42354-1966-mayo-08-benito-villamarinreal-betis-balompie-3-real-madrid-2-49aniversario\/benito-villamarin-prieto-15\/\" rel=\"attachment wp-att-42358\"><img data-recalc-dims=\"1\" loading=\"lazy\" decoding=\"async\" class=\"size-thumbnail wp-image-42358\" src=\"https:\/\/i0.wp.com\/www.manquepierda.com\/historiarealbetis\/files\/2015\/05\/Benito-VILLAMAR%C3%8DN-Prieto-174x220.jpg?resize=174%2C220&#038;ssl=1\" alt=\"MMMM\" width=\"174\" height=\"220\" srcset=\"https:\/\/i0.wp.com\/www.manquepierda.com\/historiarealbetis\/files\/2015\/05\/Benito-VILLAMAR%C3%8DN-Prieto.jpg?resize=174%2C220&amp;ssl=1 174w, https:\/\/i0.wp.com\/www.manquepierda.com\/historiarealbetis\/files\/2015\/05\/Benito-VILLAMAR%C3%8DN-Prieto.jpg?w=285&amp;ssl=1 285w\" sizes=\"auto, (max-width: 174px) 100vw, 174px\" \/><\/a><figcaption id=\"caption-attachment-42358\" class=\"wp-caption-text\"><strong>Don Benito VILLAMAR\u00cdN Prieto.-Presidente 1955-1965.<\/strong><\/figcaption><\/figure>\n<p style=\"text-align: center\"><a href=\"https:\/\/www.manquepierda.com\/historiarealbetis\/42354-1966-mayo-08-benito-villamarinreal-betis-balompie-3-real-madrid-2-49aniversario\/ernestoponsforn-7\/\" rel=\"attachment wp-att-42359\"><img data-recalc-dims=\"1\" loading=\"lazy\" decoding=\"async\" class=\"alignleft size-thumbnail wp-image-42359\" src=\"https:\/\/i0.wp.com\/www.manquepierda.com\/historiarealbetis\/files\/2015\/05\/ErnestoPONSForn.jpg?resize=131%2C220&#038;ssl=1\" alt=\"ErnestoPONSForn\" width=\"131\" height=\"220\" srcset=\"https:\/\/i0.wp.com\/www.manquepierda.com\/historiarealbetis\/files\/2015\/05\/ErnestoPONSForn.jpg?resize=131%2C220&amp;ssl=1 131w, https:\/\/i0.wp.com\/www.manquepierda.com\/historiarealbetis\/files\/2015\/05\/ErnestoPONSForn.jpg?w=330&amp;ssl=1 330w\" sizes=\"auto, (max-width: 131px) 100vw, 131px\" \/><\/a><strong>\u00abErnesto PONS FORN considera menguado el triunfo\u00bb (\u00abHoja del Lunes\u00bb.-BORBUJO).<\/strong><\/p>\n<p style=\"text-align: center\">\u00abErnesto Pons se expres\u00f3 como sigue:<\/p>\n<p style=\"text-align: left\"><strong>&#8211;A mi entender,\u00a0 el Betis ha realizado un partido bastante semejante al del anterior frente al RCD Espa\u00f1ol&#8230; pero con peor suerte.<\/strong><\/p>\n<p style=\"text-align: left\">&#8211;\u00bfDebido a qu\u00e9?<\/p>\n<p style=\"text-align: left\"><strong>&#8211;\u00a1\u00a1 A eso:\u00a0 a la mala suerte\u00a1\u00a1<\/strong><\/p>\n<p style=\"text-align: left\">&#8211;\u00bfCon lo manifestado quiere se\u00f1alar que no est\u00e1 conforme con el resultado?<\/p>\n<p style=\"text-align: left\"><strong>&#8211;Exacto.\u00a0 El Real Betis Balompi\u00e9 ha debido sacar,\u00a0 en el peor de los casos,\u00a0 una ventaja de dos goles.<\/strong><\/p>\n<p style=\"text-align: left\">&#8211;\u00bfY en el mejor?&#8230;<\/p>\n<p style=\"text-align: left\"><strong>&#8211;Tres.\u00a0 Para que vea si hemos tenido mala suerte \u00a1\u00a1que hasta el penalti lleg\u00f3 f\u00e1cilmente a las manos de Betancort\u00a1\u00a1<\/strong><\/p>\n<p style=\"text-align: left\">&#8211;\u00bfQu\u00e9 le ha parecido Betancort?<\/p>\n<p style=\"text-align: left\"><strong>&#8211;El gran guardameta de siempre y el aut\u00e9ntico \u00abresponsable\u00bb de que el Real Madrid no encajara una goleada.-El meta canario y\u00a0 nuestra desgracia han sido las causas de este 3-2 que nada dice realmente de cuanto se acus\u00f3 en el terreno de juego.<\/strong><\/p>\n<p style=\"text-align: left\">&#8211;Con todo,\u00a0 \u00bfquiere expresar que el Betis Balompi\u00e9 fue superior al Madrid Cf?<\/p>\n<p style=\"text-align: left\"><strong>&#8211;Exacto.<\/strong><\/p>\n<p style=\"text-align: left\">&#8211;\u00bfY que me dice del Madrid de hoy?&#8230;<\/p>\n<p style=\"text-align: left\"><strong>&#8211;Que ha sido el equipo cuajado de veteranos ya esperado,\u00a0 con su \u00abciencia y sapiencia\u00bb,\u00a0 a quien le ha ayudado nuestra desgracia y la gran actuaci\u00f3n de Betancort.\u00a0 \u00a1\u00a1Y eso es todo\u00a1\u00a1<\/strong><\/p>\n<p style=\"text-align: center\">En efecto,\u00a0 ya estaba dicho todo lo que hab\u00eda que decir\u00bb.<\/p>\n<p style=\"text-align: center\">*CALIFICACI\u00d3N DE JUGADORES por IGARFE \u00abHoja del Lunes\u00bb 09-05-1966*<\/p>\n<p style=\"text-align: center\"><strong>GUARDAMETA:<\/strong><\/p>\n<p style=\"text-align: center\"><a href=\"https:\/\/www.manquepierda.com\/historiarealbetis\/42354-1966-mayo-08-benito-villamarinreal-betis-balompie-3-real-madrid-2-49aniversario\/manuel-vega-martin-4\/\" rel=\"attachment wp-att-42364\"><img data-recalc-dims=\"1\" loading=\"lazy\" decoding=\"async\" class=\"aligncenter size-thumbnail wp-image-42364\" src=\"https:\/\/i0.wp.com\/www.manquepierda.com\/historiarealbetis\/files\/2015\/05\/Manuel-VEGA-Mart%C3%ADn.jpg?resize=127%2C220&#038;ssl=1\" alt=\"Manuel VEGA Mart\u00edn\" width=\"127\" height=\"220\" srcset=\"https:\/\/i0.wp.com\/www.manquepierda.com\/historiarealbetis\/files\/2015\/05\/Manuel-VEGA-Mart%C3%ADn.jpg?resize=127%2C220&amp;ssl=1 127w, https:\/\/i0.wp.com\/www.manquepierda.com\/historiarealbetis\/files\/2015\/05\/Manuel-VEGA-Mart%C3%ADn.jpg?w=344&amp;ssl=1 344w\" sizes=\"auto, (max-width: 127px) 100vw, 127px\" \/><\/a><strong>**ENCAJ\u00d3 DOS TANTOS**<\/strong><\/p>\n<p style=\"text-align: left\"><em><strong>1-1.-10 minutos.-\u00abCasado (3) lanz\u00f3 por el centro a Jaime Blanco (9),\u00a0 que cogi\u00f3 muy adelantado a Manuel\u00a0 bati\u00e9ndolo por elevaci\u00f3n cuando sal\u00eda a la desesperada\u00bb.<\/strong><\/em><\/p>\n<p style=\"text-align: left\"><em><strong>2-2.-37 minutos.-\u00abF\u00e9lix Ruiz (8) lanza un fort\u00edsimo disparo y el bal\u00f3n rebotado llega hasta \u00abManol\u00edn Bueno\u00bb (11) que lo env\u00eda a las mallas.<\/strong><\/em><\/p>\n<p style=\"text-align: left\"><em><strong>Hubo protestas reclamando offside (fuera de la jugada) previo de Manuel Bueno Cabral antes de que el cuero llegase a \u00e9l rebotado en contrario\u00bb.<\/strong><\/em><\/p>\n<p style=\"text-align: center\"><strong>1.-Manuel VEGA Mart\u00edn (1).<\/strong><\/p>\n<p style=\"text-align: center\"><strong>22 a\u00f1os+8 meses menos 5 d\u00edas.-SEVILLA, lunes 13-Septiembre 1943.-Leyenda Viva Verdiblanca.<\/strong><\/p>\n<p style=\"text-align: center\"><strong>ZAGUEROS:<\/strong><\/p>\n<p style=\"text-align: center\"><a href=\"https:\/\/www.manquepierda.com\/historiarealbetis\/42354-1966-mayo-08-benito-villamarinreal-betis-balompie-3-real-madrid-2-49aniversario\/1964-aparicio-carranza-13\/\" rel=\"attachment wp-att-42369\"><img data-recalc-dims=\"1\" loading=\"lazy\" decoding=\"async\" class=\"aligncenter size-thumbnail wp-image-42369\" src=\"https:\/\/i0.wp.com\/www.manquepierda.com\/historiarealbetis\/files\/2015\/05\/1964-Aparicio-Carranza.jpg?resize=163%2C220&#038;ssl=1\" alt=\"1964-Aparicio Carranza\" width=\"163\" height=\"220\" srcset=\"https:\/\/i0.wp.com\/www.manquepierda.com\/historiarealbetis\/files\/2015\/05\/1964-Aparicio-Carranza.jpg?resize=163%2C220&amp;ssl=1 163w, https:\/\/i0.wp.com\/www.manquepierda.com\/historiarealbetis\/files\/2015\/05\/1964-Aparicio-Carranza.jpg?w=207&amp;ssl=1 207w\" sizes=\"auto, (max-width: 163px) 100vw, 163px\" \/><\/a><strong>2-Lateral Diestro.-Francisco APARICIO Rambal (1).<\/strong><\/p>\n<p style=\"text-align: center\"><a href=\"https:\/\/www.manquepierda.com\/historiarealbetis\/42354-1966-mayo-08-benito-villamarinreal-betis-balompie-3-real-madrid-2-49aniversario\/rios-fernandez-eusebio-9\/\" rel=\"attachment wp-att-42370\"><img data-recalc-dims=\"1\" loading=\"lazy\" decoding=\"async\" class=\"aligncenter size-thumbnail wp-image-42370\" src=\"https:\/\/i0.wp.com\/www.manquepierda.com\/historiarealbetis\/files\/2015\/05\/R%C3%ADos-Fern%C3%A1ndez-Eusebio-203x220.jpg?resize=203%2C220&#038;ssl=1\" alt=\"R\u00edos Fern\u00e1ndez, Eusebio\" width=\"203\" height=\"220\" srcset=\"https:\/\/i0.wp.com\/www.manquepierda.com\/historiarealbetis\/files\/2015\/05\/R%C3%ADos-Fern%C3%A1ndez-Eusebio.jpg?resize=203%2C220&amp;ssl=1 203w, https:\/\/i0.wp.com\/www.manquepierda.com\/historiarealbetis\/files\/2015\/05\/R%C3%ADos-Fern%C3%A1ndez-Eusebio.jpg?w=517&amp;ssl=1 517w\" sizes=\"auto, (max-width: 203px) 100vw, 203px\" \/><\/a><strong>5-Central.-Eusebio R\u00cdOS Fern\u00e1ndez (2).<\/strong><\/p>\n<p style=\"text-align: center\"><a href=\"https:\/\/www.manquepierda.com\/historiarealbetis\/42354-1966-mayo-08-benito-villamarinreal-betis-balompie-3-real-madrid-2-49aniversario\/anton-1-9\/\" rel=\"attachment wp-att-42371\"><img data-recalc-dims=\"1\" loading=\"lazy\" decoding=\"async\" class=\"aligncenter size-thumbnail wp-image-42371\" src=\"https:\/\/i0.wp.com\/www.manquepierda.com\/historiarealbetis\/files\/2015\/05\/Ant%C3%B3n.1.jpg?resize=149%2C220&#038;ssl=1\" alt=\"Ant\u00f3n.1\" width=\"149\" height=\"220\" srcset=\"https:\/\/i0.wp.com\/www.manquepierda.com\/historiarealbetis\/files\/2015\/05\/Ant%C3%B3n.1.jpg?resize=149%2C220&amp;ssl=1 149w, https:\/\/i0.wp.com\/www.manquepierda.com\/historiarealbetis\/files\/2015\/05\/Ant%C3%B3n.1.jpg?w=293&amp;ssl=1 293w\" sizes=\"auto, (max-width: 149px) 100vw, 149px\" \/><\/a><strong>3-Lateral Zurdo.-Antonio Manuel Mart\u00ednez Morales (a) \u00abANT\u00d3N\u00bb (2).<\/strong><\/p>\n<p style=\"text-align: center\"><strong>MEDIOS:<\/strong><\/p>\n<p style=\"text-align: center\"><a href=\"https:\/\/www.manquepierda.com\/historiarealbetis\/42354-1966-mayo-08-benito-villamarinreal-betis-balompie-3-real-madrid-2-49aniversario\/frasco-francisco-ortiz-vazquez-10\/\" rel=\"attachment wp-att-42372\"><img data-recalc-dims=\"1\" loading=\"lazy\" decoding=\"async\" class=\"aligncenter size-thumbnail wp-image-42372\" src=\"https:\/\/i0.wp.com\/www.manquepierda.com\/historiarealbetis\/files\/2015\/05\/FRASCO-Francisco-Ort%C3%ADz-V%C3%A1zquez.jpg?resize=169%2C220&#038;ssl=1\" alt=\"FRASCO-Francisco Ort\u00edz V\u00e1zquez\" width=\"169\" height=\"220\" srcset=\"https:\/\/i0.wp.com\/www.manquepierda.com\/historiarealbetis\/files\/2015\/05\/FRASCO-Francisco-Ort%C3%ADz-V%C3%A1zquez.jpg?resize=169%2C220&amp;ssl=1 169w, https:\/\/i0.wp.com\/www.manquepierda.com\/historiarealbetis\/files\/2015\/05\/FRASCO-Francisco-Ort%C3%ADz-V%C3%A1zquez.jpg?w=412&amp;ssl=1 412w\" sizes=\"auto, (max-width: 169px) 100vw, 169px\" \/><\/a><strong>4-Diestro.-Francisco Ort\u00edz V\u00e1zquez (a) \u00abFRASCO\u00bb (2).<\/strong><\/p>\n<p style=\"text-align: center\"><a href=\"https:\/\/www.manquepierda.com\/historiarealbetis\/42354-1966-mayo-08-benito-villamarinreal-betis-balompie-3-real-madrid-2-49aniversario\/miguel-azcarate-iceta-5\/\" rel=\"attachment wp-att-42377\"><img data-recalc-dims=\"1\" loading=\"lazy\" decoding=\"async\" class=\"aligncenter size-thumbnail wp-image-42377\" src=\"https:\/\/i0.wp.com\/www.manquepierda.com\/historiarealbetis\/files\/2015\/05\/Miguel-azcarate-iceta.jpg?resize=125%2C220&#038;ssl=1\" alt=\"Miguel-azcarate-iceta\" width=\"125\" height=\"220\" srcset=\"https:\/\/i0.wp.com\/www.manquepierda.com\/historiarealbetis\/files\/2015\/05\/Miguel-azcarate-iceta.jpg?resize=125%2C220&amp;ssl=1 125w, https:\/\/i0.wp.com\/www.manquepierda.com\/historiarealbetis\/files\/2015\/05\/Miguel-azcarate-iceta.jpg?resize=340%2C600&amp;ssl=1 340w, https:\/\/i0.wp.com\/www.manquepierda.com\/historiarealbetis\/files\/2015\/05\/Miguel-azcarate-iceta.jpg?resize=397%2C700&amp;ssl=1 397w, https:\/\/i0.wp.com\/www.manquepierda.com\/historiarealbetis\/files\/2015\/05\/Miguel-azcarate-iceta.jpg?w=435&amp;ssl=1 435w\" sizes=\"auto, (max-width: 125px) 100vw, 125px\" \/><\/a><strong>6-Zurdo.-Miguel AZC\u00c1RATE Iceta (2).<\/strong><\/p>\n<p style=\"text-align: center\"><strong>DELANTEROS:<\/strong><\/p>\n<p style=\"text-align: center\"><a href=\"https:\/\/www.manquepierda.com\/historiarealbetis\/42354-1966-mayo-08-benito-villamarinreal-betis-balompie-3-real-madrid-2-49aniversario\/fernando-giron-de-la-fuente-5\/\" rel=\"attachment wp-att-42374\"><img data-recalc-dims=\"1\" loading=\"lazy\" decoding=\"async\" class=\"aligncenter size-thumbnail wp-image-42374\" src=\"https:\/\/i0.wp.com\/www.manquepierda.com\/historiarealbetis\/files\/2015\/05\/Fernando-GIR%C3%93N-De-la-Fuente-129x220.jpg?resize=129%2C220&#038;ssl=1\" alt=\"Fernando GIR\u00d3N De la Fuente\" width=\"129\" height=\"220\" srcset=\"https:\/\/i0.wp.com\/www.manquepierda.com\/historiarealbetis\/files\/2015\/05\/Fernando-GIR%C3%93N-De-la-Fuente.jpg?resize=129%2C220&amp;ssl=1 129w, https:\/\/i0.wp.com\/www.manquepierda.com\/historiarealbetis\/files\/2015\/05\/Fernando-GIR%C3%93N-De-la-Fuente.jpg?resize=352%2C600&amp;ssl=1 352w, https:\/\/i0.wp.com\/www.manquepierda.com\/historiarealbetis\/files\/2015\/05\/Fernando-GIR%C3%93N-De-la-Fuente.jpg?w=363&amp;ssl=1 363w\" sizes=\"auto, (max-width: 129px) 100vw, 129px\" \/><\/a><strong>7-Extremo Diestro.-Fernando GIR\u00d3N De la Fuente (1).<\/strong><\/p>\n<p style=\"text-align: center\"><a href=\"https:\/\/www.manquepierda.com\/historiarealbetis\/42354-1966-mayo-08-benito-villamarinreal-betis-balompie-3-real-madrid-2-49aniversario\/quino-joaquinsierravallejo\/\" rel=\"attachment wp-att-42368\"><img data-recalc-dims=\"1\" loading=\"lazy\" decoding=\"async\" class=\"size-thumbnail wp-image-42368 aligncenter\" src=\"https:\/\/i0.wp.com\/www.manquepierda.com\/historiarealbetis\/files\/2015\/05\/QUINO-Joaqu%C3%ADnSierraVallejo.jpg?resize=186%2C220&#038;ssl=1\" alt=\"MMMM\" width=\"186\" height=\"220\" srcset=\"https:\/\/i0.wp.com\/www.manquepierda.com\/historiarealbetis\/files\/2015\/05\/QUINO-Joaqu%C3%ADnSierraVallejo.jpg?resize=186%2C220&amp;ssl=1 186w, https:\/\/i0.wp.com\/www.manquepierda.com\/historiarealbetis\/files\/2015\/05\/QUINO-Joaqu%C3%ADnSierraVallejo.jpg?resize=508%2C600&amp;ssl=1 508w, https:\/\/i0.wp.com\/www.manquepierda.com\/historiarealbetis\/files\/2015\/05\/QUINO-Joaqu%C3%ADnSierraVallejo.jpg?resize=592%2C700&amp;ssl=1 592w, https:\/\/i0.wp.com\/www.manquepierda.com\/historiarealbetis\/files\/2015\/05\/QUINO-Joaqu%C3%ADnSierraVallejo.jpg?w=659&amp;ssl=1 659w\" sizes=\"auto, (max-width: 186px) 100vw, 186px\" \/><\/a><strong>*MARC\u00d3 1 GOL*<\/strong><\/p>\n<p style=\"text-align: left\"><em><strong>3-2.-57 Minutos:<\/strong><\/em><\/p>\n<p style=\"text-align: left\"><em><strong>\u00abJoaqu\u00edn Sierra le hace un quiebro a Miera (6), se va al centro y chuta raso.-El bal\u00f3n entra junto a la base del poste derecho a pesar de tirarse por el esf\u00e9rico Antonio Rodrigo Betancort (1)\u00bb.<\/strong><\/em><\/p>\n<p style=\"text-align: left\"><strong>8-Interior Diestro.-Joaqu\u00edn Sierra Vallejo (a) \u00abQUINO\u00bb (2).-20 a\u00f1os+8 meses+2 d\u00edas.-SEVILLA,\u00a0 jueves 06-Septiembre 1945.-Leyenda Viva Verdiblanca Ilustre.<\/strong><\/p>\n<p style=\"text-align: center\"><a href=\"https:\/\/www.manquepierda.com\/historiarealbetis\/42354-1966-mayo-08-benito-villamarinreal-betis-balompie-3-real-madrid-2-49aniversario\/jesusmarialandabarasategui-7\/\" rel=\"attachment wp-att-42375\"><img data-recalc-dims=\"1\" loading=\"lazy\" decoding=\"async\" class=\"aligncenter size-thumbnail wp-image-42375\" src=\"https:\/\/i0.wp.com\/www.manquepierda.com\/historiarealbetis\/files\/2015\/05\/Jes%C3%BAsMar%C3%ADaLANDABarasategui.jpg?resize=139%2C220&#038;ssl=1\" alt=\"Jes\u00fasMar\u00edaLANDABarasategui\" width=\"139\" height=\"220\" srcset=\"https:\/\/i0.wp.com\/www.manquepierda.com\/historiarealbetis\/files\/2015\/05\/Jes%C3%BAsMar%C3%ADaLANDABarasategui.jpg?resize=139%2C220&amp;ssl=1 139w, https:\/\/i0.wp.com\/www.manquepierda.com\/historiarealbetis\/files\/2015\/05\/Jes%C3%BAsMar%C3%ADaLANDABarasategui.jpg?w=359&amp;ssl=1 359w\" sizes=\"auto, (max-width: 139px) 100vw, 139px\" \/><\/a><strong>9-Centro delantero-Ariete.-Jes\u00fas Mar\u00eda LANDA Berasategui (1).<\/strong><\/p>\n<p style=\"text-align: center\"><a href=\"https:\/\/www.manquepierda.com\/historiarealbetis\/42354-1966-mayo-08-benito-villamarinreal-betis-balompie-3-real-madrid-2-49aniversario\/dionisio-gomez-alfaro-7\/\" rel=\"attachment wp-att-42376\"><img data-recalc-dims=\"1\" loading=\"lazy\" decoding=\"async\" class=\"aligncenter size-thumbnail wp-image-42376\" src=\"https:\/\/i0.wp.com\/www.manquepierda.com\/historiarealbetis\/files\/2015\/05\/DIONIsio-G%C3%B3mez-Alfaro.png?resize=188%2C220&#038;ssl=1\" alt=\"DIONIsio G\u00f3mez Alfaro\" width=\"188\" height=\"220\" srcset=\"https:\/\/i0.wp.com\/www.manquepierda.com\/historiarealbetis\/files\/2015\/05\/DIONIsio-G%C3%B3mez-Alfaro.png?resize=188%2C220&amp;ssl=1 188w, https:\/\/i0.wp.com\/www.manquepierda.com\/historiarealbetis\/files\/2015\/05\/DIONIsio-G%C3%B3mez-Alfaro.png?w=191&amp;ssl=1 191w\" sizes=\"auto, (max-width: 188px) 100vw, 188px\" \/><\/a><strong>10-Interior Zurdo.-Dionisio G\u00f3mez Alfaro (a) \u00abDIONI\u00bb (2).<\/strong><\/p>\n<p style=\"text-align: center\"><a href=\"https:\/\/www.manquepierda.com\/historiarealbetis\/42354-1966-mayo-08-benito-villamarinreal-betis-balompie-3-real-madrid-2-49aniversario\/rogelio-sosa-ramirez-6\/\" rel=\"attachment wp-att-42363\"><img data-recalc-dims=\"1\" loading=\"lazy\" decoding=\"async\" class=\"aligncenter size-thumbnail wp-image-42363\" src=\"https:\/\/i0.wp.com\/www.manquepierda.com\/historiarealbetis\/files\/2015\/05\/ROGELIO-sosa-ram%C3%ADrez.jpg?resize=128%2C220&#038;ssl=1\" alt=\"ROGELIO sosa ram\u00edrez\" width=\"128\" height=\"220\" srcset=\"https:\/\/i0.wp.com\/www.manquepierda.com\/historiarealbetis\/files\/2015\/05\/ROGELIO-sosa-ram%C3%ADrez.jpg?resize=128%2C220&amp;ssl=1 128w, https:\/\/i0.wp.com\/www.manquepierda.com\/historiarealbetis\/files\/2015\/05\/ROGELIO-sosa-ram%C3%ADrez.jpg?resize=348%2C600&amp;ssl=1 348w, https:\/\/i0.wp.com\/www.manquepierda.com\/historiarealbetis\/files\/2015\/05\/ROGELIO-sosa-ram%C3%ADrez.jpg?resize=406%2C700&amp;ssl=1 406w, https:\/\/i0.wp.com\/www.manquepierda.com\/historiarealbetis\/files\/2015\/05\/ROGELIO-sosa-ram%C3%ADrez.jpg?w=1281&amp;ssl=1 1281w\" sizes=\"auto, (max-width: 128px) 100vw, 128px\" \/><\/a><em><strong>*MARC\u00d3 2 GOLES*<\/strong><\/em><\/p>\n<p style=\"text-align: left\"><em><strong>1-0.-05 Minutos-Golazo justamente rubricado con una ovaci\u00f3n.<\/strong><\/em><\/p>\n<p style=\"text-align: left\"><em><strong>\u00abTercer c\u00f3rner,\u00a0 Betancort alej\u00f3 con el pu\u00f1o el bal\u00f3n en corto y el \u00ab11\u00bb verdiblanco recepcion\u00f3 el cuero y con un ch\u00fa archisuperior fusil\u00f3 al cancerbero canario Antonio Betancort Barrera\u00bb.<\/strong><\/em><\/p>\n<p style=\"text-align: left\"><em><strong>2-1.-29 Minutos.<\/strong><\/em><\/p>\n<p style=\"text-align: left\"><em><strong>\u00abC\u00f3mo el Real Betis Balompi\u00e9 manda, en una jugada preciosa,\u00a0 modelo de inteligencia y sobre la marcha:\u00a0 \u00abQUINO\u00bb(8) cedi\u00f3 a \u00abFRASCO\u00bb(4), que de tac\u00f3n cedi\u00f3 sobre ROGELIO y \u00e9ste de tiro cruzado a media altura estableci\u00f3 la segunda ventaja en el marcador del Estadio \u00abBenito Villamar\u00edn\u00bb que levant\u00f3 los \u00e1nimos otra vez\u00bb.<\/strong><\/em><\/p>\n<p style=\"text-align: center\"><strong>11-Extremo Zurdo.-ROGELIO Sosa Ram\u00edrez (3).<\/strong><\/p>\n<p style=\"text-align: left\"><strong>23 a\u00f1os+1 mes menos 3 d\u00edas.-CORIA DEL R\u00cdO (Sevilla),\u00a0 domingo 11-Abril 1943.-Leyenda Viva Verdiblanca Ilustre.<\/strong><\/p>\n<p style=\"text-align: center\"><em><strong>\u00ab\u00bfQui\u00e9n estuvo como nunca?<\/strong><\/em>\u00ab<\/p>\n<p style=\"text-align: left\"><em><strong>En un partido en que ha vuelto a funcionar el Real Betis Balompi\u00e9,\u00a0 como conjunto,\u00a0 viene ROGELIO a este espacio por dos motivos justificados:\u00a0 su juego ordenador y sus dos magn\u00edficos goles.<\/strong><\/em><\/p>\n<p style=\"text-align: left\"><em><strong>\u00bfQu\u00e9 le pararon el penalti?\u00a0 Eso no es culpa suya.-As\u00ed es que hoy es para el coriano la copa de \u00abFundador\u00bb,\u00a0 el co\u00f1ac que est\u00e1 \u00a1\u00a1como nunca\u00a1\u00a1<\/strong><\/em><\/p>\n<p style=\"text-align: center\"><strong>Vs.<\/strong><\/p>\n<figure id=\"attachment_42360\" aria-describedby=\"caption-attachment-42360\" style=\"width: 220px\" class=\"wp-caption aligncenter\"><a href=\"https:\/\/www.manquepierda.com\/historiarealbetis\/42354-1966-mayo-08-benito-villamarinreal-betis-balompie-3-real-madrid-2-49aniversario\/rmcf-2\/\" rel=\"attachment wp-att-42360\"><img data-recalc-dims=\"1\" loading=\"lazy\" decoding=\"async\" class=\"size-thumbnail wp-image-42360\" src=\"https:\/\/i0.wp.com\/www.manquepierda.com\/historiarealbetis\/files\/2015\/05\/RMCF.jpg?resize=220%2C147&#038;ssl=1\" alt=\"mmm\" width=\"220\" height=\"147\" srcset=\"https:\/\/i0.wp.com\/www.manquepierda.com\/historiarealbetis\/files\/2015\/05\/RMCF.jpg?resize=220%2C147&amp;ssl=1 220w, https:\/\/i0.wp.com\/www.manquepierda.com\/historiarealbetis\/files\/2015\/05\/RMCF.jpg?w=640&amp;ssl=1 640w\" sizes=\"auto, (max-width: 220px) 100vw, 220px\" \/><\/a><figcaption id=\"caption-attachment-42360\" class=\"wp-caption-text\"><strong>EQUIPACI\u00d3N TODA DE AZUL.-REAL MADRID-2 TANTOS.<\/strong><\/figcaption><\/figure>\n<figure id=\"attachment_42361\" aria-describedby=\"caption-attachment-42361\" style=\"width: 186px\" class=\"wp-caption alignright\"><a href=\"https:\/\/www.manquepierda.com\/historiarealbetis\/42354-1966-mayo-08-benito-villamarinreal-betis-balompie-3-real-madrid-2-49aniversario\/sbdy-2\/\" rel=\"attachment wp-att-42361\"><img data-recalc-dims=\"1\" loading=\"lazy\" decoding=\"async\" class=\"size-thumbnail wp-image-42361\" src=\"https:\/\/i0.wp.com\/www.manquepierda.com\/historiarealbetis\/files\/2015\/05\/SBDY.jpeg?resize=186%2C220&#038;ssl=1\" alt=\"mmm\" width=\"186\" height=\"220\" srcset=\"https:\/\/i0.wp.com\/www.manquepierda.com\/historiarealbetis\/files\/2015\/05\/SBDY.jpeg?resize=186%2C220&amp;ssl=1 186w, https:\/\/i0.wp.com\/www.manquepierda.com\/historiarealbetis\/files\/2015\/05\/SBDY.jpeg?w=380&amp;ssl=1 380w\" sizes=\"auto, (max-width: 186px) 100vw, 186px\" \/><\/a><figcaption id=\"caption-attachment-42361\" class=\"wp-caption-text\">Don Santiago Bernab\u00e9u De Yeste.-Presidente 1943-1978.<\/figcaption><\/figure>\n<figure id=\"attachment_42362\" aria-describedby=\"caption-attachment-42362\" style=\"width: 170px\" class=\"wp-caption alignleft\"><a href=\"https:\/\/www.manquepierda.com\/historiarealbetis\/42354-1966-mayo-08-benito-villamarinreal-betis-balompie-3-real-madrid-2-49aniversario\/moleiro_r_madrid_anos_40-151401-170x220\/\" rel=\"attachment wp-att-42362\"><img data-recalc-dims=\"1\" loading=\"lazy\" decoding=\"async\" class=\"size-thumbnail wp-image-42362\" src=\"https:\/\/i0.wp.com\/www.manquepierda.com\/historiarealbetis\/files\/2015\/05\/moleiro_r_madrid_anos_40-151401-170x220-170x220.jpg?resize=170%2C220&#038;ssl=1\" alt=\"mmm\" width=\"170\" height=\"220\" \/><\/a><figcaption id=\"caption-attachment-42362\" class=\"wp-caption-text\">Jos\u00e9 Morales Berriguete (a) \u00abMOLEIRO\u00bb.<\/figcaption><\/figure>\n<p style=\"text-align: center\"><strong>\u00abA \u00abMOLEIRO\u00bb LE GUST\u00d3 EL REAL BETIS BALOMPI\u00c9\u00bb.<\/strong><\/p>\n<p style=\"text-align: left\">\u00abHoja del Lunes\u00bb 09-05-1966.-Entrevistado por BORMUJO.<\/p>\n<p style=\"text-align: left\">\u00abMoleiro\u00bb el entrenador suplente del Madrid Cf,\u00a0 mostraba cierta contrariedad y adustez.<\/p>\n<p style=\"text-align: left\">\u00bfLas causas?-\u00a1\u00a1Resulta incompresible\u00a1\u00a1-Porque dentro de los l\u00f3gicos apasionamientos,\u00a0 los aficionados sevillanos se mostraron correctos y acusaron las conclusiones con discretas reacciones&#8230; finales.<\/p>\n<p style=\"text-align: left\">Ya decimos que fue bien conciso Jos\u00e9 Morales Berriguete (a) \u00abMOLEIRO\u00bb.-Tan s\u00f3lo coment\u00f3:<\/p>\n<p style=\"text-align: left\"><strong>&#8211;No me gusta pronosticar.\u00a0\u00a0 Por lo dem\u00e1s,\u00a0 la eliminatoria no puede considerarse resuelta,\u00a0 puesto que a\u00fan han de jugarse noventa minutos y el Real Betis Balompi\u00e9 tan s\u00f3lo lleva un gol de ventaja al estadio Bernab\u00e9u.<\/strong><\/p>\n<p style=\"text-align: center\">Hablando del Betis Balompi\u00e9 coment\u00f3:<\/p>\n<p style=\"text-align: left\"><strong>&#8211;Me ha gustado el Betis.\u00a0\u00a0 Lo veo con mejor \u00abandadura\u00bb que en Liga,\u00a0 y de continuar como hoy,\u00a0 la temporada pr\u00f3xima vuelve a reincorporarse a la Primera Divisi\u00f3n.<\/strong><\/p>\n<p style=\"text-align: left\">&#8211;\u00bfY en cuanto al resultado?&#8230;<\/p>\n<p style=\"text-align: left\"><strong>&#8211;Est\u00e1 dentro de la t\u00f3nica del partido y del juego desarrollado por ambos equipos.\u00a0\u00a0 Sin embargo,\u00a0 insisto,\u00a0 que no considero ventaja agradable para el Real Betis Balompi\u00e9 la que lleva a nuestras instalaciones.<\/strong><\/p>\n<p style=\"text-align: center\">\u00a1\u00a1Y no dijo m\u00e1s\u00a1\u00a1<\/p>\n<p style=\"text-align: center\"><strong>CALIFICACI\u00d3N DE JUGADORES por \u00abIGARFE\u00bb-\u00abHoja del Lunes\u00bb 09-05-1966:<\/strong><\/p>\n<p style=\"text-align: center\">PORTERO:<\/p>\n<p style=\"text-align: center\"><a href=\"https:\/\/www.manquepierda.com\/historiarealbetis\/42354-1966-mayo-08-benito-villamarinreal-betis-balompie-3-real-madrid-2-49aniversario\/betancort\/\" rel=\"attachment wp-att-42366\"><img data-recalc-dims=\"1\" loading=\"lazy\" decoding=\"async\" class=\"aligncenter size-thumbnail wp-image-42366\" src=\"https:\/\/i0.wp.com\/www.manquepierda.com\/historiarealbetis\/files\/2015\/05\/Betancort.jpg?resize=150%2C220&#038;ssl=1\" alt=\"Betancort\" width=\"150\" height=\"220\" srcset=\"https:\/\/i0.wp.com\/www.manquepierda.com\/historiarealbetis\/files\/2015\/05\/Betancort.jpg?resize=150%2C220&amp;ssl=1 150w, https:\/\/i0.wp.com\/www.manquepierda.com\/historiarealbetis\/files\/2015\/05\/Betancort.jpg?resize=410%2C600&amp;ssl=1 410w, https:\/\/i0.wp.com\/www.manquepierda.com\/historiarealbetis\/files\/2015\/05\/Betancort.jpg?resize=479%2C700&amp;ssl=1 479w, https:\/\/i0.wp.com\/www.manquepierda.com\/historiarealbetis\/files\/2015\/05\/Betancort.jpg?w=495&amp;ssl=1 495w\" sizes=\"auto, (max-width: 150px) 100vw, 150px\" \/><\/a><strong>***Encaj\u00f3 3 goles (2-ROGELIO+1-\u00abQUINO\u00bb)***<\/strong><\/p>\n<p style=\"text-align: center\">1.-Antonio Rodrigo BETANCORT Barrera (3).-29 a\u00f1os+2 meses menos 5 d\u00edas.-HAR\u00cdA (Las Palmas de Gran Canaria) s\u00e1bado 13-Marzo 1937.<\/p>\n<p style=\"text-align: center\">DEFENSAS:<\/p>\n<p style=\"text-align: center\">2-Antonio CALPE Hern\u00e1ndez (2).-5-Jos\u00e9 Emilio SANTAMAR\u00cdA Iglesias (2).-3-Pedro CASADO Bucho (1)<\/p>\n<p style=\"text-align: center\">MEDIOS:<\/p>\n<p style=\"text-align: center\">4-Ram\u00f3n TEJADA Acu\u00f1a (1).-6-Vicente MIERA Campos (1)<\/p>\n<p style=\"text-align: center\">DELANTEROS:<\/p>\n<p style=\"text-align: center\">7-Fernando GARC\u00cdA-RAMOS S\u00e1nchez (1).-8-F\u00c9LIX Ruiz Gabari (2).<\/p>\n<figure id=\"attachment_42365\" aria-describedby=\"caption-attachment-42365\" style=\"width: 86px\" class=\"wp-caption aligncenter\"><a href=\"https:\/\/www.manquepierda.com\/historiarealbetis\/42354-1966-mayo-08-benito-villamarinreal-betis-balompie-3-real-madrid-2-49aniversario\/blanco-2\/\" rel=\"attachment wp-att-42365\"><img data-recalc-dims=\"1\" loading=\"lazy\" decoding=\"async\" class=\"size-full wp-image-42365\" src=\"https:\/\/i0.wp.com\/www.manquepierda.com\/historiarealbetis\/files\/2015\/05\/blanco.jpg?resize=86%2C103&#038;ssl=1\" alt=\"mmmm\" width=\"86\" height=\"103\" \/><\/a><figcaption id=\"caption-attachment-42365\" class=\"wp-caption-text\"><strong>*1-1.-10 minutos*<\/strong><\/figcaption><\/figure>\n<p style=\"text-align: center\">9-JAIME Blanco N\u00fa\u00f1ez (2).-26 a\u00f1os+4 meses+6 d\u00edas.-A CORU\u00d1A, martes 02-Enero 1940.<\/p>\n<p style=\"text-align: center\">10-Feren\u00e7 PUSKAS Biro (1).<\/p>\n<figure id=\"attachment_42367\" aria-describedby=\"caption-attachment-42367\" style=\"width: 131px\" class=\"wp-caption aligncenter\"><a href=\"https:\/\/www.manquepierda.com\/historiarealbetis\/42354-1966-mayo-08-benito-villamarinreal-betis-balompie-3-real-madrid-2-49aniversario\/manolin-b\/\" rel=\"attachment wp-att-42367\"><img data-recalc-dims=\"1\" loading=\"lazy\" decoding=\"async\" class=\"size-thumbnail wp-image-42367\" src=\"https:\/\/i0.wp.com\/www.manquepierda.com\/historiarealbetis\/files\/2015\/05\/Manol%C3%ADn-B.jpeg?resize=131%2C220&#038;ssl=1\" alt=\"mmm\" width=\"131\" height=\"220\" srcset=\"https:\/\/i0.wp.com\/www.manquepierda.com\/historiarealbetis\/files\/2015\/05\/Manol%C3%ADn-B.jpeg?resize=131%2C220&amp;ssl=1 131w, https:\/\/i0.wp.com\/www.manquepierda.com\/historiarealbetis\/files\/2015\/05\/Manol%C3%ADn-B.jpeg?w=173&amp;ssl=1 173w\" sizes=\"auto, (max-width: 131px) 100vw, 131px\" \/><\/a><figcaption id=\"caption-attachment-42367\" class=\"wp-caption-text\"><strong>*2-2.-37 minutos*<\/strong><\/figcaption><\/figure>\n<p style=\"text-align: center\">11-Manuel Bueno Cabral (a) \u00abMANOL\u00cdN\u00bb (2).-26 a\u00f1os+3 meses+3 d\u00edas.-SEVILLA, lunes 05-Febrero 1940.<\/p>\n<hr \/>\n<p style=\"text-align: left\"><strong>\u00abDESARROLLO DEL PRIMER Y SEGUNDO TIEMPO\u00bb-Por IGARFE \u00abHoja del Lunes\u00bb-Sevilla 09-Mayo 1966.<\/strong><\/p>\n<p style=\"text-align: left\">Fue m\u00e1s animada la primera fase,\u00a0 ya que se marcaron 4 de los 5 tantos,\u00a0 adem\u00e1s de ceder,\u00a0 los madridistas 8 saques de esquina por ninguno a su favor.<\/p>\n<p style=\"text-align: left\"><strong>1-0.-05 minutos.-ROGELIO (11).<\/strong><\/p>\n<p style=\"text-align: left\">1-1.-10 minutos.-Blanco (9).<\/p>\n<p style=\"text-align: left\"><strong>Luego intervenci\u00f3n de Vega (1) a los pies de Garc\u00eda-Ramos (7) lanzado por Puskas (10).<\/strong><\/p>\n<p style=\"text-align: left\"><strong>4\u00ba c\u00f3rner contra el Madrid; cabezazo de Garc\u00eda-Ramos y parada de Vega sin apuros.<\/strong><\/p>\n<p style=\"text-align: left\"><strong>5\u00ba saque de esquina contra los madridistas.<\/strong><\/p>\n<p style=\"text-align: left\"><strong>22 minutos, una gran ovaci\u00f3n.-Fue un ch\u00fa de Landa (9), y Betancort (1) desde el suelo alej\u00f3 el bal\u00f3n con el cuerpo cuando se cantaba gol.<\/strong><\/p>\n<p style=\"text-align: left\"><strong>2-1.-29 minutos.-ROGELIO (11).<\/strong><\/p>\n<p style=\"text-align: left\"><strong>Despu\u00e9s de un tiro de Puskas (10), blocando bien Vega (1).<\/strong><\/p>\n<p style=\"text-align: left\"><strong>31 minutos.-Jugada \u00abQuino\u00bb(8)-\u00abFrasco\u00bb(4)-Landa (9) y Rogelio (11) remata alto.<\/strong><\/p>\n<p style=\"text-align: left\"><strong>35 minutos.-Internada de Gir\u00f3n (7) que tropieza y cae dentro del \u00e1rea, saliendo Betancort (1) que se hace con el bal\u00f3n.<\/strong><\/p>\n<p style=\"text-align: left\">2-1.-37 minutos.-\u00abManol\u00edn Bueno\u00bb (11).-Hubo protestas reclamando fuera de la jugada del mismo.<\/p>\n<p style=\"text-align: left\">41+44+45 minutos se\u00f1alan dos intervenciones del meta Betancort (1) y el 8\u00ba saque de esquina sin consecuencias.<\/p>\n<p style=\"text-align: center\">Tras el descanso reglamentario, no hubo la misma calidad inicial del 1er. tiempo.<\/p>\n<p style=\"text-align: left\"><strong>46-50 minutos.-Registramos un cabezazo de \u00abQuino\u00bb(8), saliendo el esf\u00e9rico por encima del travesa\u00f1o merengue.<\/strong><\/p>\n<p style=\"text-align: left\"><strong>Decimos c\u00f3rner alejando el cuero Santamar\u00eda (5); y una gran jugada de \u00abDioni\u00bb(10) con remate de Landa (9).<\/strong><\/p>\n<p style=\"text-align: left\"><strong>3-2.-57 minutos.-\u00abQUINO\u00bb (8).<\/strong><\/p>\n<p style=\"text-align: left\"><strong>59&#8242;.-\u00abFrasco\u00bb(4) cede a Landa (9), que tira magn\u00edficamente, pero el cuero rebota en los pies de Betancort (1), ca\u00eddo en el suelo y sale a c\u00f3rner lanzado sin consecuencias.<\/strong><\/p>\n<p style=\"text-align: left\">65&#8242;.-Peligrosa jugada de \u00abManol\u00edn\u00bb(11) que tira alto forzado.<\/p>\n<p style=\"text-align: left\"><strong>68 minutos.-Tira \u00abQuino\u00bb(8) y Betancort (1) cede el 13\u00ba saque de esquina; vuelve a recoger el bal\u00f3n \u00abQuino\u00bb que en el momento de disponerse a chutar, es objeto de doble falta dentro del \u00e1rea.<\/strong><\/p>\n<p style=\"text-align: center\"><em><strong>El penalti no lo duda Jos\u00e9 Mar\u00eda Ort\u00edz de Mendibil Monasterio.\u00a0\u00a0 Lo lanza Rogelio (11) sobre la derecha de Antonio Betancort (1) que alcanza el esf\u00e9rico.\u00a0\u00a0 Fue la gran oportunidad de lograr el 4-2&#8243;.<\/strong><\/em><\/p>\n<p style=\"text-align: left\">72&#8242; cede el primer saque de esquina el Real Betis Balompi\u00e9.<\/p>\n<p style=\"text-align: left\"><strong>74 minutos.-Saca una falta Aparicio (2) sobre Rogelio (11) que cede a Landa (9) \u00e9ste cabecea y Betancort mete el pu\u00f1o al cuero.<\/strong><\/p>\n<p style=\"text-align: left\"><strong>Luego chut alto de Rogelio (11) y despu\u00e9s remate a la media vuelta de Landa (9) con una gran parada de Antonio Rodrigo Betancort (1).<\/strong><\/p>\n<p style=\"text-align: left\"><strong>82 minutos.-Parada de Manuel Vega (1) en tiro de Garc\u00eda-Ramos (7) lanzado por Puskas (10).-Luego falta sacada por Rogelio (11) remata \u00abQuino\u00bb(8) y para Betancort (1).<\/strong><\/p>\n<p style=\"text-align: left\"><strong>89 minutos.-Tiro de Rogelio (11) blocando el meta \u00abmerengue\u00bb desde el suelo;\u00a0 y segundos despu\u00e9s de lanzarse el 14\u00ba saque de esquina contra el Real Madrid Cf,\u00a0 atrapa el cuero Betancort (1).<\/strong><\/p>\n<p style=\"text-align: left\"><strong>Finaliza el encuentro,\u00a0 que en el cuarto de hora final volvi\u00f3 a ser muy interesante y de acentuada presi\u00f3n verdiblanca.\u00a0\u00a0<\/strong><\/p>\n<p style=\"text-align: left\"><strong> El p\u00fablico aplaude al Real Betis Balompi\u00e9,\u00a0 mientras otros sectores expresan su desagrado al Real Madrid Cf y al colegiado vizca\u00edno Jos\u00e9 Mar\u00eda Ortiz de Mendibil Monasterio\u00bb.<\/strong><\/p>\n<p style=\"text-align: center\"><a href=\"https:\/\/www.manquepierda.com\/historiarealbetis\/42354-1966-mayo-08-benito-villamarinreal-betis-balompie-3-real-madrid-2-49aniversario\/qecnf\/\" rel=\"attachment wp-att-42378\"><img data-recalc-dims=\"1\" loading=\"lazy\" decoding=\"async\" class=\"aligncenter size-large wp-image-42378\" src=\"https:\/\/i0.wp.com\/www.manquepierda.com\/historiarealbetis\/files\/2015\/05\/QECNF.jpg?resize=459%2C700&#038;ssl=1\" alt=\"QECNF\" width=\"459\" height=\"700\" srcset=\"https:\/\/i0.wp.com\/www.manquepierda.com\/historiarealbetis\/files\/2015\/05\/QECNF.jpg?resize=459%2C700&amp;ssl=1 459w, https:\/\/i0.wp.com\/www.manquepierda.com\/historiarealbetis\/files\/2015\/05\/QECNF.jpg?resize=144%2C220&amp;ssl=1 144w, https:\/\/i0.wp.com\/www.manquepierda.com\/historiarealbetis\/files\/2015\/05\/QECNF.jpg?resize=394%2C600&amp;ssl=1 394w, https:\/\/i0.wp.com\/www.manquepierda.com\/historiarealbetis\/files\/2015\/05\/QECNF.jpg?w=1100&amp;ssl=1 1100w\" sizes=\"auto, (max-width: 459px) 100vw, 459px\" \/><\/a><\/p>\n","protected":false},"excerpt":{"rendered":"<p>1966-MAYO 08-DOMINGO EN \u00abHELI\u00d3POLIS\u00bb-\u00abCiudad del Sol\u00bb. LXII EDICI\u00d3N DEL CAMPEONATO DE ESPA\u00d1A. COPA DEL GENERAL\u00cdSIMO DE F\u00daTBOL-TEMPORADA 1965-1966. Desde domingo 24-10-1965 hasta domingo 29-05-1966.-Ambos inclusive. ESTADIO \u00abBENITO VILLAMAR\u00cdN\u00bb: CUARTOS DE FINAL-ENCUENTRO DE IDA.-(ABC-Serrano). \u00abLa mejor ocasi\u00f3n\u00bb. Estaba ganando el Real Betis Balompi\u00e9 por 3-2,\u00a0 cuando \u00abQuino\u00bb fue ilegalmente derribado en el \u00e1rea del Madrid,\u00a0 Ort\u00edz&#8230;<\/p>\n","protected":false},"author":48,"featured_media":42357,"comment_status":"open","ping_status":"open","sticky":false,"template":"","format":"standard","meta":{"_kad_post_transparent":"","_kad_post_title":"","_kad_post_layout":"","_kad_post_sidebar_id":"","_kad_post_content_style":"","_kad_post_vertical_padding":"","_kad_post_feature":"","_kad_post_feature_position":"","_kad_post_header":false,"_kad_post_footer":false,"_kad_post_classname":"","_jetpack_memberships_contains_paid_content":false,"footnotes":"","jetpack_publicize_message":"","jetpack_publicize_feature_enabled":true,"jetpack_social_post_already_shared":true,"jetpack_social_options":{"image_generator_settings":{"template":"highway","default_image_id":0,"font":"","enabled":false},"version":2}},"categories":[902,1],"tags":[8183,1592,17940,13362],"class_list":["post-42354","post","type-post","status-publish","format-standard","has-post-thumbnail","hentry","category-1960-1969","category-portada","tag-1965-66","tag-1592","tag-copa-1965-66","tag-real-madrid-cf"],"jetpack_publicize_connections":[],"jetpack_featured_media_url":"https:\/\/i0.wp.com\/www.manquepierda.com\/historiarealbetis\/files\/2015\/05\/19660508-680x317.jpg?fit=680%2C317&ssl=1","jetpack_sharing_enabled":true,"jetpack_shortlink":"https:\/\/wp.me\/p1ij08-b18","jetpack-related-posts":[],"_links":{"self":[{"href":"https:\/\/www.manquepierda.com\/historiarealbetis\/wp-json\/wp\/v2\/posts\/42354","targetHints":{"allow":["GET"]}}],"collection":[{"href":"https:\/\/www.manquepierda.com\/historiarealbetis\/wp-json\/wp\/v2\/posts"}],"about":[{"href":"https:\/\/www.manquepierda.com\/historiarealbetis\/wp-json\/wp\/v2\/types\/post"}],"author":[{"embeddable":true,"href":"https:\/\/www.manquepierda.com\/historiarealbetis\/wp-json\/wp\/v2\/users\/48"}],"replies":[{"embeddable":true,"href":"https:\/\/www.manquepierda.com\/historiarealbetis\/wp-json\/wp\/v2\/comments?post=42354"}],"version-history":[{"count":1,"href":"https:\/\/www.manquepierda.com\/historiarealbetis\/wp-json\/wp\/v2\/posts\/42354\/revisions"}],"predecessor-version":[{"id":92789,"href":"https:\/\/www.manquepierda.com\/historiarealbetis\/wp-json\/wp\/v2\/posts\/42354\/revisions\/92789"}],"wp:featuredmedia":[{"embeddable":true,"href":"https:\/\/www.manquepierda.com\/historiarealbetis\/wp-json\/wp\/v2\/media\/42357"}],"wp:attachment":[{"href":"https:\/\/www.manquepierda.com\/historiarealbetis\/wp-json\/wp\/v2\/media?parent=42354"}],"wp:term":[{"taxonomy":"category","embeddable":true,"href":"https:\/\/www.manquepierda.com\/historiarealbetis\/wp-json\/wp\/v2\/categories?post=42354"},{"taxonomy":"post_tag","embeddable":true,"href":"https:\/\/www.manquepierda.com\/historiarealbetis\/wp-json\/wp\/v2\/tags?post=42354"}],"curies":[{"name":"wp","href":"https:\/\/api.w.org\/{rel}","templated":true}]}}