{"id":42386,"date":"2015-05-11T07:35:10","date_gmt":"2015-05-11T05:35:10","guid":{"rendered":"http:\/\/www.manquepierda.com\/historiarealbetis\/?p=42386"},"modified":"2017-04-26T22:50:06","modified_gmt":"2017-04-26T20:50:06","slug":"entrevista-vicente-montiel-1961","status":"publish","type":"post","link":"https:\/\/www.manquepierda.com\/historiarealbetis\/entrevista-vicente-montiel-1961\/","title":{"rendered":"Entrevista Vicente Montiel 1961"},"content":{"rendered":"<figure id=\"attachment_42387\" aria-describedby=\"caption-attachment-42387\" style=\"width: 680px\" class=\"wp-caption aligncenter\"><a href=\"https:\/\/www.manquepierda.com\/historiarealbetis\/42386-entrevista-vicente-montiel-1961\/entrevista-vicente-montiel-1961-nmp-marca-11-11-1961\/\" rel=\"attachment wp-att-42387\"><img data-recalc-dims=\"1\" loading=\"lazy\" decoding=\"async\" class=\"wp-image-42387 size-medium\" src=\"https:\/\/i0.wp.com\/www.manquepierda.com\/historiarealbetis\/files\/2015\/05\/Entrevista-Vicente-Montiel-1961-NMP-Marca-11-11-1961.jpg?resize=680%2C333&#038;ssl=1\" alt=\"Entrevista Vicente Montiel 1961 (NMP) Marca 11-11-1961\" width=\"680\" height=\"333\" srcset=\"https:\/\/i0.wp.com\/www.manquepierda.com\/historiarealbetis\/files\/2015\/05\/Entrevista-Vicente-Montiel-1961-NMP-Marca-11-11-1961.jpg?resize=680%2C333&amp;ssl=1 680w, https:\/\/i0.wp.com\/www.manquepierda.com\/historiarealbetis\/files\/2015\/05\/Entrevista-Vicente-Montiel-1961-NMP-Marca-11-11-1961.jpg?resize=220%2C108&amp;ssl=1 220w, https:\/\/i0.wp.com\/www.manquepierda.com\/historiarealbetis\/files\/2015\/05\/Entrevista-Vicente-Montiel-1961-NMP-Marca-11-11-1961.jpg?w=869&amp;ssl=1 869w\" sizes=\"auto, (max-width: 680px) 100vw, 680px\" \/><\/a><figcaption id=\"caption-attachment-42387\" class=\"wp-caption-text\">Vicente Montiel atiende a Luis Aragon\u00e9s en el Bernab\u00e9u<\/figcaption><\/figure>\n<p>En 1961 el diario deportivo Marca realiz\u00f3 una serie dedicada a entrevistar a los masajistas de los equipos de la Primera Divisi\u00f3n. Entre ellos est\u00e1 el del Betis, Vicente Montiel Cort\u00e9s, que rememora en ella su vinculaci\u00f3n desde la infancia con el sentimiento b\u00e9tico transmitido por su padre.<\/p>\n<p>&nbsp;<\/p>\n<p>&nbsp;<\/p>\n<p><span style=\"color: #008000\"><em>El masajista del Betis, Vicente Montiel Cort\u00e9s, lleva ejerciendo en el club cinco a\u00f1os. A los dieciocho a\u00f1os de edad, hoy tiene veintiocho, termin\u00f3 la carrera de practicante, dedic\u00e1ndose a ejercerla particularmente, hasta que fue requerido por el Betis como masajista-practicante del club. Por haberse pasado toda su vida en Sevilla, Vicente Montiel ha vivido el ambiente deportivo de su actual equipo, incluso mucho antes de que ingresara en el mismo. Y esas impresiones precedentes tienen tambi\u00e9n su salsa.<\/em><\/span><\/p>\n<p><span style=\"color: #008000\"><em>\u00a0<\/em><\/span><\/p>\n<p><span style=\"color: #008000\"><em>Pedimos al masajista del Betis que nos explique sus primeras aficiones futbol\u00edsticas. A trav\u00e9s de ellas puede comprobarse que ya estaba unido al club desde hac\u00edas bastantes a\u00f1os, aunque fuera s\u00f3lo sentimentalmente.<\/em><\/span><\/p>\n<p><span style=\"color: #008000\"><em>\u00a0<\/em><\/span><\/p>\n<p><span style=\"color: #008000\"><em>&#8211; De peque\u00f1o fui siempre un amante ac\u00e9rrimo de los colores del Betis y, naturalmente, iba a todos los partidos en que participaba<\/em><\/span><\/p>\n<p><span style=\"color: #008000\"><em>&#8211; \u00bfC\u00f3mo podr\u00eda hacer usted un resumen del conjunto de inquietudes y actividades del Betis por lo que recuerda, hasta que fue su masajista?<\/em><\/span><\/p>\n<p><span style=\"color: #008000\"><em>-Pr\u00e1cticamente hasta que ingres\u00e9 el club se distingu\u00eda, a\u00f1o tras a\u00f1o, por los apuros que pasaba para ascender de categor\u00eda, es decir, a Primera Divisi\u00f3n. El equipo marchaba muy bien y todo hac\u00eda presumir que el club lograr\u00eda la mejora de divisi\u00f3n. Sin embargo, a final de temporada siempre fallaba algo.<\/em><\/span><\/p>\n<p><span style=\"color: #008000\"><em>\u00a0<\/em><\/span><\/p>\n<p><span style=\"color: #008000\"><em>El masajista parece preocupado por dejar bien claro que es aficionado al Betis con poderosas razones que no den lugar a dudas:<\/em><\/span><\/p>\n<p><span style=\"color: #008000\"><em>\u00a0<\/em><\/span><\/p>\n<p><span style=\"color: #008000\"><em>&#8211; Mire usted, mi padre es un b\u00e9tico de toda la vida. El me habl\u00f3 mucho del Betis glorioso de aquellos tiempos. \u00a1C\u00f3mo escuchaba yo, entusiasmado, sus relatos\u00a1 Tambi\u00e9n por m\u00ed mismo tengo experiencias gratas. Recuerdo que estando en Tercera Divisi\u00f3n el Betis hizo una entrada especial numerada para infantiles, al precio de 1.10 pesetas. En el descanso rifaban un bal\u00f3n. De esas promociones de infantiles, nacidas de estas cosas del beticismo, se forjaron muchos futuros hinchas. Conozco a numerosos amigos m\u00edos que pertenecen como aficionados a estas promociones.<\/em><\/span><\/p>\n<p><span style=\"color: #008000\"><em>\u00a0<\/em><\/span><\/p>\n<p><span style=\"color: #008000\"><em>&#8211; Tanto como se habla sobre el Sevilla y el Betis, el Betis y el Sevilla \u00bfC\u00f3mo definir\u00eda usted a uno y otro club?<\/em><\/span><\/p>\n<p><span style=\"color: #008000\"><em>&#8211; Todo el mundo sabe lo que significan el Sevilla y el Betis. Dos grandes clubs, eternos rivales, con sus caracter\u00edsticas propias. El Sevilla estuvo casi siempre en Primera Divisi\u00f3n, mientras que el Betis perdi\u00f3 este privilegio sobre el 36. Este percance rompi\u00f3 la rivalidad. El Betis perdi\u00f3 el cuadro de sus titulares. <\/em><\/span><\/p>\n<p><span style=\"color: #008000\"><em>\u00a0<\/em><\/span><\/p>\n<p><span style=\"color: #008000\"><em>A continuaci\u00f3n, Vicente Montiel se refiere a un dato muy interesante en el historial de su club:<\/em><\/span><\/p>\n<p><span style=\"color: #008000\"><em>&#8211; Es el \u00fanico equipo de Espa\u00f1a que ha sido campe\u00f3n de Primera Divisi\u00f3n, de Segunda y de Tercera.<\/em><\/span><\/p>\n<p><span style=\"color: #008000\"><em>\u00a0<\/em><\/span><\/p>\n<p><span style=\"color: #008000\"><em>Luego a\u00f1ade humor\u00edsticamente:<\/em><\/span><\/p>\n<p><span style=\"color: #008000\"><em>&#8211; Por ejemplo, el Real Madrid, con todo su bagaje de t\u00edtulos ha sido campe\u00f3n de Liga de Primera, pero de Segunda y de Tercera, no<\/em><\/span><\/p>\n<p><span style=\"color: #008000\"><em>\u00a0<\/em><\/span><\/p>\n<p><span style=\"color: #008000\"><em>&#8211; \u00bfQu\u00e9 tal el ambiente en el Betis a ra\u00edz de su ascenso a Primera despu\u00e9s de tantos a\u00f1os ausente?<\/em><\/span><\/p>\n<p><span style=\"color: #008000\"><em>&#8211; \u00a1Imag\u00ednese\u00a1 Era algo tan anhelado que colm\u00f3 todas las alegr\u00edas<\/em><\/span><\/p>\n<p><span style=\"color: #008000\"><em>&#8211; \u00bfY en cuanto a usted, que ingres\u00f3 por entonces en el club?<\/em><\/span><\/p>\n<p><span style=\"color: #008000\"><em>&#8211; Al ascender el equipo de categor\u00eda subi\u00f3 tambi\u00e9n la m\u00eda. Quiero decir que siempre da m\u00e1s categor\u00eda ser masajista de un club de la Primera Divisi\u00f3n<\/em><\/span><\/p>\n<p><span style=\"color: #008000\"><em>&#8211; \u00bfCu\u00e1l fue la mejor temporada del Betis a partir del ascenso?<\/em><\/span><\/p>\n<p><span style=\"color: #008000\"><em>&#8211; La primera. Quedamos entre los cuatro o cinco primeros. La pasada temporada tambi\u00e9n fue buena: el sexto. En ella y en la Copa el equipo tuvo una gran actuaci\u00f3n, pues llegamos a las semifinales, en las que nos elimin\u00f3 el Madrid. El Betis hab\u00eda eliminado al Murcia, Oviedo y Espa\u00f1ol. <\/em><\/span><\/p>\n<p><span style=\"color: #008000\"><em>&#8211; \u00bfJugadores internacionales destacados del Betis?<\/em><\/span><\/p>\n<p><span style=\"color: #008000\"><em>&#8211; Del Sol, Isidro, Areta, Bosch. R\u00edos fue preseleccionado varias veces<\/em><\/span><\/p>\n<p><span style=\"color: #008000\"><em>\u00a0<\/em><\/span><\/p>\n<p><span style=\"color: #008000\"><em>Aunque el pase de Del Sol al Madrid es reciente, de todos modos solicitamos del masajista c\u00f3mo vio al jugador en su estancia en el Betis.<\/em><\/span><\/p>\n<p><span style=\"color: #008000\"><em>\u00a0<\/em><\/span><\/p>\n<p><span style=\"color: #008000\"><em>&#8211; Del Sol estuvo en el Betis desde el equipo juvenil. Por tanto, formado en el Betis. Si bien nacido en Soria, puede considerarse un t\u00edpico sevillano, con gracia y sal, de car\u00e1cter muy alegre, pero responsable de sus actos. Creo que seguir\u00e1 siendo el mismo. En cambio sufr\u00eda cuando las cosas de los compa\u00f1eros no marchaban bien. En el campo sobresal\u00eda por su empe\u00f1o en apoyar a un jugador del equipo al que no se le diese bien el juego<\/em><\/span><\/p>\n<p><span style=\"color: #008000\"><em>\u00a0<\/em><\/span><\/p>\n<p><span style=\"color: #008000\"><em>En los encuentros entre eternos rivales pensamos que deben existir detalles de inter\u00e9s que contar. En este caso los hay, a juzgar por las palabras de nuestro interlocutor.<\/em><\/span><\/p>\n<p><span style=\"color: #008000\"><em>\u00a0<\/em><\/span><\/p>\n<p><span style=\"color: #008000\"><em>&#8211; Como algo curioso en estas dos \u00faltimas temporadas, todos los goles que se han marcado en los Sevilla-Betis, en el campo sevillista, han sido hechos por nosotros, lo mismo los nuestros que los de ellos. El a\u00f1o pasado, el gol del Sevilla fue en propia meta del Betis por un jugador nuestro. Y este a\u00f1o, en el que ganamos por dos-uno, el gol del Sevilla fue una jugada desgraciada en la cobertura del Betis. Claro que esto no tiene sino el valor de la circunstancia. Porque en lo que se refiere a campos, en otro sentido, el hecho se repite. Seg\u00fan mis referencias, el viejo Nervi\u00f3n se inaugur\u00f3 con una victoria b\u00e9tica. Y la inauguraci\u00f3n del actual S\u00e1nchez Pizju\u00e1n con car\u00e1cter oficial fue con el Betis, que gan\u00f3 tambi\u00e9n. Son veleidades del f\u00fatbol, que llaman la atenci\u00f3n. Total, que el Sevilla no ha podido estrenar sus campos con una victoria sobre su eterno rival<\/em><\/span><\/p>\n<p><span style=\"color: #008000\"><em>\u00a0<\/em><\/span><\/p>\n<p><span style=\"color: #008000\"><em>&#8211; \u00bfQu\u00e9 lesiones importantes ha tenido usted?<\/em><\/span><\/p>\n<p><span style=\"color: #008000\"><em>&#8211; La de Mart\u00edn Esperanza en Barcelona, con rotura de ligamentos cruzados y de ligamento lateral interno<\/em><\/span><\/p>\n<p><span style=\"color: #008000\"><em>&#8211; \u00bfCansa dar masaje?<\/em><\/span><\/p>\n<p><span style=\"color: #008000\"><em>&#8211; Al principio s\u00ed, porque pesaba once kilos m\u00e1s. Una vez rebajado el peso, en absoluto<\/em><\/span><\/p>\n<p><span style=\"color: #008000\"><em>&#8211; \u00bfQu\u00e9 entrenadores pasaron por el Betis?<\/em><\/span><\/p>\n<p><span style=\"color: #008000\"><em>&#8211; Antonio Barrios, Enrique Fern\u00e1ndez, Barinaga y Daucick<\/em><\/span><\/p>\n<p><span style=\"color: #008000\"><em>-\u00bfEquipos m\u00e1s dif\u00edciles para el Betis?<\/em><\/span><\/p>\n<p><span style=\"color: #008000\"><em>&#8211; Madrid y Barcelona son gafes para nosotros<\/em><\/span><\/p>\n<p><span style=\"color: #008000\"><em>-\u00bfC\u00f3mo debe ser un masajista?<\/em><\/span><\/p>\n<p><span style=\"color: #008000\"><em>&#8211; Un m\u00e9dico \u201cen peque\u00f1o\u201d. Debe de tener conocimientos de todo en general, en cierto grado, para saber qu\u00e9 ha de hacer hasta tanto llega el m\u00e9dico, si la lesi\u00f3n necesita tratamiento de urgencia<\/em><\/span><\/p>\n<p><span style=\"color: #008000\"><em>-\u00bfHay o no hay an\u00e9cdota?<\/em><\/span><\/p>\n<p><span style=\"color: #008000\"><em>&#8211; Hay. Un d\u00eda ven\u00edamos en autocar de jugar un partido. Pas\u00e1bamos por Sierra Nevada, por el puerto de la Mora. Un poco de vino que tra\u00edamos estaba algo caliente. Como el paisaje estaba nevado, paramos el coche para coger un poco de nieve para enfriar el vino. Uno de los compa\u00f1eros baj\u00f3 al camino para recogerla. Otro, desde el autocar, le grit\u00f3: \u201c\u00a1C\u00f3gela de la sombra de aquel \u00e1rbol, que estar\u00e1 m\u00e1s fresca, y tira esa que has cogido del sol\u00a1\u201d. Sin dudarlo, as\u00ed lo hizo. Tir\u00f3 la nieve del sol, \u201cm\u00e1s caliente\u201d, y cogi\u00f3 otra de la sombra, \u201cm\u00e1s fr\u00eda\u201d. \u00a0\u00a0\u00a0\u00a0\u00a0<\/em><\/span><\/p>\n<p><span style=\"color: #000000\">\u00a0Fuente: Alvaro Bacallado en Marca 11 de noviembre de 1961<\/span><\/p>\n","protected":false},"excerpt":{"rendered":"<p>En 1961 el diario deportivo Marca realiz\u00f3 una serie dedicada a entrevistar a los masajistas de los equipos de la Primera Divisi\u00f3n. Entre ellos est\u00e1 el del Betis, Vicente Montiel Cort\u00e9s, que rememora en ella su vinculaci\u00f3n desde la infancia con el sentimiento b\u00e9tico transmitido por su padre. &nbsp; &nbsp; El masajista del Betis, Vicente&#8230;<\/p>\n","protected":false},"author":5,"featured_media":42387,"comment_status":"open","ping_status":"open","sticky":false,"template":"","format":"standard","meta":{"_kad_post_transparent":"","_kad_post_title":"","_kad_post_layout":"","_kad_post_sidebar_id":"","_kad_post_content_style":"","_kad_post_vertical_padding":"","_kad_post_feature":"","_kad_post_feature_position":"","_kad_post_header":false,"_kad_post_footer":false,"_kad_post_classname":"","_jetpack_memberships_contains_paid_content":false,"footnotes":"","jetpack_publicize_message":"","jetpack_publicize_feature_enabled":true,"jetpack_social_post_already_shared":true,"jetpack_social_options":{"image_generator_settings":{"template":"highway","default_image_id":0,"font":"","enabled":false},"version":2}},"categories":[902,1],"tags":[2922,2923,1606],"class_list":["post-42386","post","type-post","status-publish","format-standard","has-post-thumbnail","hentry","category-1960-1969","category-portada","tag-2922","tag-1961-62","tag-vicente-montiel"],"jetpack_publicize_connections":[],"jetpack_featured_media_url":"https:\/\/i0.wp.com\/www.manquepierda.com\/historiarealbetis\/files\/2015\/05\/Entrevista-Vicente-Montiel-1961-NMP-Marca-11-11-1961.jpg?fit=869%2C426&ssl=1","jetpack_sharing_enabled":true,"jetpack_shortlink":"https:\/\/wp.me\/p1ij08-b1E","jetpack-related-posts":[],"_links":{"self":[{"href":"https:\/\/www.manquepierda.com\/historiarealbetis\/wp-json\/wp\/v2\/posts\/42386","targetHints":{"allow":["GET"]}}],"collection":[{"href":"https:\/\/www.manquepierda.com\/historiarealbetis\/wp-json\/wp\/v2\/posts"}],"about":[{"href":"https:\/\/www.manquepierda.com\/historiarealbetis\/wp-json\/wp\/v2\/types\/post"}],"author":[{"embeddable":true,"href":"https:\/\/www.manquepierda.com\/historiarealbetis\/wp-json\/wp\/v2\/users\/5"}],"replies":[{"embeddable":true,"href":"https:\/\/www.manquepierda.com\/historiarealbetis\/wp-json\/wp\/v2\/comments?post=42386"}],"version-history":[{"count":0,"href":"https:\/\/www.manquepierda.com\/historiarealbetis\/wp-json\/wp\/v2\/posts\/42386\/revisions"}],"wp:featuredmedia":[{"embeddable":true,"href":"https:\/\/www.manquepierda.com\/historiarealbetis\/wp-json\/wp\/v2\/media\/42387"}],"wp:attachment":[{"href":"https:\/\/www.manquepierda.com\/historiarealbetis\/wp-json\/wp\/v2\/media?parent=42386"}],"wp:term":[{"taxonomy":"category","embeddable":true,"href":"https:\/\/www.manquepierda.com\/historiarealbetis\/wp-json\/wp\/v2\/categories?post=42386"},{"taxonomy":"post_tag","embeddable":true,"href":"https:\/\/www.manquepierda.com\/historiarealbetis\/wp-json\/wp\/v2\/tags?post=42386"}],"curies":[{"name":"wp","href":"https:\/\/api.w.org\/{rel}","templated":true}]}}