{"id":42429,"date":"2015-05-20T07:11:06","date_gmt":"2015-05-20T05:11:06","guid":{"rendered":"http:\/\/www.manquepierda.com\/historiarealbetis\/?p=42429"},"modified":"2024-08-25T20:14:23","modified_gmt":"2024-08-25T18:14:23","slug":"betis-sabadell-liga-1990","status":"publish","type":"post","link":"https:\/\/www.manquepierda.com\/historiarealbetis\/betis-sabadell-liga-1990\/","title":{"rendered":"Betis-Sabadell Liga 1990"},"content":{"rendered":"<p><a href=\"https:\/\/www.manquepierda.com\/historiarealbetis\/42429-betis-sabadell-liga-1990\/1990-09-09-betis-sabadell-imagen-y-pancarta-no-diga-gol-diga-mel\/\" rel=\"attachment wp-att-42430\"><img data-recalc-dims=\"1\" loading=\"lazy\" decoding=\"async\" class=\"aligncenter size-medium wp-image-42430\" src=\"https:\/\/i0.wp.com\/www.manquepierda.com\/historiarealbetis\/files\/2015\/05\/1990-09-09-Betis-Sabadell-imagen-y-pancarta-No-diga-gol-diga-Mel.jpg?resize=680%2C440&#038;ssl=1\" alt=\"1990-09-09 Betis-Sabadell imagen y pancarta No diga gol, diga Mel\" width=\"680\" height=\"440\" srcset=\"https:\/\/i0.wp.com\/www.manquepierda.com\/historiarealbetis\/files\/2015\/05\/1990-09-09-Betis-Sabadell-imagen-y-pancarta-No-diga-gol-diga-Mel.jpg?resize=680%2C440&amp;ssl=1 680w, https:\/\/i0.wp.com\/www.manquepierda.com\/historiarealbetis\/files\/2015\/05\/1990-09-09-Betis-Sabadell-imagen-y-pancarta-No-diga-gol-diga-Mel.jpg?resize=220%2C142&amp;ssl=1 220w, https:\/\/i0.wp.com\/www.manquepierda.com\/historiarealbetis\/files\/2015\/05\/1990-09-09-Betis-Sabadell-imagen-y-pancarta-No-diga-gol-diga-Mel.jpg?w=926&amp;ssl=1 926w\" sizes=\"auto, (max-width: 680px) 100vw, 680px\" \/><\/a><\/p>\n<p>20 de mayo de 1990 en el Benito Villamar\u00edn \u00a0Betis 1 Sabadell 1; jornada 37 del Campeonato de Liga de Segunda Divisi\u00f3n.<\/p>\n<p>En la imagen el disparo del delantero centro b\u00e9tico Pepe Mel que supuso el 1 a 0 en el minuto 19. En el 74 Emilio hizo el gol del empate del conjunto arlequinado.<\/p>\n<p>Era el gol n\u00famero 22 de Mel, que le sirvi\u00f3 para proclamarse Pichichi de la Segunda Divisi\u00f3n. El reconocimiento de la afici\u00f3n se expresa claramente en la pancarta que proclama \u00abNo diga gol, diga Mel\u00bb.<\/p>\n<p>Con este empate el Betis certificaba matem\u00e1ticamente el ascenso a la Primera Divisi\u00f3n, favorecido adem\u00e1s por la derrota del Deportivo de La Coru\u00f1a en Chap\u00edn frente al Xerez.<\/p>\n<p>Julio Carde\u00f1osa entrenaba al Betis y Luis Pujol al Sabadell.<\/p>\n<p>25 a\u00f1os se cumplen hoy de este ascenso.<\/p>\n<p>&nbsp;<\/p>\n","protected":false},"excerpt":{"rendered":"<p>20 de mayo de 1990 en el Benito Villamar\u00edn \u00a0Betis 1 Sabadell 1; jornada 37 del Campeonato de Liga de Segunda Divisi\u00f3n. En la imagen el disparo del delantero centro b\u00e9tico Pepe Mel que supuso el 1 a 0 en el minuto 19. En el 74 Emilio hizo el gol del empate del conjunto arlequinado&#8230;.<\/p>\n","protected":false},"author":5,"featured_media":42430,"comment_status":"open","ping_status":"open","sticky":false,"template":"","format":"standard","meta":{"_kad_post_transparent":"","_kad_post_title":"","_kad_post_layout":"","_kad_post_sidebar_id":"","_kad_post_content_style":"","_kad_post_vertical_padding":"","_kad_post_feature":"","_kad_post_feature_position":"","_kad_post_header":false,"_kad_post_footer":false,"_kad_post_classname":"","_jetpack_memberships_contains_paid_content":false,"footnotes":"","jetpack_publicize_message":"","jetpack_publicize_feature_enabled":true,"jetpack_social_post_already_shared":true,"jetpack_social_options":{"image_generator_settings":{"template":"highway","default_image_id":0,"font":"","enabled":false},"version":2}},"categories":[905,1],"tags":[2228,2421,17047,17870,655],"class_list":["post-42429","post","type-post","status-publish","format-standard","has-post-thumbnail","hentry","category-1990-1999","category-portada","tag-1989-90","tag-2421","tag-ce-sabadell","tag-liga-segunda-1989-90","tag-pepe-mel"],"jetpack_publicize_connections":[],"jetpack_featured_media_url":"https:\/\/i0.wp.com\/www.manquepierda.com\/historiarealbetis\/files\/2015\/05\/1990-09-09-Betis-Sabadell-imagen-y-pancarta-No-diga-gol-diga-Mel.jpg?fit=926%2C599&ssl=1","jetpack_sharing_enabled":true,"jetpack_shortlink":"https:\/\/wp.me\/p1ij08-b2l","jetpack-related-posts":[],"_links":{"self":[{"href":"https:\/\/www.manquepierda.com\/historiarealbetis\/wp-json\/wp\/v2\/posts\/42429","targetHints":{"allow":["GET"]}}],"collection":[{"href":"https:\/\/www.manquepierda.com\/historiarealbetis\/wp-json\/wp\/v2\/posts"}],"about":[{"href":"https:\/\/www.manquepierda.com\/historiarealbetis\/wp-json\/wp\/v2\/types\/post"}],"author":[{"embeddable":true,"href":"https:\/\/www.manquepierda.com\/historiarealbetis\/wp-json\/wp\/v2\/users\/5"}],"replies":[{"embeddable":true,"href":"https:\/\/www.manquepierda.com\/historiarealbetis\/wp-json\/wp\/v2\/comments?post=42429"}],"version-history":[{"count":1,"href":"https:\/\/www.manquepierda.com\/historiarealbetis\/wp-json\/wp\/v2\/posts\/42429\/revisions"}],"predecessor-version":[{"id":97843,"href":"https:\/\/www.manquepierda.com\/historiarealbetis\/wp-json\/wp\/v2\/posts\/42429\/revisions\/97843"}],"wp:featuredmedia":[{"embeddable":true,"href":"https:\/\/www.manquepierda.com\/historiarealbetis\/wp-json\/wp\/v2\/media\/42430"}],"wp:attachment":[{"href":"https:\/\/www.manquepierda.com\/historiarealbetis\/wp-json\/wp\/v2\/media?parent=42429"}],"wp:term":[{"taxonomy":"category","embeddable":true,"href":"https:\/\/www.manquepierda.com\/historiarealbetis\/wp-json\/wp\/v2\/categories?post=42429"},{"taxonomy":"post_tag","embeddable":true,"href":"https:\/\/www.manquepierda.com\/historiarealbetis\/wp-json\/wp\/v2\/tags?post=42429"}],"curies":[{"name":"wp","href":"https:\/\/api.w.org\/{rel}","templated":true}]}}