{"id":42440,"date":"2015-05-22T07:16:36","date_gmt":"2015-05-22T05:16:36","guid":{"rendered":"http:\/\/www.manquepierda.com\/historiarealbetis\/?p=42440"},"modified":"2015-05-21T01:25:18","modified_gmt":"2015-05-20T23:25:18","slug":"fichajes-temporada-1974-75","status":"publish","type":"post","link":"https:\/\/www.manquepierda.com\/historiarealbetis\/fichajes-temporada-1974-75\/","title":{"rendered":"Fichajes temporada 1974-75"},"content":{"rendered":"<p><a href=\"https:\/\/www.manquepierda.com\/historiarealbetis\/?attachment_id=42441\" rel=\"attachment wp-att-42441\"><img data-recalc-dims=\"1\" loading=\"lazy\" decoding=\"async\" class=\"aligncenter size-full wp-image-42441\" src=\"https:\/\/i0.wp.com\/www.manquepierda.com\/historiarealbetis\/files\/2015\/05\/Fichajes-1974-D%C3%ADaz-Lobato-Carde%C3%B1osa-Cui%C3%B1as-Blanco-y-Szusza.jpg?resize=498%2C318&#038;ssl=1\" alt=\"Fichajes 1974  D\u00edaz, Lobato, Carde\u00f1osa, Cui\u00f1as, Blanco y Szusza\" width=\"498\" height=\"318\" srcset=\"https:\/\/i0.wp.com\/www.manquepierda.com\/historiarealbetis\/files\/2015\/05\/Fichajes-1974-D%C3%ADaz-Lobato-Carde%C3%B1osa-Cui%C3%B1as-Blanco-y-Szusza.jpg?w=498&amp;ssl=1 498w, https:\/\/i0.wp.com\/www.manquepierda.com\/historiarealbetis\/files\/2015\/05\/Fichajes-1974-D%C3%ADaz-Lobato-Carde%C3%B1osa-Cui%C3%B1as-Blanco-y-Szusza.jpg?resize=220%2C140&amp;ssl=1 220w\" sizes=\"auto, (max-width: 498px) 100vw, 498px\" \/><\/a><\/p>\n<p>22 de julio de 1974 en el Villamar\u00edn posan las novedades de la plantilla en el primer d\u00eda de entrenamientos de la temporada 1974-75.<\/p>\n<p>Se trata de Manuel D\u00edaz, procedente de la cantera, Fernando Lobato, que lleg\u00f3 del Jerez Industrial, Julio Carde\u00f1osa, del Valladolid, Jos\u00e9 Cui\u00f1as, que vino del Mallorca y Ram\u00f3n Blanco, tambi\u00e9n del cuadro balear.<\/p>\n<p>Junto a ellos en la imagen el entrenador Ferenc Szusza.<\/p>\n","protected":false},"excerpt":{"rendered":"<p>22 de julio de 1974 en el Villamar\u00edn posan las novedades de la plantilla en el primer d\u00eda de entrenamientos de la temporada 1974-75. Se trata de Manuel D\u00edaz, procedente de la cantera, Fernando Lobato, que lleg\u00f3 del Jerez Industrial, Julio Carde\u00f1osa, del Valladolid, Jos\u00e9 Cui\u00f1as, que vino del Mallorca y Ram\u00f3n Blanco, tambi\u00e9n del&#8230;<\/p>\n","protected":false},"author":5,"featured_media":42441,"comment_status":"open","ping_status":"open","sticky":false,"template":"","format":"standard","meta":{"_kad_post_transparent":"","_kad_post_title":"","_kad_post_layout":"","_kad_post_sidebar_id":"","_kad_post_content_style":"","_kad_post_vertical_padding":"","_kad_post_feature":"","_kad_post_feature_position":"","_kad_post_header":false,"_kad_post_footer":false,"_kad_post_classname":"","_jetpack_memberships_contains_paid_content":false,"footnotes":"","jetpack_publicize_message":"","jetpack_publicize_feature_enabled":true,"jetpack_social_post_already_shared":true,"jetpack_social_options":{"image_generator_settings":{"template":"highway","default_image_id":0,"font":"","enabled":false},"version":2}},"categories":[903,1],"tags":[57,2507,1092,4964,1566,1155,5211,1632],"class_list":["post-42440","post","type-post","status-publish","format-standard","has-post-thumbnail","hentry","category-1970-1979","category-portada","tag-57","tag-1974-75","tag-ferenc-szusza","tag-fernando-lobato","tag-jose-cuinas","tag-julio-cardenosa","tag-manuel-diaz","tag-ramon-blanco"],"jetpack_publicize_connections":[],"jetpack_featured_media_url":"https:\/\/i0.wp.com\/www.manquepierda.com\/historiarealbetis\/files\/2015\/05\/Fichajes-1974-D%C3%ADaz-Lobato-Carde%C3%B1osa-Cui%C3%B1as-Blanco-y-Szusza.jpg?fit=498%2C318&ssl=1","jetpack_sharing_enabled":true,"jetpack_shortlink":"https:\/\/wp.me\/p1ij08-b2w","jetpack-related-posts":[],"_links":{"self":[{"href":"https:\/\/www.manquepierda.com\/historiarealbetis\/wp-json\/wp\/v2\/posts\/42440","targetHints":{"allow":["GET"]}}],"collection":[{"href":"https:\/\/www.manquepierda.com\/historiarealbetis\/wp-json\/wp\/v2\/posts"}],"about":[{"href":"https:\/\/www.manquepierda.com\/historiarealbetis\/wp-json\/wp\/v2\/types\/post"}],"author":[{"embeddable":true,"href":"https:\/\/www.manquepierda.com\/historiarealbetis\/wp-json\/wp\/v2\/users\/5"}],"replies":[{"embeddable":true,"href":"https:\/\/www.manquepierda.com\/historiarealbetis\/wp-json\/wp\/v2\/comments?post=42440"}],"version-history":[{"count":0,"href":"https:\/\/www.manquepierda.com\/historiarealbetis\/wp-json\/wp\/v2\/posts\/42440\/revisions"}],"wp:featuredmedia":[{"embeddable":true,"href":"https:\/\/www.manquepierda.com\/historiarealbetis\/wp-json\/wp\/v2\/media\/42441"}],"wp:attachment":[{"href":"https:\/\/www.manquepierda.com\/historiarealbetis\/wp-json\/wp\/v2\/media?parent=42440"}],"wp:term":[{"taxonomy":"category","embeddable":true,"href":"https:\/\/www.manquepierda.com\/historiarealbetis\/wp-json\/wp\/v2\/categories?post=42440"},{"taxonomy":"post_tag","embeddable":true,"href":"https:\/\/www.manquepierda.com\/historiarealbetis\/wp-json\/wp\/v2\/tags?post=42440"}],"curies":[{"name":"wp","href":"https:\/\/api.w.org\/{rel}","templated":true}]}}