{"id":42532,"date":"2015-06-04T08:27:35","date_gmt":"2015-06-04T06:27:35","guid":{"rendered":"http:\/\/www.manquepierda.com\/historiarealbetis\/?p=42532"},"modified":"2024-09-29T00:15:01","modified_gmt":"2024-09-28T22:15:01","slug":"alineacion-dinamo-de-moscu-betis-recopa-1978","status":"publish","type":"post","link":"https:\/\/www.manquepierda.com\/historiarealbetis\/alineacion-dinamo-de-moscu-betis-recopa-1978\/","title":{"rendered":"Alineaci\u00f3n Dinamo de Mosc\u00fa-Betis Recopa 1978"},"content":{"rendered":"<p><a href=\"https:\/\/www.manquepierda.com\/historiarealbetis\/?attachment_id=42533\" rel=\"attachment wp-att-42533\"><img data-recalc-dims=\"1\" loading=\"lazy\" decoding=\"async\" class=\"aligncenter size-medium wp-image-42533\" src=\"https:\/\/i0.wp.com\/www.manquepierda.com\/historiarealbetis\/files\/2015\/05\/Alineaci%C3%B3n-Dinamo-Moscu-Betis-Recopa-1978.jpg?resize=680%2C423&#038;ssl=1\" alt=\"Alineaci\u00f3n Dinamo Moscu-Betis Recopa 1978\" width=\"680\" height=\"423\" srcset=\"https:\/\/i0.wp.com\/www.manquepierda.com\/historiarealbetis\/files\/2015\/05\/Alineaci%C3%B3n-Dinamo-Moscu-Betis-Recopa-1978.jpg?resize=680%2C423&amp;ssl=1 680w, https:\/\/i0.wp.com\/www.manquepierda.com\/historiarealbetis\/files\/2015\/05\/Alineaci%C3%B3n-Dinamo-Moscu-Betis-Recopa-1978.jpg?resize=220%2C137&amp;ssl=1 220w, https:\/\/i0.wp.com\/www.manquepierda.com\/historiarealbetis\/files\/2015\/05\/Alineaci%C3%B3n-Dinamo-Moscu-Betis-Recopa-1978.jpg?resize=400%2C250&amp;ssl=1 400w, https:\/\/i0.wp.com\/www.manquepierda.com\/historiarealbetis\/files\/2015\/05\/Alineaci%C3%B3n-Dinamo-Moscu-Betis-Recopa-1978.jpg?w=946&amp;ssl=1 946w\" sizes=\"auto, (max-width: 680px) 100vw, 680px\" \/><\/a><\/p>\n<p>15 de marzo de 1978 en el estadio Lenin de Tblisi \u00a0Dinamo de Mosc\u00fa \u00a03 \u00a0 \u00a0 Betis \u00a00; partido de vuelta de los cuartos de final de la Recopa de Europa.<\/p>\n<p>En la imagen arriba: Esnaola, Bizcocho, Biosca, Muhren, L\u00f3pez y Cobo; abajo: Garc\u00eda Soriano, Alabanda, Hugo Cabezas, Carde\u00f1osa y Gordillo.<\/p>\n<p>Gershkovic en el minuto 57, \u00a0Kazachanok en el 61 y Muhren en propia puerta en el 82 acabaron con la participaci\u00f3n del Betis en la Recopa europea, despu\u00e9s de un accidentado viaje por el coraz\u00f3n de la Uni\u00f3n Sovi\u00e9tica.<\/p>\n<p>Aleksander Sevidov entrenaba al Dinamo de Mosc\u00fa y Rafael Iriondo al Betis.<\/p>\n","protected":false},"excerpt":{"rendered":"<p>15 de marzo de 1978 en el estadio Lenin de Tblisi \u00a0Dinamo de Mosc\u00fa \u00a03 \u00a0 \u00a0 Betis \u00a00; partido de vuelta de los cuartos de final de la Recopa de Europa. En la imagen arriba: Esnaola, Bizcocho, Biosca, Muhren, L\u00f3pez y Cobo; abajo: Garc\u00eda Soriano, Alabanda, Hugo Cabezas, Carde\u00f1osa y Gordillo. Gershkovic en el&#8230;<\/p>\n","protected":false},"author":5,"featured_media":42533,"comment_status":"open","ping_status":"open","sticky":false,"template":"","format":"standard","meta":{"_kad_post_transparent":"","_kad_post_title":"","_kad_post_layout":"","_kad_post_sidebar_id":"","_kad_post_content_style":"","_kad_post_vertical_padding":"","_kad_post_feature":"","_kad_post_feature_position":"","_kad_post_header":false,"_kad_post_footer":false,"_kad_post_classname":"","_jetpack_memberships_contains_paid_content":false,"footnotes":"","jetpack_publicize_message":"","jetpack_publicize_feature_enabled":true,"jetpack_social_post_already_shared":true,"jetpack_social_options":{"image_generator_settings":{"template":"highway","default_image_id":0,"font":"","enabled":false},"version":2}},"categories":[903,1],"tags":[2144,59,1157,4050,1245,10130,940,1178,1302,1505,1181,1155,1305,17800,1164],"class_list":["post-42532","post","type-post","status-publish","format-standard","has-post-thumbnail","hentry","category-1970-1979","category-portada","tag-1977-78","tag-59","tag-antonio-biosca","tag-dinamo-moscu","tag-francisco-bizcocho","tag-gerrie-muhren","tag-hugo-cabezas","tag-javier-lopez","tag-jose-ramon-esnaola","tag-juan-antonio-garcia-soriano","tag-juan-manuel-cobo","tag-julio-cardenosa","tag-rafael-gordillo","tag-recopa-1977-78","tag-sebastian-alabanda"],"jetpack_publicize_connections":[],"jetpack_featured_media_url":"https:\/\/i0.wp.com\/www.manquepierda.com\/historiarealbetis\/files\/2015\/05\/Alineaci%C3%B3n-Dinamo-Moscu-Betis-Recopa-1978.jpg?fit=946%2C588&ssl=1","jetpack_sharing_enabled":true,"jetpack_shortlink":"https:\/\/wp.me\/p1ij08-b40","jetpack-related-posts":[],"_links":{"self":[{"href":"https:\/\/www.manquepierda.com\/historiarealbetis\/wp-json\/wp\/v2\/posts\/42532","targetHints":{"allow":["GET"]}}],"collection":[{"href":"https:\/\/www.manquepierda.com\/historiarealbetis\/wp-json\/wp\/v2\/posts"}],"about":[{"href":"https:\/\/www.manquepierda.com\/historiarealbetis\/wp-json\/wp\/v2\/types\/post"}],"author":[{"embeddable":true,"href":"https:\/\/www.manquepierda.com\/historiarealbetis\/wp-json\/wp\/v2\/users\/5"}],"replies":[{"embeddable":true,"href":"https:\/\/www.manquepierda.com\/historiarealbetis\/wp-json\/wp\/v2\/comments?post=42532"}],"version-history":[{"count":1,"href":"https:\/\/www.manquepierda.com\/historiarealbetis\/wp-json\/wp\/v2\/posts\/42532\/revisions"}],"predecessor-version":[{"id":95722,"href":"https:\/\/www.manquepierda.com\/historiarealbetis\/wp-json\/wp\/v2\/posts\/42532\/revisions\/95722"}],"wp:featuredmedia":[{"embeddable":true,"href":"https:\/\/www.manquepierda.com\/historiarealbetis\/wp-json\/wp\/v2\/media\/42533"}],"wp:attachment":[{"href":"https:\/\/www.manquepierda.com\/historiarealbetis\/wp-json\/wp\/v2\/media?parent=42532"}],"wp:term":[{"taxonomy":"category","embeddable":true,"href":"https:\/\/www.manquepierda.com\/historiarealbetis\/wp-json\/wp\/v2\/categories?post=42532"},{"taxonomy":"post_tag","embeddable":true,"href":"https:\/\/www.manquepierda.com\/historiarealbetis\/wp-json\/wp\/v2\/tags?post=42532"}],"curies":[{"name":"wp","href":"https:\/\/api.w.org\/{rel}","templated":true}]}}